{"id":98235,"date":"2026-05-13T07:48:08","date_gmt":"2026-05-13T07:48:08","guid":{"rendered":"https:\/\/www.europesays.com\/hu\/98235\/"},"modified":"2026-05-13T07:48:08","modified_gmt":"2026-05-13T07:48:08","slug":"a-karmelitabol-elozott-magyar-peter","status":"publish","type":"post","link":"https:\/\/www.europesays.com\/hu\/98235\/","title":{"rendered":"A Karmelit\u00e1b\u00f3l \u00e9l\u0151z\u00f6tt Magyar P\u00e9ter"},"content":{"rendered":"<p>\u00c9l\u0151 vide\u00f3ban mutatott be soha nem l\u00e1tott r\u00e9szleteket Magyar P\u00e9ter Orb\u00e1n Viktor hivatal\u00e1b\u00f3l. A Karmelita Kolostor ut\u00e1n Rog\u00e1n Antal kor\u00e1bbi miniszt\u00e9rium\u00e1ba is elment. A minisztereln\u00f6k ezut\u00e1n a Bel\u00fcgyminiszt\u00e9rium \u00e9p\u00fclet\u00e9be is bement. Magyar P\u00e9ter szerint a k\u00f6z\u00e9p\u00fcletekben luxiz\u00e1s \u00e9s uriz\u00e1l\u00e1s zajlott, \u00e9s d\u00f6bbenetesnek nevezte az ott l\u00e1tottakat. Az RTL H\u00edrad\u00f3 sz\u00e1m\u00edt\u00e1sai szerint a h\u00e1rom v\u00e1rb\u00e9li \u00e9p\u00fclet \u00f6sszesen t\u00f6bb mint 120 milli\u00e1rd forintj\u00e1ba ker\u00fclt az ad\u00f3fizet\u0151knek.<\/p>\n","protected":false},"excerpt":{"rendered":"\u00c9l\u0151 vide\u00f3ban mutatott be soha nem l\u00e1tott r\u00e9szleteket Magyar P\u00e9ter Orb\u00e1n Viktor hivatal\u00e1b\u00f3l. A Karmelita Kolostor ut\u00e1n Rog\u00e1n&hellip;\n","protected":false},"author":2,"featured_media":98236,"comment_status":"","ping_status":"","sticky":false,"template":"","format":"standard","meta":{"footnotes":"","_share_on_mastodon":"0"},"categories":[21],"tags":[1301,5093,198,33355,137,10871,8627,199,44,42,40,24337,6753,17294,43,41,13232,3447,33356,138,33357,1064],"class_list":["post-98235","post","type-post","status-publish","format-standard","has-post-thumbnail","category-hiressegek","tag-adasreszletek","tag-budai-var","tag-celebrities","tag-elo-video","tag-entertainment","tag-epuletbejaras","tag-hirado","tag-hiressegek","tag-hu","tag-hungarian","tag-hungary","tag-iratmegsemmisito","tag-karmelita","tag-luxizas","tag-magyar","tag-magyarorszag","tag-miniszteriumok","tag-rogan-antal","tag-szivarszoba","tag-szorakozas","tag-titkos-helyek","tag-video"],"share_on_mastodon":{"url":"https:\/\/pubeurope.com\/@hu\/116566170454988709","error":""},"_links":{"self":[{"href":"https:\/\/www.europesays.com\/hu\/wp-json\/wp\/v2\/posts\/98235","targetHints":{"allow":["GET"]}}],"collection":[{"href":"https:\/\/www.europesays.com\/hu\/wp-json\/wp\/v2\/posts"}],"about":[{"href":"https:\/\/www.europesays.com\/hu\/wp-json\/wp\/v2\/types\/post"}],"author":[{"embeddable":true,"href":"https:\/\/www.europesays.com\/hu\/wp-json\/wp\/v2\/users\/2"}],"replies":[{"embeddable":true,"href":"https:\/\/www.europesays.com\/hu\/wp-json\/wp\/v2\/comments?post=98235"}],"version-history":[{"count":0,"href":"https:\/\/www.europesays.com\/hu\/wp-json\/wp\/v2\/posts\/98235\/revisions"}],"wp:featuredmedia":[{"embeddable":true,"href":"https:\/\/www.europesays.com\/hu\/wp-json\/wp\/v2\/media\/98236"}],"wp:attachment":[{"href":"https:\/\/www.europesays.com\/hu\/wp-json\/wp\/v2\/media?parent=98235"}],"wp:term":[{"taxonomy":"category","embeddable":true,"href":"https:\/\/www.europesays.com\/hu\/wp-json\/wp\/v2\/categories?post=98235"},{"taxonomy":"post_tag","embeddable":true,"href":"https:\/\/www.europesays.com\/hu\/wp-json\/wp\/v2\/tags?post=98235"}],"curies":[{"name":"wp","href":"https:\/\/api.w.org\/{rel}","templated":true}]}}