{"id":98669,"date":"2026-05-13T14:06:08","date_gmt":"2026-05-13T14:06:08","guid":{"rendered":"https:\/\/www.europesays.com\/hu\/98669\/"},"modified":"2026-05-13T14:06:08","modified_gmt":"2026-05-13T14:06:08","slug":"abel-anita-a-szinmuveszetis-felvetelirol-es-a-kamaszkent-naponta-tapasztalt-testszegyenitesrol","status":"publish","type":"post","link":"https:\/\/www.europesays.com\/hu\/98669\/","title":{"rendered":"\u00c1bel Anita a sz\u00ednm\u0171v\u00e9szetis felv\u00e9telir\u0151l \u00e9s a kamaszk\u00e9nt naponta tapasztalt testsz\u00e9gyen\u00edt\u00e9sr\u0151l"},"content":{"rendered":"<p><a href=\"https:\/\/nlc.hu\/sztarok\/20260313\/abel-anita-demencia-idosek-otthona-cyla-call-center\/\" rel=\"nofollow noopener\" target=\"_blank\">\u00c1bel Anita <\/a>H\u00e1mori Barbara Az \u00c9n K\u00e9k Z\u00f3n\u00e1m podcast-ben besz\u00e9lt arr\u00f3l, hogyan \u00e9lte meg, hogy az elk\u00e9peszt\u0151en n\u00e9pszer\u0171 <a href=\"https:\/\/nlc.hu\/sztarok\/20260211\/kviz-retro-magyar-sorozatok\/\" rel=\"nofollow noopener\" target=\"_blank\">Szomsz\u00e9dok<\/a> c\u00edm\u0171 telereg\u00e9ny M\u00e1genheim Julcsijak\u00e9nt az orsz\u00e1g szeme el\u0151tt n\u0151tt fel.\u00a0<\/p>\n<p>H\u00e1t, amikor az ember gyerekk\u00e9nt benne van egy olyan t\u00e9v\u00e9sorozatban, amit m\u00e9g abban az id\u0151ben n\u00e9z \u00f6tmilli\u00f3 ember, amikor gyakorlatilag csak egy csatorna volt, akkor valahogy az emberek jogot form\u00e1lnak arra, hogy ugyanolyan kritikus szemmel n\u00e9zz\u00e9k, mint a saj\u00e1t gyerek\u00fcket, vagy tal\u00e1n m\u00e9g kritikusabban<\/p>\n<p>\u00a0<\/p>\n<p>\u2013 eml\u00e9kezett vissza a <a rel=\"nofollow noopener noreferrer\" href=\"https:\/\/ripost.hu\/lelkizo\/2026\/05\/abel-anita-kitalalt-a-sotet-eveirol\" target=\"_blank\">Ripost \u00e1ltal szeml\u00e9zett besz\u00e9lget\u00e9sben<\/a>. Az <a href=\"https:\/\/nlc.hu\/sztarok\/20250302\/fogyokurara-fogtak-abel-anitat\/\" rel=\"nofollow noopener\" target=\"_blank\">\u00e1lland\u00f3 testsz\u00e9gyen\u00edt\u00e9s, a k\u00e9retlen besz\u00f3l\u00e1sok<\/a> \u00e9s a b\u00e1nt\u00f3 \u00fajs\u00e1gcikkek mindennaposak volt, amit kamaszk\u00e9nt nagyon nehezen viselt. V\u00e9dekez\u00e9sk\u00e9ppen egyfajta karcos st\u00edlust \u00e9s szarkasztikus humort alkalmazott a k\u00fclvil\u00e1ggal szemben, mik\u00f6zben minden erej\u00e9vel pr\u00f3b\u00e1lta \u00e1tlagos gimnazistak\u00e9nt \u00e9lni az \u00e9let\u00e9t.<\/p>\n<p><img fetchpriority=\"high\" decoding=\"async\" class=\"img-responsive wp-image-2134583 size-full\" src=\"https:\/\/www.europesays.com\/hu\/wp-content\/uploads\/2026\/05\/abel-anita-e1778675725236.jpg\" alt=\"\u00c1bel Anita\" width=\"1092\" height=\"615\"   loading=\"lazy\"\/><\/p>\n<p class=\"wp-caption-text\">\u00c1bel Anita (Forr\u00e1s: Birton Szabolcs)<\/p>\n<p>B\u00e1r sokan azt hitt\u00e9k, a sorozatszt\u00e1rnak nyert \u00fcgye van a Sz\u00ednm\u0171v\u00e9szeti F\u0151iskol\u00e1n, a val\u00f3s\u00e1g eg\u00e9szen m\u00e1st hozott. Hi\u00e1ba seg\u00edtette a legend\u00e1s Schubert \u00c9va, akivel a telereg\u00e9nyben is egy\u00fctt j\u00e1tszott \u2013 \u201e\u00e9n felk\u00f6p\u00f6k \u00e9s al\u00e1\u00e1llok, ha t\u00e9ged nem vesznek fel\u201d, mondta a sz\u00edn\u00e9szn\u0151\u00a0\u2013\u00a0 a harmadik rost\u00e1n v\u00e9g\u00fcl elutas\u00edtott\u00e1k. Ez a d\u00f6nt\u00e9s m\u00e9ly sebet ejtett rajta:<\/p>\n<p>\u00c9n azt szerettem volna, hogy igaz\u00e1b\u00f3l engem l\u00e1ssanak. V\u00e1gytam arra, hogy \u00e9szre vegyenek: mennyivel t\u00f6bb vagyok ann\u00e1l, mint amit k\u00e9thetente l\u00e1ttak a k\u00e9perny\u0151n<\/p>\n<p>\u2013 vallott a f\u00e1jdalmas \u00e9lm\u00e9nyr\u0151l.<\/p>\n<p>A kudarc ut\u00e1n Anita soha t\u00f6bb\u00e9 nem pr\u00f3b\u00e1lkozott a sz\u00edn\u00e9szszakkal. Ink\u00e1bb m\u00e1s ter\u00fcleteken bizony\u00edtott: \u00fajs\u00e1g\u00edr\u00e1st tanult, pedag\u00f3gus diplom\u00e1t szerzett, \u00e9s m\u00e9g a buddhista egyetem padjait is koptatta, csak hogy megmutassa: \u0151 sokkal t\u00f6bb, mint egy telev\u00edzi\u00f3s karakter.<\/p>\n<p>A nagy \u00e1tt\u00f6r\u00e9st a kereskedelmi t\u00e9v\u00e9z\u00e9s hajnal\u00e1n az <a href=\"https:\/\/nlc.hu\/ezvan\/20250825\/uj-musorvezetok-reggeli\/\" rel=\"nofollow noopener\" target=\"_blank\">RTL Reggeli <\/a>\u00a0hozta el sz\u00e1m\u00e1ra. Itt v\u00e9gre nem egy meg\u00edrt szerepet kellett elj\u00e1tszania, hanem megmutathatta val\u00f3di \u00e9nj\u00e9t. Ez volt az a pont, ahol a k\u00f6zv\u00e9lem\u00e9ny szem\u00e9ben is megsz\u0171nt kiz\u00e1r\u00f3lag \u201eJulcsi\u201d lenni.<\/p>\n<p>Visszakaptam a nevemet. Julcsib\u00f3l visszav\u00e1ltoztam Anit\u00e1v\u00e1<\/p>\n<p>\u2013 foglalta \u00f6ssze a m\u0171sorvezet\u0151, aki ma m\u00e1r magabiztosan, a m\u00faltja \u00e1rny\u00e9kait maga m\u00f6g\u00f6tt hagyva \u00e9p\u00edti karrierj\u00e9t.<\/p>\n<p>A teljes besz\u00e9lget\u00e9st itt tudod megn\u00e9zni:<\/p>\n","protected":false},"excerpt":{"rendered":"\u00c1bel Anita H\u00e1mori Barbara Az \u00c9n K\u00e9k Z\u00f3n\u00e1m podcast-ben besz\u00e9lt arr\u00f3l, hogyan \u00e9lte meg, hogy az elk\u00e9peszt\u0151en n\u00e9pszer\u0171&hellip;\n","protected":false},"author":2,"featured_media":98670,"comment_status":"","ping_status":"","sticky":false,"template":"","format":"standard","meta":{"footnotes":"","_share_on_mastodon":"0"},"categories":[21],"tags":[10751,198,137,199,44,42,40,43,41,2769,138,235,16976],"class_list":["post-98669","post","type-post","status-publish","format-standard","has-post-thumbnail","category-hiressegek","tag-abel-anita","tag-celebrities","tag-entertainment","tag-hiressegek","tag-hu","tag-hungarian","tag-hungary","tag-magyar","tag-magyarorszag","tag-szomszedok","tag-szorakozas","tag-sztarok","tag-testszegyenites"],"share_on_mastodon":{"url":"https:\/\/pubeurope.com\/@hu\/116567656700663627","error":""},"_links":{"self":[{"href":"https:\/\/www.europesays.com\/hu\/wp-json\/wp\/v2\/posts\/98669","targetHints":{"allow":["GET"]}}],"collection":[{"href":"https:\/\/www.europesays.com\/hu\/wp-json\/wp\/v2\/posts"}],"about":[{"href":"https:\/\/www.europesays.com\/hu\/wp-json\/wp\/v2\/types\/post"}],"author":[{"embeddable":true,"href":"https:\/\/www.europesays.com\/hu\/wp-json\/wp\/v2\/users\/2"}],"replies":[{"embeddable":true,"href":"https:\/\/www.europesays.com\/hu\/wp-json\/wp\/v2\/comments?post=98669"}],"version-history":[{"count":0,"href":"https:\/\/www.europesays.com\/hu\/wp-json\/wp\/v2\/posts\/98669\/revisions"}],"wp:featuredmedia":[{"embeddable":true,"href":"https:\/\/www.europesays.com\/hu\/wp-json\/wp\/v2\/media\/98670"}],"wp:attachment":[{"href":"https:\/\/www.europesays.com\/hu\/wp-json\/wp\/v2\/media?parent=98669"}],"wp:term":[{"taxonomy":"category","embeddable":true,"href":"https:\/\/www.europesays.com\/hu\/wp-json\/wp\/v2\/categories?post=98669"},{"taxonomy":"post_tag","embeddable":true,"href":"https:\/\/www.europesays.com\/hu\/wp-json\/wp\/v2\/tags?post=98669"}],"curies":[{"name":"wp","href":"https:\/\/api.w.org\/{rel}","templated":true}]}}