{"id":98980,"date":"2026-05-13T19:06:11","date_gmt":"2026-05-13T19:06:11","guid":{"rendered":"https:\/\/www.europesays.com\/hu\/98980\/"},"modified":"2026-05-13T19:06:11","modified_gmt":"2026-05-13T19:06:11","slug":"radikalis-dontes-az-olasz-valogatottnal-az-ideiglenes-kapitany-csak-u21-es-jatekosokat-fog-behivni","status":"publish","type":"post","link":"https:\/\/www.europesays.com\/hu\/98980\/","title":{"rendered":"Radik\u00e1lis d\u00f6nt\u00e9s az olasz v\u00e1logatottn\u00e1l: Az ideiglenes kapit\u00e1ny csak U21-es j\u00e1t\u00e9kosokat fog beh\u00edvni"},"content":{"rendered":"<p>Silvio Baldini, az olasz v\u00e1logatott ideiglenes sz\u00f6vets\u00e9gi kapit\u00e1nya azt mondta, hogy a j\u00faniusi bar\u00e1ts\u00e1gos meccsekre (Luxemburg \u00e9s G\u00f6r\u00f6gorsz\u00e1g ellen) kiz\u00e1r\u00f3lag az U21-es v\u00e1logatott j\u00e1t\u00e9kosait fogja beh\u00edvni.<\/p>\n<p>A d\u00f6nt\u00e9st azzal indokolta, hogy a jelenlegi helyzetben &#8211; miut\u00e1n Olaszorsz\u00e1g lemaradt a vil\u00e1gbajnoks\u00e1gr\u00f3l \u00e9s Gennaro Gattuso lemondott &#8211; logikus l\u00e9p\u00e9s, ha a fiatalokra \u00e9p\u00edtenek, \u00e9s \u00edgy jobban fel lehet m\u00e9rni a j\u00f6v\u0151 j\u00e1t\u00e9kosait. A h\u00edrek szerint az olasz v\u00e1logatott csapatkapit\u00e1nya, Gianluigi Donnarumma is el\u00e9rhet\u0151 lenne a j\u00faniusi m\u00e9rk\u0151z\u00e9sekre, de egyel\u0151re nem biztos, hogy beh\u00edvj\u00e1k.<\/p>\n<p>Baldini szerint az olasz klubfutballban t\u00fal nagy a nyom\u00e1s az eredm\u00e9nyk\u00e9nyszer miatt, \u00e9s emiatt kev\u00e9s lehet\u0151s\u00e9get kapnak a fiatal j\u00e1t\u00e9kosok. \u00dagy l\u00e1tja, neh\u00e9z egyszerre nyerni \u00e9s k\u00f6zben t\u00fcrelmesen \u00e9p\u00edteni a fiatalokat. Hozz\u00e1tette, hogy a futballban a csapatmunk\u00e1t \u00e9s a fegyelmet tartja a legfontosabbnak, \u00e9s szerinte a fiatalok fejl\u0151d\u00e9s\u00e9hez t\u00f6bb j\u00e1t\u00e9kid\u0151 \u00e9s bizalom kellene. (<a href=\"https:\/\/football-italia.net\/baldini-i-will-only-call-up-italy-u21-players\/\" target=\"_blank\" rel=\"nofollow noopener\">Football Italia<\/a>)<\/p>\n<p><a href=\"https:\/\/www.csakfoci.hu\/magyar-foci\/nb-i-rossi-ujonca-komoly-celpont-lehet-ujpesten\" class=\"embed-article\" rel=\"nofollow noopener\" target=\"_blank\"><\/p>\n<p>Olvastad m\u00e1r?<\/p>\n<p>            <img loading=\"lazy\" decoding=\"async\" class=\"lazy-img\" src=\"https:\/\/www.europesays.com\/hu\/wp-content\/uploads\/2026\/05\/55243751228_437b4027d3_k-e1778608275673-768x432.jpg\" width=\"768\" height=\"432\" alt=\"\"\/><\/p>\n<p>NB I: Rossi \u00fajonca komoly c\u00e9lpont lehet \u00dajpesten<\/p>\n<p>A Csakfoci \u00fagy \u00e9rtes\u00fclt, hogy az \u00dajpest c\u00e9lkeresztj\u00e9ben lehet a Pusk\u00e1s Akad\u00e9mia magyar v\u00e9d\u0151je, Markgr\u00e1f \u00c1kos.<\/p>\n<p>Elolvasom<\/p>\n<p><\/a><\/p>\n","protected":false},"excerpt":{"rendered":"Silvio Baldini, az olasz v\u00e1logatott ideiglenes sz\u00f6vets\u00e9gi kapit\u00e1nya azt mondta, hogy a j\u00faniusi bar\u00e1ts\u00e1gos meccsekre (Luxemburg \u00e9s G\u00f6r\u00f6gorsz\u00e1g&hellip;\n","protected":false},"author":2,"featured_media":63452,"comment_status":"","ping_status":"","sticky":false,"template":"","format":"standard","meta":{"footnotes":"","_share_on_mastodon":"0"},"categories":[14],"tags":[44,42,40,43,41,7916,16615,428,33506,45,131],"class_list":["post-98980","post","type-post","status-publish","format-standard","has-post-thumbnail","category-sport","tag-hu","tag-hungarian","tag-hungary","tag-magyar","tag-magyarorszag","tag-olasz-foci","tag-olasz-valogatott","tag-olaszorszag","tag-silvio-baldini","tag-sport","tag-sports"],"share_on_mastodon":{"url":"https:\/\/pubeurope.com\/@hu\/116568836319440397","error":""},"_links":{"self":[{"href":"https:\/\/www.europesays.com\/hu\/wp-json\/wp\/v2\/posts\/98980","targetHints":{"allow":["GET"]}}],"collection":[{"href":"https:\/\/www.europesays.com\/hu\/wp-json\/wp\/v2\/posts"}],"about":[{"href":"https:\/\/www.europesays.com\/hu\/wp-json\/wp\/v2\/types\/post"}],"author":[{"embeddable":true,"href":"https:\/\/www.europesays.com\/hu\/wp-json\/wp\/v2\/users\/2"}],"replies":[{"embeddable":true,"href":"https:\/\/www.europesays.com\/hu\/wp-json\/wp\/v2\/comments?post=98980"}],"version-history":[{"count":0,"href":"https:\/\/www.europesays.com\/hu\/wp-json\/wp\/v2\/posts\/98980\/revisions"}],"wp:featuredmedia":[{"embeddable":true,"href":"https:\/\/www.europesays.com\/hu\/wp-json\/wp\/v2\/media\/63452"}],"wp:attachment":[{"href":"https:\/\/www.europesays.com\/hu\/wp-json\/wp\/v2\/media?parent=98980"}],"wp:term":[{"taxonomy":"category","embeddable":true,"href":"https:\/\/www.europesays.com\/hu\/wp-json\/wp\/v2\/categories?post=98980"},{"taxonomy":"post_tag","embeddable":true,"href":"https:\/\/www.europesays.com\/hu\/wp-json\/wp\/v2\/tags?post=98980"}],"curies":[{"name":"wp","href":"https:\/\/api.w.org\/{rel}","templated":true}]}}