{"id":99920,"date":"2026-05-14T13:21:12","date_gmt":"2026-05-14T13:21:12","guid":{"rendered":"https:\/\/www.europesays.com\/hu\/99920\/"},"modified":"2026-05-14T13:21:12","modified_gmt":"2026-05-14T13:21:12","slug":"index-futball-futball-vb-2026-31","status":"publish","type":"post","link":"https:\/\/www.europesays.com\/hu\/99920\/","title":{"rendered":"Index &#8211; Futball &#8211; Futball-vb 2026"},"content":{"rendered":"<p>A mostani keretben a 36 \u00e9ves h\u00e1tv\u00e9d a csapatkapit\u00e1ny Chris Wood mellett az egyed\u00fcli j\u00e1t\u00e9kos, aki a 2010-es vil\u00e1gbajnoks\u00e1gon is szerepelt. Smith bev\u00e1logat\u00e1sa meglep\u0151nek nevezhet\u0151, ugyanis 2024 \u00f3ta nem j\u00e1tszott a nemzeti egy\u00fcttesben, a szakvezet\u0151 ugyanakkor abban b\u00edzik, hogy rutinja sokat \u00e9r majd, \u00e9s k\u00e9pes lesz a g\u00e1rda egyik vez\u00e9r\u00e9v\u00e9 v\u00e1lni.<\/p>\n<p>A 34 \u00e9ves Wood az angol Premier League-ben szerepl\u0151 Nottingham Forest csat\u00e1ra, \u00e9s s\u00e9r\u00fcl\u00e9sek miatt csup\u00e1n 19 m\u00e9rk\u0151z\u00e9sen szerepelt ebben a szezonban, szerzett hat g\u00f3lt, \u00e9s \u00daj-Z\u00e9landon egy\u00e9rtelm\u0171en azt v\u00e1rj\u00e1k t\u0151le, hogy a vb-n is eredm\u00e9nyesen j\u00e1tsszon.<\/p>\n<p>Az \u00faj-z\u00e9landi v\u00e1logatott j\u00fanius 15-\u00e9n Ir\u00e1nnal, j\u00fanius 21-\u00e9n Egyiptommal, j\u00fanius 26-\u00e1n pedig Belgiummal m\u00e9rk\u0151zik, a vb el\u0151tt pedig Haitival \u00e9s Angli\u00e1val j\u00e1tszik felk\u00e9sz\u00fcl\u00e9si meccset.<\/p>\n<p>                        Az \u00faj-z\u00e9landi vb-keret:<\/p>\n<p>                        kapusok:\u00a0Max Crocombe (Milwall FC), Alex Paulsen (Lechia Gdansk), Michael Woud (Auckland FC)<br \/>\n                        v\u00e9d\u0151k:\u00a0Tyler Bindon (Nottingham Forest), Michael Boxall (Minnesota United), Liberato Cacace (Wrexham AFC), Francis De Vries (Auckland FC), Callan Elliot (Auckland FC), Tim Payne (Wellington Phoenix), Nando Pijanker (Auckland FC), Tommy Smith (Braintree Town), Finn Surman (Portland Timbers)<br \/>\n                        k\u00f6z\u00e9pp\u00e1ly\u00e1sok:\u00a0Lachlan Bayliss (Newcastle Jets), Joe Bell (Viking FK), Alex Rufer (Wellington Phoenix), Marko Stamenic (Swansea City), Ryan Thomas (PEC Zwolle)<br \/>\n                        t\u00e1mad\u00f3k:\u00a0Kosta Barbarouses (Western Sydney Wanderers), Matt Garbett (Peterborough United), Eli Just (Motherwell), Callum McCowatt (Silkeborg), Ben Old (Saint-Etienne), Jesse Randall (Auckland FC), Sapreet Singh (Wellington Phoenix), Ben Waine (Port Vale), Chris Wood (Nottingham Forest)<\/p>\n<p>(Bor\u00edt\u00f3k\u00e9p:\u00a0 \u00a0Hannah Peters\/Getty Images)<\/p>\n<p>                <a href=\"https:\/\/konyvek.index.hu\/\" target=\"_blank\" rel=\"nofollow noopener\"><br \/>\n                <img decoding=\"async\" src=\"https:\/\/index.hu\/assets\/images\/konyvajanlo\/book_indapress\/book_indapress_logo.svg\" loading=\"lazy\" alt=\"Inda Press Kiad\u00f3\"\/><br \/>\n                <\/a><\/p>\n<p>                <img decoding=\"async\" src=\"https:\/\/www.europesays.com\/hu\/wp-content\/uploads\/2026\/05\/rossi.png\" loading=\"lazy\" alt=\"Rossi\"\/><\/p>\n<p>Ismerd meg a magyar labdar\u00fag\u00e1s h\u0151s\u00e9nek eml\u00e9kezetes pillanatait!<br \/>Folytassa, Mister!<\/p>\n<p>                <a class=\"book_index_btn\" href=\"https:\/\/indexadhu.hit.gemius.pl\/hitredir\/id=nSCbubuYpDWJZLZs0TssLrbt33Lk5kbipuiZrkg89G3.g7\/stparam=uciklwjurk\/fastid=efdamtuhsxcjschvtzobuxredglq\/nc=0\/url=https:\/\/www.indapresskiado.hu\/products\/marco-rossi?_pos=1&amp;_psq=rossi&amp;_ss=e&amp;_v=1.0\" target=\"_blank\" rel=\"nofollow noopener\">MEGVESZEM<\/a><\/p>\n<p>    <img loading=\"lazy\" decoding=\"async\" src=\"https:\/\/www.europesays.com\/hu\/wp-content\/uploads\/2026\/02\/1771583768_97_nc=0.gif\" border=\"0\" height=\"0\" width=\"0\"\/><\/p>\n<p>    <img decoding=\"async\" src=\"https:\/\/index.hu\/assets\/images\/social-follow\/logo-big.svg\" alt=\"Index.hu logo\"\/><\/p>\n<p>K\u00f6vesse az Indexet Facebookon is!<\/p>\n<p>    <a href=\"https:\/\/facebook.com\/Indexhu\" target=\"_blank\" rel=\"nofollow noopener\"><\/p>\n<p>        K\u00f6vetem!<br \/>\n    <\/a><\/p>\n","protected":false},"excerpt":{"rendered":"A mostani keretben a 36 \u00e9ves h\u00e1tv\u00e9d a csapatkapit\u00e1ny Chris Wood mellett az egyed\u00fcli j\u00e1t\u00e9kos, aki a 2010-es&hellip;\n","protected":false},"author":2,"featured_media":99921,"comment_status":"","ping_status":"","sticky":false,"template":"","format":"standard","meta":{"footnotes":"","_share_on_mastodon":"0"},"categories":[14],"tags":[33728,7631,44,42,40,43,41,45,131,33729,14673,4411],"class_list":["post-99920","post","type-post","status-publish","format-standard","has-post-thumbnail","category-sport","tag-darren-bazeley","tag-foci-vb-2026","tag-hu","tag-hungarian","tag-hungary","tag-magyar","tag-magyarorszag","tag-sport","tag-sports","tag-tommy-smith","tag-uj-zeland","tag-vb-2026"],"share_on_mastodon":{"url":"https:\/\/pubeurope.com\/@hu\/116573142117914193","error":""},"_links":{"self":[{"href":"https:\/\/www.europesays.com\/hu\/wp-json\/wp\/v2\/posts\/99920","targetHints":{"allow":["GET"]}}],"collection":[{"href":"https:\/\/www.europesays.com\/hu\/wp-json\/wp\/v2\/posts"}],"about":[{"href":"https:\/\/www.europesays.com\/hu\/wp-json\/wp\/v2\/types\/post"}],"author":[{"embeddable":true,"href":"https:\/\/www.europesays.com\/hu\/wp-json\/wp\/v2\/users\/2"}],"replies":[{"embeddable":true,"href":"https:\/\/www.europesays.com\/hu\/wp-json\/wp\/v2\/comments?post=99920"}],"version-history":[{"count":0,"href":"https:\/\/www.europesays.com\/hu\/wp-json\/wp\/v2\/posts\/99920\/revisions"}],"wp:featuredmedia":[{"embeddable":true,"href":"https:\/\/www.europesays.com\/hu\/wp-json\/wp\/v2\/media\/99921"}],"wp:attachment":[{"href":"https:\/\/www.europesays.com\/hu\/wp-json\/wp\/v2\/media?parent=99920"}],"wp:term":[{"taxonomy":"category","embeddable":true,"href":"https:\/\/www.europesays.com\/hu\/wp-json\/wp\/v2\/categories?post=99920"},{"taxonomy":"post_tag","embeddable":true,"href":"https:\/\/www.europesays.com\/hu\/wp-json\/wp\/v2\/tags?post=99920"}],"curies":[{"name":"wp","href":"https:\/\/api.w.org\/{rel}","templated":true}]}}