{"id":99976,"date":"2026-05-14T14:08:11","date_gmt":"2026-05-14T14:08:11","guid":{"rendered":"https:\/\/www.europesays.com\/hu\/99976\/"},"modified":"2026-05-14T14:08:11","modified_gmt":"2026-05-14T14:08:11","slug":"a-regi-es-uj-miniszterek-is-csapatostul-erkeztek-a-kormanyzati-atadas-atvetelre","status":"publish","type":"post","link":"https:\/\/www.europesays.com\/hu\/99976\/","title":{"rendered":"A r\u00e9gi \u00e9s \u00faj miniszterek is csapatostul \u00e9rkeztek a korm\u00e1nyzati \u00e1tad\u00e1s-\u00e1tv\u00e9telre"},"content":{"rendered":"<p>Cs\u00fct\u00f6rt\u00f6k d\u00e9lut\u00e1n 3 \u00f3r\u00e1t\u00f3l tartj\u00e1k a korm\u00e1nyzati \u00e1tad\u00e1s-\u00e1tv\u00e9telt a Minisztereln\u00f6ks\u00e9g Kossuth t\u00e9ri irodah\u00e1z\u00e1ban, pontosabban ahogy a Tisza P\u00e1rt k\u00f6zlem\u00e9nye fogalmaz, a Minisztereln\u00f6ks\u00e9g r\u00e9gi \u00e9p\u00fclet\u00e9ben, hiszen ahogy m\u00e1r bejelentett\u00e9k, Ruff B\u00e1lint az eddig L\u00e1z\u00e1r J\u00e1nos k\u00f6zleked\u00e9si \u00e9s \u00e9p\u00edt\u00e9s\u00fcgyi t\u00e1rc\u00e1j\u00e1nak otthont ad\u00f3, Alkotm\u00e1ny utcai \u00e9p\u00fcletb\u0151l vezeti majd a t\u00e1rc\u00e1t, \u00e9s itt lesz Magyar P\u00e9ter korm\u00e1nyf\u0151 irod\u00e1ja is.<\/p>\n<p>A Kossuth t\u00e9r 2\u20134. alatti \u00e9p\u00fcletbe a t\u00e9r \u00e9s a Zolt\u00e1n utca fel\u0151l is be lehet menni, a miniszterek b\u00e1rmelyiken \u00e9rkezhetnek. A f\u0151bej\u00e1rat Kossuth t\u00e9r fel\u0151l van, itt Gajdos L\u00e1szl\u00f3 \u00e9l\u0151 k\u00f6rnyezet\u00e9rt felel\u0151s miniszter \u00e9rkezett el\u0151sz\u00f6r az \u00e9p\u00fcletbe az \u00faj korm\u00e1nyb\u00f3l.<\/p>\n<p><img decoding=\"async\" src=\"https:\/\/www.europesays.com\/hu\/wp-content\/uploads\/2026\/05\/1778765944-temp-as184v7p2und1gegcee_cikktorzs:xl.jpg\"  loading=\"lazy\" alt=\"Fot\u00f3: Melegh No\u00e9mi Napsug\u00e1r \/ Telex\" class=\"placeholder_\"\/><img decoding=\"async\" src=\"https:\/\/www.europesays.com\/hu\/wp-content\/uploads\/2026\/05\/1778765952-temp-r4s4kuqadbae3jpkglh_cikktorzs:xl.jpg\"  loading=\"lazy\" alt=\"Fot\u00f3: Melegh No\u00e9mi Napsug\u00e1r \/ Telex\" class=\"placeholder_\"\/><img decoding=\"async\" src=\"https:\/\/www.europesays.com\/hu\/wp-content\/uploads\/2026\/05\/1778765961-temp-4nluubbl0p32fbppdoe_cikktorzs:xl.jpg\"  loading=\"lazy\" alt=\"Fot\u00f3: Melegh No\u00e9mi Napsug\u00e1r \/ Telex\" class=\"placeholder_\"\/><\/p>\n<p>Fot\u00f3: Melegh No\u00e9mi Napsug\u00e1r \/ Telex<\/p>\n<p>Helysz\u00edni tud\u00f3s\u00edt\u00f3nk, Presinszky Judit elmond\u00e1sa szerint a lek\u00f6sz\u00f6n\u0151 miniszterek viszont a Zolt\u00e1n utcai h\u00e1ts\u00f3 bej\u00e1ratot v\u00e1lasztott\u00e1k,<\/p>\n<p>az Orb\u00e1n-korm\u00e1ny t\u00e1rcavezet\u0151i r\u00e1ad\u00e1sul egy nagy csapatban, egyszerre \u00e9rkeztek az \u00e1tad\u00e1s-\u00e1tv\u00e9telre.<\/p>\n<p>A k\u00f6z\u00f6s \u00e9rkez\u00e9s miatt a sajt\u00f3 nem nagyon tudott k\u00e9rdezni a t\u00e1voz\u00f3 miniszterekt\u0151l. A Telex st\u00e1bja Rog\u00e1n Antalnak egyetlen k\u00e9rd\u00e9st tudott f\u00f6ltenni a Bal\u00e1sy Gyula c\u00e9geivel k\u00f6t\u00f6tt szerz\u0151d\u00e9sekr\u0151l. A Minisztereln\u00f6ki Kabinetiroda volt vezet\u0151je ezekr\u0151l annyit mondott, hogy Lounge-\u00fcgyletekn\u00e9l \u201eminden t\u00f6rv\u00e9nyszer\u0171en t\u00f6rt\u00e9nt\u201d, majd a Magyar P\u00e9ter-vezette Di\u00e1khitel K\u00f6zpont szerz\u0151d\u00e9s\u00e9t emlegette.<\/p>\n<p>A Fidesz-korm\u00e1ny miniszterei ut\u00e1n nem sokkal a Tisza-korm\u00e1ny t\u00f6bbi tagja is meg\u00e9rkezett, \u0151k a f\u0151bej\u00e1raton mentek be a Minisztereln\u00f6ks\u00e9g \u00e9p\u00fclet\u00e9be. Az \u00faj t\u00e1rcavezet\u0151k szint\u00e9n nem voltak besz\u00e9des kedv\u00fckben. Ruff B\u00e1lint Minisztereln\u00f6ks\u00e9get vezet\u0151 minisztert T\u00f3th P\u00e9ter kamp\u00e1nyf\u0151n\u00f6k nemzetbiztons\u00e1gi f\u0151tan\u00e1csad\u00f3v\u00e1 val\u00f3 kinevez\u00e9s\u00e9r\u0151l akartuk k\u00e9rdezni, de nem v\u00e1laszolt.<\/p>\n<p><img decoding=\"async\" src=\"https:\/\/www.europesays.com\/hu\/wp-content\/uploads\/2026\/05\/1778764693-temp-jpfkm6qgreeh3ojlfal_cikktorzs:xl.jpg\"  loading=\"lazy\" alt=\"Fot\u00f3: B\u0151dey J\u00e1nos \/ Telex\" class=\"placeholder_\"\/><img decoding=\"async\" src=\"https:\/\/www.europesays.com\/hu\/wp-content\/uploads\/2026\/05\/1778764705-temp-qvolnnskoia55blofgk_cikktorzs:xl.jpg\"  loading=\"lazy\" alt=\"Fot\u00f3: B\u0151dey J\u00e1nos \/ Telex\" class=\"placeholder_\"\/><img decoding=\"async\" src=\"https:\/\/www.europesays.com\/hu\/wp-content\/uploads\/2026\/05\/1778764721-temp-59958g62ilsc3aoonbj_cikktorzs:xl.jpg\"  loading=\"lazy\" alt=\"Fot\u00f3: B\u0151dey J\u00e1nos \/ Telex\" class=\"placeholder_\"\/><img decoding=\"async\" src=\"https:\/\/www.europesays.com\/hu\/wp-content\/uploads\/2026\/05\/1778767275-temp-u1e6fa1mcuct0cajhkk_cikktorzs:xl.jpg\"  loading=\"lazy\" alt=\"Fot\u00f3: B\u0151dey J\u00e1nos \/ Telex\" class=\"placeholder_\"\/><\/p>\n<p>Fot\u00f3: B\u0151dey J\u00e1nos \/ Telex<\/p>\n<p>Az \u00e1tad\u00e1s-\u00e1tv\u00e9tel a korm\u00e1nyv\u00e1lt\u00e1s utols\u00f3 adminisztrat\u00edv l\u00e9p\u00e9se, amelynek sor\u00e1n a t\u00e1voz\u00f3 miniszterek minden, a vezet\u00e9s\u00fck alatt keletkezett iratot, szerz\u0151d\u00e9st, jegyz\u0151k\u00f6nyvet \u00e9s egy\u00e9b dokumentumot \u00e1tadnak a t\u00e1rc\u00e1t \u00e1tvev\u0151 minisztereknek, hogy z\u00f6kken\u0151mentesen folytat\u00f3dhasson a korm\u00e1nyz\u00e1s. A nyilv\u00e1noss\u00e1g sz\u00e1m\u00e1ra mindez az\u00e9rt is \u00e9rdekes, mert ahogy Ligeti Mikl\u00f3s, a Transparency International Magyarorsz\u00e1g jogi vezet\u0151je fogalmazott a v\u00e1laszt\u00e1sok ut\u00e1n a <a href=\"https:\/\/24.hu\/belfold\/2026\/04\/18\/kormanyzat-atadas-atvetel-szigetvari-viktor-ligeti-miklos\/#paywall\" target=\"_blank\" rel=\"nofollow noopener\">24.hu-nak<\/a>, az \u00e1tad\u00e1s-\u00e1tv\u00e9tel ut\u00e1n m\u00e9g rengeteg csontv\u00e1z kieshet a szekr\u00e9nyb\u0151l, olyan \u00fcgyekre der\u00fclhet f\u00e9ny, amelyekr\u0151l eddig nem is hallottunk.<\/p>\n<p>Ligeti azt is elmondta, hogy a val\u00f3di \u00e1tad\u00e1s-\u00e1tv\u00e9tel egy korm\u00e1nyv\u00e1lt\u00e1s ut\u00e1n el\u00e9g hosszas folyamat, ami ak\u00e1r hetekbe is telik, amelynek sor\u00e1n az \u00faj miniszterek egyeztetnek az \u00e1llamtitk\u00e1rokkal, helyettes \u00e1llamtitk\u00e1rokkal, f\u0151oszt\u00e1lyvezet\u0151kkel a folyamatban l\u00e9v\u0151 \u00fcgyekr\u0151l. 2010-ben az Igazs\u00e1g\u00fcgyi Miniszt\u00e9riumban p\u00e9ld\u00e1ul egy h\u00f3napig tartott az \u00e1tad\u00e1s-\u00e1tv\u00e9tel val\u00f3di folyamata, \u00e9s most is el\u00e9g hossz\u00fa id\u0151re lehet sz\u00e1m\u00edtani.<\/p>\n","protected":false},"excerpt":{"rendered":"Cs\u00fct\u00f6rt\u00f6k d\u00e9lut\u00e1n 3 \u00f3r\u00e1t\u00f3l tartj\u00e1k a korm\u00e1nyzati \u00e1tad\u00e1s-\u00e1tv\u00e9telt a Minisztereln\u00f6ks\u00e9g Kossuth t\u00e9ri irodah\u00e1z\u00e1ban, pontosabban ahogy a Tisza P\u00e1rt&hellip;\n","protected":false},"author":2,"featured_media":99977,"comment_status":"","ping_status":"","sticky":false,"template":"","format":"standard","meta":{"footnotes":"","_share_on_mastodon":"0"},"categories":[6],"tags":[80,2928,44,42,40,6274,43,944,41,6755,8831],"class_list":["post-99976","post","type-post","status-publish","format-standard","has-post-thumbnail","category-magyarorszag","tag-belfold","tag-epulet","tag-hu","tag-hungarian","tag-hungary","tag-kossuth-ter","tag-magyar","tag-magyar-peter","tag-magyarorszag","tag-miniszterelnokseg","tag-muemlek"],"share_on_mastodon":{"url":"https:\/\/pubeurope.com\/@hu\/116573327190318073","error":""},"_links":{"self":[{"href":"https:\/\/www.europesays.com\/hu\/wp-json\/wp\/v2\/posts\/99976","targetHints":{"allow":["GET"]}}],"collection":[{"href":"https:\/\/www.europesays.com\/hu\/wp-json\/wp\/v2\/posts"}],"about":[{"href":"https:\/\/www.europesays.com\/hu\/wp-json\/wp\/v2\/types\/post"}],"author":[{"embeddable":true,"href":"https:\/\/www.europesays.com\/hu\/wp-json\/wp\/v2\/users\/2"}],"replies":[{"embeddable":true,"href":"https:\/\/www.europesays.com\/hu\/wp-json\/wp\/v2\/comments?post=99976"}],"version-history":[{"count":0,"href":"https:\/\/www.europesays.com\/hu\/wp-json\/wp\/v2\/posts\/99976\/revisions"}],"wp:featuredmedia":[{"embeddable":true,"href":"https:\/\/www.europesays.com\/hu\/wp-json\/wp\/v2\/media\/99977"}],"wp:attachment":[{"href":"https:\/\/www.europesays.com\/hu\/wp-json\/wp\/v2\/media?parent=99976"}],"wp:term":[{"taxonomy":"category","embeddable":true,"href":"https:\/\/www.europesays.com\/hu\/wp-json\/wp\/v2\/categories?post=99976"},{"taxonomy":"post_tag","embeddable":true,"href":"https:\/\/www.europesays.com\/hu\/wp-json\/wp\/v2\/tags?post=99976"}],"curies":[{"name":"wp","href":"https:\/\/api.w.org\/{rel}","templated":true}]}}