{"id":100598,"date":"2025-10-03T06:06:25","date_gmt":"2025-10-03T06:06:25","guid":{"rendered":"https:\/\/www.europesays.com\/ie\/100598\/"},"modified":"2025-10-03T06:06:25","modified_gmt":"2025-10-03T06:06:25","slug":"five-homes-on-view-this-week-in-wicklow-galway-and-dublin-from-e375000-the-irish-times","status":"publish","type":"post","link":"https:\/\/www.europesays.com\/ie\/100598\/","title":{"rendered":"Five homes on view this week in Wicklow, Galway and Dublin from \u20ac375,000 \u2013 The Irish Times"},"content":{"rendered":"<p>8 Cabinteely Avenue, Cabinteely, Dublin 18\u20ac695,000, DNG<\/p>\n<p class=\"c-paragraph paywall b-it-article-body__text--left\">Built in the early 1970s, this <a href=\"https:\/\/www.myhome.ie\/residential\/brochure\/8-cabinteely-avenue-cabinteely-dublin-18\/4952867\" target=\"_self\" rel=\"nofollow noopener\" title=\"https:\/\/www.myhome.ie\/residential\/brochure\/8-cabinteely-avenue-cabinteely-dublin-18\/4952867\">semidetached home<\/a> comes to market with a spacious west-facing back garden, laid mainly in lawn. The house has a driveway to the front, the house extends to 95sq m (1,023sq ft) and features two double bedrooms and a single bedroom upstairs along with the main bathroom. It also has a garage attached, providing further storage. Planning permission, granted in August, is in place to extend. Ber D2<\/p>\n<p><img decoding=\"async\" data-chromatic=\"ignore\" alt=\"53 Ashton Wood, Bray, Co Wicklow\" class=\"c-image\" loading=\"lazy\" src=\"https:\/\/www.europesays.com\/ie\/wp-content\/uploads\/2025\/10\/BIKD26UMMJCY7KRQB4AN4FGWZY.jpg\"   width=\"800\" height=\"533\"\/>53 Ashton Wood, Bray, Co Wicklow 53 Ashton Wood, Bray, Co Wicklow\u20ac460,000, Sherry FitzGerald<\/p>\n<p class=\"c-paragraph paywall \">This three-bedroom semidetached home is close to the end of the cul-de-sac in the Ashton Wood estate, with mature trees behind it. The home has a driveway to the front and extends to 80sq m. It has new wood-effect flooring on the ground floor and a newly fitted kitchen with light grey units. The back garden is low maintenance, laid with patio and loose stones, and has a south-facing aspect. It is a 10-minute drive from Bray seafront. Ber D1<\/p>\n<p><img decoding=\"async\" data-chromatic=\"ignore\" alt=\"110 Meadowbank, Rathgar, Dublin 6\" class=\"c-image\" loading=\"lazy\" src=\"https:\/\/www.europesays.com\/ie\/wp-content\/uploads\/2025\/10\/6CP45KZLB5B7RA6KH4UDW6SNX4.jpg\"   width=\"800\" height=\"531\"\/>110 Meadowbank, Rathgar, Dublin 6 110 Meadowbank, Rathgar, Dublin 6\u20ac800,000, Mullery O\u2019Gara<\/p>\n<p class=\"c-paragraph paywall b-it-article-body__text--left\">An extended <a href=\"https:\/\/www.myhome.ie\/residential\/brochure\/110-meadowbank-rathgar-dublin-6\/4957849\" target=\"_self\" rel=\"nofollow noopener\" title=\"https:\/\/www.myhome.ie\/residential\/brochure\/110-meadowbank-rathgar-dublin-6\/4957849\">three-bedroom end-terrace home<\/a> measuring 142sq m (1,592sq ft). There is a dual-aspect living area to the rear and a paved back garden, with a southwest-facing garden, overlooking the Dodder river and woodland. Between Rathgar and Terenure, Meadowbank is close to all amenities of the Dublin 6 area with schools nearby. It is in good condition, although the interior would benefit from a cosmetic upgrade. Ber C1<\/p>\n<p><img decoding=\"async\" data-chromatic=\"ignore\" alt=\"25 T&#xED; na R&#xED;, Cosmona, Loughrea, Co Galway\" class=\"c-image\" loading=\"lazy\" src=\"https:\/\/www.europesays.com\/ie\/wp-content\/uploads\/2025\/10\/XIPVOAJ5Q5DKVOIW5YWRAUORDE.jpg\"   width=\"800\" height=\"600\"\/>25 T\u00ed na R\u00ed, Cosmona, Loughrea, Co Galway 25 T\u00ed na R\u00ed, Cosmona, Loughrea, Co Galway\u20ac375,000, Sherry FitzGerald Madden<\/p>\n<p class=\"c-paragraph paywall b-it-article-body__text--left\">This <a href=\"https:\/\/www.myhome.ie\/residential\/brochure\/25-t-na-r-cosmona-loughrea-co-galway\/4957979\" target=\"_self\" rel=\"nofollow noopener\" title=\"https:\/\/www.myhome.ie\/residential\/brochure\/25-t-na-r-cosmona-loughrea-co-galway\/4957979\">four-bedroom semidetached home<\/a> is on the west side of Loughrea, a two-minute drive from Supervalu, Aldi and the Gaelscoil. The house extends to 177sq m (1,905sq ft), has wooden floors throughout and features a utility room and an en suite downstairs as well as an en suite in the main bedroom. The landscaped back garden is low maintenance with a border of plants. It is about an hour\u2019s drive from Galway city. Ber C1<\/p>\n<p><img decoding=\"async\" data-chromatic=\"ignore\" alt=\"32a The Bottle Works, Dermot O`Hurley Avenue, Ringsend, Dublin 4\" class=\"c-image\" loading=\"lazy\" src=\"https:\/\/www.europesays.com\/ie\/wp-content\/uploads\/2025\/10\/CDMZKSDAVFHOXDPRDDQEEX4J7I.JPG\"   width=\"800\" height=\"532\"\/>32a The Bottle Works, Dermot O`Hurley Avenue, Ringsend, Dublin 4 32a The Bottle Works, Dermot O`Hurley Avenue, Ringsend, Dublin 4\u20ac450,000, Lansdowne Partnership<\/p>\n<p class=\"c-paragraph paywall b-it-article-body__text--left\">This <a href=\"https:\/\/www.myhome.ie\/residential\/brochure\/32a-the-bottle-works-dermot-o-hurley-avenue-ringse-dublin-4-county-dublin\/4957259\" target=\"_self\" rel=\"nofollow noopener\" title=\"https:\/\/www.myhome.ie\/residential\/brochure\/32a-the-bottle-works-dermot-o-hurley-avenue-ringse-dublin-4-county-dublin\/4957259\">second-floor, two-bedroom apartment<\/a> in Ringsend is about a 10-minute walk from Grand Canal Docks on the southside of Dublin city. Extending to 62sq m (667sq ft), it has a south-facing balcony off the kitchen\/livingroom with treetop views as far as the Aviva Stadium. It has two double bedrooms and the main bedroom is en suite. A designated secure parking space comes with the property and it has a service charge of \u20ac3,365. Ber C2<\/p>\n","protected":false},"excerpt":{"rendered":"8 Cabinteely Avenue, Cabinteely, Dublin 18\u20ac695,000, DNG Built in the early 1970s, this semidetached home comes to market&hellip;\n","protected":false},"author":2,"featured_media":100599,"comment_status":"","ping_status":"","sticky":false,"template":"","format":"standard","meta":{"footnotes":""},"categories":[73],"tags":[945,79,63679,52,18,1878,19,17,22736,63872,1658,56871,18576,946],"class_list":{"0":"post-100598","1":"post","2":"type-post","3":"status-publish","4":"format-standard","5":"has-post-thumbnail","7":"category-business","8":"tag-bray","9":"tag-business","10":"tag-cabinteely","11":"tag-dublin","12":"tag-eire","13":"tag-galway","14":"tag-ie","15":"tag-ireland","16":"tag-new-to-the-market","17":"tag-on-view","18":"tag-property","19":"tag-rathgar","20":"tag-ringsend","21":"tag-wicklow"},"share_on_mastodon":{"url":"","error":""},"_links":{"self":[{"href":"https:\/\/www.europesays.com\/ie\/wp-json\/wp\/v2\/posts\/100598","targetHints":{"allow":["GET"]}}],"collection":[{"href":"https:\/\/www.europesays.com\/ie\/wp-json\/wp\/v2\/posts"}],"about":[{"href":"https:\/\/www.europesays.com\/ie\/wp-json\/wp\/v2\/types\/post"}],"author":[{"embeddable":true,"href":"https:\/\/www.europesays.com\/ie\/wp-json\/wp\/v2\/users\/2"}],"replies":[{"embeddable":true,"href":"https:\/\/www.europesays.com\/ie\/wp-json\/wp\/v2\/comments?post=100598"}],"version-history":[{"count":0,"href":"https:\/\/www.europesays.com\/ie\/wp-json\/wp\/v2\/posts\/100598\/revisions"}],"wp:featuredmedia":[{"embeddable":true,"href":"https:\/\/www.europesays.com\/ie\/wp-json\/wp\/v2\/media\/100599"}],"wp:attachment":[{"href":"https:\/\/www.europesays.com\/ie\/wp-json\/wp\/v2\/media?parent=100598"}],"wp:term":[{"taxonomy":"category","embeddable":true,"href":"https:\/\/www.europesays.com\/ie\/wp-json\/wp\/v2\/categories?post=100598"},{"taxonomy":"post_tag","embeddable":true,"href":"https:\/\/www.europesays.com\/ie\/wp-json\/wp\/v2\/tags?post=100598"}],"curies":[{"name":"wp","href":"https:\/\/api.w.org\/{rel}","templated":true}]}}