{"id":101009,"date":"2025-10-03T11:00:12","date_gmt":"2025-10-03T11:00:12","guid":{"rendered":"https:\/\/www.europesays.com\/ie\/101009\/"},"modified":"2025-10-03T11:00:12","modified_gmt":"2025-10-03T11:00:12","slug":"catherine-connolly-insists-gun-convict-was-not-eirigi-member-when-she-was-hired","status":"publish","type":"post","link":"https:\/\/www.europesays.com\/ie\/101009\/","title":{"rendered":"Catherine Connolly insists gun convict was not \u00c9ir\u00edg\u00ed member when she was hired"},"content":{"rendered":"<p class=\"indo-ebe0ecc6_root indo-ebe0ecc6_paragraph indo-91174671_secondary indo-1d70522a_marginbottom4 indo-1d70522a_marginleft0 indo-1d70522a_marginright0 indo-1d70522a_margintop4\" style=\"color:var(--color-primary-80)\" data-testid=\"title-summary\">Connolly rejects suggestion she engaged with Gardai over job offer as \u2018incorrect\u2019\u2018Questions need to be asked\u2019 \u2013 Ms Connolly questions how story became leaked <\/p>\n<p><img decoding=\"async\" alt=\"Independent candidate Catherine Connolly. Photo: Stephen Collins\" src=\"https:\/\/www.europesays.com\/ie\/wp-content\/uploads\/2025\/10\/413ea342-a0ff-49c7-83c9-4ab30eeed1a8.jpg\" loading=\"eager\" width=\"100%\" data-testid=\"article-image\"  \/><\/p>\n<p class=\"indo-ebe0ecc6_root indo-ebe0ecc6_caption1 indo-300db776_none indo-91174671_secondary indo-66f0fec7_regular indo-1d70522a_marginbottom0 indo-1d70522a_marginleft0 indo-1d70522a_marginright0 indo-1d70522a_margintop3 indo-b48c4984_left\" style=\"color:var(--color-grey-60)\">Independent candidate Catherine Connolly. Photo: Stephen Collins<\/p>\n<p>Eavan Murray and Mary Regan<\/p>\n<p>Today at 06:30<\/p>\n<p class=\"indo-ebe0ecc6_root indo-ebe0ecc6_paragraph indo-300db776_none indo-91174671_primary indo-1d70522a_marginbottom0 indo-1d70522a_margintop0 indo-b48c4984_inherit\" style=\"color:var(--color-primary-80)\">Presidential candidate Catherine Connolly has insisted a gun convict she brought in to work in her D\u00e1il office was no longer a member of \u00c9ir\u00edg\u00ed at the time, even though the group continued to refer to her as a \u201ccomrade\u201d while she was in prison.<\/p>\n<p class=\"indo-ebe0ecc6_root indo-ebe0ecc6_paragraph indo-300db776_none indo-91174671_primary indo-1d70522a_marginbottom0 indo-1d70522a_margintop0 indo-b48c4984_inherit\" style=\"color:var(--color-primary-80)\">Ms Connolly told the Irish Independent last night that she was certain Ursula N\u00ed Shionn\u00e1in was not in the anti-peace process organisation when she was trying to secure a job for her in Leinster House.<\/p>\n","protected":false},"excerpt":{"rendered":"Connolly rejects suggestion she engaged with Gardai over job offer as \u2018incorrect\u2019\u2018Questions need to be asked\u2019 \u2013 Ms&hellip;\n","protected":false},"author":2,"featured_media":101010,"comment_status":"","ping_status":"","sticky":false,"template":"","format":"standard","meta":{"footnotes":""},"categories":[40],"tags":[22055,956,9,10,1921,23300,46967,18,13,14,4771,6,19,17,9170,9171,11,12,15,16,6644,5765,5,59,47,7,8],"class_list":{"0":"post-101009","1":"post","2":"type-post","3":"status-publish","4":"format-standard","5":"has-post-thumbnail","7":"category-ireland","8":"tag-alan-kelly","9":"tag-an-garda-siochana","10":"tag-breaking-news","11":"tag-breakingnews","12":"tag-catherine-connolly","13":"tag-eamon-o-cuiv","14":"tag-eavan-murray","15":"tag-eire","16":"tag-featured-news","17":"tag-featurednews","18":"tag-fianna-fail","19":"tag-headlines","20":"tag-ie","21":"tag-ireland","22":"tag-ivana-bacik","23":"tag-labour-party","24":"tag-latest-news","25":"tag-latestnews","26":"tag-main-news","27":"tag-mainnews","28":"tag-mary-regan","29":"tag-micheal-martin","30":"tag-news","31":"tag-presidential-election","32":"tag-sinn-fein","33":"tag-top-stories","34":"tag-topstories"},"share_on_mastodon":{"url":"","error":""},"_links":{"self":[{"href":"https:\/\/www.europesays.com\/ie\/wp-json\/wp\/v2\/posts\/101009","targetHints":{"allow":["GET"]}}],"collection":[{"href":"https:\/\/www.europesays.com\/ie\/wp-json\/wp\/v2\/posts"}],"about":[{"href":"https:\/\/www.europesays.com\/ie\/wp-json\/wp\/v2\/types\/post"}],"author":[{"embeddable":true,"href":"https:\/\/www.europesays.com\/ie\/wp-json\/wp\/v2\/users\/2"}],"replies":[{"embeddable":true,"href":"https:\/\/www.europesays.com\/ie\/wp-json\/wp\/v2\/comments?post=101009"}],"version-history":[{"count":0,"href":"https:\/\/www.europesays.com\/ie\/wp-json\/wp\/v2\/posts\/101009\/revisions"}],"wp:featuredmedia":[{"embeddable":true,"href":"https:\/\/www.europesays.com\/ie\/wp-json\/wp\/v2\/media\/101010"}],"wp:attachment":[{"href":"https:\/\/www.europesays.com\/ie\/wp-json\/wp\/v2\/media?parent=101009"}],"wp:term":[{"taxonomy":"category","embeddable":true,"href":"https:\/\/www.europesays.com\/ie\/wp-json\/wp\/v2\/categories?post=101009"},{"taxonomy":"post_tag","embeddable":true,"href":"https:\/\/www.europesays.com\/ie\/wp-json\/wp\/v2\/tags?post=101009"}],"curies":[{"name":"wp","href":"https:\/\/api.w.org\/{rel}","templated":true}]}}