{"id":101137,"date":"2025-10-03T12:43:08","date_gmt":"2025-10-03T12:43:08","guid":{"rendered":"https:\/\/www.europesays.com\/ie\/101137\/"},"modified":"2025-10-03T12:43:08","modified_gmt":"2025-10-03T12:43:08","slug":"predicting-sleep-disturbance-among-patients-with-breast-cancer-in-china-through-machine-learning-algorithms-a-multi-site-survey-study-bmc-psychiatry","status":"publish","type":"post","link":"https:\/\/www.europesays.com\/ie\/101137\/","title":{"rendered":"Predicting sleep disturbance among patients with breast cancer in China through machine learning algorithms-a multi-site survey study | BMC Psychiatry"},"content":{"rendered":"<li class=\"c-article-references__item js-c-reading-companion-references-item\" data-counter=\"1.\">\n<p class=\"c-article-references__text\" id=\"ref-CR1\">Bray F, Laversanne M, Sung H, Ferlay J, Siegel RL, Soerjomataram I, Jemal A. Global cancer statistics 2022: GLOBOCAN estimates of incidence and mortality worldwide for 36 cancers in 185 countries. CA Cancer J Clin. 2024;74:229\u201363.<\/p>\n<p class=\"c-article-references__links u-hide-print\"><a data-track=\"click_references\" rel=\"nofollow noopener\" data-track-label=\"link\" data-track-item_id=\"link\" data-track-value=\"pubmed reference\" data-track-action=\"pubmed reference\" href=\"http:\/\/www.ncbi.nlm.nih.gov\/entrez\/query.fcgi?cmd=Retrieve&amp;db=PubMed&amp;dopt=Abstract&amp;list_uids=38572751\" aria-label=\"PubMed reference 1\" target=\"_blank\">PubMed<\/a>\u00a0<br \/>\n    <a data-track=\"click_references\" data-track-action=\"google scholar reference\" data-track-value=\"google scholar reference\" data-track-label=\"link\" data-track-item_id=\"link\" rel=\"nofollow noopener\" aria-label=\"Google Scholar reference 1\" href=\"http:\/\/scholar.google.com\/scholar_lookup?&amp;title=Global%20cancer%20statistics%202022%3A%20GLOBOCAN%20estimates%20of%20incidence%20and%20mortality%20worldwide%20for%2036%20cancers%20in%20185%20countries&amp;journal=CA%20Cancer%20J%20Clin&amp;volume=74&amp;pages=229-63&amp;publication_year=2024&amp;author=Bray%2CF&amp;author=Laversanne%2CM&amp;author=Sung%2CH&amp;author=Ferlay%2CJ&amp;author=Siegel%2CRL&amp;author=Soerjomataram%2CI&amp;author=Jemal%2CA\" target=\"_blank\"><br \/>\n                    Google Scholar<\/a>\u00a0\n                <\/p>\n<\/li>\n<li class=\"c-article-references__item js-c-reading-companion-references-item\" data-counter=\"2.\">\n<p class=\"c-article-references__text\" id=\"ref-CR2\">Mubarik S, Malik SS, Wang Z, Li C, Fawad M, Yu C. Recent insights into breast cancer incidence trends among four Asian countries using age-period-cohort model. Cancer Manag Res. 2019;11:8145\u201355.<\/p>\n<p class=\"c-article-references__links u-hide-print\"><a data-track=\"click_references\" rel=\"nofollow noopener\" data-track-label=\"10.2147\/CMAR.S208323\" data-track-item_id=\"10.2147\/CMAR.S208323\" data-track-value=\"article reference\" data-track-action=\"article reference\" href=\"https:\/\/doi.org\/10.2147%2FCMAR.S208323\" aria-label=\"Article reference 2\" data-doi=\"10.2147\/CMAR.S208323\" target=\"_blank\">Article<\/a>\u00a0<br \/>\n    <a data-track=\"click_references\" rel=\"nofollow noopener\" data-track-label=\"link\" data-track-item_id=\"link\" data-track-value=\"pubmed reference\" data-track-action=\"pubmed reference\" href=\"http:\/\/www.ncbi.nlm.nih.gov\/entrez\/query.fcgi?cmd=Retrieve&amp;db=PubMed&amp;dopt=Abstract&amp;list_uids=31564974\" aria-label=\"PubMed reference 2\" target=\"_blank\">PubMed<\/a>\u00a0<br \/>\n    <a data-track=\"click_references\" rel=\"nofollow noopener\" data-track-label=\"link\" data-track-item_id=\"link\" data-track-value=\"pubmed central reference\" data-track-action=\"pubmed central reference\" href=\"http:\/\/www.ncbi.nlm.nih.gov\/pmc\/articles\/PMC6731990\" aria-label=\"PubMed Central reference 2\" target=\"_blank\">PubMed Central<\/a>\u00a0<br \/>\n    <a data-track=\"click_references\" data-track-action=\"google scholar reference\" data-track-value=\"google scholar reference\" data-track-label=\"link\" data-track-item_id=\"link\" rel=\"nofollow noopener\" aria-label=\"Google Scholar reference 2\" href=\"http:\/\/scholar.google.com\/scholar_lookup?&amp;title=Recent%20insights%20into%20breast%20cancer%20incidence%20trends%20among%20four%20Asian%20countries%20using%20age-period-cohort%20model&amp;journal=Cancer%20Manag%20Res&amp;doi=10.2147%2FCMAR.S208323&amp;volume=11&amp;pages=8145-55&amp;publication_year=2019&amp;author=Mubarik%2CS&amp;author=Malik%2CSS&amp;author=Wang%2CZ&amp;author=Li%2CC&amp;author=Fawad%2CM&amp;author=Yu%2CC\" target=\"_blank\"><br \/>\n                    Google Scholar<\/a>\u00a0\n                <\/p>\n<\/li>\n<li class=\"c-article-references__item js-c-reading-companion-references-item\" data-counter=\"3.\">\n<p class=\"c-article-references__text\" id=\"ref-CR3\">Heer E, Ruan Y, Mealey N, Quan ML, Brenner DR. The incidence of breast cancer in Canada 1971\u20132015: trends in screening-eligible and young-onset age groups. Can J Public Health. 2020;111:787\u201393.<\/p>\n<p class=\"c-article-references__links u-hide-print\"><a data-track=\"click_references\" rel=\"nofollow noopener\" data-track-label=\"10.17269\/s41997-020-00305-6\" data-track-item_id=\"10.17269\/s41997-020-00305-6\" data-track-value=\"article reference\" data-track-action=\"article reference\" href=\"https:\/\/doi.org\/10.17269%2Fs41997-020-00305-6\" aria-label=\"Article reference 3\" data-doi=\"10.17269\/s41997-020-00305-6\" target=\"_blank\">Article<\/a>\u00a0<br \/>\n    <a data-track=\"click_references\" rel=\"nofollow noopener\" data-track-label=\"link\" data-track-item_id=\"link\" data-track-value=\"pubmed reference\" data-track-action=\"pubmed reference\" href=\"http:\/\/www.ncbi.nlm.nih.gov\/entrez\/query.fcgi?cmd=Retrieve&amp;db=PubMed&amp;dopt=Abstract&amp;list_uids=32144720\" aria-label=\"PubMed reference 3\" target=\"_blank\">PubMed<\/a>\u00a0<br \/>\n    <a data-track=\"click_references\" rel=\"nofollow noopener\" data-track-label=\"link\" data-track-item_id=\"link\" data-track-value=\"pubmed central reference\" data-track-action=\"pubmed central reference\" href=\"http:\/\/www.ncbi.nlm.nih.gov\/pmc\/articles\/PMC7501384\" aria-label=\"PubMed Central reference 3\" target=\"_blank\">PubMed Central<\/a>\u00a0<br \/>\n    <a data-track=\"click_references\" data-track-action=\"google scholar reference\" data-track-value=\"google scholar reference\" data-track-label=\"link\" data-track-item_id=\"link\" rel=\"nofollow noopener\" aria-label=\"Google Scholar reference 3\" href=\"http:\/\/scholar.google.com\/scholar_lookup?&amp;title=The%20incidence%20of%20breast%20cancer%20in%20Canada%201971%E2%80%932015%3A%20trends%20in%20screening-eligible%20and%20young-onset%20age%20groups&amp;journal=Can%20J%20Public%20Health&amp;doi=10.17269%2Fs41997-020-00305-6&amp;volume=111&amp;pages=787-93&amp;publication_year=2020&amp;author=Heer%2CE&amp;author=Ruan%2CY&amp;author=Mealey%2CN&amp;author=Quan%2CML&amp;author=Brenner%2CDR\" target=\"_blank\"><br \/>\n                    Google Scholar<\/a>\u00a0\n                <\/p>\n<\/li>\n<li class=\"c-article-references__item js-c-reading-companion-references-item\" data-counter=\"4.\">\n<p class=\"c-article-references__text\" id=\"ref-CR4\">Muhetaer S, Mijiti P, Aierken K, Ziyin H, Talapuhan W, Tuoheti K, et al. A network approach to investigating the inter-relationship between health-related quality of life dimensions and depression in 1735 Chinese patients with heterogeneous cancers. Front Public Health. 2023;11:1325986.<\/p>\n<p class=\"c-article-references__links u-hide-print\"><a data-track=\"click_references\" rel=\"nofollow noopener\" data-track-label=\"10.3389\/fpubh.2023.1325986\" data-track-item_id=\"10.3389\/fpubh.2023.1325986\" data-track-value=\"article reference\" data-track-action=\"article reference\" href=\"https:\/\/doi.org\/10.3389%2Ffpubh.2023.1325986\" aria-label=\"Article reference 4\" data-doi=\"10.3389\/fpubh.2023.1325986\" target=\"_blank\">Article<\/a>\u00a0<br \/>\n    <a data-track=\"click_references\" rel=\"nofollow noopener\" data-track-label=\"link\" data-track-item_id=\"link\" data-track-value=\"pubmed reference\" data-track-action=\"pubmed reference\" href=\"http:\/\/www.ncbi.nlm.nih.gov\/entrez\/query.fcgi?cmd=Retrieve&amp;db=PubMed&amp;dopt=Abstract&amp;list_uids=38322361\" aria-label=\"PubMed reference 4\" target=\"_blank\">PubMed<\/a>\u00a0<br \/>\n    <a data-track=\"click_references\" data-track-action=\"google scholar reference\" data-track-value=\"google scholar reference\" data-track-label=\"link\" data-track-item_id=\"link\" rel=\"nofollow noopener\" aria-label=\"Google Scholar reference 4\" href=\"http:\/\/scholar.google.com\/scholar_lookup?&amp;title=A%20network%20approach%20to%20investigating%20the%20inter-relationship%20between%20health-related%20quality%20of%20life%20dimensions%20and%20depression%20in%201735%20Chinese%20patients%20with%20heterogeneous%20cancers&amp;journal=Front%20Public%20Health&amp;doi=10.3389%2Ffpubh.2023.1325986&amp;volume=11&amp;publication_year=2023&amp;author=Muhetaer%2CS&amp;author=Mijiti%2CP&amp;author=Aierken%2CK&amp;author=Ziyin%2CH&amp;author=Talapuhan%2CW&amp;author=Tuoheti%2CK&amp;author=Lixia%2CY&amp;author=Shuang%2CQ&amp;author=Jingjing%2CW\" target=\"_blank\"><br \/>\n                    Google Scholar<\/a>\u00a0\n                <\/p>\n<\/li>\n<li class=\"c-article-references__item js-c-reading-companion-references-item\" data-counter=\"5.\">\n<p class=\"c-article-references__text\" id=\"ref-CR5\">Ja D. Insomnia overview:epidemiology, pathophysiology, diagnosis and monitoring, and nonpharmacologic therapy. Am J Manag Care. 2020;26:S76\u201384.<\/p>\n<\/li>\n<li class=\"c-article-references__item js-c-reading-companion-references-item\" data-counter=\"6.\">\n<p class=\"c-article-references__text\" id=\"ref-CR6\">Mr I. Depression and insomnia in cancer: prevalence, risk factors, and effects on cancer outcomes. Curr Psychiatry Rep 2013;15:404.<\/p>\n<\/li>\n<li class=\"c-article-references__item js-c-reading-companion-references-item\" data-counter=\"7.\">\n<p class=\"c-article-references__text\" id=\"ref-CR7\">D J, Km L, Wh K, Jy L, Ty K, Sa I, Kh L, D S, Bj H. Longitudinal Association of Poor Sleep Quality With Chemotherapy-Induced Nauseaand Vomiting in Patients With Breast Cancer. Psychosom Med. 2016;78:959\u201365.<\/p>\n<\/li>\n<li class=\"c-article-references__item js-c-reading-companion-references-item\" data-counter=\"8.\">\n<p class=\"c-article-references__text\" id=\"ref-CR8\">Grandner MA. Sleep, health, and society. Sleep Med Clin. 2017;12:1\u201322.<\/p>\n<p class=\"c-article-references__links u-hide-print\"><a data-track=\"click_references\" rel=\"nofollow noopener\" data-track-label=\"10.1016\/j.jsmc.2016.10.012\" data-track-item_id=\"10.1016\/j.jsmc.2016.10.012\" data-track-value=\"article reference\" data-track-action=\"article reference\" href=\"https:\/\/doi.org\/10.1016%2Fj.jsmc.2016.10.012\" aria-label=\"Article reference 8\" data-doi=\"10.1016\/j.jsmc.2016.10.012\" target=\"_blank\">Article<\/a>\u00a0<br \/>\n    <a data-track=\"click_references\" rel=\"nofollow noopener\" data-track-label=\"link\" data-track-item_id=\"link\" data-track-value=\"pubmed reference\" data-track-action=\"pubmed reference\" href=\"http:\/\/www.ncbi.nlm.nih.gov\/entrez\/query.fcgi?cmd=Retrieve&amp;db=PubMed&amp;dopt=Abstract&amp;list_uids=28159089\" aria-label=\"PubMed reference 8\" target=\"_blank\">PubMed<\/a>\u00a0<br \/>\n    <a data-track=\"click_references\" data-track-action=\"google scholar reference\" data-track-value=\"google scholar reference\" data-track-label=\"link\" data-track-item_id=\"link\" rel=\"nofollow noopener\" aria-label=\"Google Scholar reference 8\" href=\"http:\/\/scholar.google.com\/scholar_lookup?&amp;title=Sleep%2C%20health%2C%20and%20society&amp;journal=Sleep%20Med%20Clin&amp;doi=10.1016%2Fj.jsmc.2016.10.012&amp;volume=12&amp;pages=1-22&amp;publication_year=2017&amp;author=Grandner%2CMA\" target=\"_blank\"><br \/>\n                    Google Scholar<\/a>\u00a0\n                <\/p>\n<\/li>\n<li class=\"c-article-references__item js-c-reading-companion-references-item\" data-counter=\"9.\">\n<p class=\"c-article-references__text\" id=\"ref-CR9\">Spedale V, Luciani M, Attanasio A, Di Mauro S, Alvaro R, Vellone E, et al. Association between sleep quality and self-care in adults with heart failure: a systematic review. Eur J Cardiovasc Nurs. 2021;20:192\u2013201.<\/p>\n<p class=\"c-article-references__links u-hide-print\"><a data-track=\"click_references\" rel=\"nofollow noopener\" data-track-label=\"10.1177\/1474515120941368\" data-track-item_id=\"10.1177\/1474515120941368\" data-track-value=\"article reference\" data-track-action=\"article reference\" href=\"https:\/\/doi.org\/10.1177%2F1474515120941368\" aria-label=\"Article reference 9\" data-doi=\"10.1177\/1474515120941368\" target=\"_blank\">Article<\/a>\u00a0<br \/>\n    <a data-track=\"click_references\" rel=\"nofollow noopener\" data-track-label=\"link\" data-track-item_id=\"link\" data-track-value=\"pubmed reference\" data-track-action=\"pubmed reference\" href=\"http:\/\/www.ncbi.nlm.nih.gov\/entrez\/query.fcgi?cmd=Retrieve&amp;db=PubMed&amp;dopt=Abstract&amp;list_uids=33909891\" aria-label=\"PubMed reference 9\" target=\"_blank\">PubMed<\/a>\u00a0<br \/>\n    <a data-track=\"click_references\" data-track-action=\"google scholar reference\" data-track-value=\"google scholar reference\" data-track-label=\"link\" data-track-item_id=\"link\" rel=\"nofollow noopener\" aria-label=\"Google Scholar reference 9\" href=\"http:\/\/scholar.google.com\/scholar_lookup?&amp;title=Association%20between%20sleep%20quality%20and%20self-care%20in%20adults%20with%20heart%20failure%3A%20a%20systematic%20review&amp;journal=Eur%20J%20Cardiovasc%20Nurs&amp;doi=10.1177%2F1474515120941368&amp;volume=20&amp;pages=192-201&amp;publication_year=2021&amp;author=Spedale%2CV&amp;author=Luciani%2CM&amp;author=Attanasio%2CA&amp;author=Mauro%2CS&amp;author=Alvaro%2CR&amp;author=Vellone%2CE&amp;author=Ausili%2CD\" target=\"_blank\"><br \/>\n                    Google Scholar<\/a>\u00a0\n                <\/p>\n<\/li>\n<li class=\"c-article-references__item js-c-reading-companion-references-item\" data-counter=\"10.\">\n<p class=\"c-article-references__text\" id=\"ref-CR10\">Sonney JT, Segrin C, Ward TM. Associations among behavioral sleep disturbance, family functioning, and controller medication adherence in children with asthma. J Dev Behav Pediatr. 2017;38:208.<\/p>\n<p class=\"c-article-references__links u-hide-print\"><a data-track=\"click_references\" rel=\"nofollow noopener\" data-track-label=\"10.1097\/DBP.0000000000000433\" data-track-item_id=\"10.1097\/DBP.0000000000000433\" data-track-value=\"article reference\" data-track-action=\"article reference\" href=\"https:\/\/doi.org\/10.1097%2FDBP.0000000000000433\" aria-label=\"Article reference 10\" data-doi=\"10.1097\/DBP.0000000000000433\" target=\"_blank\">Article<\/a>\u00a0<br \/>\n    <a data-track=\"click_references\" rel=\"nofollow noopener\" data-track-label=\"link\" data-track-item_id=\"link\" data-track-value=\"pubmed reference\" data-track-action=\"pubmed reference\" href=\"http:\/\/www.ncbi.nlm.nih.gov\/entrez\/query.fcgi?cmd=Retrieve&amp;db=PubMed&amp;dopt=Abstract&amp;list_uids=28333848\" aria-label=\"PubMed reference 10\" target=\"_blank\">PubMed<\/a>\u00a0<br \/>\n    <a data-track=\"click_references\" data-track-action=\"google scholar reference\" data-track-value=\"google scholar reference\" data-track-label=\"link\" data-track-item_id=\"link\" rel=\"nofollow noopener\" aria-label=\"Google Scholar reference 10\" href=\"http:\/\/scholar.google.com\/scholar_lookup?&amp;title=Associations%20among%20behavioral%20sleep%20disturbance%2C%20family%20functioning%2C%20and%20controller%20medication%20adherence%20in%20children%20with%20asthma&amp;journal=J%20Dev%20Behav%20Pediatr&amp;doi=10.1097%2FDBP.0000000000000433&amp;volume=38&amp;publication_year=2017&amp;author=Sonney%2CJT&amp;author=Segrin%2CC&amp;author=Ward%2CTM\" target=\"_blank\"><br \/>\n                    Google Scholar<\/a>\u00a0\n                <\/p>\n<\/li>\n<li class=\"c-article-references__item js-c-reading-companion-references-item\" data-counter=\"11.\">\n<p class=\"c-article-references__text\" id=\"ref-CR11\">Kim M, Opsasnick L, Batio S, Benavente JY, Zheng P, Lovett RM, et al. Prevalence and risk factors of sleep disturbance in adults with underlying health conditions during the ongoing COVID-19 pandemic. Medicine. 2022;101:e30637.<\/p>\n<p class=\"c-article-references__links u-hide-print\"><a data-track=\"click_references\" rel=\"nofollow noopener\" data-track-label=\"10.1097\/MD.0000000000030637\" data-track-item_id=\"10.1097\/MD.0000000000030637\" data-track-value=\"article reference\" data-track-action=\"article reference\" href=\"https:\/\/doi.org\/10.1097%2FMD.0000000000030637\" aria-label=\"Article reference 11\" data-doi=\"10.1097\/MD.0000000000030637\" target=\"_blank\">Article<\/a>\u00a0<br \/>\n    <a data-track=\"click_references\" rel=\"nofollow noopener\" data-track-label=\"link\" data-track-item_id=\"link\" data-track-value=\"pubmed reference\" data-track-action=\"pubmed reference\" href=\"http:\/\/www.ncbi.nlm.nih.gov\/entrez\/query.fcgi?cmd=Retrieve&amp;db=PubMed&amp;dopt=Abstract&amp;list_uids=36123887\" aria-label=\"PubMed reference 11\" target=\"_blank\">PubMed<\/a>\u00a0<br \/>\n    <a data-track=\"click_references\" rel=\"nofollow noopener\" data-track-label=\"link\" data-track-item_id=\"link\" data-track-value=\"pubmed central reference\" data-track-action=\"pubmed central reference\" href=\"http:\/\/www.ncbi.nlm.nih.gov\/pmc\/articles\/PMC9477708\" aria-label=\"PubMed Central reference 11\" target=\"_blank\">PubMed Central<\/a>\u00a0<br \/>\n    <a data-track=\"click_references\" data-track-action=\"google scholar reference\" data-track-value=\"google scholar reference\" data-track-label=\"link\" data-track-item_id=\"link\" rel=\"nofollow noopener\" aria-label=\"Google Scholar reference 11\" href=\"http:\/\/scholar.google.com\/scholar_lookup?&amp;title=Prevalence%20and%20risk%20factors%20of%20sleep%20disturbance%20in%20adults%20with%20underlying%20health%20conditions%20during%20the%20ongoing%20COVID-19%20pandemic&amp;journal=Medicine&amp;doi=10.1097%2FMD.0000000000030637&amp;volume=101&amp;publication_year=2022&amp;author=Kim%2CM&amp;author=Opsasnick%2CL&amp;author=Batio%2CS&amp;author=Benavente%2CJY&amp;author=Zheng%2CP&amp;author=Lovett%2CRM&amp;author=Bailey%2CSC&amp;author=Kwasny%2CMJ&amp;author=Ladner%2CDP&amp;author=Chou%2CSHY&amp;author=Linder%2CJA&amp;author=Weintraub%2CS&amp;author=Luo%2CY&amp;author=Zee%2CPC&amp;author=Wolf%2CMS\" target=\"_blank\"><br \/>\n                    Google Scholar<\/a>\u00a0\n                <\/p>\n<\/li>\n<li class=\"c-article-references__item js-c-reading-companion-references-item\" data-counter=\"12.\">\n<p class=\"c-article-references__text\" id=\"ref-CR12\">Kent de Grey RG, Uchino BN, Trettevik R, Cronan S, Hogan JN. Social support and sleep: A meta-analysis. Health Psychol Off J Div Health Psychol Am Psychol Assoc. 2018;37:787\u201398.<\/p>\n<p class=\"c-article-references__links u-hide-print\"><a data-track=\"click_references\" data-track-action=\"google scholar reference\" data-track-value=\"google scholar reference\" data-track-label=\"link\" data-track-item_id=\"link\" rel=\"nofollow noopener\" aria-label=\"Google Scholar reference 12\" href=\"http:\/\/scholar.google.com\/scholar_lookup?&amp;title=Social%20support%20and%20sleep%3A%20A%20meta-analysis&amp;journal=Health%20Psychol%20Off%20J%20Div%20Health%20Psychol%20Am%20Psychol%20Assoc&amp;volume=37&amp;pages=787-98&amp;publication_year=2018&amp;author=Kent%20de%20Grey%2CRG&amp;author=Uchino%2CBN&amp;author=Trettevik%2CR&amp;author=Cronan%2CS&amp;author=Hogan%2CJN\" target=\"_blank\"><br \/>\n                    Google Scholar<\/a>\u00a0\n                <\/p>\n<\/li>\n<li class=\"c-article-references__item js-c-reading-companion-references-item\" data-counter=\"13.\">\n<p class=\"c-article-references__text\" id=\"ref-CR13\">Lai H-L, Hung C-M, Chen C-I, Shih M-L, Huang C-Y. Resilience and coping styles as predictors of health outcomes in breast cancer patients: A structural equation modelling analysis. Eur J Cancer Care (Engl). 2020;29:e13161.<\/p>\n<p class=\"c-article-references__links u-hide-print\"><a data-track=\"click_references\" rel=\"nofollow noopener\" data-track-label=\"link\" data-track-item_id=\"link\" data-track-value=\"pubmed reference\" data-track-action=\"pubmed reference\" href=\"http:\/\/www.ncbi.nlm.nih.gov\/entrez\/query.fcgi?cmd=Retrieve&amp;db=PubMed&amp;dopt=Abstract&amp;list_uids=31475417\" aria-label=\"PubMed reference 13\" target=\"_blank\">PubMed<\/a>\u00a0<br \/>\n    <a data-track=\"click_references\" data-track-action=\"google scholar reference\" data-track-value=\"google scholar reference\" data-track-label=\"link\" data-track-item_id=\"link\" rel=\"nofollow noopener\" aria-label=\"Google Scholar reference 13\" href=\"http:\/\/scholar.google.com\/scholar_lookup?&amp;title=Resilience%20and%20coping%20styles%20as%20predictors%20of%20health%20outcomes%20in%20breast%20cancer%20patients%3A%20A%20structural%20equation%20modelling%20analysis&amp;journal=Eur%20J%20Cancer%20Care%20%28Engl%29&amp;volume=29&amp;publication_year=2020&amp;author=Lai%2CH-L&amp;author=Hung%2CC-M&amp;author=Chen%2CC-I&amp;author=Shih%2CM-L&amp;author=Huang%2CC-Y\" target=\"_blank\"><br \/>\n                    Google Scholar<\/a>\u00a0\n                <\/p>\n<\/li>\n<li class=\"c-article-references__item js-c-reading-companion-references-item\" data-counter=\"14.\">\n<p class=\"c-article-references__text\" id=\"ref-CR14\">McLeroy KR, Bibeau D, Steckler A, Glanz K. An ecological perspective on health promotion programs. Health Educ Q. 1988;15:351\u201377.<\/p>\n<p class=\"c-article-references__links u-hide-print\"><a data-track=\"click_references\" rel=\"nofollow noopener\" data-track-label=\"10.1177\/109019818801500401\" data-track-item_id=\"10.1177\/109019818801500401\" data-track-value=\"article reference\" data-track-action=\"article reference\" href=\"https:\/\/doi.org\/10.1177%2F109019818801500401\" aria-label=\"Article reference 14\" data-doi=\"10.1177\/109019818801500401\" target=\"_blank\">Article<\/a>\u00a0<br \/>\n    <a data-track=\"click_references\" rel=\"nofollow noopener\" data-track-label=\"link\" data-track-item_id=\"link\" data-track-value=\"cas reference\" data-track-action=\"cas reference\" href=\"https:\/\/bmcpsychiatry.biomedcentral.com\/articles\/cas-redirect\/1:STN:280:DyaL1M7lsFWjtg%3D%3D\" aria-label=\"CAS reference 14\" target=\"_blank\">CAS<\/a>\u00a0<br \/>\n    <a data-track=\"click_references\" rel=\"nofollow noopener\" data-track-label=\"link\" data-track-item_id=\"link\" data-track-value=\"pubmed reference\" data-track-action=\"pubmed reference\" href=\"http:\/\/www.ncbi.nlm.nih.gov\/entrez\/query.fcgi?cmd=Retrieve&amp;db=PubMed&amp;dopt=Abstract&amp;list_uids=3068205\" aria-label=\"PubMed reference 14\" target=\"_blank\">PubMed<\/a>\u00a0<br \/>\n    <a data-track=\"click_references\" data-track-action=\"google scholar reference\" data-track-value=\"google scholar reference\" data-track-label=\"link\" data-track-item_id=\"link\" rel=\"nofollow noopener\" aria-label=\"Google Scholar reference 14\" href=\"http:\/\/scholar.google.com\/scholar_lookup?&amp;title=An%20ecological%20perspective%20on%20health%20promotion%20programs&amp;journal=Health%20Educ%20Q&amp;doi=10.1177%2F109019818801500401&amp;volume=15&amp;pages=351-77&amp;publication_year=1988&amp;author=McLeroy%2CKR&amp;author=Bibeau%2CD&amp;author=Steckler%2CA&amp;author=Glanz%2CK\" target=\"_blank\"><br \/>\n                    Google Scholar<\/a>\u00a0\n                <\/p>\n<\/li>\n<li class=\"c-article-references__item js-c-reading-companion-references-item\" data-counter=\"15.\">\n<p class=\"c-article-references__text\" id=\"ref-CR15\">Touw WG, Bayjanov JR, Overmars L, Backus L, Boekhorst J, Wels M, et al. Data mining in the life sciences with random forest: a walk in the park or lost in the jungle? Brief Bioinform. 2013;14:315\u201326.<\/p>\n<p class=\"c-article-references__links u-hide-print\"><a data-track=\"click_references\" rel=\"nofollow noopener\" data-track-label=\"10.1093\/bib\/bbs034\" data-track-item_id=\"10.1093\/bib\/bbs034\" data-track-value=\"article reference\" data-track-action=\"article reference\" href=\"https:\/\/doi.org\/10.1093%2Fbib%2Fbbs034\" aria-label=\"Article reference 15\" data-doi=\"10.1093\/bib\/bbs034\" target=\"_blank\">Article<\/a>\u00a0<br \/>\n    <a data-track=\"click_references\" rel=\"nofollow noopener\" data-track-label=\"link\" data-track-item_id=\"link\" data-track-value=\"pubmed reference\" data-track-action=\"pubmed reference\" href=\"http:\/\/www.ncbi.nlm.nih.gov\/entrez\/query.fcgi?cmd=Retrieve&amp;db=PubMed&amp;dopt=Abstract&amp;list_uids=22786785\" aria-label=\"PubMed reference 15\" target=\"_blank\">PubMed<\/a>\u00a0<br \/>\n    <a data-track=\"click_references\" data-track-action=\"google scholar reference\" data-track-value=\"google scholar reference\" data-track-label=\"link\" data-track-item_id=\"link\" rel=\"nofollow noopener\" aria-label=\"Google Scholar reference 15\" href=\"http:\/\/scholar.google.com\/scholar_lookup?&amp;title=Data%20mining%20in%20the%20life%20sciences%20with%20random%20forest%3A%20a%20walk%20in%20the%20park%20or%20lost%20in%20the%20jungle%3F&amp;journal=Brief%20Bioinform&amp;doi=10.1093%2Fbib%2Fbbs034&amp;volume=14&amp;pages=315-26&amp;publication_year=2013&amp;author=Touw%2CWG&amp;author=Bayjanov%2CJR&amp;author=Overmars%2CL&amp;author=Backus%2CL&amp;author=Boekhorst%2CJ&amp;author=Wels%2CM&amp;author=Hijum%2CSAFT\" target=\"_blank\"><br \/>\n                    Google Scholar<\/a>\u00a0\n                <\/p>\n<\/li>\n<li class=\"c-article-references__item js-c-reading-companion-references-item\" data-counter=\"16.\">\n<p class=\"c-article-references__text\" id=\"ref-CR16\">He D, Ren D, Guo Z, Jiang B. Insomnia disorder diagnosed by resting-state fMRI-based SVM classifier. Sleep Med. 2022;95:126\u20139.<\/p>\n<p class=\"c-article-references__links u-hide-print\"><a data-track=\"click_references\" rel=\"nofollow noopener\" data-track-label=\"10.1016\/j.sleep.2022.04.024\" data-track-item_id=\"10.1016\/j.sleep.2022.04.024\" data-track-value=\"article reference\" data-track-action=\"article reference\" href=\"https:\/\/doi.org\/10.1016%2Fj.sleep.2022.04.024\" aria-label=\"Article reference 16\" data-doi=\"10.1016\/j.sleep.2022.04.024\" target=\"_blank\">Article<\/a>\u00a0<br \/>\n    <a data-track=\"click_references\" rel=\"nofollow noopener\" data-track-label=\"link\" data-track-item_id=\"link\" data-track-value=\"pubmed reference\" data-track-action=\"pubmed reference\" href=\"http:\/\/www.ncbi.nlm.nih.gov\/entrez\/query.fcgi?cmd=Retrieve&amp;db=PubMed&amp;dopt=Abstract&amp;list_uids=35576773\" aria-label=\"PubMed reference 16\" target=\"_blank\">PubMed<\/a>\u00a0<br \/>\n    <a data-track=\"click_references\" data-track-action=\"google scholar reference\" data-track-value=\"google scholar reference\" data-track-label=\"link\" data-track-item_id=\"link\" rel=\"nofollow noopener\" aria-label=\"Google Scholar reference 16\" href=\"http:\/\/scholar.google.com\/scholar_lookup?&amp;title=Insomnia%20disorder%20diagnosed%20by%20resting-state%20fMRI-based%20SVM%20classifier&amp;journal=Sleep%20Med&amp;doi=10.1016%2Fj.sleep.2022.04.024&amp;volume=95&amp;pages=126-9&amp;publication_year=2022&amp;author=He%2CD&amp;author=Ren%2CD&amp;author=Guo%2CZ&amp;author=Jiang%2CB\" target=\"_blank\"><br \/>\n                    Google Scholar<\/a>\u00a0\n                <\/p>\n<\/li>\n<li class=\"c-article-references__item js-c-reading-companion-references-item\" data-counter=\"17.\">\n<p class=\"c-article-references__text\" id=\"ref-CR17\">Lenzo V, Sardella A, Musetti A, Freda MF, Lemmo D, Vegni E, et al. The relationship between resilience and sleep quality during the second wave of the COVID-19 pandemic: a longitudinal study. Nat Sci Sleep. 2022;14:41\u201351.<\/p>\n<p class=\"c-article-references__links u-hide-print\"><a data-track=\"click_references\" rel=\"nofollow noopener\" data-track-label=\"10.2147\/NSS.S344042\" data-track-item_id=\"10.2147\/NSS.S344042\" data-track-value=\"article reference\" data-track-action=\"article reference\" href=\"https:\/\/doi.org\/10.2147%2FNSS.S344042\" aria-label=\"Article reference 17\" data-doi=\"10.2147\/NSS.S344042\" target=\"_blank\">Article<\/a>\u00a0<br \/>\n    <a data-track=\"click_references\" rel=\"nofollow noopener\" data-track-label=\"link\" data-track-item_id=\"link\" data-track-value=\"pubmed reference\" data-track-action=\"pubmed reference\" href=\"http:\/\/www.ncbi.nlm.nih.gov\/entrez\/query.fcgi?cmd=Retrieve&amp;db=PubMed&amp;dopt=Abstract&amp;list_uids=35023980\" aria-label=\"PubMed reference 17\" target=\"_blank\">PubMed<\/a>\u00a0<br \/>\n    <a data-track=\"click_references\" rel=\"nofollow noopener\" data-track-label=\"link\" data-track-item_id=\"link\" data-track-value=\"pubmed central reference\" data-track-action=\"pubmed central reference\" href=\"http:\/\/www.ncbi.nlm.nih.gov\/pmc\/articles\/PMC8747773\" aria-label=\"PubMed Central reference 17\" target=\"_blank\">PubMed Central<\/a>\u00a0<br \/>\n    <a data-track=\"click_references\" data-track-action=\"google scholar reference\" data-track-value=\"google scholar reference\" data-track-label=\"link\" data-track-item_id=\"link\" rel=\"nofollow noopener\" aria-label=\"Google Scholar reference 17\" href=\"http:\/\/scholar.google.com\/scholar_lookup?&amp;title=The%20relationship%20between%20resilience%20and%20sleep%20quality%20during%20the%20second%20wave%20of%20the%20COVID-19%20pandemic%3A%20a%20longitudinal%20study&amp;journal=Nat%20Sci%20Sleep&amp;doi=10.2147%2FNSS.S344042&amp;volume=14&amp;pages=41-51&amp;publication_year=2022&amp;author=Lenzo%2CV&amp;author=Sardella%2CA&amp;author=Musetti%2CA&amp;author=Freda%2CMF&amp;author=Lemmo%2CD&amp;author=Vegni%2CE&amp;author=Borghi%2CL&amp;author=Plazzi%2CG&amp;author=Palagini%2CL&amp;author=Castelnuovo%2CG&amp;author=Cattivelli%2CR&amp;author=Mariani%2CR&amp;author=Michelini%2CG&amp;author=Manari%2CT&amp;author=Saita%2CE&amp;author=Quattropani%2CMC&amp;author=Franceschini%2CC\" target=\"_blank\"><br \/>\n                    Google Scholar<\/a>\u00a0\n                <\/p>\n<\/li>\n<li class=\"c-article-references__item js-c-reading-companion-references-item\" data-counter=\"18.\">\n<p class=\"c-article-references__text\" id=\"ref-CR18\">Dj LY, A B, De G, Ne MAS, Kl D, Pa J. P. Development of short forms from the PROMIS\u2122 sleep disturbance and Sleep-Related impairment item banks. Behav Sleep Med 2011;10: 6-24.<\/p>\n<\/li>\n<li class=\"c-article-references__item js-c-reading-companion-references-item\" data-counter=\"19.\">\n<p class=\"c-article-references__text\" id=\"ref-CR19\">Havaei F, Ji XR, MacPhee M, Straight H. Identifying the most important workplace factors in predicting nurse mental health using machine learning techniques. BMC Nurs. 2021;20:216.<\/p>\n<p class=\"c-article-references__links u-hide-print\"><a data-track=\"click_references\" rel=\"noopener nofollow\" data-track-label=\"10.1186\/s12912-021-00742-9\" data-track-item_id=\"10.1186\/s12912-021-00742-9\" data-track-value=\"article reference\" data-track-action=\"article reference\" href=\"https:\/\/link.springer.com\/doi\/10.1186\/s12912-021-00742-9\" aria-label=\"Article reference 19\" data-doi=\"10.1186\/s12912-021-00742-9\" target=\"_blank\">Article<\/a>\u00a0<br \/>\n    <a data-track=\"click_references\" rel=\"nofollow noopener\" data-track-label=\"link\" data-track-item_id=\"link\" data-track-value=\"pubmed reference\" data-track-action=\"pubmed reference\" href=\"http:\/\/www.ncbi.nlm.nih.gov\/entrez\/query.fcgi?cmd=Retrieve&amp;db=PubMed&amp;dopt=Abstract&amp;list_uids=34724942\" aria-label=\"PubMed reference 19\" target=\"_blank\">PubMed<\/a>\u00a0<br \/>\n    <a data-track=\"click_references\" rel=\"nofollow noopener\" data-track-label=\"link\" data-track-item_id=\"link\" data-track-value=\"pubmed central reference\" data-track-action=\"pubmed central reference\" href=\"http:\/\/www.ncbi.nlm.nih.gov\/pmc\/articles\/PMC8559368\" aria-label=\"PubMed Central reference 19\" target=\"_blank\">PubMed Central<\/a>\u00a0<br \/>\n    <a data-track=\"click_references\" data-track-action=\"google scholar reference\" data-track-value=\"google scholar reference\" data-track-label=\"link\" data-track-item_id=\"link\" rel=\"nofollow noopener\" aria-label=\"Google Scholar reference 19\" href=\"http:\/\/scholar.google.com\/scholar_lookup?&amp;title=Identifying%20the%20most%20important%20workplace%20factors%20in%20predicting%20nurse%20mental%20health%20using%20machine%20learning%20techniques&amp;journal=BMC%20Nurs&amp;doi=10.1186%2Fs12912-021-00742-9&amp;volume=20&amp;publication_year=2021&amp;author=Havaei%2CF&amp;author=Ji%2CXR&amp;author=MacPhee%2CM&amp;author=Straight%2CH\" target=\"_blank\"><br \/>\n                    Google Scholar<\/a>\u00a0\n                <\/p>\n<\/li>\n<li class=\"c-article-references__item js-c-reading-companion-references-item\" data-counter=\"20.\">\n<p class=\"c-article-references__text\" id=\"ref-CR20\">Gonzalez BD, Lu Q. Sleep disturbance among Chinese breast cancer survivors living in the USA. Support Care Cancer. 2018;26:1695\u20138.<\/p>\n<p class=\"c-article-references__links u-hide-print\"><a data-track=\"click_references\" rel=\"nofollow noopener\" data-track-label=\"link\" data-track-item_id=\"link\" data-track-value=\"pubmed reference\" data-track-action=\"pubmed reference\" href=\"http:\/\/www.ncbi.nlm.nih.gov\/entrez\/query.fcgi?cmd=Retrieve&amp;db=PubMed&amp;dopt=Abstract&amp;list_uids=29484499\" aria-label=\"PubMed reference 20\" target=\"_blank\">PubMed<\/a>\u00a0<br \/>\n    <a data-track=\"click_references\" rel=\"nofollow noopener\" data-track-label=\"link\" data-track-item_id=\"link\" data-track-value=\"pubmed central reference\" data-track-action=\"pubmed central reference\" href=\"http:\/\/www.ncbi.nlm.nih.gov\/pmc\/articles\/PMC5924438\" aria-label=\"PubMed Central reference 20\" target=\"_blank\">PubMed Central<\/a>\u00a0<br \/>\n    <a data-track=\"click_references\" data-track-action=\"google scholar reference\" data-track-value=\"google scholar reference\" data-track-label=\"link\" data-track-item_id=\"link\" rel=\"nofollow noopener\" aria-label=\"Google Scholar reference 20\" href=\"http:\/\/scholar.google.com\/scholar_lookup?&amp;title=Sleep%20disturbance%20among%20Chinese%20breast%20cancer%20survivors%20living%20in%20the%20USA&amp;journal=Support%20Care%20Cancer&amp;volume=26&amp;pages=1695-8&amp;publication_year=2018&amp;author=Gonzalez%2CBD&amp;author=Lu%2CQ\" target=\"_blank\"><br \/>\n                    Google Scholar<\/a>\u00a0\n                <\/p>\n<\/li>\n<li class=\"c-article-references__item js-c-reading-companion-references-item\" data-counter=\"21.\">\n<p class=\"c-article-references__text\" id=\"ref-CR21\">Ueno T, Ichikawa D, Shimizu Y, Narisawa T, Tsuji K, Ochi E, Sakurai N, Iwata H, Matsuoka YJ. Comorbid insomnia among breast cancer survivors and its prediction using machine learning: a nationwide study in Japan. Jpn J Clin Oncol. 2022;52:39\u201346.<\/p>\n<p class=\"c-article-references__links u-hide-print\"><a data-track=\"click_references\" rel=\"nofollow noopener\" data-track-label=\"10.1093\/jjco\/hyab169\" data-track-item_id=\"10.1093\/jjco\/hyab169\" data-track-value=\"article reference\" data-track-action=\"article reference\" href=\"https:\/\/doi.org\/10.1093%2Fjjco%2Fhyab169\" aria-label=\"Article reference 21\" data-doi=\"10.1093\/jjco\/hyab169\" target=\"_blank\">Article<\/a>\u00a0<br \/>\n    <a data-track=\"click_references\" rel=\"nofollow noopener\" data-track-label=\"link\" data-track-item_id=\"link\" data-track-value=\"pubmed reference\" data-track-action=\"pubmed reference\" href=\"http:\/\/www.ncbi.nlm.nih.gov\/entrez\/query.fcgi?cmd=Retrieve&amp;db=PubMed&amp;dopt=Abstract&amp;list_uids=34718623\" aria-label=\"PubMed reference 21\" target=\"_blank\">PubMed<\/a>\u00a0<br \/>\n    <a data-track=\"click_references\" data-track-action=\"google scholar reference\" data-track-value=\"google scholar reference\" data-track-label=\"link\" data-track-item_id=\"link\" rel=\"nofollow noopener\" aria-label=\"Google Scholar reference 21\" href=\"http:\/\/scholar.google.com\/scholar_lookup?&amp;title=Comorbid%20insomnia%20among%20breast%20cancer%20survivors%20and%20its%20prediction%20using%20machine%20learning%3A%20a%20nationwide%20study%20in%20Japan&amp;journal=Jpn%20J%20Clin%20Oncol&amp;doi=10.1093%2Fjjco%2Fhyab169&amp;volume=52&amp;pages=39-46&amp;publication_year=2022&amp;author=Ueno%2CT&amp;author=Ichikawa%2CD&amp;author=Shimizu%2CY&amp;author=Narisawa%2CT&amp;author=Tsuji%2CK&amp;author=Ochi%2CE&amp;author=Sakurai%2CN&amp;author=Iwata%2CH&amp;author=Matsuoka%2CYJ\" target=\"_blank\"><br \/>\n                    Google Scholar<\/a>\u00a0\n                <\/p>\n<\/li>\n<li class=\"c-article-references__item js-c-reading-companion-references-item\" data-counter=\"22.\">\n<p class=\"c-article-references__text\" id=\"ref-CR22\">Hsiao F-H, Jow G-M, Kuo W-H, Huang C-S, Lai Y-M, Liu Y-F, et al. The partner\u2019s insecure attachment, depression and psychological well-being as predictors of diurnal cortisol patterns for breast cancer survivors and their spouses. Stress. 2014;17:169\u201375.<\/p>\n<p class=\"c-article-references__links u-hide-print\"><a data-track=\"click_references\" rel=\"nofollow noopener\" data-track-label=\"10.3109\/10253890.2014.880833\" data-track-item_id=\"10.3109\/10253890.2014.880833\" data-track-value=\"article reference\" data-track-action=\"article reference\" href=\"https:\/\/doi.org\/10.3109%2F10253890.2014.880833\" aria-label=\"Article reference 22\" data-doi=\"10.3109\/10253890.2014.880833\" target=\"_blank\">Article<\/a>\u00a0<br \/>\n    <a data-track=\"click_references\" rel=\"nofollow noopener\" data-track-label=\"link\" data-track-item_id=\"link\" data-track-value=\"cas reference\" data-track-action=\"cas reference\" href=\"https:\/\/bmcpsychiatry.biomedcentral.com\/articles\/cas-redirect\/1:CAS:528:DC%2BC2cXjt1agtrk%3D\" aria-label=\"CAS reference 22\" target=\"_blank\">CAS<\/a>\u00a0<br \/>\n    <a data-track=\"click_references\" rel=\"nofollow noopener\" data-track-label=\"link\" data-track-item_id=\"link\" data-track-value=\"pubmed reference\" data-track-action=\"pubmed reference\" href=\"http:\/\/www.ncbi.nlm.nih.gov\/entrez\/query.fcgi?cmd=Retrieve&amp;db=PubMed&amp;dopt=Abstract&amp;list_uids=24393005\" aria-label=\"PubMed reference 22\" target=\"_blank\">PubMed<\/a>\u00a0<br \/>\n    <a data-track=\"click_references\" data-track-action=\"google scholar reference\" data-track-value=\"google scholar reference\" data-track-label=\"link\" data-track-item_id=\"link\" rel=\"nofollow noopener\" aria-label=\"Google Scholar reference 22\" href=\"http:\/\/scholar.google.com\/scholar_lookup?&amp;title=The%20partner%E2%80%99s%20insecure%20attachment%2C%20depression%20and%20psychological%20well-being%20as%20predictors%20of%20diurnal%20cortisol%20patterns%20for%20breast%20cancer%20survivors%20and%20their%20spouses&amp;journal=Stress&amp;doi=10.3109%2F10253890.2014.880833&amp;volume=17&amp;pages=169-75&amp;publication_year=2014&amp;author=Hsiao%2CF-H&amp;author=Jow%2CG-M&amp;author=Kuo%2CW-H&amp;author=Huang%2CC-S&amp;author=Lai%2CY-M&amp;author=Liu%2CY-F&amp;author=Chang%2CK-J\" target=\"_blank\"><br \/>\n                    Google Scholar<\/a>\u00a0\n                <\/p>\n<\/li>\n<li class=\"c-article-references__item js-c-reading-companion-references-item\" data-counter=\"23.\">\n<p class=\"c-article-references__text\" id=\"ref-CR23\">Kwak A, Jacobs J, Haggett D, Jimenez R, Peppercorn J. Evaluation and management of insomnia in women with breast cancer. Breast Cancer Res Treat. 2020;181:269\u201377.<\/p>\n<p class=\"c-article-references__links u-hide-print\"><a data-track=\"click_references\" rel=\"noopener nofollow\" data-track-label=\"10.1007\/s10549-020-05635-0\" data-track-item_id=\"10.1007\/s10549-020-05635-0\" data-track-value=\"article reference\" data-track-action=\"article reference\" href=\"https:\/\/link.springer.com\/doi\/10.1007\/s10549-020-05635-0\" aria-label=\"Article reference 23\" data-doi=\"10.1007\/s10549-020-05635-0\" target=\"_blank\">Article<\/a>\u00a0<br \/>\n    <a data-track=\"click_references\" rel=\"nofollow noopener\" data-track-label=\"link\" data-track-item_id=\"link\" data-track-value=\"pubmed reference\" data-track-action=\"pubmed reference\" href=\"http:\/\/www.ncbi.nlm.nih.gov\/entrez\/query.fcgi?cmd=Retrieve&amp;db=PubMed&amp;dopt=Abstract&amp;list_uids=32314110\" aria-label=\"PubMed reference 23\" target=\"_blank\">PubMed<\/a>\u00a0<br \/>\n    <a data-track=\"click_references\" data-track-action=\"google scholar reference\" data-track-value=\"google scholar reference\" data-track-label=\"link\" data-track-item_id=\"link\" rel=\"nofollow noopener\" aria-label=\"Google Scholar reference 23\" href=\"http:\/\/scholar.google.com\/scholar_lookup?&amp;title=Evaluation%20and%20management%20of%20insomnia%20in%20women%20with%20breast%20cancer&amp;journal=Breast%20Cancer%20Res%20Treat&amp;doi=10.1007%2Fs10549-020-05635-0&amp;volume=181&amp;pages=269-77&amp;publication_year=2020&amp;author=Kwak%2CA&amp;author=Jacobs%2CJ&amp;author=Haggett%2CD&amp;author=Jimenez%2CR&amp;author=Peppercorn%2CJ\" target=\"_blank\"><br \/>\n                    Google Scholar<\/a>\u00a0\n                <\/p>\n<\/li>\n<li class=\"c-article-references__item js-c-reading-companion-references-item\" data-counter=\"24.\">\n<p class=\"c-article-references__text\" id=\"ref-CR24\">Peoples AR, Pigeon WR, Li D, Garland SN, Perlis ML, Inglis JE, et al. Association between pretreatment sleep disturbance and radiation therapy-induced pain in 573 women with breast cancer. J Pain Symptom Manage. 2021;61:254\u201361.<\/p>\n<p class=\"c-article-references__links u-hide-print\"><a data-track=\"click_references\" rel=\"nofollow noopener\" data-track-label=\"10.1016\/j.jpainsymman.2020.07.041\" data-track-item_id=\"10.1016\/j.jpainsymman.2020.07.041\" data-track-value=\"article reference\" data-track-action=\"article reference\" href=\"https:\/\/doi.org\/10.1016%2Fj.jpainsymman.2020.07.041\" aria-label=\"Article reference 24\" data-doi=\"10.1016\/j.jpainsymman.2020.07.041\" target=\"_blank\">Article<\/a>\u00a0<br \/>\n    <a data-track=\"click_references\" rel=\"nofollow noopener\" data-track-label=\"link\" data-track-item_id=\"link\" data-track-value=\"pubmed reference\" data-track-action=\"pubmed reference\" href=\"http:\/\/www.ncbi.nlm.nih.gov\/entrez\/query.fcgi?cmd=Retrieve&amp;db=PubMed&amp;dopt=Abstract&amp;list_uids=32768555\" aria-label=\"PubMed reference 24\" target=\"_blank\">PubMed<\/a>\u00a0<br \/>\n    <a data-track=\"click_references\" data-track-action=\"google scholar reference\" data-track-value=\"google scholar reference\" data-track-label=\"link\" data-track-item_id=\"link\" rel=\"nofollow noopener\" aria-label=\"Google Scholar reference 24\" href=\"http:\/\/scholar.google.com\/scholar_lookup?&amp;title=Association%20between%20pretreatment%20sleep%20disturbance%20and%20radiation%20therapy-induced%20pain%20in%20573%20women%20with%20breast%20cancer&amp;journal=J%20Pain%20Symptom%20Manage&amp;doi=10.1016%2Fj.jpainsymman.2020.07.041&amp;volume=61&amp;pages=254-61&amp;publication_year=2021&amp;author=Peoples%2CAR&amp;author=Pigeon%2CWR&amp;author=Li%2CD&amp;author=Garland%2CSN&amp;author=Perlis%2CML&amp;author=Inglis%2CJE&amp;author=Vinciguerra%2CV&amp;author=Anderson%2CT&amp;author=Evans%2CLS&amp;author=Wade%2CJL&amp;author=Ossip%2CDJ&amp;author=Morrow%2CGR&amp;author=Wolf%2CJR\" target=\"_blank\"><br \/>\n                    Google Scholar<\/a>\u00a0\n                <\/p>\n<\/li>\n<li class=\"c-article-references__item js-c-reading-companion-references-item\" data-counter=\"25.\">\n<p class=\"c-article-references__text\" id=\"ref-CR25\">Ratcliff CG, Zepeda SG, Hall MH, Tullos EA, Fowler S, Chaoul A, et al. Patient characteristics associated with sleep disturbance in breast cancer survivors. Support Care Cancer. 2021;29:2601\u201311.<\/p>\n<p class=\"c-article-references__links u-hide-print\"><a data-track=\"click_references\" rel=\"nofollow noopener\" data-track-label=\"link\" data-track-item_id=\"link\" data-track-value=\"pubmed reference\" data-track-action=\"pubmed reference\" href=\"http:\/\/www.ncbi.nlm.nih.gov\/entrez\/query.fcgi?cmd=Retrieve&amp;db=PubMed&amp;dopt=Abstract&amp;list_uids=32964261\" aria-label=\"PubMed reference 25\" target=\"_blank\">PubMed<\/a>\u00a0<br \/>\n    <a data-track=\"click_references\" data-track-action=\"google scholar reference\" data-track-value=\"google scholar reference\" data-track-label=\"link\" data-track-item_id=\"link\" rel=\"nofollow noopener\" aria-label=\"Google Scholar reference 25\" href=\"http:\/\/scholar.google.com\/scholar_lookup?&amp;title=Patient%20characteristics%20associated%20with%20sleep%20disturbance%20in%20breast%20cancer%20survivors&amp;journal=Support%20Care%20Cancer&amp;volume=29&amp;pages=2601-11&amp;publication_year=2021&amp;author=Ratcliff%2CCG&amp;author=Zepeda%2CSG&amp;author=Hall%2CMH&amp;author=Tullos%2CEA&amp;author=Fowler%2CS&amp;author=Chaoul%2CA&amp;author=Spelman%2CA&amp;author=Arun%2CB&amp;author=Cohen%2CL\" target=\"_blank\"><br \/>\n                    Google Scholar<\/a>\u00a0\n                <\/p>\n<\/li>\n<li class=\"c-article-references__item js-c-reading-companion-references-item\" data-counter=\"26.\">\n<p class=\"c-article-references__text\" id=\"ref-CR26\">Palesh OG, Roscoe JA, Mustian KM, Roth T, Savard J, Ancoli-Israel S, et al. Prevalence, demographics, and psychological associations of sleep disruption in patients with cancer: University of Rochester cancer center-community clinical oncology program. J Clin Oncol. 2010;28:292\u20138.<\/p>\n<p class=\"c-article-references__links u-hide-print\"><a data-track=\"click_references\" rel=\"nofollow noopener\" data-track-label=\"10.1200\/JCO.2009.22.5011\" data-track-item_id=\"10.1200\/JCO.2009.22.5011\" data-track-value=\"article reference\" data-track-action=\"article reference\" href=\"https:\/\/doi.org\/10.1200%2FJCO.2009.22.5011\" aria-label=\"Article reference 26\" data-doi=\"10.1200\/JCO.2009.22.5011\" target=\"_blank\">Article<\/a>\u00a0<br \/>\n    <a data-track=\"click_references\" rel=\"nofollow noopener\" data-track-label=\"link\" data-track-item_id=\"link\" data-track-value=\"pubmed reference\" data-track-action=\"pubmed reference\" href=\"http:\/\/www.ncbi.nlm.nih.gov\/entrez\/query.fcgi?cmd=Retrieve&amp;db=PubMed&amp;dopt=Abstract&amp;list_uids=19933917\" aria-label=\"PubMed reference 26\" target=\"_blank\">PubMed<\/a>\u00a0<br \/>\n    <a data-track=\"click_references\" data-track-action=\"google scholar reference\" data-track-value=\"google scholar reference\" data-track-label=\"link\" data-track-item_id=\"link\" rel=\"nofollow noopener\" aria-label=\"Google Scholar reference 26\" href=\"http:\/\/scholar.google.com\/scholar_lookup?&amp;title=Prevalence%2C%20demographics%2C%20and%20psychological%20associations%20of%20sleep%20disruption%20in%20patients%20with%20cancer%3A%20University%20of%20Rochester%20cancer%20center-community%20clinical%20oncology%20program&amp;journal=J%20Clin%20Oncol&amp;doi=10.1200%2FJCO.2009.22.5011&amp;volume=28&amp;pages=292-8&amp;publication_year=2010&amp;author=Palesh%2COG&amp;author=Roscoe%2CJA&amp;author=Mustian%2CKM&amp;author=Roth%2CT&amp;author=Savard%2CJ&amp;author=Ancoli-Israel%2CS&amp;author=Heckler%2CC&amp;author=Purnell%2CJQ&amp;author=Janelsins%2CMC&amp;author=Morrow%2CGR\" target=\"_blank\"><br \/>\n                    Google Scholar<\/a>\u00a0\n                <\/p>\n<\/li>\n<li class=\"c-article-references__item js-c-reading-companion-references-item\" data-counter=\"27.\">\n<p class=\"c-article-references__text\" id=\"ref-CR27\">Grey I, Arora T, Sanah A. Generalized anxiety mediates the relationship between loneliness and sleep quality amongst young adults during the COVID-19 pandemic. Psychol Rep. 2023;126:2141\u201357.<\/p>\n<p class=\"c-article-references__links u-hide-print\"><a data-track=\"click_references\" rel=\"nofollow noopener\" data-track-label=\"10.1177\/00332941221079723\" data-track-item_id=\"10.1177\/00332941221079723\" data-track-value=\"article reference\" data-track-action=\"article reference\" href=\"https:\/\/doi.org\/10.1177%2F00332941221079723\" aria-label=\"Article reference 27\" data-doi=\"10.1177\/00332941221079723\" target=\"_blank\">Article<\/a>\u00a0<br \/>\n    <a data-track=\"click_references\" rel=\"nofollow noopener\" data-track-label=\"link\" data-track-item_id=\"link\" data-track-value=\"pubmed reference\" data-track-action=\"pubmed reference\" href=\"http:\/\/www.ncbi.nlm.nih.gov\/entrez\/query.fcgi?cmd=Retrieve&amp;db=PubMed&amp;dopt=Abstract&amp;list_uids=35343313\" aria-label=\"PubMed reference 27\" target=\"_blank\">PubMed<\/a>\u00a0<br \/>\n    <a data-track=\"click_references\" data-track-action=\"google scholar reference\" data-track-value=\"google scholar reference\" data-track-label=\"link\" data-track-item_id=\"link\" rel=\"nofollow noopener\" aria-label=\"Google Scholar reference 27\" href=\"http:\/\/scholar.google.com\/scholar_lookup?&amp;title=Generalized%20anxiety%20mediates%20the%20relationship%20between%20loneliness%20and%20sleep%20quality%20amongst%20young%20adults%20during%20the%20COVID-19%20pandemic&amp;journal=Psychol%20Rep&amp;doi=10.1177%2F00332941221079723&amp;volume=126&amp;pages=2141-57&amp;publication_year=2023&amp;author=Grey%2CI&amp;author=Arora%2CT&amp;author=Sanah%2CA\" target=\"_blank\"><br \/>\n                    Google Scholar<\/a>\u00a0\n                <\/p>\n<\/li>\n<li class=\"c-article-references__item js-c-reading-companion-references-item\" data-counter=\"28.\">\n<p class=\"c-article-references__text\" id=\"ref-CR28\">Walters EM, Phillips AJ, Hamill K, Norton PJ, Drummond SP. Anxiety predicts dyadic sleep characteristics in couples experiencing insomnia but not in couples without sleep disorders. J Affect Disord. 2020;273:122\u201330.<\/p>\n<p class=\"c-article-references__links u-hide-print\"><a data-track=\"click_references\" rel=\"nofollow noopener\" data-track-label=\"10.1016\/j.jad.2020.04.031\" data-track-item_id=\"10.1016\/j.jad.2020.04.031\" data-track-value=\"article reference\" data-track-action=\"article reference\" href=\"https:\/\/doi.org\/10.1016%2Fj.jad.2020.04.031\" aria-label=\"Article reference 28\" data-doi=\"10.1016\/j.jad.2020.04.031\" target=\"_blank\">Article<\/a>\u00a0<br \/>\n    <a data-track=\"click_references\" rel=\"nofollow noopener\" data-track-label=\"link\" data-track-item_id=\"link\" data-track-value=\"pubmed reference\" data-track-action=\"pubmed reference\" href=\"http:\/\/www.ncbi.nlm.nih.gov\/entrez\/query.fcgi?cmd=Retrieve&amp;db=PubMed&amp;dopt=Abstract&amp;list_uids=32421592\" aria-label=\"PubMed reference 28\" target=\"_blank\">PubMed<\/a>\u00a0<br \/>\n    <a data-track=\"click_references\" data-track-action=\"google scholar reference\" data-track-value=\"google scholar reference\" data-track-label=\"link\" data-track-item_id=\"link\" rel=\"nofollow noopener\" aria-label=\"Google Scholar reference 28\" href=\"http:\/\/scholar.google.com\/scholar_lookup?&amp;title=Anxiety%20predicts%20dyadic%20sleep%20characteristics%20in%20couples%20experiencing%20insomnia%20but%20not%20in%20couples%20without%20sleep%20disorders&amp;journal=J%20Affect%20Disord&amp;doi=10.1016%2Fj.jad.2020.04.031&amp;volume=273&amp;pages=122-30&amp;publication_year=2020&amp;author=Walters%2CEM&amp;author=Phillips%2CAJ&amp;author=Hamill%2CK&amp;author=Norton%2CPJ&amp;author=Drummond%2CSP\" target=\"_blank\"><br \/>\n                    Google Scholar<\/a>\u00a0\n                <\/p>\n<\/li>\n<li class=\"c-article-references__item js-c-reading-companion-references-item\" data-counter=\"29.\">\n<p class=\"c-article-references__text\" id=\"ref-CR29\">Aggeli P, Fasoi G, Zartaloudi A, Kontzoglou K, Kontos M, Konstantinidis T, et al. Posttreatment anxiety, depression, sleep disorders, and associated factors in women who survive breast cancer. Asia-Pac J Oncol Nurs. 2021;8:147\u201355.<\/p>\n<p class=\"c-article-references__links u-hide-print\"><a data-track=\"click_references\" rel=\"nofollow noopener\" data-track-label=\"10.4103\/apjon.apjon_65_20\" data-track-item_id=\"10.4103\/apjon.apjon_65_20\" data-track-value=\"article reference\" data-track-action=\"article reference\" href=\"https:\/\/doi.org\/10.4103%2Fapjon.apjon_65_20\" aria-label=\"Article reference 29\" data-doi=\"10.4103\/apjon.apjon_65_20\" target=\"_blank\">Article<\/a>\u00a0<br \/>\n    <a data-track=\"click_references\" rel=\"nofollow noopener\" data-track-label=\"link\" data-track-item_id=\"link\" data-track-value=\"pubmed reference\" data-track-action=\"pubmed reference\" href=\"http:\/\/www.ncbi.nlm.nih.gov\/entrez\/query.fcgi?cmd=Retrieve&amp;db=PubMed&amp;dopt=Abstract&amp;list_uids=33688563\" aria-label=\"PubMed reference 29\" target=\"_blank\">PubMed<\/a>\u00a0<br \/>\n    <a data-track=\"click_references\" rel=\"nofollow noopener\" data-track-label=\"link\" data-track-item_id=\"link\" data-track-value=\"pubmed central reference\" data-track-action=\"pubmed central reference\" href=\"http:\/\/www.ncbi.nlm.nih.gov\/pmc\/articles\/PMC7934591\" aria-label=\"PubMed Central reference 29\" target=\"_blank\">PubMed Central<\/a>\u00a0<br \/>\n    <a data-track=\"click_references\" data-track-action=\"google scholar reference\" data-track-value=\"google scholar reference\" data-track-label=\"link\" data-track-item_id=\"link\" rel=\"nofollow noopener\" aria-label=\"Google Scholar reference 29\" href=\"http:\/\/scholar.google.com\/scholar_lookup?&amp;title=Posttreatment%20anxiety%2C%20depression%2C%20sleep%20disorders%2C%20and%20associated%20factors%20in%20women%20who%20survive%20breast%20cancer&amp;journal=Asia-Pac%20J%20Oncol%20Nurs&amp;doi=10.4103%2Fapjon.apjon_65_20&amp;volume=8&amp;pages=147-55&amp;publication_year=2021&amp;author=Aggeli%2CP&amp;author=Fasoi%2CG&amp;author=Zartaloudi%2CA&amp;author=Kontzoglou%2CK&amp;author=Kontos%2CM&amp;author=Konstantinidis%2CT&amp;author=Kalemikerakis%2CI&amp;author=Govina%2CO\" target=\"_blank\"><br \/>\n                    Google Scholar<\/a>\u00a0\n                <\/p>\n<\/li>\n<li class=\"c-article-references__item js-c-reading-companion-references-item\" data-counter=\"30.\">\n<p class=\"c-article-references__text\" id=\"ref-CR30\">\u0130zci F, \u0130lg\u00fcn AS, F\u0131nd\u0131kl\u0131 E, \u00d6zmen V. Psychiatric symptoms and psychosocial problems in patients with breast cancer. J Breast Health. 2016;12:94\u2013101.<\/p>\n<p class=\"c-article-references__links u-hide-print\"><a data-track=\"click_references\" rel=\"nofollow noopener\" data-track-label=\"10.5152\/tjbh.2016.3041\" data-track-item_id=\"10.5152\/tjbh.2016.3041\" data-track-value=\"article reference\" data-track-action=\"article reference\" href=\"https:\/\/doi.org\/10.5152%2Ftjbh.2016.3041\" aria-label=\"Article reference 30\" data-doi=\"10.5152\/tjbh.2016.3041\" target=\"_blank\">Article<\/a>\u00a0<br \/>\n    <a data-track=\"click_references\" rel=\"nofollow noopener\" data-track-label=\"link\" data-track-item_id=\"link\" data-track-value=\"pubmed reference\" data-track-action=\"pubmed reference\" href=\"http:\/\/www.ncbi.nlm.nih.gov\/entrez\/query.fcgi?cmd=Retrieve&amp;db=PubMed&amp;dopt=Abstract&amp;list_uids=28331743\" aria-label=\"PubMed reference 30\" target=\"_blank\">PubMed<\/a>\u00a0<br \/>\n    <a data-track=\"click_references\" rel=\"nofollow noopener\" data-track-label=\"link\" data-track-item_id=\"link\" data-track-value=\"pubmed central reference\" data-track-action=\"pubmed central reference\" href=\"http:\/\/www.ncbi.nlm.nih.gov\/pmc\/articles\/PMC5351486\" aria-label=\"PubMed Central reference 30\" target=\"_blank\">PubMed Central<\/a>\u00a0<br \/>\n    <a data-track=\"click_references\" data-track-action=\"google scholar reference\" data-track-value=\"google scholar reference\" data-track-label=\"link\" data-track-item_id=\"link\" rel=\"nofollow noopener\" aria-label=\"Google Scholar reference 30\" href=\"http:\/\/scholar.google.com\/scholar_lookup?&amp;title=Psychiatric%20symptoms%20and%20psychosocial%20problems%20in%20patients%20with%20breast%20cancer&amp;journal=J%20Breast%20Health&amp;doi=10.5152%2Ftjbh.2016.3041&amp;volume=12&amp;pages=94-101&amp;publication_year=2016&amp;author=%C4%B0zci%2CF&amp;author=%C4%B0lg%C3%BCn%2CAS&amp;author=F%C4%B1nd%C4%B1kl%C4%B1%2CE&amp;author=%C3%96zmen%2CV\" target=\"_blank\"><br \/>\n                    Google Scholar<\/a>\u00a0\n                <\/p>\n<\/li>\n<li class=\"c-article-references__item js-c-reading-companion-references-item\" data-counter=\"31.\">\n<p class=\"c-article-references__text\" id=\"ref-CR31\">Depression and Sleep Quality among Iranian Women with Breast Cancer. Asian Pac J Cancer Prev APJCP. 2021;22:3433\u201340.<\/p>\n<p class=\"c-article-references__links u-hide-print\"><a data-track=\"click_references\" rel=\"nofollow noopener\" data-track-label=\"10.31557\/APJCP.2021.22.11.3433\" data-track-item_id=\"10.31557\/APJCP.2021.22.11.3433\" data-track-value=\"article reference\" data-track-action=\"article reference\" href=\"https:\/\/doi.org\/10.31557%2FAPJCP.2021.22.11.3433\" aria-label=\"Article reference 31\" data-doi=\"10.31557\/APJCP.2021.22.11.3433\" target=\"_blank\">Article<\/a>\u00a0<br \/>\n    <a data-track=\"click_references\" data-track-action=\"google scholar reference\" data-track-value=\"google scholar reference\" data-track-label=\"link\" data-track-item_id=\"link\" rel=\"nofollow noopener\" aria-label=\"Google Scholar reference 31\" href=\"http:\/\/scholar.google.com\/scholar_lookup?&amp;title=&amp;journal=Asian%20Pac%20J%20Cancer%20Prev%20APJCP&amp;doi=10.31557%2FAPJCP.2021.22.11.3433&amp;volume=22&amp;pages=3433-40&amp;publication_year=2021\" target=\"_blank\"><br \/>\n                    Google Scholar<\/a>\u00a0\n                <\/p>\n<\/li>\n<li class=\"c-article-references__item js-c-reading-companion-references-item\" data-counter=\"32.\">\n<p class=\"c-article-references__text\" id=\"ref-CR32\">Jlala HA, French JL, Foxall GL, Hardman JG, Bedforth NM. Effect of preoperative multimedia information on perioperative anxiety in patients undergoing procedures under regional anaesthesia. Br J Anaesth. 2010;104:369\u201374.<\/p>\n<p class=\"c-article-references__links u-hide-print\"><a data-track=\"click_references\" rel=\"nofollow noopener\" data-track-label=\"10.1093\/bja\/aeq002\" data-track-item_id=\"10.1093\/bja\/aeq002\" data-track-value=\"article reference\" data-track-action=\"article reference\" href=\"https:\/\/doi.org\/10.1093%2Fbja%2Faeq002\" aria-label=\"Article reference 32\" data-doi=\"10.1093\/bja\/aeq002\" target=\"_blank\">Article<\/a>\u00a0<br \/>\n    <a data-track=\"click_references\" rel=\"nofollow noopener\" data-track-label=\"link\" data-track-item_id=\"link\" data-track-value=\"cas reference\" data-track-action=\"cas reference\" href=\"https:\/\/bmcpsychiatry.biomedcentral.com\/articles\/cas-redirect\/1:STN:280:DC%2BC3c7gtFKnug%3D%3D\" aria-label=\"CAS reference 32\" target=\"_blank\">CAS<\/a>\u00a0<br \/>\n    <a data-track=\"click_references\" rel=\"nofollow noopener\" data-track-label=\"link\" data-track-item_id=\"link\" data-track-value=\"pubmed reference\" data-track-action=\"pubmed reference\" href=\"http:\/\/www.ncbi.nlm.nih.gov\/entrez\/query.fcgi?cmd=Retrieve&amp;db=PubMed&amp;dopt=Abstract&amp;list_uids=20124283\" aria-label=\"PubMed reference 32\" target=\"_blank\">PubMed<\/a>\u00a0<br \/>\n    <a data-track=\"click_references\" data-track-action=\"google scholar reference\" data-track-value=\"google scholar reference\" data-track-label=\"link\" data-track-item_id=\"link\" rel=\"nofollow noopener\" aria-label=\"Google Scholar reference 32\" href=\"http:\/\/scholar.google.com\/scholar_lookup?&amp;title=Effect%20of%20preoperative%20multimedia%20information%20on%20perioperative%20anxiety%20in%20patients%20undergoing%20procedures%20under%20regional%20anaesthesia&amp;journal=Br%20J%20Anaesth&amp;doi=10.1093%2Fbja%2Faeq002&amp;volume=104&amp;pages=369-74&amp;publication_year=2010&amp;author=Jlala%2CHA&amp;author=French%2CJL&amp;author=Foxall%2CGL&amp;author=Hardman%2CJG&amp;author=Bedforth%2CNM\" target=\"_blank\"><br \/>\n                    Google Scholar<\/a>\u00a0\n                <\/p>\n<\/li>\n<li class=\"c-article-references__item js-c-reading-companion-references-item\" data-counter=\"33.\">\n<p class=\"c-article-references__text\" id=\"ref-CR33\">Segrin C, Burke TJ. Loneliness and sleep quality: dyadic effects and stress effects. Behav Sleep Med. 2015;13:241\u201354.<\/p>\n<p class=\"c-article-references__links u-hide-print\"><a data-track=\"click_references\" rel=\"nofollow noopener\" data-track-label=\"10.1080\/15402002.2013.860897\" data-track-item_id=\"10.1080\/15402002.2013.860897\" data-track-value=\"article reference\" data-track-action=\"article reference\" href=\"https:\/\/doi.org\/10.1080%2F15402002.2013.860897\" aria-label=\"Article reference 33\" data-doi=\"10.1080\/15402002.2013.860897\" target=\"_blank\">Article<\/a>\u00a0<br \/>\n    <a data-track=\"click_references\" rel=\"nofollow noopener\" data-track-label=\"link\" data-track-item_id=\"link\" data-track-value=\"pubmed reference\" data-track-action=\"pubmed reference\" href=\"http:\/\/www.ncbi.nlm.nih.gov\/entrez\/query.fcgi?cmd=Retrieve&amp;db=PubMed&amp;dopt=Abstract&amp;list_uids=24611503\" aria-label=\"PubMed reference 33\" target=\"_blank\">PubMed<\/a>\u00a0<br \/>\n    <a data-track=\"click_references\" data-track-action=\"google scholar reference\" data-track-value=\"google scholar reference\" data-track-label=\"link\" data-track-item_id=\"link\" rel=\"nofollow noopener\" aria-label=\"Google Scholar reference 33\" href=\"http:\/\/scholar.google.com\/scholar_lookup?&amp;title=Loneliness%20and%20sleep%20quality%3A%20dyadic%20effects%20and%20stress%20effects&amp;journal=Behav%20Sleep%20Med&amp;doi=10.1080%2F15402002.2013.860897&amp;volume=13&amp;pages=241-54&amp;publication_year=2015&amp;author=Segrin%2CC&amp;author=Burke%2CTJ\" target=\"_blank\"><br \/>\n                    Google Scholar<\/a>\u00a0\n                <\/p>\n<\/li>\n<li class=\"c-article-references__item js-c-reading-companion-references-item\" data-counter=\"34.\">\n<p class=\"c-article-references__text\" id=\"ref-CR34\">Dom\u00e8nech-Abella J, Mund\u00f3 J, Haro JM, Rubio-Valera M. Anxiety, depression, loneliness and social network in the elderly: longitudinal associations from the Irish longitudinal study on ageing (TILDA). J Affect Disord. 2019;246:82\u20138.<\/p>\n<p class=\"c-article-references__links u-hide-print\"><a data-track=\"click_references\" rel=\"nofollow noopener\" data-track-label=\"10.1016\/j.jad.2018.12.043\" data-track-item_id=\"10.1016\/j.jad.2018.12.043\" data-track-value=\"article reference\" data-track-action=\"article reference\" href=\"https:\/\/doi.org\/10.1016%2Fj.jad.2018.12.043\" aria-label=\"Article reference 34\" data-doi=\"10.1016\/j.jad.2018.12.043\" target=\"_blank\">Article<\/a>\u00a0<br \/>\n    <a data-track=\"click_references\" rel=\"nofollow noopener\" data-track-label=\"link\" data-track-item_id=\"link\" data-track-value=\"pubmed reference\" data-track-action=\"pubmed reference\" href=\"http:\/\/www.ncbi.nlm.nih.gov\/entrez\/query.fcgi?cmd=Retrieve&amp;db=PubMed&amp;dopt=Abstract&amp;list_uids=30578950\" aria-label=\"PubMed reference 34\" target=\"_blank\">PubMed<\/a>\u00a0<br \/>\n    <a data-track=\"click_references\" data-track-action=\"google scholar reference\" data-track-value=\"google scholar reference\" data-track-label=\"link\" data-track-item_id=\"link\" rel=\"nofollow noopener\" aria-label=\"Google Scholar reference 34\" href=\"http:\/\/scholar.google.com\/scholar_lookup?&amp;title=Anxiety%2C%20depression%2C%20loneliness%20and%20social%20network%20in%20the%20elderly%3A%20longitudinal%20associations%20from%20the%20Irish%20longitudinal%20study%20on%20ageing%20%28TILDA%29&amp;journal=J%20Affect%20Disord&amp;doi=10.1016%2Fj.jad.2018.12.043&amp;volume=246&amp;pages=82-8&amp;publication_year=2019&amp;author=Dom%C3%A8nech-Abella%2CJ&amp;author=Mund%C3%B3%2CJ&amp;author=Haro%2CJM&amp;author=Rubio-Valera%2CM\" target=\"_blank\"><br \/>\n                    Google Scholar<\/a>\u00a0\n                <\/p>\n<\/li>\n<li class=\"c-article-references__item js-c-reading-companion-references-item\" data-counter=\"35.\">\n<p class=\"c-article-references__text\" id=\"ref-CR35\">Griffin SC, Williams AB, Mladen SN, Perrin PB, Dzierzewski JM, Rybarczyk BD. Reciprocal effects between loneliness and sleep disturbance in older Americans. J Aging Health. 2020;32:1156\u201364.<\/p>\n<p class=\"c-article-references__links u-hide-print\"><a data-track=\"click_references\" rel=\"nofollow noopener\" data-track-label=\"10.1177\/0898264319894486\" data-track-item_id=\"10.1177\/0898264319894486\" data-track-value=\"article reference\" data-track-action=\"article reference\" href=\"https:\/\/doi.org\/10.1177%2F0898264319894486\" aria-label=\"Article reference 35\" data-doi=\"10.1177\/0898264319894486\" target=\"_blank\">Article<\/a>\u00a0<br \/>\n    <a data-track=\"click_references\" rel=\"nofollow noopener\" data-track-label=\"link\" data-track-item_id=\"link\" data-track-value=\"pubmed reference\" data-track-action=\"pubmed reference\" href=\"http:\/\/www.ncbi.nlm.nih.gov\/entrez\/query.fcgi?cmd=Retrieve&amp;db=PubMed&amp;dopt=Abstract&amp;list_uids=31868077\" aria-label=\"PubMed reference 35\" target=\"_blank\">PubMed<\/a>\u00a0<br \/>\n    <a data-track=\"click_references\" data-track-action=\"google scholar reference\" data-track-value=\"google scholar reference\" data-track-label=\"link\" data-track-item_id=\"link\" rel=\"nofollow noopener\" aria-label=\"Google Scholar reference 35\" href=\"http:\/\/scholar.google.com\/scholar_lookup?&amp;title=Reciprocal%20effects%20between%20loneliness%20and%20sleep%20disturbance%20in%20older%20Americans&amp;journal=J%20Aging%20Health&amp;doi=10.1177%2F0898264319894486&amp;volume=32&amp;pages=1156-64&amp;publication_year=2020&amp;author=Griffin%2CSC&amp;author=Williams%2CAB&amp;author=Mladen%2CSN&amp;author=Perrin%2CPB&amp;author=Dzierzewski%2CJM&amp;author=Rybarczyk%2CBD\" target=\"_blank\"><br \/>\n                    Google Scholar<\/a>\u00a0\n                <\/p>\n<\/li>\n<li class=\"c-article-references__item js-c-reading-companion-references-item\" data-counter=\"36.\">\n<p class=\"c-article-references__text\" id=\"ref-CR36\">Majeno A, Tsai KM, Huynh VW, McCreath H, Fuligni AJ. Discrimination and sleep difficulties during adolescence: the mediating roles of loneliness and perceived stress. J Youth Adolesc. 2018;47:135\u201347.<\/p>\n<p class=\"c-article-references__links u-hide-print\"><a data-track=\"click_references\" rel=\"noopener nofollow\" data-track-label=\"10.1007\/s10964-017-0755-8\" data-track-item_id=\"10.1007\/s10964-017-0755-8\" data-track-value=\"article reference\" data-track-action=\"article reference\" href=\"https:\/\/link.springer.com\/doi\/10.1007\/s10964-017-0755-8\" aria-label=\"Article reference 36\" data-doi=\"10.1007\/s10964-017-0755-8\" target=\"_blank\">Article<\/a>\u00a0<br \/>\n    <a data-track=\"click_references\" rel=\"nofollow noopener\" data-track-label=\"link\" data-track-item_id=\"link\" data-track-value=\"pubmed reference\" data-track-action=\"pubmed reference\" href=\"http:\/\/www.ncbi.nlm.nih.gov\/entrez\/query.fcgi?cmd=Retrieve&amp;db=PubMed&amp;dopt=Abstract&amp;list_uids=29164378\" aria-label=\"PubMed reference 36\" target=\"_blank\">PubMed<\/a>\u00a0<br \/>\n    <a data-track=\"click_references\" data-track-action=\"google scholar reference\" data-track-value=\"google scholar reference\" data-track-label=\"link\" data-track-item_id=\"link\" rel=\"nofollow noopener\" aria-label=\"Google Scholar reference 36\" href=\"http:\/\/scholar.google.com\/scholar_lookup?&amp;title=Discrimination%20and%20sleep%20difficulties%20during%20adolescence%3A%20the%20mediating%20roles%20of%20loneliness%20and%20perceived%20stress&amp;journal=J%20Youth%20Adolesc&amp;doi=10.1007%2Fs10964-017-0755-8&amp;volume=47&amp;pages=135-47&amp;publication_year=2018&amp;author=Majeno%2CA&amp;author=Tsai%2CKM&amp;author=Huynh%2CVW&amp;author=McCreath%2CH&amp;author=Fuligni%2CAJ\" target=\"_blank\"><br \/>\n                    Google Scholar<\/a>\u00a0\n                <\/p>\n<\/li>\n<li class=\"c-article-references__item js-c-reading-companion-references-item\" data-counter=\"37.\">\n<p class=\"c-article-references__text\" id=\"ref-CR37\">Megalakaki O, Kokou-Kpolou CK. Effects of biopsychosocial factors on the association between loneliness and mental health risks during the COVID-19 lockdown. Curr Psychol. 2022;41:8224\u201335.<\/p>\n<p class=\"c-article-references__links u-hide-print\"><a data-track=\"click_references\" rel=\"noopener nofollow\" data-track-label=\"10.1007\/s12144-021-02246-w\" data-track-item_id=\"10.1007\/s12144-021-02246-w\" data-track-value=\"article reference\" data-track-action=\"article reference\" href=\"https:\/\/link.springer.com\/doi\/10.1007\/s12144-021-02246-w\" aria-label=\"Article reference 37\" data-doi=\"10.1007\/s12144-021-02246-w\" target=\"_blank\">Article<\/a>\u00a0<br \/>\n    <a data-track=\"click_references\" rel=\"nofollow noopener\" data-track-label=\"link\" data-track-item_id=\"link\" data-track-value=\"pubmed reference\" data-track-action=\"pubmed reference\" href=\"http:\/\/www.ncbi.nlm.nih.gov\/entrez\/query.fcgi?cmd=Retrieve&amp;db=PubMed&amp;dopt=Abstract&amp;list_uids=34456535\" aria-label=\"PubMed reference 37\" target=\"_blank\">PubMed<\/a>\u00a0<br \/>\n    <a data-track=\"click_references\" data-track-action=\"google scholar reference\" data-track-value=\"google scholar reference\" data-track-label=\"link\" data-track-item_id=\"link\" rel=\"nofollow noopener\" aria-label=\"Google Scholar reference 37\" href=\"http:\/\/scholar.google.com\/scholar_lookup?&amp;title=Effects%20of%20biopsychosocial%20factors%20on%20the%20association%20between%20loneliness%20and%20mental%20health%20risks%20during%20the%20COVID-19%20lockdown&amp;journal=Curr%20Psychol&amp;doi=10.1007%2Fs12144-021-02246-w&amp;volume=41&amp;pages=8224-35&amp;publication_year=2022&amp;author=Megalakaki%2CO&amp;author=Kokou-Kpolou%2CCK\" target=\"_blank\"><br \/>\n                    Google Scholar<\/a>\u00a0\n                <\/p>\n<\/li>\n<li class=\"c-article-references__item js-c-reading-companion-references-item\" data-counter=\"38.\">\n<p class=\"c-article-references__text\" id=\"ref-CR38\">Matthews T, Danese A, Gregory AM, Caspi A, Moffitt TE, Arseneault L. Sleeping with one eye open: loneliness and sleep quality in young adults. Psychol Med. 2017;47:2177\u201386.<\/p>\n<p class=\"c-article-references__links u-hide-print\"><a data-track=\"click_references\" rel=\"nofollow noopener\" data-track-label=\"10.1017\/S0033291717000629\" data-track-item_id=\"10.1017\/S0033291717000629\" data-track-value=\"article reference\" data-track-action=\"article reference\" href=\"https:\/\/doi.org\/10.1017%2FS0033291717000629\" aria-label=\"Article reference 38\" data-doi=\"10.1017\/S0033291717000629\" target=\"_blank\">Article<\/a>\u00a0<br \/>\n    <a data-track=\"click_references\" rel=\"nofollow noopener\" data-track-label=\"link\" data-track-item_id=\"link\" data-track-value=\"cas reference\" data-track-action=\"cas reference\" href=\"https:\/\/bmcpsychiatry.biomedcentral.com\/articles\/cas-redirect\/1:STN:280:DC%2BC1crotVaktA%3D%3D\" aria-label=\"CAS reference 38\" target=\"_blank\">CAS<\/a>\u00a0<br \/>\n    <a data-track=\"click_references\" rel=\"nofollow noopener\" data-track-label=\"link\" data-track-item_id=\"link\" data-track-value=\"pubmed reference\" data-track-action=\"pubmed reference\" href=\"http:\/\/www.ncbi.nlm.nih.gov\/entrez\/query.fcgi?cmd=Retrieve&amp;db=PubMed&amp;dopt=Abstract&amp;list_uids=28511734\" aria-label=\"PubMed reference 38\" target=\"_blank\">PubMed<\/a>\u00a0<br \/>\n    <a data-track=\"click_references\" rel=\"nofollow noopener\" data-track-label=\"link\" data-track-item_id=\"link\" data-track-value=\"pubmed central reference\" data-track-action=\"pubmed central reference\" href=\"http:\/\/www.ncbi.nlm.nih.gov\/pmc\/articles\/PMC5551384\" aria-label=\"PubMed Central reference 38\" target=\"_blank\">PubMed Central<\/a>\u00a0<br \/>\n    <a data-track=\"click_references\" data-track-action=\"google scholar reference\" data-track-value=\"google scholar reference\" data-track-label=\"link\" data-track-item_id=\"link\" rel=\"nofollow noopener\" aria-label=\"Google Scholar reference 38\" href=\"http:\/\/scholar.google.com\/scholar_lookup?&amp;title=Sleeping%20with%20one%20eye%20open%3A%20loneliness%20and%20sleep%20quality%20in%20young%20adults&amp;journal=Psychol%20Med&amp;doi=10.1017%2FS0033291717000629&amp;volume=47&amp;pages=2177-86&amp;publication_year=2017&amp;author=Matthews%2CT&amp;author=Danese%2CA&amp;author=Gregory%2CAM&amp;author=Caspi%2CA&amp;author=Moffitt%2CTE&amp;author=Arseneault%2CL\" target=\"_blank\"><br \/>\n                    Google Scholar<\/a>\u00a0\n                <\/p>\n<\/li>\n<li class=\"c-article-references__item js-c-reading-companion-references-item\" data-counter=\"39.\">\n<p class=\"c-article-references__text\" id=\"ref-CR39\">Tedeschi RG, Calhoun LG, TARGET ARTICLE. Posttraumatic growth: conceptual foundations and empirical evidence. Psychol Inq. 2004;15:1\u201318.<\/p>\n<p class=\"c-article-references__links u-hide-print\"><a data-track=\"click_references\" rel=\"nofollow noopener\" data-track-label=\"10.1207\/s15327965pli1501_01\" data-track-item_id=\"10.1207\/s15327965pli1501_01\" data-track-value=\"article reference\" data-track-action=\"article reference\" href=\"https:\/\/doi.org\/10.1207%2Fs15327965pli1501_01\" aria-label=\"Article reference 39\" data-doi=\"10.1207\/s15327965pli1501_01\" target=\"_blank\">Article<\/a>\u00a0<br \/>\n    <a data-track=\"click_references\" data-track-action=\"google scholar reference\" data-track-value=\"google scholar reference\" data-track-label=\"link\" data-track-item_id=\"link\" rel=\"nofollow noopener\" aria-label=\"Google Scholar reference 39\" href=\"http:\/\/scholar.google.com\/scholar_lookup?&amp;title=Posttraumatic%20growth%3A%20conceptual%20foundations%20and%20empirical%20evidence&amp;journal=Psychol%20Inq&amp;doi=10.1207%2Fs15327965pli1501_01&amp;volume=15&amp;pages=1-18&amp;publication_year=2004&amp;author=Tedeschi%2CRG&amp;author=Calhoun%2CLG\" target=\"_blank\"><br \/>\n                    Google Scholar<\/a>\u00a0\n                <\/p>\n<\/li>\n<li class=\"c-article-references__item js-c-reading-companion-references-item\" data-counter=\"40.\">\n<p class=\"c-article-references__text\" id=\"ref-CR40\">Arbinaga F. Self-reported perceptions of sleep quality and resilience among dance students. Percept Mot Skills. 2018;125:351\u201368.<\/p>\n<p class=\"c-article-references__links u-hide-print\"><a data-track=\"click_references\" rel=\"nofollow noopener\" data-track-label=\"10.1177\/0031512518757352\" data-track-item_id=\"10.1177\/0031512518757352\" data-track-value=\"article reference\" data-track-action=\"article reference\" href=\"https:\/\/doi.org\/10.1177%2F0031512518757352\" aria-label=\"Article reference 40\" data-doi=\"10.1177\/0031512518757352\" target=\"_blank\">Article<\/a>\u00a0<br \/>\n    <a data-track=\"click_references\" rel=\"nofollow noopener\" data-track-label=\"link\" data-track-item_id=\"link\" data-track-value=\"cas reference\" data-track-action=\"cas reference\" href=\"https:\/\/bmcpsychiatry.biomedcentral.com\/articles\/cas-redirect\/1:STN:280:DC%2BC1MrgvFOqsQ%3D%3D\" aria-label=\"CAS reference 40\" target=\"_blank\">CAS<\/a>\u00a0<br \/>\n    <a data-track=\"click_references\" rel=\"nofollow noopener\" data-track-label=\"link\" data-track-item_id=\"link\" data-track-value=\"pubmed reference\" data-track-action=\"pubmed reference\" href=\"http:\/\/www.ncbi.nlm.nih.gov\/entrez\/query.fcgi?cmd=Retrieve&amp;db=PubMed&amp;dopt=Abstract&amp;list_uids=29436981\" aria-label=\"PubMed reference 40\" target=\"_blank\">PubMed<\/a>\u00a0<br \/>\n    <a data-track=\"click_references\" data-track-action=\"google scholar reference\" data-track-value=\"google scholar reference\" data-track-label=\"link\" data-track-item_id=\"link\" rel=\"nofollow noopener\" aria-label=\"Google Scholar reference 40\" href=\"http:\/\/scholar.google.com\/scholar_lookup?&amp;title=Self-reported%20perceptions%20of%20sleep%20quality%20and%20resilience%20among%20dance%20students&amp;journal=Percept%20Mot%20Skills&amp;doi=10.1177%2F0031512518757352&amp;volume=125&amp;pages=351-68&amp;publication_year=2018&amp;author=Arbinaga%2CF\" target=\"_blank\"><br \/>\n                    Google Scholar<\/a>\u00a0\n                <\/p>\n<\/li>\n<li class=\"c-article-references__item js-c-reading-companion-references-item\" data-counter=\"41.\">\n<p class=\"c-article-references__text\" id=\"ref-CR41\">Ernst M, Werner AM, Br\u00e4hler E, Wild PS, Faber J, Merzenich H, et al. Posttraumatic growth after childhood cancer: psychometric evaluation of a five-item short form and associations with mental health. J Psychosom Res. 2023;164:111099.<\/p>\n<p class=\"c-article-references__links u-hide-print\"><a data-track=\"click_references\" rel=\"nofollow noopener\" data-track-label=\"10.1016\/j.jpsychores.2022.111099\" data-track-item_id=\"10.1016\/j.jpsychores.2022.111099\" data-track-value=\"article reference\" data-track-action=\"article reference\" href=\"https:\/\/doi.org\/10.1016%2Fj.jpsychores.2022.111099\" aria-label=\"Article reference 41\" data-doi=\"10.1016\/j.jpsychores.2022.111099\" target=\"_blank\">Article<\/a>\u00a0<br \/>\n    <a data-track=\"click_references\" rel=\"nofollow noopener\" data-track-label=\"link\" data-track-item_id=\"link\" data-track-value=\"pubmed reference\" data-track-action=\"pubmed reference\" href=\"http:\/\/www.ncbi.nlm.nih.gov\/entrez\/query.fcgi?cmd=Retrieve&amp;db=PubMed&amp;dopt=Abstract&amp;list_uids=36481723\" aria-label=\"PubMed reference 41\" target=\"_blank\">PubMed<\/a>\u00a0<br \/>\n    <a data-track=\"click_references\" data-track-action=\"google scholar reference\" data-track-value=\"google scholar reference\" data-track-label=\"link\" data-track-item_id=\"link\" rel=\"nofollow noopener\" aria-label=\"Google Scholar reference 41\" href=\"http:\/\/scholar.google.com\/scholar_lookup?&amp;title=Posttraumatic%20growth%20after%20childhood%20cancer%3A%20psychometric%20evaluation%20of%20a%20five-item%20short%20form%20and%20associations%20with%20mental%20health&amp;journal=J%20Psychosom%20Res&amp;doi=10.1016%2Fj.jpsychores.2022.111099&amp;volume=164&amp;publication_year=2023&amp;author=Ernst%2CM&amp;author=Werner%2CAM&amp;author=Br%C3%A4hler%2CE&amp;author=Wild%2CPS&amp;author=Faber%2CJ&amp;author=Merzenich%2CH&amp;author=Beutel%2CME\" target=\"_blank\"><br \/>\n                    Google Scholar<\/a>\u00a0\n                <\/p>\n<\/li>\n<li class=\"c-article-references__item js-c-reading-companion-references-item\" data-counter=\"42.\">\n<p class=\"c-article-references__text\" id=\"ref-CR42\">Nomura K, Yamaoka K, Nakao M, Yano E. Social determinants of self-reported sleep problems in South Korea and Taiwan. J Psychosom Res. 2010;69:435\u201340.<\/p>\n<p class=\"c-article-references__links u-hide-print\"><a data-track=\"click_references\" rel=\"nofollow noopener\" data-track-label=\"10.1016\/j.jpsychores.2010.04.014\" data-track-item_id=\"10.1016\/j.jpsychores.2010.04.014\" data-track-value=\"article reference\" data-track-action=\"article reference\" href=\"https:\/\/doi.org\/10.1016%2Fj.jpsychores.2010.04.014\" aria-label=\"Article reference 42\" data-doi=\"10.1016\/j.jpsychores.2010.04.014\" target=\"_blank\">Article<\/a>\u00a0<br \/>\n    <a data-track=\"click_references\" rel=\"nofollow noopener\" data-track-label=\"link\" data-track-item_id=\"link\" data-track-value=\"pubmed reference\" data-track-action=\"pubmed reference\" href=\"http:\/\/www.ncbi.nlm.nih.gov\/entrez\/query.fcgi?cmd=Retrieve&amp;db=PubMed&amp;dopt=Abstract&amp;list_uids=20955862\" aria-label=\"PubMed reference 42\" target=\"_blank\">PubMed<\/a>\u00a0<br \/>\n    <a data-track=\"click_references\" data-track-action=\"google scholar reference\" data-track-value=\"google scholar reference\" data-track-label=\"link\" data-track-item_id=\"link\" rel=\"nofollow noopener\" aria-label=\"Google Scholar reference 42\" href=\"http:\/\/scholar.google.com\/scholar_lookup?&amp;title=Social%20determinants%20of%20self-reported%20sleep%20problems%20in%20South%20Korea%20and%20Taiwan&amp;journal=J%20Psychosom%20Res&amp;doi=10.1016%2Fj.jpsychores.2010.04.014&amp;volume=69&amp;pages=435-40&amp;publication_year=2010&amp;author=Nomura%2CK&amp;author=Yamaoka%2CK&amp;author=Nakao%2CM&amp;author=Yano%2CE\" target=\"_blank\"><br \/>\n                    Google Scholar<\/a>\u00a0\n                <\/p>\n<\/li>\n","protected":false},"excerpt":{"rendered":"Bray F, Laversanne M, Sung H, Ferlay J, Siegel RL, Soerjomataram I, Jemal A. Global cancer statistics 2022:&hellip;\n","protected":false},"author":2,"featured_media":101138,"comment_status":"","ping_status":"","sticky":false,"template":"","format":"standard","meta":{"footnotes":""},"categories":[77],"tags":[4139,18,19,17,610,64154,171,9031,133,64153],"class_list":{"0":"post-101137","1":"post","2":"type-post","3":"status-publish","4":"format-standard","5":"has-post-thumbnail","7":"category-science","8":"tag-breast-cancer","9":"tag-eire","10":"tag-ie","11":"tag-ireland","12":"tag-machine-learning","13":"tag-predictive-model","14":"tag-psychiatry","15":"tag-psychotherapy","16":"tag-science","17":"tag-sleep-disturbance"},"share_on_mastodon":{"url":"","error":""},"_links":{"self":[{"href":"https:\/\/www.europesays.com\/ie\/wp-json\/wp\/v2\/posts\/101137","targetHints":{"allow":["GET"]}}],"collection":[{"href":"https:\/\/www.europesays.com\/ie\/wp-json\/wp\/v2\/posts"}],"about":[{"href":"https:\/\/www.europesays.com\/ie\/wp-json\/wp\/v2\/types\/post"}],"author":[{"embeddable":true,"href":"https:\/\/www.europesays.com\/ie\/wp-json\/wp\/v2\/users\/2"}],"replies":[{"embeddable":true,"href":"https:\/\/www.europesays.com\/ie\/wp-json\/wp\/v2\/comments?post=101137"}],"version-history":[{"count":0,"href":"https:\/\/www.europesays.com\/ie\/wp-json\/wp\/v2\/posts\/101137\/revisions"}],"wp:featuredmedia":[{"embeddable":true,"href":"https:\/\/www.europesays.com\/ie\/wp-json\/wp\/v2\/media\/101138"}],"wp:attachment":[{"href":"https:\/\/www.europesays.com\/ie\/wp-json\/wp\/v2\/media?parent=101137"}],"wp:term":[{"taxonomy":"category","embeddable":true,"href":"https:\/\/www.europesays.com\/ie\/wp-json\/wp\/v2\/categories?post=101137"},{"taxonomy":"post_tag","embeddable":true,"href":"https:\/\/www.europesays.com\/ie\/wp-json\/wp\/v2\/tags?post=101137"}],"curies":[{"name":"wp","href":"https:\/\/api.w.org\/{rel}","templated":true}]}}