{"id":101372,"date":"2025-10-03T15:48:08","date_gmt":"2025-10-03T15:48:08","guid":{"rendered":"https:\/\/www.europesays.com\/ie\/101372\/"},"modified":"2025-10-03T15:48:08","modified_gmt":"2025-10-03T15:48:08","slug":"israels-foreign-minister-berates-gaza-flotilla-activists-the-irish-times","status":"publish","type":"post","link":"https:\/\/www.europesays.com\/ie\/101372\/","title":{"rendered":"Israel\u2019s foreign minister berates Gaza flotilla activists \u2013 The Irish Times"},"content":{"rendered":"<p class=\"c-paragraph paywall b-it-article-body__text--left\">Footage on social media appears to show Israeli far-right security minister Ben Gvir taunting flotilla campaigners detained by the <a href=\"https:\/\/www.irishtimes.com\/tags\/israel-defence-forces\/\" target=\"_self\" rel=\"nofollow noopener\" title=\"https:\/\/www.irishtimes.com\/tags\/israel-defence-forces\/\">Israeli military<\/a>.<\/p>\n<p class=\"c-paragraph paywall b-it-article-body__text--left\">Around 40 aid vessels were stopped as they approached the <a href=\"https:\/\/www.irishtimes.com\/tags\/gaza-strip\/\" target=\"_self\" rel=\"nofollow noopener\" title=\"https:\/\/www.irishtimes.com\/tags\/gaza-strip\/\">Gaza Strip<\/a> and more than 400 activists were detained, including <a href=\"https:\/\/www.irishtimes.com\/world\/middle-east\/2025\/10\/03\/we-have-to-go-on-new-flotilla-sails-toward-gaza-as-israel-detains-irish-activists\/\" target=\"_self\" rel=\"nofollow noopener\" title=\"https:\/\/www.irishtimes.com\/world\/middle-east\/2025\/10\/03\/we-have-to-go-on-new-flotilla-sails-toward-gaza-as-israel-detains-irish-activists\/\">16 Irish citizens<\/a>.<\/p>\n<p class=\"c-paragraph paywall b-it-article-body__text--left\">\u201dLook at them. Supporters of murderers. By the way, their boats were one big party They didn\u2019t come to help but came pro-Gaza, pro the terrorists,\u201d he is recorded as saying on the video.<\/p>\n<p class=\"c-paragraph paywall \">Mr Gvir also appears to taunt campaigners over the volume of aid delivered aboard their vessels.<\/p>\n<p class=\"c-paragraph paywall \">\u201c&#8230; the police chief just showed me. There\u2019s just one baby milk carton &#8230; We\u2019re looking for the humanitarian aid. There\u2019s no humanitarian aid. I can\u2019t see anything here. It\u2019s one big party. One big wild party. There was one aim only here. They came to support the terrorists. What aid and what humanitarian assistance?\u201d he says on the video.<\/p>\n<p><img decoding=\"async\" data-chromatic=\"ignore\" alt=\"Some ships from the Global Sumud Flotilla, seized by Israel military, are brought to the port of Ashdod on Thursday. Photograph:  Mostafa Alkharouf\/Anadolu via Getty Images\" class=\"c-image\" loading=\"lazy\" src=\"https:\/\/www.europesays.com\/ie\/wp-content\/uploads\/2025\/10\/F7TKCLMMS5A7PHAFKFF33IAI3Q.jpg\"   width=\"800\" height=\"533\"\/>Some ships from the Global Sumud Flotilla, seized by Israel military, are brought to the port of Ashdod on Thursday. Photograph:  Mostafa Alkharouf\/Anadolu via Getty Images <\/p>\n<p class=\"c-paragraph paywall \">The Israeli foreign ministry said on Thursday that those who had been detained were \u201cmaking their way safely and peacefully to Israel, where their deportation procedures to Europe will begin\u201d. <\/p>\n<p class=\"c-paragraph paywall \">The Israeli military, meanwhile, intercepted the last boat in the aid flotilla attempting to reach Gaza on Friday, a day after stopping most of the vessels.<\/p>\n<p class=\"c-paragraph paywall \">The organisers of the Global Sumud Flotilla said the vessel, Marinette, was intercepted on Friday morning about 42 nautical miles from Gaza. Israeli army radio said the navy had taken control of the last ship in the flotilla, detained those aboard, and that the vessel was being led to Ashdod port in Israel. <\/p>\n<p class=\"c-paragraph paywall b-it-article-body__text--left\"><a href=\"https:\/\/www.irishtimes.com\/world\/middle-east\/2025\/10\/01\/israeli-military-ship-in-dangerous-manoeuvres-near-gaza-flotilla-as-it-nears-blockade\/\" rel=\"nofollow noopener\" title=\"https:\/\/www.irishtimes.com\/world\/middle-east\/2025\/10\/01\/israeli-military-ship-in-dangerous-manoeuvres-near-gaza-flotilla-as-it-nears-blockade\/\" target=\"_blank\">Israel\u2019s actions<\/a> have sparked protests internationally, including demonstrations in France, the UK, Germany, Turkey and the US, and some clashes with police in Italy, where unions have called a general strike for Friday.<\/p>\n<p><img decoding=\"async\" data-chromatic=\"ignore\" alt=\"Italy: Pro-Palestinian demonstrators gather to protest against the interception by the Israeli army of the Global Sumud Flotilla, in Milan on Friday morning. Photograph: Stefano Rellandini\/AFP \" class=\"c-image\" loading=\"lazy\" src=\"https:\/\/www.europesays.com\/ie\/wp-content\/uploads\/2025\/10\/AXJPHCB25CNL3BCI4XDIGU2NKY.jpg\"   width=\"800\" height=\"536\"\/>Italy: Pro-Palestinian demonstrators gather to protest against the interception by the Israeli army of the Global Sumud Flotilla, in Milan on Friday morning. Photograph: Stefano Rellandini\/AFP  <img decoding=\"async\" data-chromatic=\"ignore\" alt=\"Switzerland: A demonstrator in Geneva at a rally to protest over the interception of the Global Sumud Flotilla on Thursday. Photograph:  Robin Millard\/AFP \" class=\"c-image\" loading=\"lazy\" src=\"https:\/\/www.europesays.com\/ie\/wp-content\/uploads\/2025\/10\/QEM7D4VZOBLW5YN2JJUNL7WZTY.jpg\"   width=\"800\" height=\"533\"\/>Switzerland: A demonstrator in Geneva at a rally to protest over the interception of the Global Sumud Flotilla on Thursday. Photograph:  Robin Millard\/AFP  <img decoding=\"async\" data-chromatic=\"ignore\" alt=\"Turkey: Demonstrators march in Istanbul on Thursday over the interception of the Global Sumud Flotilla. Photograph: Kemal Aslan\/AFP \" class=\"c-image\" loading=\"lazy\" src=\"https:\/\/www.europesays.com\/ie\/wp-content\/uploads\/2025\/10\/XHSVN6BYPDQTTNGYM4KE76RGDY.jpg\"   width=\"800\" height=\"533\"\/>Turkey: Demonstrators march in Istanbul on Thursday over the interception of the Global Sumud Flotilla. Photograph: Kemal Aslan\/AFP  <\/p>\n<p class=\"c-paragraph paywall b-it-article-body__text--left\">On Friday, T\u00e1naiste and Minister for Foreign Affairs <a href=\"https:\/\/www.irishtimes.com\/tags\/simon-harris\/\" rel=\"nofollow noopener\" title=\"https:\/\/www.irishtimes.com\/tags\/simon-harris\/\" target=\"_blank\">Simon Harris<\/a> confirmed all 16 Irish citizens who were on board the first wave of flotilla boats have been detained in a facility in southern Israel. <\/p>\n<p class=\"c-paragraph paywall b-it-article-body__text--left\">An Irish embassy team, including the ambassador to Israel, is currently at the detention facility and providing \u201call possible and appropriate consular assistance\u201d, including access to legal representation and medical treatment where needed, Mr Harris said.<\/p>\n<p class=\"c-paragraph paywall b-it-article-body__text--left\">The Department of Foreign Affairs is in close contact with detainees\u2019 family members who have requested support, he said.<\/p>\n<p class=\"c-paragraph paywall b-it-article-body__text--left\">The T\u00e1naiste added that he is aware of Irish citizens participating in other flotillas en route to Gaza and has instructed his department to closely monitor the \u201cevolving situation\u201d.<\/p>\n<p class=\"c-paragraph b-it-article-body__interstitial-link\">[\u00a0<a aria-label=\"Open related story\" class=\"c-link\" href=\"https:\/\/www.irishtimes.com\/world\/middle-east\/2025\/10\/02\/gaza-flotilla-who-are-the-irish-detainees\/\" rel=\"noreferrer nofollow noopener\" target=\"_blank\">Gaza flotilla: who are the Irish detainees?Opens in new window<\/a>\u00a0]<\/p>\n<p class=\"c-paragraph paywall b-it-article-body__text--left\">A fresh flotilla of boats is heading towards Gaza and has vowed to continue on its course despite the interception of about 40 vessels by Israeli forces and detention of more than a dozen Irish citizens.<\/p>\n<p class=\"c-paragraph paywall b-it-article-body__text--left\">Among the new wave of boats is the Milad \u2013 part of the Thousand Madleen flotilla \u2013 where Irish author <a href=\"https:\/\/www.irishtimes.com\/tags\/naoise-dolan\/\" rel=\"nofollow noopener\" title=\"https:\/\/www.irishtimes.com\/tags\/naoise-dolan\/\" target=\"_blank\">Naoise Dolan<\/a> said she was roughly a week from Gaza as Israeli operations continue in the <a href=\"https:\/\/www.irishtimes.com\/tags\/israel-hamas-conflict\/\" rel=\"nofollow noopener\" title=\"https:\/\/www.irishtimes.com\/tags\/israel-hamas-conflict\/\" target=\"_blank\">famine-hit enclave<\/a>.<\/p>\n<p class=\"c-paragraph paywall \">\u201cWe have baby formula on our boat. That could be the difference for someone between life and death, so we have to go on,\u201d Ms Dolan said.<\/p>\n<p>&#8220;,&#8221;websites&#8221;:{&#8220;irishtimes&#8221;:{&#8220;website_section&#8221;:{&#8220;path&#8221;:&#8221;\/video&#8221;,&#8221;_website&#8221;:&#8221;irishtimes&#8221;,&#8221;name&#8221;:&#8221;Video&#8221;,&#8221;_id&#8221;:&#8221;\/video&#8221;,&#8221;type&#8221;:&#8221;section&#8221;,&#8221;version&#8221;:&#8221;0.6.0&#8243;,&#8221;primary&#8221;:true},&#8221;website_url&#8221;:&#8221;\/video\/video\/2025\/10\/03\/israeli-security-minister-ben-gvir-taunts-flotilla-campaigners\/&#8221;}},&#8221;powaConfig&#8221;:{&#8220;sampleRate&#8221;:1}},&#8221;looping_video&#8221;:{&#8220;type&#8221;:&#8221;video&#8221;,&#8221;_id&#8221;:&#8221;74a54b86-32f9-4fb9-a285-5f34212818e6&#8243;,&#8221;version&#8221;:&#8221;0.8.0&#8243;,&#8221;subtype&#8221;:&#8221;irish-times-video&#8221;,&#8221;language&#8221;:&#8221;en&#8221;,&#8221;canonical_url&#8221;:&#8221;\/video\/video\/2025\/10\/03\/israeli-security-minister-ben-gvir-taunts-flotilla-campaigners\/&#8221;,&#8221;canonical_website&#8221;:&#8221;irishtimes&#8221;,&#8221;short_url&#8221;:&#8221;\/video\/video\/2025\/10\/03\/israeli-security-minister-ben-gvir-taunts-flotilla-campaigners\/&#8221;,&#8221;created_date&#8221;:&#8221;2025-10-03T10:13:19Z&#8221;,&#8221;last_updated_date&#8221;:&#8221;2025-10-03T11:25:10Z&#8221;,&#8221;publish_date&#8221;:&#8221;2025-10-03T11:25:13Z&#8221;,&#8221;first_publish_date&#8221;:&#8221;2025-10-03T10:14:51Z&#8221;,&#8221;display_date&#8221;:&#8221;2025-10-03T10:14:51Z&#8221;,&#8221;headlines&#8221;:{&#8220;basic&#8221;:&#8221;Israeli security minister Ben Gvir taunts flotilla campaigners&#8221;,&#8221;meta_title&#8221;:&#8221;Israeli security minister Ben Gvir taunts flotilla campaigners&#8221;},&#8221;subheadlines&#8221;:{&#8220;basic&#8221;:&#8221;Footage on social media appears to show Israeli security minister Ben Gvir taunting flotilla campaigners detained by the Israeli military. Video: Push.il&#8221;},&#8221;description&#8221;:{&#8220;basic&#8221;:&#8221;Footage on social media appears to show Israeli security minister Ben Gvir taunting flotilla campaigners detained by the Israeli military. Video: Push.il&#8221;},&#8221;credits&#8221;:{},&#8221;taxonomy&#8221;:{&#8220;tags&#8221;:[],&#8221;primary_site&#8221;:{&#8220;type&#8221;:&#8221;reference&#8221;,&#8221;additional_properties&#8221;:{&#8220;primary&#8221;:true},&#8221;_id&#8221;:&#8221;\/video&#8221;,&#8221;referent&#8221;:{&#8220;type&#8221;:&#8221;site&#8221;,&#8221;id&#8221;:&#8221;\/video&#8221;,&#8221;provider&#8221;:&#8221;&#8221;}},&#8221;sites&#8221;:[{&#8220;type&#8221;:&#8221;reference&#8221;,&#8221;additional_properties&#8221;:{&#8220;primary&#8221;:true},&#8221;_id&#8221;:&#8221;\/video&#8221;,&#8221;referent&#8221;:{&#8220;type&#8221;:&#8221;site&#8221;,&#8221;id&#8221;:&#8221;\/video&#8221;,&#8221;provider&#8221;:&#8221;&#8221;}}],&#8221;primary_section&#8221;:{&#8220;type&#8221;:&#8221;reference&#8221;,&#8221;additional_properties&#8221;:{&#8220;primary&#8221;:true},&#8221;_id&#8221;:&#8221;\/video&#8221;,&#8221;referent&#8221;:{&#8220;type&#8221;:&#8221;section&#8221;,&#8221;id&#8221;:&#8221;\/video&#8221;,&#8221;provider&#8221;:&#8221;&#8221;,&#8221;website&#8221;:&#8221;irishtimes&#8221;}},&#8221;sections&#8221;:[{&#8220;type&#8221;:&#8221;reference&#8221;,&#8221;additional_properties&#8221;:{&#8220;primary&#8221;:true},&#8221;_id&#8221;:&#8221;\/video&#8221;,&#8221;referent&#8221;:{&#8220;type&#8221;:&#8221;section&#8221;,&#8221;id&#8221;:&#8221;\/video&#8221;,&#8221;provider&#8221;:&#8221;&#8221;,&#8221;website&#8221;:&#8221;irishtimes&#8221;}}],&#8221;seo_keywords&#8221;:[]},&#8221;promo_items&#8221;:{&#8220;basic&#8221;:{&#8220;type&#8221;:&#8221;image&#8221;,&#8221;version&#8221;:&#8221;0.5.8&#8243;,&#8221;credits&#8221;:{},&#8221;url&#8221;:&#8221;https:\/\/d2j5ip5u6h2g6o.cloudfront.net\/10-03-2025\/t_1efb8300283c45d0a010624b1c6bf400_name_file_960x540_1600_v4_.jpg&#8221;,&#8221;width&#8221;:960,&#8221;height&#8221;:540,&#8221;auth&#8221;:{&#8220;1&#8243;:&#8221;a280d53b77712e84a154d2f54312875064ba10e8bcd8d6370294f9a75b002c76&#8243;}}},&#8221;related_content&#8221;:{&#8220;redirect&#8221;:[],&#8221;basic&#8221;:[]},&#8221;owner&#8221;:{&#8220;sponsored&#8221;:false},&#8221;planning&#8221;:{&#8220;scheduling&#8221;:{}},&#8221;revision&#8221;:{&#8220;published&#8221;:true},&#8221;syndication&#8221;:{&#8220;search&#8221;:true},&#8221;source&#8221;:{&#8220;system&#8221;:&#8221;video center&#8221;,&#8221;edit_url&#8221;:&#8221;&#8221;},&#8221;distributor&#8221;:{&#8220;category&#8221;:&#8221;staff&#8221;},&#8221;tracking&#8221;:{&#8220;in_url_headline&#8221;:&#8221;03&#8243;},&#8221;additional_properties&#8221;:{&#8220;subsection&#8221;:&#8221;Video&#8221;,&#8221;videoCategory&#8221;:&#8221;irish-times-video&#8221;,&#8221;isWire&#8221;:false,&#8221;workflowStatus&#8221;:&#8221;PUBLISHED&#8221;,&#8221;gifAsThumbnail&#8221;:false,&#8221;videoId&#8221;:&#8221;68dfa1bfacdfd536ebf82b5a&#8221;,&#8221;vertical&#8221;:false,&#8221;embedContinuousPlay&#8221;:true,&#8221;published&#8221;:true,&#8221;imageResizerUrls&#8221;:[{&#8220;width&#8221;:288,&#8221;height&#8221;:162,&#8221;url&#8221;:&#8221;https:\/\/www.irishtimes.com\/resizer\/v2\/https%3A%2F%2Farc-goldfish-irishtimes-thumbnails.s3.amazonaws.com%2F10-03-2025%2Ft_1efb8300283c45d0a010624b1c6bf400_name_file_960x540_1600_v4_.jpg?auth=13f216ebdd8c8e0be4ebcc9af4e744f2750a3062129ce23814307403a32b0ac5&#038;width=288&#038;height=162&#038;smart=true&#038;quality=80&#8243;,&#8221;size&#8221;:&#8221;small&#8221;},{&#8220;width&#8221;:480,&#8221;height&#8221;:270,&#8221;url&#8221;:&#8221;https:\/\/www.irishtimes.com\/resizer\/v2\/https%3A%2F%2Farc-goldfish-irishtimes-thumbnails.s3.amazonaws.com%2F10-03-2025%2Ft_1efb8300283c45d0a010624b1c6bf400_name_file_960x540_1600_v4_.jpg?auth=13f216ebdd8c8e0be4ebcc9af4e744f2750a3062129ce23814307403a32b0ac5&#038;width=480&#038;height=270&#038;smart=true&#038;quality=80&#8243;,&#8221;size&#8221;:&#8221;medium&#8221;},{&#8220;width&#8221;:768,&#8221;height&#8221;:432,&#8221;url&#8221;:&#8221;https:\/\/www.irishtimes.com\/resizer\/v2\/https%3A%2F%2Farc-goldfish-irishtimes-thumbnails.s3.amazonaws.com%2F10-03-2025%2Ft_1efb8300283c45d0a010624b1c6bf400_name_file_960x540_1600_v4_.jpg?auth=13f216ebdd8c8e0be4ebcc9af4e744f2750a3062129ce23814307403a32b0ac5&#038;width=768&#038;height=432&#038;smart=true&#038;quality=80&#8243;,&#8221;size&#8221;:&#8221;large&#8221;}],&#8221;advertising&#8221;:{&#8220;allowPrerollOnDomain&#8221;:false,&#8221;autoPlayPreroll&#8221;:false,&#8221;commercialAdNode&#8221;:&#8221;\/video&#8221;,&#8221;enableAdInsertion&#8221;:false,&#8221;enableAutoPreview&#8221;:false,&#8221;enableServerSideFallback&#8221;:false,&#8221;forceAd&#8221;:false,&#8221;playAds&#8221;:false,&#8221;playVideoAds&#8221;:true,&#8221;videoAdZone&#8221;:&#8221;&#8221;},&#8221;disableUpNext&#8221;:false,&#8221;videoAdZone&#8221;:&#8221;&#8221;,&#8221;permalinkUrl&#8221;:&#8221;\/video\/video\/2025\/10\/03\/israeli-security-minister-ben-gvir-taunts-flotilla-campaigners\/&#8221;,&#8221;platform&#8221;:&#8221;desktop&#8221;,&#8221;playVideoAds&#8221;:true,&#8221;forceClosedCaptionsOn&#8221;:false,&#8221;doNotShowTranscripts&#8221;:false,&#8221;useVariants&#8221;:false,&#8221;has_published_copy&#8221;:true,&#8221;playlistTags&#8221;:[]},&#8221;duration&#8221;:16880,&#8221;video_type&#8221;:&#8221;clip&#8221;,&#8221;streams&#8221;:[{&#8220;height&#8221;:360,&#8221;width&#8221;:640,&#8221;filesize&#8221;:1799724,&#8221;stream_type&#8221;:&#8221;ts&#8221;,&#8221;url&#8221;:&#8221;https:\/\/dekyzkzc0zgfn.cloudfront.net\/wp-irishtimes\/20251003\/68dfa1bfacdfd536ebf82b5a\/t_ac78dd449e2745ba9595ebd73d31e107_name_Israel_2\/mobile.m3u8&#8243;,&#8221;bitrate&#8221;:580,&#8221;provider&#8221;:&#8221;mediaconvert&#8221;},{&#8220;height&#8221;:480,&#8221;width&#8221;:854,&#8221;filesize&#8221;:2546272,&#8221;stream_type&#8221;:&#8221;ts&#8221;,&#8221;url&#8221;:&#8221;https:\/\/dekyzkzc0zgfn.cloudfront.net\/wp-irishtimes\/20251003\/68dfa1bfacdfd536ebf82b5a\/t_ac78dd449e2745ba9595ebd73d31e107_name_Israel_2\/mobile.m3u8&#8243;,&#8221;bitrate&#8221;:910,&#8221;provider&#8221;:&#8221;mediaconvert&#8221;},{&#8220;height&#8221;:540,&#8221;width&#8221;:960,&#8221;filesize&#8221;:4037864,&#8221;stream_type&#8221;:&#8221;ts&#8221;,&#8221;url&#8221;:&#8221;https:\/\/dekyzkzc0zgfn.cloudfront.net\/wp-irishtimes\/20251003\/68dfa1bfacdfd536ebf82b5a\/t_ac78dd449e2745ba9595ebd73d31e107_name_Israel_2\/hd.m3u8&#8243;,&#8221;bitrate&#8221;:1600,&#8221;provider&#8221;:&#8221;mediaconvert&#8221;},{&#8220;height&#8221;:720,&#8221;width&#8221;:1280,&#8221;filesize&#8221;:7156220,&#8221;stream_type&#8221;:&#8221;ts&#8221;,&#8221;url&#8221;:&#8221;https:\/\/dekyzkzc0zgfn.cloudfront.net\/wp-irishtimes\/20251003\/68dfa1bfacdfd536ebf82b5a\/t_ac78dd449e2745ba9595ebd73d31e107_name_Israel_2\/hlsv4_master.m3u8&#8243;,&#8221;bitrate&#8221;:3000,&#8221;provider&#8221;:&#8221;mediaconvert&#8221;},{&#8220;height&#8221;:540,&#8221;width&#8221;:960,&#8221;filesize&#8221;:3790119,&#8221;stream_type&#8221;:&#8221;mp4&#8243;,&#8221;url&#8221;:&#8221;https:\/\/dekyzkzc0zgfn.cloudfront.net\/wp-irishtimes\/20251003\/68dfa1bfacdfd536ebf82b5a\/t_ac78dd449e2745ba9595ebd73d31e107_name_Israel_2\/file_960x540-1600-v4.mp4&#8243;,&#8221;bitrate&#8221;:1600,&#8221;provider&#8221;:&#8221;mediaconvert&#8221;}],&#8221;subtitles&#8221;:{},&#8221;promo_image&#8221;:{&#8220;type&#8221;:&#8221;image&#8221;,&#8221;version&#8221;:&#8221;0.5.8&#8243;,&#8221;credits&#8221;:{},&#8221;url&#8221;:&#8221;https:\/\/d2j5ip5u6h2g6o.cloudfront.net\/10-03-2025\/t_1efb8300283c45d0a010624b1c6bf400_name_file_960x540_1600_v4_.jpg&#8221;,&#8221;width&#8221;:960,&#8221;height&#8221;:540,&#8221;auth&#8221;:{&#8220;1&#8243;:&#8221;a280d53b77712e84a154d2f54312875064ba10e8bcd8d6370294f9a75b002c76&#8243;}},&#8221;embed_html&#8221;:&#8221;&#8221;,&#8221;websites&#8221;:{&#8220;irishtimes&#8221;:{&#8220;website_section&#8221;:{&#8220;path&#8221;:&#8221;\/video&#8221;,&#8221;_website&#8221;:&#8221;irishtimes&#8221;,&#8221;name&#8221;:&#8221;Video&#8221;,&#8221;_id&#8221;:&#8221;\/video&#8221;,&#8221;type&#8221;:&#8221;section&#8221;,&#8221;version&#8221;:&#8221;0.6.0&#8243;,&#8221;primary&#8221;:true},&#8221;website_url&#8221;:&#8221;\/video\/video\/2025\/10\/03\/israeli-security-minister-ben-gvir-taunts-flotilla-campaigners\/&#8221;}},&#8221;powaConfig&#8221;:{&#8220;sampleRate&#8221;:1}}},&#8221;publish_date&#8221;:&#8221;2025-10-03T15:36:18.646Z&#8221;,&#8221;related_content&#8221;:{&#8220;basic&#8221;:[{&#8220;_id&#8221;:&#8221;XHLUECY4LVDYTNQNNOGOYF72OM&#8221;,&#8221;referent&#8221;:{&#8220;id&#8221;:&#8221;XHLUECY4LVDYTNQNNOGOYF72OM&#8221;,&#8221;provider&#8221;:&#8221;&#8221;,&#8221;referent_properties&#8221;:{},&#8221;type&#8221;:&#8221;image&#8221;},&#8221;type&#8221;:&#8221;reference&#8221;}]},&#8221;revision&#8221;:{&#8220;branch&#8221;:&#8221;default&#8221;,&#8221;editions&#8221;:[&#8220;default&#8221;],&#8221;parent_id&#8221;:&#8221;4JTCWIG2CZD2VL2IP4JQXWHNYU&#8221;,&#8221;published&#8221;:true,&#8221;revision_id&#8221;:&#8221;2GSNDGOENRCTVMF6Y32OXQPLFI&#8221;},&#8221;slug&#8221;:&#8221;FX04BENGVIR&#8221;,&#8221;source&#8221;:{&#8220;name&#8221;:&#8221;irishtimes&#8221;,&#8221;source_type&#8221;:&#8221;staff&#8221;,&#8221;system&#8221;:&#8221;composer&#8221;},&#8221;subheadlines&#8221;:{&#8220;basic&#8221;:&#8221;T\u00e1naiste confirms 16 Irish citizens have been detained in a facility in southern Israel&#8221;},&#8221;subtype&#8221;:&#8221;default&#8221;,&#8221;taxonomy&#8221;:{&#8220;primary_section&#8221;:{&#8220;_id&#8221;:&#8221;\/world\/middle-east&#8221;,&#8221;_website&#8221;:&#8221;irishtimes&#8221;,&#8221;type&#8221;:&#8221;section&#8221;,&#8221;version&#8221;:&#8221;0.6.0&#8243;,&#8221;name&#8221;:&#8221;Middle East&#8221;,&#8221;path&#8221;:&#8221;\/world\/middle-east&#8221;,&#8221;parent_id&#8221;:&#8221;\/world&#8221;,&#8221;parent&#8221;:{&#8220;default&#8221;:&#8221;\/world&#8221;},&#8221;additional_properties&#8221;:{&#8220;original&#8221;:{&#8220;_id&#8221;:&#8221;\/world\/middle-east&#8221;,&#8221;_website&#8221;:&#8221;irishtimes&#8221;,&#8221;name&#8221;:&#8221;Middle East&#8221;,&#8221;inactive&#8221;:false,&#8221;ancestors&#8221;:{&#8220;App-Hamburger&#8221;:[&#8220;\/world&#8221;,&#8221;https:\/\/www.irishtimes.com\/&#8221;],&#8221;Mobile-Links-Navigation&#8221;:[],&#8221;navbar&#8221;:[],&#8221;Comopser&#8221;:[],&#8221;hamburger-menu&#8221;:[&#8220;\/world&#8221;,&#8221;https:\/\/www.irishtimes.com\/&#8221;],&#8221;section-page-subnavs&#8221;:[&#8220;\/world&#8221;,&#8221;https:\/\/www.irishtimes.com\/&#8221;]},&#8221;parent&#8221;:{&#8220;default&#8221;:&#8221;\/world&#8221;,&#8221;App-Hamburger&#8221;:&#8221;\/world&#8221;,&#8221;Mobile-Links-Navigation&#8221;:null,&#8221;navbar&#8221;:null,&#8221;navbar-NU&#8221;:null,&#8221;Comopser&#8221;:null,&#8221;composer-relevant-sections&#8221;:&#8221;\/world&#8221;,&#8221;hamburger-menu&#8221;:&#8221;\/world&#8221;,&#8221;section-page-subnavs&#8221;:&#8221;\/world&#8221;,&#8221;sitemap-section&#8221;:null},&#8221;order&#8221;:{&#8220;default&#8221;:2007,&#8221;App-Hamburger&#8221;:2009,&#8221;composer-relevant-sections&#8221;:2007,&#8221;hamburger-menu&#8221;:2009,&#8221;section-page-subnavs&#8221;:2010},&#8221;Paywall&#8221;:{&#8220;paywall-status&#8221;:&#8221;free&#8221;},&#8221;_admin&#8221;:{&#8220;alias_ids&#8221;:[&#8220;\/world\/middle-east&#8221;]},&#8221;metadata&#8221;:{&#8220;metadata_description&#8221;:&#8221;Stay informed with the latest Middle East news, breaking headlines, and in-depth analysis from our correspondents in the Middle East. Brought to you by Ireland&#8217;s quality news brand, The Irish Times&#8221;,&#8221;metadata_title&#8221;:&#8221;Middle East News | Breaking Updates &#038; Analysis from the Middle East | The Irish Times&#8221;},&#8221;navigation&#8221;:{&#8220;nav_title&#8221;:&#8221;Middle East&#8221;},&#8221;node_type&#8221;:&#8221;section&#8221;}}},&#8221;primary_site&#8221;:{&#8220;_id&#8221;:&#8221;\/world\/middle-east&#8221;,&#8221;type&#8221;:&#8221;site&#8221;,&#8221;version&#8221;:&#8221;0.5.8&#8243;,&#8221;name&#8221;:&#8221;Middle East&#8221;,&#8221;path&#8221;:&#8221;\/world\/middle-east&#8221;,&#8221;parent_id&#8221;:&#8221;\/world&#8221;,&#8221;additional_properties&#8221;:{&#8220;original&#8221;:{&#8220;_id&#8221;:&#8221;\/world\/middle-east&#8221;,&#8221;name&#8221;:&#8221;Middle East&#8221;,&#8221;inactive&#8221;:false,&#8221;ancestors&#8221;:{&#8220;App-Hamburger&#8221;:[&#8220;\/world&#8221;,&#8221;https:\/\/www.irishtimes.com\/&#8221;],&#8221;Mobile-Links-Navigation&#8221;:[],&#8221;navbar&#8221;:[],&#8221;Comopser&#8221;:[],&#8221;hamburger-menu&#8221;:[&#8220;\/world&#8221;,&#8221;https:\/\/www.irishtimes.com\/&#8221;],&#8221;section-page-subnavs&#8221;:[&#8220;\/world&#8221;,&#8221;https:\/\/www.irishtimes.com\/&#8221;]},&#8221;parent&#8221;:{&#8220;default&#8221;:&#8221;\/world&#8221;,&#8221;App-Hamburger&#8221;:&#8221;\/world&#8221;,&#8221;Mobile-Links-Navigation&#8221;:null,&#8221;navbar&#8221;:null,&#8221;navbar-NU&#8221;:null,&#8221;Comopser&#8221;:null,&#8221;composer-relevant-sections&#8221;:&#8221;\/world&#8221;,&#8221;hamburger-menu&#8221;:&#8221;\/world&#8221;,&#8221;section-page-subnavs&#8221;:&#8221;\/world&#8221;,&#8221;sitemap-section&#8221;:null},&#8221;order&#8221;:{&#8220;default&#8221;:2007,&#8221;App-Hamburger&#8221;:2009,&#8221;composer-relevant-sections&#8221;:2007,&#8221;hamburger-menu&#8221;:2009,&#8221;section-page-subnavs&#8221;:2010},&#8221;Paywall&#8221;:{&#8220;paywall-status&#8221;:&#8221;free&#8221;},&#8221;_admin&#8221;:{&#8220;alias_ids&#8221;:[&#8220;\/world\/middle-east&#8221;]},&#8221;metadata&#8221;:{&#8220;metadata_description&#8221;:&#8221;Stay informed with the latest Middle East news, breaking headlines, and in-depth analysis from our correspondents in the Middle East. Brought to you by Ireland&#8217;s quality news brand, The Irish Times&#8221;,&#8221;metadata_title&#8221;:&#8221;Middle East News | Breaking Updates &#038; Analysis from the Middle East | The Irish Times&#8221;},&#8221;navigation&#8221;:{&#8220;nav_title&#8221;:&#8221;Middle East&#8221;}}}},&#8221;sections&#8221;:[{&#8220;_id&#8221;:&#8221;\/world\/middle-east&#8221;,&#8221;_website&#8221;:&#8221;irishtimes&#8221;,&#8221;type&#8221;:&#8221;section&#8221;,&#8221;version&#8221;:&#8221;0.6.0&#8243;,&#8221;name&#8221;:&#8221;Middle East&#8221;,&#8221;path&#8221;:&#8221;\/world\/middle-east&#8221;,&#8221;parent_id&#8221;:&#8221;\/world&#8221;,&#8221;parent&#8221;:{&#8220;default&#8221;:&#8221;\/world&#8221;},&#8221;additional_properties&#8221;:{&#8220;original&#8221;:{&#8220;_id&#8221;:&#8221;\/world\/middle-east&#8221;,&#8221;_website&#8221;:&#8221;irishtimes&#8221;,&#8221;name&#8221;:&#8221;Middle East&#8221;,&#8221;inactive&#8221;:false,&#8221;ancestors&#8221;:{&#8220;App-Hamburger&#8221;:[&#8220;\/world&#8221;,&#8221;https:\/\/www.irishtimes.com\/&#8221;],&#8221;Mobile-Links-Navigation&#8221;:[],&#8221;navbar&#8221;:[],&#8221;Comopser&#8221;:[],&#8221;hamburger-menu&#8221;:[&#8220;\/world&#8221;,&#8221;https:\/\/www.irishtimes.com\/&#8221;],&#8221;section-page-subnavs&#8221;:[&#8220;\/world&#8221;,&#8221;https:\/\/www.irishtimes.com\/&#8221;]},&#8221;parent&#8221;:{&#8220;default&#8221;:&#8221;\/world&#8221;,&#8221;App-Hamburger&#8221;:&#8221;\/world&#8221;,&#8221;Mobile-Links-Navigation&#8221;:null,&#8221;navbar&#8221;:null,&#8221;navbar-NU&#8221;:null,&#8221;Comopser&#8221;:null,&#8221;composer-relevant-sections&#8221;:&#8221;\/world&#8221;,&#8221;hamburger-menu&#8221;:&#8221;\/world&#8221;,&#8221;section-page-subnavs&#8221;:&#8221;\/world&#8221;,&#8221;sitemap-section&#8221;:null},&#8221;order&#8221;:{&#8220;default&#8221;:2007,&#8221;App-Hamburger&#8221;:2009,&#8221;composer-relevant-sections&#8221;:2007,&#8221;hamburger-menu&#8221;:2009,&#8221;section-page-subnavs&#8221;:2010},&#8221;Paywall&#8221;:{&#8220;paywall-status&#8221;:&#8221;free&#8221;},&#8221;_admin&#8221;:{&#8220;alias_ids&#8221;:[&#8220;\/world\/middle-east&#8221;]},&#8221;metadata&#8221;:{&#8220;metadata_description&#8221;:&#8221;Stay informed with the latest Middle East news, breaking headlines, and in-depth analysis from our correspondents in the Middle East. Brought to you by Ireland&#8217;s quality news brand, The Irish Times&#8221;,&#8221;metadata_title&#8221;:&#8221;Middle East News | Breaking Updates &#038; Analysis from the Middle East | The Irish Times&#8221;},&#8221;navigation&#8221;:{&#8220;nav_title&#8221;:&#8221;Middle East&#8221;},&#8221;node_type&#8221;:&#8221;section&#8221;}},&#8221;_website_section_id&#8221;:&#8221;irishtimes.\/world\/middle-east&#8221;},{&#8220;_id&#8221;:&#8221;\/world&#8221;,&#8221;_website&#8221;:&#8221;irishtimes&#8221;,&#8221;type&#8221;:&#8221;section&#8221;,&#8221;version&#8221;:&#8221;0.6.0&#8243;,&#8221;name&#8221;:&#8221;World&#8221;,&#8221;path&#8221;:&#8221;\/world&#8221;,&#8221;parent_id&#8221;:&#8221;https:\/\/www.irishtimes.com\/&#8221;,&#8221;parent&#8221;:{&#8220;default&#8221;:&#8221;https:\/\/www.irishtimes.com\/&#8221;},&#8221;additional_properties&#8221;:{&#8220;original&#8221;:{&#8220;_id&#8221;:&#8221;\/world&#8221;,&#8221;_website&#8221;:&#8221;irishtimes&#8221;,&#8221;name&#8221;:&#8221;World&#8221;,&#8221;inactive&#8221;:false,&#8221;ancestors&#8221;:{&#8220;Mobile-Links-Navigation&#8221;:[],&#8221;App-Hamburger&#8221;:[&#8220;https:\/\/www.irishtimes.com\/&#8221;],&#8221;hamburger-menu&#8221;:[&#8220;https:\/\/www.irishtimes.com\/&#8221;],&#8221;navbar&#8221;:[],&#8221;Comopser&#8221;:[],&#8221;App-Links-Navigation&#8221;:[&#8220;https:\/\/www.irishtimes.com\/&#8221;],&#8221;HP-under-masthead&#8221;:[&#8220;https:\/\/www.irishtimes.com\/&#8221;],&#8221;section-page-subnavs&#8221;:[&#8220;https:\/\/www.irishtimes.com\/&#8221;],&#8221;composer-relevant-sections&#8221;:[&#8220;https:\/\/www.irishtimes.com\/&#8221;],&#8221;sitemap-section&#8221;:[&#8220;https:\/\/www.irishtimes.com\/&#8221;],&#8221;default&#8221;:[&#8220;https:\/\/www.irishtimes.com\/&#8221;]},&#8221;parent&#8221;:{&#8220;default&#8221;:&#8221;https:\/\/www.irishtimes.com\/&#8221;,&#8221;Mobile-Links-Navigation&#8221;:null,&#8221;App-Hamburger&#8221;:&#8221;https:\/\/www.irishtimes.com\/&#8221;,&#8221;hamburger-menu&#8221;:&#8221;https:\/\/www.irishtimes.com\/&#8221;,&#8221;navbar&#8221;:null,&#8221;navbar-NU&#8221;:null,&#8221;Comopser&#8221;:null,&#8221;composer-relevant-sections&#8221;:&#8221;https:\/\/www.irishtimes.com\/&#8221;,&#8221;section-page-subnavs&#8221;:&#8221;https:\/\/www.irishtimes.com\/&#8221;,&#8221;App-Links-Navigation&#8221;:&#8221;https:\/\/www.irishtimes.com\/&#8221;,&#8221;sitemap-section&#8221;:&#8221;https:\/\/www.irishtimes.com\/&#8221;,&#8221;HP-under-masthead&#8221;:&#8221;https:\/\/www.irishtimes.com\/&#8221;},&#8221;order&#8221;:{&#8220;default&#8221;:1027,&#8221;App-Hamburger&#8221;:1009,&#8221;hamburger-menu&#8221;:1009,&#8221;composer-relevant-sections&#8221;:1006,&#8221;section-page-subnavs&#8221;:1005,&#8221;App-Links-Navigation&#8221;:1004,&#8221;sitemap-section&#8221;:1006,&#8221;HP-under-masthead&#8221;:1003},&#8221;Article Promo&#8221;:{&#8220;content&#8221;:{&#8220;whatsapp&#8221;:&#8221;Join The Irish Times on <a href=\\\"https:\/\/www.whatsApp.com\/channel\/0029VaBlegFFXUuflSI6yL3d\\\" target=new>WhatsApp<\/a> and stay up to date&#8221;,&#8221;bell&#8221;:&#8221;Sign up for <a href=\\\"https:\/\/www.irishtimes.com\/media\/2023\/11\/07\/stay-informed-with-push-alerts-from-the-irish-times-delivered-straight-to-your-phone\/\\\" target=new>push alerts<\/a> to get the best breaking news, analysis and comment delivered directly to your phone&#8221;,&#8221;headphones&#8221;:&#8221;Listen to <a href=\\\"https:\/\/www.irishtimes.com\/podcasts\/in-the-news\/\\\" target=new>In The News<\/a> podcast daily for a deep dive on the stories that matter&#8221;},&#8221;header_text&#8221;:null,&#8221;header_url&#8221;:null,&#8221;image&#8221;:null,&#8221;image_alt&#8221;:null},&#8221;Newsletter&#8221;:{&#8220;newsletterid&#8221;:&#8221;News Digest&#8221;},&#8221;Paywall&#8221;:{&#8220;paywall-status&#8221;:&#8221;free&#8221;},&#8221;_admin&#8221;:{&#8220;alias_ids&#8221;:[&#8220;\/world&#8221;]},&#8221;metadata&#8221;:{&#8220;metadata_description&#8221;:&#8221;Stay informed with the latest global news, breaking headlines, and in-depth analysis from our correspondents around the world. Brought to you by Ireland&#8217;s quality news brand, The Irish Times&#8221;,&#8221;metadata_title&#8221;:&#8221;World News | Breaking Updates &#038; Analysis from around the Globe | The Irish Times&#8221;},&#8221;navigation&#8221;:{&#8220;nav_title&#8221;:&#8221;World&#8221;},&#8221;node_type&#8221;:&#8221;section&#8221;}},&#8221;_website_section_id&#8221;:&#8221;irishtimes.\/world&#8221;}],&#8221;sites&#8221;:[{&#8220;_id&#8221;:&#8221;\/world\/middle-east&#8221;,&#8221;type&#8221;:&#8221;site&#8221;,&#8221;version&#8221;:&#8221;0.5.8&#8243;,&#8221;name&#8221;:&#8221;Middle East&#8221;,&#8221;path&#8221;:&#8221;\/world\/middle-east&#8221;,&#8221;parent_id&#8221;:&#8221;\/world&#8221;,&#8221;additional_properties&#8221;:{&#8220;original&#8221;:{&#8220;_id&#8221;:&#8221;\/world\/middle-east&#8221;,&#8221;name&#8221;:&#8221;Middle East&#8221;,&#8221;inactive&#8221;:false,&#8221;ancestors&#8221;:{&#8220;App-Hamburger&#8221;:[&#8220;\/world&#8221;,&#8221;https:\/\/www.irishtimes.com\/&#8221;],&#8221;Mobile-Links-Navigation&#8221;:[],&#8221;navbar&#8221;:[],&#8221;Comopser&#8221;:[],&#8221;hamburger-menu&#8221;:[&#8220;\/world&#8221;,&#8221;https:\/\/www.irishtimes.com\/&#8221;],&#8221;section-page-subnavs&#8221;:[&#8220;\/world&#8221;,&#8221;https:\/\/www.irishtimes.com\/&#8221;]},&#8221;parent&#8221;:{&#8220;default&#8221;:&#8221;\/world&#8221;,&#8221;App-Hamburger&#8221;:&#8221;\/world&#8221;,&#8221;Mobile-Links-Navigation&#8221;:null,&#8221;navbar&#8221;:null,&#8221;navbar-NU&#8221;:null,&#8221;Comopser&#8221;:null,&#8221;composer-relevant-sections&#8221;:&#8221;\/world&#8221;,&#8221;hamburger-menu&#8221;:&#8221;\/world&#8221;,&#8221;section-page-subnavs&#8221;:&#8221;\/world&#8221;,&#8221;sitemap-section&#8221;:null},&#8221;order&#8221;:{&#8220;default&#8221;:2007,&#8221;App-Hamburger&#8221;:2009,&#8221;composer-relevant-sections&#8221;:2007,&#8221;hamburger-menu&#8221;:2009,&#8221;section-page-subnavs&#8221;:2010},&#8221;Paywall&#8221;:{&#8220;paywall-status&#8221;:&#8221;free&#8221;},&#8221;_admin&#8221;:{&#8220;alias_ids&#8221;:[&#8220;\/world\/middle-east&#8221;]},&#8221;metadata&#8221;:{&#8220;metadata_description&#8221;:&#8221;Stay informed with the latest Middle East news, breaking headlines, and in-depth analysis from our correspondents in the Middle East. Brought to you by Ireland&#8217;s quality news brand, The Irish Times&#8221;,&#8221;metadata_title&#8221;:&#8221;Middle East News | Breaking Updates &#038; Analysis from the Middle East | The Irish Times&#8221;},&#8221;navigation&#8221;:{&#8220;nav_title&#8221;:&#8221;Middle East&#8221;}}}},{&#8220;_id&#8221;:&#8221;\/world&#8221;,&#8221;type&#8221;:&#8221;site&#8221;,&#8221;version&#8221;:&#8221;0.5.8&#8243;,&#8221;name&#8221;:&#8221;World&#8221;,&#8221;path&#8221;:&#8221;\/world&#8221;,&#8221;parent_id&#8221;:&#8221;https:\/\/www.irishtimes.com\/&#8221;,&#8221;additional_properties&#8221;:{&#8220;original&#8221;:{&#8220;_id&#8221;:&#8221;\/world&#8221;,&#8221;name&#8221;:&#8221;World&#8221;,&#8221;inactive&#8221;:false,&#8221;ancestors&#8221;:{&#8220;Mobile-Links-Navigation&#8221;:[],&#8221;App-Hamburger&#8221;:[&#8220;https:\/\/www.irishtimes.com\/&#8221;],&#8221;hamburger-menu&#8221;:[&#8220;https:\/\/www.irishtimes.com\/&#8221;],&#8221;navbar&#8221;:[],&#8221;Comopser&#8221;:[],&#8221;App-Links-Navigation&#8221;:[&#8220;https:\/\/www.irishtimes.com\/&#8221;],&#8221;HP-under-masthead&#8221;:[&#8220;https:\/\/www.irishtimes.com\/&#8221;],&#8221;section-page-subnavs&#8221;:[&#8220;https:\/\/www.irishtimes.com\/&#8221;],&#8221;composer-relevant-sections&#8221;:[&#8220;https:\/\/www.irishtimes.com\/&#8221;],&#8221;sitemap-section&#8221;:[&#8220;https:\/\/www.irishtimes.com\/&#8221;],&#8221;default&#8221;:[&#8220;https:\/\/www.irishtimes.com\/&#8221;]},&#8221;parent&#8221;:{&#8220;default&#8221;:&#8221;https:\/\/www.irishtimes.com\/&#8221;,&#8221;Mobile-Links-Navigation&#8221;:null,&#8221;App-Hamburger&#8221;:&#8221;https:\/\/www.irishtimes.com\/&#8221;,&#8221;hamburger-menu&#8221;:&#8221;https:\/\/www.irishtimes.com\/&#8221;,&#8221;navbar&#8221;:null,&#8221;navbar-NU&#8221;:null,&#8221;Comopser&#8221;:null,&#8221;composer-relevant-sections&#8221;:&#8221;https:\/\/www.irishtimes.com\/&#8221;,&#8221;section-page-subnavs&#8221;:&#8221;https:\/\/www.irishtimes.com\/&#8221;,&#8221;App-Links-Navigation&#8221;:&#8221;https:\/\/www.irishtimes.com\/&#8221;,&#8221;sitemap-section&#8221;:&#8221;https:\/\/www.irishtimes.com\/&#8221;,&#8221;HP-under-masthead&#8221;:&#8221;https:\/\/www.irishtimes.com\/&#8221;},&#8221;order&#8221;:{&#8220;default&#8221;:1027,&#8221;App-Hamburger&#8221;:1009,&#8221;hamburger-menu&#8221;:1009,&#8221;composer-relevant-sections&#8221;:1006,&#8221;section-page-subnavs&#8221;:1005,&#8221;App-Links-Navigation&#8221;:1004,&#8221;sitemap-section&#8221;:1006,&#8221;HP-under-masthead&#8221;:1003},&#8221;Article Promo&#8221;:{&#8220;content&#8221;:{&#8220;whatsapp&#8221;:&#8221;Join The Irish Times on <a href=\\\"https:\/\/www.whatsApp.com\/channel\/0029VaBlegFFXUuflSI6yL3d\\\" target=new>WhatsApp<\/a> and stay up to date&#8221;,&#8221;bell&#8221;:&#8221;Sign up for <a href=\\\"https:\/\/www.irishtimes.com\/media\/2023\/11\/07\/stay-informed-with-push-alerts-from-the-irish-times-delivered-straight-to-your-phone\/\\\" target=new>push alerts<\/a> to get the best breaking news, analysis and comment delivered directly to your phone&#8221;,&#8221;headphones&#8221;:&#8221;Listen to <a href=\\\"https:\/\/www.irishtimes.com\/podcasts\/in-the-news\/\\\" target=new>In The News<\/a> podcast daily for a deep dive on the stories that matter&#8221;},&#8221;header_text&#8221;:null,&#8221;header_url&#8221;:null,&#8221;image&#8221;:null,&#8221;image_alt&#8221;:null},&#8221;Newsletter&#8221;:{&#8220;newsletterid&#8221;:&#8221;News Digest&#8221;},&#8221;Paywall&#8221;:{&#8220;paywall-status&#8221;:&#8221;free&#8221;},&#8221;_admin&#8221;:{&#8220;alias_ids&#8221;:[&#8220;\/world&#8221;]},&#8221;metadata&#8221;:{&#8220;metadata_description&#8221;:&#8221;Stay informed with the latest global news, breaking headlines, and in-depth analysis from our correspondents around the world. Brought to you by Ireland&#8217;s quality news brand, The Irish Times&#8221;,&#8221;metadata_title&#8221;:&#8221;World News | Breaking Updates &#038; Analysis from around the Globe | The Irish Times&#8221;},&#8221;navigation&#8221;:{&#8220;nav_title&#8221;:&#8221;World&#8221;},&#8221;node_type&#8221;:&#8221;section&#8221;}}}],&#8221;tags&#8221;:[{&#8220;_id&#8221;:&#8221;5UWUNANLHBGBZHKMXBUICAU3QI&#8221;,&#8221;description&#8221;:&#8221;Israel Defense Forces&#8221;,&#8221;slug&#8221;:&#8221;israel-defence-forces&#8221;,&#8221;text&#8221;:&#8221;Israel Defense Forces&#8221;},{&#8220;_id&#8221;:&#8221;DT5LV4XBCJA6XOHQKRRQ7CXLQA&#8221;,&#8221;description&#8221;:&#8221;Stories relating to the conflict between Israel and Hamas militants&#8221;,&#8221;slug&#8221;:&#8221;israel-hamas-conflict&#8221;,&#8221;text&#8221;:&#8221;Israel-Hamas conflict&#8221;},{&#8220;_id&#8221;:&#8221;GIQWGB7ZDJEKXE6IS6MUQKH5MU&#8221;,&#8221;description&#8221;:&#8221;Gaza Strip&#8221;,&#8221;slug&#8221;:&#8221;gaza-strip&#8221;,&#8221;text&#8221;:&#8221;Gaza Strip&#8221;},{&#8220;_id&#8221;:&#8221;7W74SCTFTBDSTO4DLXO46OBXQY&#8221;,&#8221;description&#8221;:&#8221;Simon Harris&#8221;,&#8221;slug&#8221;:&#8221;simon-harris&#8221;,&#8221;text&#8221;:&#8221;Simon Harris&#8221;}]},&#8221;type&#8221;:&#8221;story&#8221;,&#8221;version&#8221;:&#8221;0.10.11&#8243;,&#8221;websites&#8221;:{&#8220;irishtimes&#8221;:{&#8220;website_section&#8221;:{&#8220;_id&#8221;:&#8221;\/world\/middle-east&#8221;,&#8221;_website&#8221;:&#8221;irishtimes&#8221;,&#8221;name&#8221;:&#8221;Middle East&#8221;,&#8221;inactive&#8221;:false,&#8221;ancestors&#8221;:{&#8220;App-Hamburger&#8221;:[&#8220;\/world&#8221;,&#8221;https:\/\/www.irishtimes.com\/&#8221;],&#8221;Mobile-Links-Navigation&#8221;:[],&#8221;navbar&#8221;:[],&#8221;Comopser&#8221;:[],&#8221;hamburger-menu&#8221;:[&#8220;\/world&#8221;,&#8221;https:\/\/www.irishtimes.com\/&#8221;],&#8221;section-page-subnavs&#8221;:[&#8220;\/world&#8221;,&#8221;https:\/\/www.irishtimes.com\/&#8221;]},&#8221;parent&#8221;:{&#8220;default&#8221;:&#8221;\/world&#8221;,&#8221;App-Hamburger&#8221;:&#8221;\/world&#8221;,&#8221;Mobile-Links-Navigation&#8221;:null,&#8221;navbar&#8221;:null,&#8221;navbar-NU&#8221;:null,&#8221;Comopser&#8221;:null,&#8221;composer-relevant-sections&#8221;:&#8221;\/world&#8221;,&#8221;hamburger-menu&#8221;:&#8221;\/world&#8221;,&#8221;section-page-subnavs&#8221;:&#8221;\/world&#8221;,&#8221;sitemap-section&#8221;:null},&#8221;order&#8221;:{&#8220;default&#8221;:2007,&#8221;App-Hamburger&#8221;:2009,&#8221;composer-relevant-sections&#8221;:2007,&#8221;hamburger-menu&#8221;:2009,&#8221;section-page-subnavs&#8221;:2010},&#8221;Paywall&#8221;:{&#8220;paywall-status&#8221;:&#8221;free&#8221;},&#8221;_admin&#8221;:{&#8220;alias_ids&#8221;:[&#8220;\/world\/middle-east&#8221;]},&#8221;metadata&#8221;:{&#8220;metadata_description&#8221;:&#8221;Stay informed with the latest Middle East news, breaking headlines, and in-depth analysis from our correspondents in the Middle East. Brought to you by Ireland&#8217;s quality news brand, The Irish Times&#8221;,&#8221;metadata_title&#8221;:&#8221;Middle East News | Breaking Updates &#038; Analysis from the Middle East | The Irish Times&#8221;},&#8221;navigation&#8221;:{&#8220;nav_title&#8221;:&#8221;Middle East&#8221;},&#8221;node_type&#8221;:&#8221;section&#8221;,&#8221;children&#8221;:[],&#8221;Article Promo&#8221;:{&#8220;content&#8221;:{&#8220;whatsapp&#8221;:&#8221;Join The Irish Times on <a href=\\\"https:\/\/www.whatsApp.com\/channel\/0029VaBlegFFXUuflSI6yL3d\\\" target=new>WhatsApp<\/a> and stay up to date&#8221;,&#8221;bell&#8221;:&#8221;Sign up for <a href=\\\"https:\/\/www.irishtimes.com\/media\/2023\/11\/07\/stay-informed-with-push-alerts-from-the-irish-times-delivered-straight-to-your-phone\/\\\" target=new>push alerts<\/a> to get the best breaking news, analysis and comment delivered directly to your phone&#8221;,&#8221;headphones&#8221;:&#8221;Listen to <a href=\\\"https:\/\/www.irishtimes.com\/podcasts\/in-the-news\/\\\" target=new>In The News<\/a> podcast daily for a deep dive on the stories that matter&#8221;},&#8221;header_text&#8221;:null,&#8221;header_url&#8221;:null,&#8221;image&#8221;:null,&#8221;image_alt&#8221;:null},&#8221;Newsletter&#8221;:{&#8220;newsletterid&#8221;:&#8221;News Digest&#8221;}},&#8221;website_url&#8221;:&#8221;https:\/\/www.irishtimes.com\/world\/middle-east\/2025\/10\/03\/video-israels-foreign-minister-berates-gaza-flotilla-activists\/&#8221;}},&#8221;workflow&#8221;:{&#8220;status_code&#8221;:6},&#8221;canonical_url&#8221;:&#8221;https:\/\/www.irishtimes.com\/world\/middle-east\/2025\/10\/03\/video-israels-foreign-minister-berates-gaza-flotilla-activists\/&#8221;,&#8221;publishing&#8221;:{&#8220;scheduled_operations&#8221;:{&#8220;publish_edition&#8221;:[],&#8221;unpublish_edition&#8221;:[]}},&#8221;website&#8221;:&#8221;irishtimes&#8221;,&#8221;website_url&#8221;:&#8221;https:\/\/www.irishtimes.com\/world\/middle-east\/2025\/10\/03\/video-israels-foreign-minister-berates-gaza-flotilla-activists\/&#8221;};Fusion.globalContentConfig={&#8220;source&#8221;:&#8221;content-api-it&#8221;,&#8221;query&#8221;:{&#8220;uri&#8221;:&#8221;https:\/\/www.irishtimes.com\/world\/middle-east\/2025\/10\/03\/video-israels-foreign-minister-berates-gaza-flotilla-activists\/&#8221;,&#8221;website_url&#8221;:&#8221;https:\/\/www.irishtimes.com\/world\/middle-east\/2025\/10\/03\/video-israels-foreign-minister-berates-gaza-flotilla-activists\/&#8221;,&#8221;arc-site&#8221;:&#8221;irishtimes&#8221;}};Fusion.lastModified=1759505804908;Fusion.contentCache={&#8220;signing-service&#8221;:{&#8220;{\\&#8221;id\\&#8221;:\\&#8221;https:\/\/static.themebuilder.aws.arc.pub\/irishtimes\/1647534191476.png\\&#8221;}&#8221;:{&#8220;data&#8221;:{&#8220;hash&#8221;:&#8221;631eeaa12e7a61c005c8eb0bbf348f785c131b10c4d6b25c28247a15965b5a36&#8243;,&#8221;type&#8221;:&#8221;sha256&#8243;,&#8221;_id&#8221;:&#8221;8bd659e252b82de6c27bac42028373920e436646b273a5c0296651a455305fed&#8221;},&#8221;expires&#8221;:1790885969325,&#8221;lastModified&#8221;:1759349969184},&#8221;undefined&#8221;:{&#8220;data&#8221;:{&#8220;hash&#8221;:&#8221;e9ecefd399534cc5ea1f3043648187f4613b5b570fac57ff99b3800a5542a618&#8243;,&#8221;type&#8221;:&#8221;sha256&#8243;,&#8221;_id&#8221;:&#8221;6ac85158fa71bdb015ee03513f5cb3543dfff903ca21fbdadbe4a1d825a91d5d&#8221;},&#8221;expires&#8221;:1791016600872,&#8221;lastModified&#8221;:1759480600745}},&#8221;site-service-hierarchy&#8221;:{&#8220;{\\&#8221;feature\\&#8221;:\\&#8221;header-nav-chain\\&#8221;,\\&#8221;hierarchy\\&#8221;:\\&#8221;hamburger-menu\\&#8221;}&#8221;:{&#8220;data&#8221;:{&#8220;children&#8221;:[{&#8220;_id&#8221;:&#8221;link-MY7K0TYT012WZ0V1ZB8PHF0MJC&#8221;,&#8221;children&#8221;:[],&#8221;display_name&#8221;:&#8221;Home&#8221;,&#8221;node_type&#8221;:&#8221;link&#8221;,&#8221;url&#8221;:&#8221;https:\/\/www.irishtimes.com\/&#8221;},{&#8220;_id&#8221;:&#8221;link-TB2EY564VN0N56D137NVP6G5MW&#8221;,&#8221;children&#8221;:[],&#8221;display_name&#8221;:&#8221;Latest&#8221;,&#8221;node_type&#8221;:&#8221;link&#8221;,&#8221;url&#8221;:&#8221;https:\/\/www.irishtimes.com\/latest\/&#8221;},{&#8220;_id&#8221;:&#8221;link-ZNGH139WJX4419P1E6XFB2YQBM&#8221;,&#8221;children&#8221;:[],&#8221;display_name&#8221;:&#8221;Subscriber Only&#8221;,&#8221;node_type&#8221;:&#8221;link&#8221;,&#8221;url&#8221;:&#8221;https:\/\/www.irishtimes.com\/subscriber-only\/&#8221;},{&#8220;_id&#8221;:&#8221;\/crosswords-puzzles&#8221;,&#8221;children&#8221;:[{&#8220;_id&#8221;:&#8221;link-9RFF8NMDUX08917NND3Z3M1JDR&#8221;,&#8221;display_name&#8221;:&#8221;Crosaire&#8221;,&#8221;node_type&#8221;:&#8221;link&#8221;,&#8221;url&#8221;:&#8221;\/crosswords-puzzles\/crosaire&#8221;},{&#8220;_id&#8221;:&#8221;link-31JQ6NX1K92T907WWAU7P7R5RG&#8221;,&#8221;display_name&#8221;:&#8221;Simplex&#8221;,&#8221;node_type&#8221;:&#8221;link&#8221;,&#8221;url&#8221;:&#8221;\/crosswords-puzzles\/simplex&#8221;},{&#8220;_id&#8221;:&#8221;link-FVP3FUVCB93Z5DEH56JPZQA70C&#8221;,&#8221;display_name&#8221;:&#8221;Sudoku&#8221;,&#8221;node_type&#8221;:&#8221;link&#8221;,&#8221;url&#8221;:&#8221;\/crosswords-puzzles\/sudoku&#8221;},{&#8220;_id&#8221;:&#8221;link-OZWXQ6FKZNAJJGASG6FTFLQRC4&#8243;,&#8221;display_name&#8221;:&#8221;News Quiz&#8221;,&#8221;node_type&#8221;:&#8221;link&#8221;,&#8221;url&#8221;:&#8221;https:\/\/www.irishtimes.com\/crosswords-puzzles\/news-quiz\/&#8221;}],&#8221;name&#8221;:&#8221;Crosswords &#038; Puzzles&#8221;,&#8221;node_type&#8221;:&#8221;section&#8221;},{&#8220;_id&#8221;:&#8221;\/ireland&#8221;,&#8221;children&#8221;:[{&#8220;_id&#8221;:&#8221;\/ireland\/dublin&#8221;,&#8221;name&#8221;:&#8221;Dublin&#8221;,&#8221;node_type&#8221;:&#8221;section&#8221;},{&#8220;_id&#8221;:&#8221;\/ireland\/education&#8221;,&#8221;name&#8221;:&#8221;Education&#8221;,&#8221;node_type&#8221;:&#8221;section&#8221;},{&#8220;_id&#8221;:&#8221;\/ireland\/housing-planning&#8221;,&#8221;name&#8221;:&#8221;Housing &#038; Planning&#8221;,&#8221;node_type&#8221;:&#8221;section&#8221;},{&#8220;_id&#8221;:&#8221;\/ireland\/social-affairs&#8221;,&#8221;name&#8221;:&#8221;Social Affairs&#8221;,&#8221;node_type&#8221;:&#8221;section&#8221;},{&#8220;_id&#8221;:&#8221;link-432NSPB3WJAAXKSTOTZHACT5EA&#8221;,&#8221;display_name&#8221;:&#8221;Stardust&#8221;,&#8221;node_type&#8221;:&#8221;link&#8221;,&#8221;url&#8221;:&#8221;https:\/\/www.irishtimes.com\/ireland\/stardust\/&#8221;}],&#8221;name&#8221;:&#8221;Ireland&#8221;,&#8221;node_type&#8221;:&#8221;section&#8221;},{&#8220;_id&#8221;:&#8221;\/politics&#8221;,&#8221;children&#8221;:[{&#8220;_id&#8221;:&#8221;link-MWT7CPJ6Z906HA5HZY5HARQ548&#8243;,&#8221;display_name&#8221;:&#8221;Poll&#8221;,&#8221;node_type&#8221;:&#8221;link&#8221;,&#8221;url&#8221;:&#8221;https:\/\/www.irishtimes.com\/politics\/poll\/&#8221;},{&#8220;_id&#8221;:&#8221;\/politics\/oireachtas&#8221;,&#8221;name&#8221;:&#8221;Oireachtas&#8221;,&#8221;node_type&#8221;:&#8221;section&#8221;},{&#8220;_id&#8221;:&#8221;link-OVTSEK2LEVCQ7GP5I7N7EIKPG4&#8243;,&#8221;display_name&#8221;:&#8221;Common Ground&#8221;,&#8221;node_type&#8221;:&#8221;link&#8221;,&#8221;url&#8221;:&#8221;https:\/\/www.irishtimes.com\/common-ground\/&#8221;},{&#8220;_id&#8221;:&#8221;link-NEXLKC3P6FGHTETMXIAACQJCZY&#8221;,&#8221;display_name&#8221;:&#8221;Election 2024&#8243;,&#8221;node_type&#8221;:&#8221;link&#8221;,&#8221;url&#8221;:&#8221;https:\/\/www.irishtimes.com\/election2024\/&#8221;},{&#8220;_id&#8221;:&#8221;link-8RRAYZT2TN65HCHPB8CHE4QEPR&#8221;,&#8221;display_name&#8221;:&#8221;Elections &#038; Referendums&#8221;,&#8221;node_type&#8221;:&#8221;link&#8221;,&#8221;url&#8221;:&#8221;https:\/\/www.irishtimes.com\/politics\/elections-referendums\/&#8221;}],&#8221;name&#8221;:&#8221;Politics&#8221;,&#8221;node_type&#8221;:&#8221;section&#8221;},{&#8220;_id&#8221;:&#8221;\/opinion&#8221;,&#8221;children&#8221;:[{&#8220;_id&#8221;:&#8221;\/opinion\/editorials&#8221;,&#8221;name&#8221;:&#8221;Editorials&#8221;,&#8221;node_type&#8221;:&#8221;section&#8221;},{&#8220;_id&#8221;:&#8221;\/opinion\/an-irish-diary&#8221;,&#8221;name&#8221;:&#8221;An Irish Diary&#8221;,&#8221;node_type&#8221;:&#8221;section&#8221;},{&#8220;_id&#8221;:&#8221;\/opinion\/letters&#8221;,&#8221;name&#8221;:&#8221;Letters&#8221;,&#8221;node_type&#8221;:&#8221;section&#8221;},{&#8220;_id&#8221;:&#8221;\/opinion\/cartoon&#8221;,&#8221;name&#8221;:&#8221;Cartoon&#8221;,&#8221;node_type&#8221;:&#8221;section&#8221;}],&#8221;name&#8221;:&#8221;Opinion&#8221;,&#8221;node_type&#8221;:&#8221;section&#8221;},{&#8220;_id&#8221;:&#8221;\/business&#8221;,&#8221;children&#8221;:[{&#8220;_id&#8221;:&#8221;link-TOZ7E6COGBCMXFR4E4FOPPSYM4&#8243;,&#8221;display_name&#8221;:&#8221;Budget 2026&#8243;,&#8221;node_type&#8221;:&#8221;link&#8221;,&#8221;url&#8221;:&#8221;https:\/\/www.irishtimes.com\/budget\/&#8221;},{&#8220;_id&#8221;:&#8221;\/business\/economy&#8221;,&#8221;name&#8221;:&#8221;Economy&#8221;,&#8221;node_type&#8221;:&#8221;section&#8221;},{&#8220;_id&#8221;:&#8221;\/business\/farming-food&#8221;,&#8221;name&#8221;:&#8221;Farming &#038; Food&#8221;,&#8221;node_type&#8221;:&#8221;section&#8221;},{&#8220;_id&#8221;:&#8221;\/business\/financial-services&#8221;,&#8221;name&#8221;:&#8221;Financial Services&#8221;,&#8221;node_type&#8221;:&#8221;section&#8221;},{&#8220;_id&#8221;:&#8221;\/business\/innovation&#8221;,&#8221;name&#8221;:&#8221;Innovation&#8221;,&#8221;node_type&#8221;:&#8221;section&#8221;},{&#8220;_id&#8221;:&#8221;\/business\/markets&#8221;,&#8221;name&#8221;:&#8221;Markets&#8221;,&#8221;node_type&#8221;:&#8221;section&#8221;},{&#8220;_id&#8221;:&#8221;\/business\/work&#8221;,&#8221;name&#8221;:&#8221;Work&#8221;,&#8221;node_type&#8221;:&#8221;section&#8221;},{&#8220;_id&#8221;:&#8221;link-WE72QDDTEN5EFDZ52U3CGYEZGC&#8221;,&#8221;display_name&#8221;:&#8221;Commercial Property&#8221;,&#8221;node_type&#8221;:&#8221;link&#8221;,&#8221;url&#8221;:&#8221;\/property\/commercial-property&#8221;}],&#8221;name&#8221;:&#8221;Business&#8221;,&#8221;node_type&#8221;:&#8221;section&#8221;},{&#8220;_id&#8221;:&#8221;\/world&#8221;,&#8221;children&#8221;:[{&#8220;_id&#8221;:&#8221;\/world\/europe&#8221;,&#8221;name&#8221;:&#8221;Europe&#8221;,&#8221;node_type&#8221;:&#8221;section&#8221;},{&#8220;_id&#8221;:&#8221;\/world\/uk&#8221;,&#8221;name&#8221;:&#8221;UK&#8221;,&#8221;node_type&#8221;:&#8221;section&#8221;},{&#8220;_id&#8221;:&#8221;\/world\/us&#8221;,&#8221;name&#8221;:&#8221;US&#8221;,&#8221;node_type&#8221;:&#8221;section&#8221;},{&#8220;_id&#8221;:&#8221;\/world\/canada&#8221;,&#8221;name&#8221;:&#8221;Canada&#8221;,&#8221;node_type&#8221;:&#8221;section&#8221;},{&#8220;_id&#8221;:&#8221;\/world\/australia&#8221;,&#8221;name&#8221;:&#8221;Australia&#8221;,&#8221;node_type&#8221;:&#8221;section&#8221;},{&#8220;_id&#8221;:&#8221;\/world\/africa&#8221;,&#8221;name&#8221;:&#8221;Africa&#8221;,&#8221;node_type&#8221;:&#8221;section&#8221;},{&#8220;_id&#8221;:&#8221;\/world\/americas&#8221;,&#8221;name&#8221;:&#8221;Americas&#8221;,&#8221;node_type&#8221;:&#8221;section&#8221;},{&#8220;_id&#8221;:&#8221;\/world\/asia-pacific&#8221;,&#8221;name&#8221;:&#8221;Asia-Pacific&#8221;,&#8221;node_type&#8221;:&#8221;section&#8221;},{&#8220;_id&#8221;:&#8221;\/world\/middle-east&#8221;,&#8221;name&#8221;:&#8221;Middle East&#8221;,&#8221;node_type&#8221;:&#8221;section&#8221;}],&#8221;name&#8221;:&#8221;World&#8221;,&#8221;node_type&#8221;:&#8221;section&#8221;},{&#8220;_id&#8221;:&#8221;\/sport&#8221;,&#8221;children&#8221;:[{&#8220;_id&#8221;:&#8221;\/sport\/rugby&#8221;,&#8221;name&#8221;:&#8221;Rugby&#8221;,&#8221;node_type&#8221;:&#8221;section&#8221;},{&#8220;_id&#8221;:&#8221;\/sport\/gaelic-games&#8221;,&#8221;name&#8221;:&#8221;Gaelic Games&#8221;,&#8221;node_type&#8221;:&#8221;section&#8221;},{&#8220;_id&#8221;:&#8221;\/sport\/soccer&#8221;,&#8221;name&#8221;:&#8221;Soccer&#8221;,&#8221;node_type&#8221;:&#8221;section&#8221;},{&#8220;_id&#8221;:&#8221;\/sport\/golf&#8221;,&#8221;name&#8221;:&#8221;Golf&#8221;,&#8221;node_type&#8221;:&#8221;section&#8221;},{&#8220;_id&#8221;:&#8221;\/sport\/racing&#8221;,&#8221;name&#8221;:&#8221;Racing&#8221;,&#8221;node_type&#8221;:&#8221;section&#8221;},{&#8220;_id&#8221;:&#8221;\/sport\/athletics&#8221;,&#8221;name&#8221;:&#8221;Athletics&#8221;,&#8221;node_type&#8221;:&#8221;section&#8221;},{&#8220;_id&#8221;:&#8221;\/sport\/boxing&#8221;,&#8221;name&#8221;:&#8221;Boxing&#8221;,&#8221;node_type&#8221;:&#8221;section&#8221;},{&#8220;_id&#8221;:&#8221;\/sport\/cycling&#8221;,&#8221;name&#8221;:&#8221;Cycling&#8221;,&#8221;node_type&#8221;:&#8221;section&#8221;},{&#8220;_id&#8221;:&#8221;\/sport\/hockey&#8221;,&#8221;name&#8221;:&#8221;Hockey&#8221;,&#8221;node_type&#8221;:&#8221;section&#8221;},{&#8220;_id&#8221;:&#8221;\/sport\/tennis&#8221;,&#8221;name&#8221;:&#8221;Tennis&#8221;,&#8221;node_type&#8221;:&#8221;section&#8221;}],&#8221;name&#8221;:&#8221;Sport&#8221;,&#8221;node_type&#8221;:&#8221;section&#8221;},{&#8220;_id&#8221;:&#8221;\/your-money&#8221;,&#8221;children&#8221;:[{&#8220;_id&#8221;:&#8221;link-Y4XAEWLBNJH7DOEQJ3UQ4UXOOU&#8221;,&#8221;display_name&#8221;:&#8221;Budget 2026&#8243;,&#8221;node_type&#8221;:&#8221;link&#8221;,&#8221;url&#8221;:&#8221;https:\/\/www.irishtimes.com\/budget\/&#8221;},{&#8220;_id&#8221;:&#8221;link-C1H4ZB3MP50VZ1C521YDGVJEXR&#8221;,&#8221;display_name&#8221;:&#8221;Pricewatch&#8221;,&#8221;node_type&#8221;:&#8221;link&#8221;,&#8221;url&#8221;:&#8221;\/tags\/pricewatch&#8221;}],&#8221;name&#8221;:&#8221;Your Money&#8221;,&#8221;node_type&#8221;:&#8221;section&#8221;},{&#8220;_id&#8221;:&#8221;\/crime-law&#8221;,&#8221;children&#8221;:[{&#8220;_id&#8221;:&#8221;\/crime-law\/courts&#8221;,&#8221;name&#8221;:&#8221;Courts&#8221;,&#8221;node_type&#8221;:&#8221;section&#8221;}],&#8221;name&#8221;:&#8221;Crime &#038; Law&#8221;,&#8221;node_type&#8221;:&#8221;section&#8221;},{&#8220;_id&#8221;:&#8221;\/property&#8221;,&#8221;children&#8221;:[{&#8220;_id&#8221;:&#8221;\/property\/residential&#8221;,&#8221;name&#8221;:&#8221;Residential&#8221;,&#8221;node_type&#8221;:&#8221;section&#8221;},{&#8220;_id&#8221;:&#8221;\/property\/commercial-property&#8221;,&#8221;name&#8221;:&#8221;Commercial Property&#8221;,&#8221;node_type&#8221;:&#8221;section&#8221;},{&#8220;_id&#8221;:&#8221;\/property\/interiors&#8221;,&#8221;name&#8221;:&#8221;Interiors&#8221;,&#8221;node_type&#8221;:&#8221;section&#8221;}],&#8221;name&#8221;:&#8221;Property&#8221;,&#8221;node_type&#8221;:&#8221;section&#8221;},{&#8220;_id&#8221;:&#8221;\/food&#8221;,&#8221;children&#8221;:[{&#8220;_id&#8221;:&#8221;\/food\/drink&#8221;,&#8221;name&#8221;:&#8221;Drink&#8221;,&#8221;node_type&#8221;:&#8221;section&#8221;},{&#8220;_id&#8221;:&#8221;\/food\/recipes&#8221;,&#8221;name&#8221;:&#8221;Recipes&#8221;,&#8221;node_type&#8221;:&#8221;section&#8221;},{&#8220;_id&#8221;:&#8221;\/food\/restaurants&#8221;,&#8221;name&#8221;:&#8221;Restaurants&#8221;,&#8221;node_type&#8221;:&#8221;section&#8221;}],&#8221;name&#8221;:&#8221;Food&#8221;,&#8221;node_type&#8221;:&#8221;section&#8221;},{&#8220;_id&#8221;:&#8221;\/health&#8221;,&#8221;children&#8221;:[{&#8220;_id&#8221;:&#8221;\/health\/your-family&#8221;,&#8221;name&#8221;:&#8221;Your Family&#8221;,&#8221;node_type&#8221;:&#8221;section&#8221;},{&#8220;_id&#8221;:&#8221;\/health\/your-fitness&#8221;,&#8221;name&#8221;:&#8221;Your Fitness&#8221;,&#8221;node_type&#8221;:&#8221;section&#8221;},{&#8220;_id&#8221;:&#8221;\/health\/your-wellness&#8221;,&#8221;name&#8221;:&#8221;Your Wellness&#8221;,&#8221;node_type&#8221;:&#8221;section&#8221;},{&#8220;_id&#8221;:&#8221;\/health\/your-fitness\/get-running&#8221;,&#8221;name&#8221;:&#8221;Get Running&#8221;,&#8221;node_type&#8221;:&#8221;section&#8221;}],&#8221;name&#8221;:&#8221;Health&#8221;,&#8221;node_type&#8221;:&#8221;section&#8221;},{&#8220;_id&#8221;:&#8221;\/life-style&#8221;,&#8221;children&#8221;:[{&#8220;_id&#8221;:&#8221;\/life-style\/fashion&#8221;,&#8221;name&#8221;:&#8221;Fashion&#8221;,&#8221;node_type&#8221;:&#8221;section&#8221;},{&#8220;_id&#8221;:&#8221;link-54NMKENEB5ALXEEOCI6MUIRMDI&#8221;,&#8221;display_name&#8221;:&#8221;Beauty&#8221;,&#8221;node_type&#8221;:&#8221;link&#8221;,&#8221;url&#8221;:&#8221;https:\/\/www.irishtimes.com\/tags\/beauty\/&#8221;},{&#8220;_id&#8221;:&#8221;\/life-style\/fine-art-antiques&#8221;,&#8221;name&#8221;:&#8221;Fine Art &#038; Antiques&#8221;,&#8221;node_type&#8221;:&#8221;section&#8221;},{&#8220;_id&#8221;:&#8221;\/life-style\/gardening&#8221;,&#8221;name&#8221;:&#8221;Gardening&#8221;,&#8221;node_type&#8221;:&#8221;section&#8221;},{&#8220;_id&#8221;:&#8221;\/life-style\/people&#8221;,&#8221;name&#8221;:&#8221;People&#8221;,&#8221;node_type&#8221;:&#8221;section&#8221;},{&#8220;_id&#8221;:&#8221;\/life-style\/travel&#8221;,&#8221;name&#8221;:&#8221;Travel&#8221;,&#8221;node_type&#8221;:&#8221;section&#8221;}],&#8221;name&#8221;:&#8221;Life &#038; Style&#8221;,&#8221;node_type&#8221;:&#8221;section&#8221;},{&#8220;_id&#8221;:&#8221;\/culture&#8221;,&#8221;children&#8221;:[{&#8220;_id&#8221;:&#8221;\/culture\/art&#8221;,&#8221;name&#8221;:&#8221;Art&#8221;,&#8221;node_type&#8221;:&#8221;section&#8221;},{&#8220;_id&#8221;:&#8221;\/culture\/books&#8221;,&#8221;name&#8221;:&#8221;Books&#8221;,&#8221;node_type&#8221;:&#8221;section&#8221;},{&#8220;_id&#8221;:&#8221;\/culture\/film&#8221;,&#8221;name&#8221;:&#8221;Film&#8221;,&#8221;node_type&#8221;:&#8221;section&#8221;},{&#8220;_id&#8221;:&#8221;\/culture\/music&#8221;,&#8221;name&#8221;:&#8221;Music&#8221;,&#8221;node_type&#8221;:&#8221;section&#8221;},{&#8220;_id&#8221;:&#8221;\/culture\/stage&#8221;,&#8221;name&#8221;:&#8221;Stage&#8221;,&#8221;node_type&#8221;:&#8221;section&#8221;},{&#8220;_id&#8221;:&#8221;\/culture\/tv-radio&#8221;,&#8221;name&#8221;:&#8221;TV &#038; Radio&#8221;,&#8221;node_type&#8221;:&#8221;section&#8221;}],&#8221;name&#8221;:&#8221;Culture&#8221;,&#8221;node_type&#8221;:&#8221;section&#8221;},{&#8220;_id&#8221;:&#8221;\/environment&#8221;,&#8221;children&#8221;:[{&#8220;_id&#8221;:&#8221;\/environment\/climate-crisis&#8221;,&#8221;name&#8221;:&#8221;Climate Crisis&#8221;,&#8221;node_type&#8221;:&#8221;section&#8221;}],&#8221;name&#8221;:&#8221;Environment&#8221;,&#8221;node_type&#8221;:&#8221;section&#8221;},{&#8220;_id&#8221;:&#8221;\/technology&#8221;,&#8221;children&#8221;:[{&#8220;_id&#8221;:&#8221;\/technology\/big-tech&#8221;,&#8221;name&#8221;:&#8221;Big Tech&#8221;,&#8221;node_type&#8221;:&#8221;section&#8221;},{&#8220;_id&#8221;:&#8221;\/technology\/consumer-tech&#8221;,&#8221;name&#8221;:&#8221;Consumer Tech&#8221;,&#8221;node_type&#8221;:&#8221;section&#8221;},{&#8220;_id&#8221;:&#8221;\/technology\/data-security&#8221;,&#8221;name&#8221;:&#8221;Data &#038; Security&#8221;,&#8221;node_type&#8221;:&#8221;section&#8221;},{&#8220;_id&#8221;:&#8221;\/technology\/gaming&#8221;,&#8221;name&#8221;:&#8221;Gaming&#8221;,&#8221;node_type&#8221;:&#8221;section&#8221;}],&#8221;name&#8221;:&#8221;Technology&#8221;,&#8221;node_type&#8221;:&#8221;section&#8221;},{&#8220;_id&#8221;:&#8221;\/science&#8221;,&#8221;children&#8221;:[{&#8220;_id&#8221;:&#8221;\/science\/space&#8221;,&#8221;name&#8221;:&#8221;Space&#8221;,&#8221;node_type&#8221;:&#8221;section&#8221;}],&#8221;name&#8221;:&#8221;Science&#8221;,&#8221;node_type&#8221;:&#8221;section&#8221;},{&#8220;_id&#8221;:&#8221;\/media&#8221;,&#8221;children&#8221;:[],&#8221;name&#8221;:&#8221;Media&#8221;,&#8221;node_type&#8221;:&#8221;section&#8221;},{&#8220;_id&#8221;:&#8221;\/abroad&#8221;,&#8221;children&#8221;:[],&#8221;name&#8221;:&#8221;Abroad&#8221;,&#8221;node_type&#8221;:&#8221;section&#8221;},{&#8220;_id&#8221;:&#8221;\/obituaries&#8221;,&#8221;children&#8221;:[],&#8221;name&#8221;:&#8221;Obituaries&#8221;,&#8221;node_type&#8221;:&#8221;section&#8221;},{&#8220;_id&#8221;:&#8221;\/transport&#8221;,&#8221;children&#8221;:[],&#8221;name&#8221;:&#8221;Transport&#8221;,&#8221;node_type&#8221;:&#8221;section&#8221;},{&#8220;_id&#8221;:&#8221;\/motors&#8221;,&#8221;children&#8221;:[{&#8220;_id&#8221;:&#8221;link-9JYG4R2HT934Q3XVN59UWD3R44&#8243;,&#8221;display_name&#8221;:&#8221;Car Reviews&#8221;,&#8221;node_type&#8221;:&#8221;link&#8221;,&#8221;url&#8221;:&#8221;https:\/\/www.irishtimes.com\/motors\/car-reviews\/&#8221;}],&#8221;name&#8221;:&#8221;Motors&#8221;,&#8221;node_type&#8221;:&#8221;section&#8221;},{&#8220;_id&#8221;:&#8221;link-TW6BFCQ2W149F0E26FF5PJ8AEM&#8221;,&#8221;children&#8221;:[],&#8221;display_name&#8221;:&#8221;Listen&#8221;,&#8221;node_type&#8221;:&#8221;link&#8221;,&#8221;url&#8221;:&#8221;https:\/\/www.irishtimes.com\/listen\/&#8221;},{&#8220;_id&#8221;:&#8221;\/podcasts&#8221;,&#8221;children&#8221;:[{&#8220;_id&#8221;:&#8221;\/podcasts\/in-the-news&#8221;,&#8221;name&#8221;:&#8221;In the News Podcast&#8221;,&#8221;node_type&#8221;:&#8221;section&#8221;},{&#8220;_id&#8221;:&#8221;\/podcasts\/the-womens-podcast&#8221;,&#8221;name&#8221;:&#8221;The Women&#8217;s Podcast&#8221;,&#8221;node_type&#8221;:&#8221;section&#8221;},{&#8220;_id&#8221;:&#8221;\/podcasts\/inside-politics&#8221;,&#8221;name&#8221;:&#8221;Inside Politics Podcast&#8221;,&#8221;node_type&#8221;:&#8221;section&#8221;},{&#8220;_id&#8221;:&#8221;\/podcasts\/inside-business&#8221;,&#8221;name&#8221;:&#8221;Inside Business Podcast&#8221;,&#8221;node_type&#8221;:&#8221;section&#8221;},{&#8220;_id&#8221;:&#8221;\/podcasts\/the-counter-ruck&#8221;,&#8221;name&#8221;:&#8221;The Counter Ruck Podcast&#8221;,&#8221;node_type&#8221;:&#8221;section&#8221;},{&#8220;_id&#8221;:&#8221;\/podcasts\/ross-ocarroll-kelly&#8221;,&#8221;name&#8221;:&#8221;Ross O&#8217;Carroll-Kelly&#8221;,&#8221;node_type&#8221;:&#8221;section&#8221;},{&#8220;_id&#8221;:&#8221;\/podcasts\/better-with-money&#8221;,&#8221;name&#8221;:&#8221;Better with Money Podcast&#8221;,&#8221;node_type&#8221;:&#8221;section&#8221;},{&#8220;_id&#8221;:&#8221;\/podcasts\/conversations-with-parents&#8221;,&#8221;name&#8221;:&#8221;Conversations with Parents Podcast&#8221;,&#8221;node_type&#8221;:&#8221;section&#8221;}],&#8221;name&#8221;:&#8221;Podcasts&#8221;,&#8221;node_type&#8221;:&#8221;section&#8221;},{&#8220;_id&#8221;:&#8221;\/video&#8221;,&#8221;children&#8221;:[],&#8221;name&#8221;:&#8221;Video&#8221;,&#8221;node_type&#8221;:&#8221;section&#8221;},{&#8220;_id&#8221;:&#8221;\/photography&#8221;,&#8221;children&#8221;:[],&#8221;name&#8221;:&#8221;Photography&#8221;,&#8221;node_type&#8221;:&#8221;section&#8221;},{&#8220;_id&#8221;:&#8221;\/gaeilge&#8221;,&#8221;children&#8221;:[{&#8220;_id&#8221;:&#8221;\/gaeilge\/sceal&#8221;,&#8221;name&#8221;:&#8221;Sc\u00e9al&#8221;,&#8221;node_type&#8221;:&#8221;section&#8221;},{&#8220;_id&#8221;:&#8221;\/gaeilge\/tuarascail&#8221;,&#8221;name&#8221;:&#8221;Tuarasc\u00e1il&#8221;,&#8221;node_type&#8221;:&#8221;section&#8221;}],&#8221;name&#8221;:&#8221;Gaeilge&#8221;,&#8221;node_type&#8221;:&#8221;section&#8221;},{&#8220;_id&#8221;:&#8221;\/history&#8221;,&#8221;children&#8221;:[{&#8220;_id&#8221;:&#8221;\/history\/century&#8221;,&#8221;name&#8221;:&#8221;Century&#8221;,&#8221;node_type&#8221;:&#8221;section&#8221;}],&#8221;name&#8221;:&#8221;History&#8221;,&#8221;node_type&#8221;:&#8221;section&#8221;},{&#8220;_id&#8221;:&#8221;\/student-hub&#8221;,&#8221;children&#8221;:[],&#8221;name&#8221;:&#8221;Student Hub&#8221;,&#8221;node_type&#8221;:&#8221;section&#8221;},{&#8220;_id&#8221;:&#8221;\/offbeat&#8221;,&#8221;children&#8221;:[],&#8221;name&#8221;:&#8221;Offbeat&#8221;,&#8221;node_type&#8221;:&#8221;section&#8221;},{&#8220;_id&#8221;:&#8221;link-60C66RDFC91ZZ7GZUA0N497XAC&#8221;,&#8221;children&#8221;:[],&#8221;display_name&#8221;:&#8221;Family Notices&#8221;,&#8221;node_type&#8221;:&#8221;link&#8221;,&#8221;url&#8221;:&#8221;https:\/\/notices.irishtimes.com&#8221;},{&#8220;_id&#8221;:&#8221;\/sponsored&#8221;,&#8221;children&#8221;:[{&#8220;_id&#8221;:&#8221;\/advertising-feature&#8221;,&#8221;name&#8221;:&#8221;Advertising Feature&#8221;,&#8221;node_type&#8221;:&#8221;section&#8221;},{&#8220;_id&#8221;:&#8221;\/special-reports&#8221;,&#8221;name&#8221;:&#8221;Special Reports&#8221;,&#8221;node_type&#8221;:&#8221;section&#8221;}],&#8221;name&#8221;:&#8221;Sponsored&#8221;,&#8221;node_type&#8221;:&#8221;section&#8221;},{&#8220;_id&#8221;:&#8221;link-19N4ERU1DD28K2VMDYXMJQ2UV8&#8243;,&#8221;children&#8221;:[],&#8221;display_name&#8221;:&#8221;Subscriber Rewards&#8221;,&#8221;node_type&#8221;:&#8221;link&#8221;,&#8221;url&#8221;:&#8221;https:\/\/www.irishtimes.com\/subscriber-rewards\/&#8221;},{&#8220;_id&#8221;:&#8221;\/competitions&#8221;,&#8221;children&#8221;:[],&#8221;name&#8221;:&#8221;Competitions&#8221;,&#8221;node_type&#8221;:&#8221;section&#8221;},{&#8220;_id&#8221;:&#8221;\/newsletters&#8221;,&#8221;children&#8221;:[],&#8221;name&#8221;:&#8221;Newsletters&#8221;,&#8221;node_type&#8221;:&#8221;section&#8221;},{&#8220;_id&#8221;:&#8221;link-2YA5DNVQF928HEF4EKE1Q0AMEM&#8221;,&#8221;children&#8221;:[],&#8221;display_name&#8221;:&#8221;Weather Forecast&#8221;,&#8221;node_type&#8221;:&#8221;link&#8221;,&#8221;url&#8221;:&#8221;https:\/\/www.irishtimes.com\/weather\/&#8221;}],&#8221;_id&#8221;:&#8221;https:\/\/www.irishtimes.com\/&#8221;},&#8221;expires&#8221;:1759505991430,&#8221;lastModified&#8221;:1759505691337}},&#8221;site-service-hierarchy-it&#8221;:{&#8220;{\\&#8221;arcSite\\&#8221;:\\&#8221;irishtimes\\&#8221;,\\&#8221;hierarchy\\&#8221;:\\&#8221;Logged-in-navigation\\&#8221;}&#8221;:{&#8220;data&#8221;:{&#8220;children&#8221;:[{&#8220;display_name&#8221;:&#8221;My Account;Manage your account&#8221;,&#8221;url&#8221;:&#8221;\/myaccount&#8221;},{&#8220;display_name&#8221;:&#8221;Digital Subscriptions; Frequently asked questions and support&#8221;,&#8221;url&#8221;:&#8221;https:\/\/help.irishtimes.com&#8221;},{&#8220;display_name&#8221;:&#8221;Subscriber Only Articles;Specially selected and available only to our subscribers&#8221;,&#8221;url&#8221;:&#8221;https:\/\/www.irishtimes.com\/subscriber-only\/&#8221;},{&#8220;display_name&#8221;:&#8221;Crosswords &#038; Puzzles;Digital Simplex and Crosaire crosswords&#8221;,&#8221;url&#8221;:&#8221;https:\/\/www.irishtimes.com\/crosswords-puzzles\/&#8221;},{&#8220;display_name&#8221;:&#8221;Subscriber Rewards&#8221;,&#8221;url&#8221;:&#8221;https:\/\/www.irishtimes.com\/subscriber-rewards\/&#8221;},{&#8220;display_name&#8221;:&#8221;Newsletters;Sign up to get the stories you want delivered to your inbox&#8221;,&#8221;url&#8221;:&#8221;https:\/\/www.irishtimes.com\/newsletters\/&#8221;},{&#8220;display_name&#8221;:&#8221;Subscriber Tour;Explore the features of your subscription&#8221;,&#8221;url&#8221;:&#8221;https:\/\/www.irishtimes.com\/your-subscription\/subscription-tour&#8221;},{&#8220;display_name&#8221;:&#8221;Newspaper Archive;150 years of Irish Times journalism&#8221;,&#8221;url&#8221;:&#8221;https:\/\/www.irishtimes.com\/archive\/&#8221;},{&#8220;display_name&#8221;:&#8221;Mobile app;Our Apple and Android apps to read on the go&#8221;,&#8221;url&#8221;:&#8221;\/apps\/&#8221;}],&#8221;_id&#8221;:&#8221;https:\/\/www.irishtimes.com\/&#8221;},&#8221;expires&#8221;:1759506060666,&#8221;lastModified&#8221;:1759505760625},&#8221;{\\&#8221;feature\\&#8221;:\\&#8221;footer\\&#8221;,\\&#8221;hierarchy\\&#8221;:\\&#8221;footer\\&#8221;}&#8221;:{&#8220;data&#8221;:{&#8220;children&#8221;:[{&#8220;_id&#8221;:&#8221;https:\/\/www.irishtimes.com\/subscribe&#8221;,&#8221;children&#8221;:[{&#8220;_id&#8221;:&#8221;link-DGDAM5YPRN6XFDAP5JVDMNAVVC&#8221;,&#8221;display_name&#8221;:&#8221;Why Subscribe?&#8221;,&#8221;node_type&#8221;:&#8221;link&#8221;,&#8221;url&#8221;:&#8221;\/your-subscription\/subscription-tour&#8221;},{&#8220;_id&#8221;:&#8221;link-CM7751G0QH6MZDQGFJ2U872KJW&#8221;,&#8221;display_name&#8221;:&#8221;Subscription Bundles&#8221;,&#8221;node_type&#8221;:&#8221;link&#8221;,&#8221;url&#8221;:&#8221;https:\/\/www.irishtimes.com\/subscribe&#8221;},{&#8220;_id&#8221;:&#8221;link-19N4ERU1DD28K2VMDYXMJQ2UV8&#8243;,&#8221;display_name&#8221;:&#8221;Subscriber Rewards&#8221;,&#8221;node_type&#8221;:&#8221;link&#8221;,&#8221;url&#8221;:&#8221;https:\/\/www.irishtimes.com\/subscriber-rewards\/&#8221;},{&#8220;_id&#8221;:&#8221;link-INNQ4KIFSFDWHLJIC7INQXWWGY&#8221;,&#8221;display_name&#8221;:&#8221;Student Subscription&#8221;,&#8221;node_type&#8221;:&#8221;link&#8221;,&#8221;url&#8221;:&#8221;https:\/\/www.irishtimes.com\/subscribe\/student\/&#8221;},{&#8220;_id&#8221;:&#8221;link-MFHX19ZTJ90JDAV1MZWFRRRCBR&#8221;,&#8221;display_name&#8221;:&#8221;Subscription Help Centre&#8221;,&#8221;node_type&#8221;:&#8221;link&#8221;,&#8221;url&#8221;:&#8221;https:\/\/help.irishtimes.com\/s\/&#8221;},{&#8220;_id&#8221;:&#8221;link-5YM8CZDMVH2CQ08T2B33MHANWR&#8221;,&#8221;display_name&#8221;:&#8221;Home Delivery&#8221;,&#8221;node_type&#8221;:&#8221;link&#8221;,&#8221;url&#8221;:&#8221;http:\/\/www.newsdelivery.ie&#8221;}],&#8221;name&#8221;:&#8221;Subscribe&#8221;,&#8221;node_type&#8221;:&#8221;section&#8221;},{&#8220;_id&#8221;:&#8221;\/support&#8221;,&#8221;children&#8221;:[{&#8220;_id&#8221;:&#8221;link-G3XEUGHAGT79B4DJ5W73WNFQY0&#8243;,&#8221;display_name&#8221;:&#8221;Contact Us&#8221;,&#8221;node_type&#8221;:&#8221;link&#8221;,&#8221;url&#8221;:&#8221;\/about-us\/contact-us&#8221;},{&#8220;_id&#8221;:&#8221;link-C8T475KX5D1KDAW12U8Q12T5MC&#8221;,&#8221;display_name&#8221;:&#8221;Help Centre&#8221;,&#8221;node_type&#8221;:&#8221;link&#8221;,&#8221;url&#8221;:&#8221;https:\/\/help.irishtimes.com\/s\/&#8221;},{&#8220;_id&#8221;:&#8221;link-NV2UTHTYXX1EN982NWZ92BVPZW&#8221;,&#8221;display_name&#8221;:&#8221;My Account&#8221;,&#8221;node_type&#8221;:&#8221;link&#8221;,&#8221;url&#8221;:&#8221;\/myaccount&#8221;}],&#8221;name&#8221;:&#8221;Support&#8221;,&#8221;node_type&#8221;:&#8221;section&#8221;},{&#8220;_id&#8221;:&#8221;\/about-us&#8221;,&#8221;children&#8221;:[{&#8220;_id&#8221;:&#8221;link-Z9KM76KCK1375DMR7HKZ3BAAYG&#8221;,&#8221;display_name&#8221;:&#8221;Advertise&#8221;,&#8221;node_type&#8221;:&#8221;link&#8221;,&#8221;url&#8221;:&#8221;\/about-us\/advertise&#8221;},{&#8220;_id&#8221;:&#8221;link-C0YP70N1BT3BTF13YZ3GQFFW5R&#8221;,&#8221;display_name&#8221;:&#8221;Contact Us&#8221;,&#8221;node_type&#8221;:&#8221;link&#8221;,&#8221;url&#8221;:&#8221;\/about-us\/contact-us&#8221;},{&#8220;_id&#8221;:&#8221;link-HPPYKQZRWN3T10Y4E0NXN002NC&#8221;,&#8221;display_name&#8221;:&#8221;The Irish Times Trust&#8221;,&#8221;node_type&#8221;:&#8221;link&#8221;,&#8221;url&#8221;:&#8221;https:\/\/www.irishtimes.com\/about-us\/the-irish-times-trust\/&#8221;},{&#8220;_id&#8221;:&#8221;link-YV5H3Y4TQH5AVE8N4AUH222RK4&#8243;,&#8221;display_name&#8221;:&#8221;Careers&#8221;,&#8221;node_type&#8221;:&#8221;link&#8221;,&#8221;url&#8221;:&#8221;\/about-us\/career-opportunities&#8221;}],&#8221;name&#8221;:&#8221;About Us&#8221;,&#8221;node_type&#8221;:&#8221;section&#8221;},{&#8220;_id&#8221;:&#8221;\/product-and-services&#8221;,&#8221;children&#8221;:[{&#8220;_id&#8221;:&#8221;link-QR4AME90917AK29M6XVEJMX9N8&#8243;,&#8221;display_name&#8221;:&#8221;ePaper&#8221;,&#8221;node_type&#8221;:&#8221;link&#8221;,&#8221;url&#8221;:&#8221;\/epaper&#8221;},{&#8220;_id&#8221;:&#8221;link-8XJ7X9GPZX2H11NJE3GWW45748&#8243;,&#8221;display_name&#8221;:&#8221;Crosswords &#038; puzzles&#8221;,&#8221;node_type&#8221;:&#8221;link&#8221;,&#8221;url&#8221;:&#8221;https:\/\/www.irishtimes.com\/crosswords-puzzles\/&#8221;},{&#8220;_id&#8221;:&#8221;link-B7ENRD4YCD77ZCV67531F5ZEP8&#8243;,&#8221;display_name&#8221;:&#8221;Newspaper Archive&#8221;,&#8221;node_type&#8221;:&#8221;link&#8221;,&#8221;url&#8221;:&#8221;\/archive&#8221;},{&#8220;_id&#8221;:&#8221;link-7XMTETWQ05553ADVQ26YD2PN5M&#8221;,&#8221;display_name&#8221;:&#8221;Newsletters&#8221;,&#8221;node_type&#8221;:&#8221;link&#8221;,&#8221;url&#8221;:&#8221;\/newsletters&#8221;},{&#8220;_id&#8221;:&#8221;link-QKK62NMCJT4751EU158MVUQ6J8&#8243;,&#8221;display_name&#8221;:&#8221;Article Index&#8221;,&#8221;node_type&#8221;:&#8221;link&#8221;,&#8221;url&#8221;:&#8221;https:\/\/www.irishtimes.com\/article-index\/&#8221;},{&#8220;_id&#8221;:&#8221;link-1YQEPDVX8X06D9BVQXQZ2U9GWM&#8221;,&#8221;display_name&#8221;:&#8221;Discount Codes&#8221;,&#8221;node_type&#8221;:&#8221;link&#8221;,&#8221;url&#8221;:&#8221;https:\/\/discountcodes.irishtimes.com\/&#8221;}],&#8221;name&#8221;:&#8221;Irish Times Products &#038; Services&#8221;,&#8221;node_type&#8221;:&#8221;section&#8221;}],&#8221;_id&#8221;:&#8221;https:\/\/www.irishtimes.com\/&#8221;},&#8221;expires&#8221;:1759506024883,&#8221;lastModified&#8221;:1759505724845},&#8221;{\\&#8221;feature\\&#8221;:\\&#8221;footer\\&#8221;,\\&#8221;hierarchy\\&#8221;:\\&#8221;our-partners\\&#8221;}&#8221;:{&#8220;data&#8221;:{&#8220;children&#8221;:[{&#8220;_id&#8221;:&#8221;link-RZ2ANKYPEH3D10YNR9JVH7VNMC&#8221;,&#8221;display_name&#8221;:&#8221;MyHome.ie&#8221;,&#8221;node_type&#8221;:&#8221;link&#8221;,&#8221;url&#8221;:&#8221;https:\/\/www.myhome.ie&#8221;},{&#8220;_id&#8221;:&#8221;link-B11GV8GN694GF8VF4DABJK72P4&#8243;,&#8221;display_name&#8221;:&#8221;The Gloss&#8221;,&#8221;node_type&#8221;:&#8221;link&#8221;,&#8221;url&#8221;:&#8221;https:\/\/www.thegloss.ie&#8221;},{&#8220;_id&#8221;:&#8221;link-TW1E9G03UX64TE4GX1KT8AC2U8&#8243;,&#8221;display_name&#8221;:&#8221;Recruit Ireland&#8221;,&#8221;node_type&#8221;:&#8221;link&#8221;,&#8221;url&#8221;:&#8221;https:\/\/recruitireland.com\/&#8221;},{&#8220;_id&#8221;:&#8221;link-LTCTRPJE2FGBLF7UZ2SSX7NBME&#8221;,&#8221;display_name&#8221;:&#8221;RIP.ie&#8221;,&#8221;node_type&#8221;:&#8221;link&#8221;,&#8221;url&#8221;:&#8221;https:\/\/rip.ie\/&#8221;}],&#8221;_id&#8221;:&#8221;https:\/\/www.irishtimes.com\/&#8221;},&#8221;expires&#8221;:1759505924140,&#8221;lastModified&#8221;:1759505623990}},&#8221;alert-bar-collections&#8221;:{&#8220;{\\&#8221;from\\&#8221;:0,\\&#8221;site\\&#8221;:\\&#8221;irishtimes\\&#8221;,\\&#8221;size\\&#8221;:1}&#8221;:{&#8220;data&#8221;:{&#8220;_id&#8221;:&#8221;DL4WZLD3QVA55FOFBOQ3ZET6TY&#8221;,&#8221;version&#8221;:&#8221;0.10.6&#8243;,&#8221;created_date&#8221;:&#8221;2022-02-02T13:23:38.460Z&#8221;,&#8221;headlines&#8221;:{&#8220;basic&#8221;:&#8221;Breaking News Alert&#8221;},&#8221;last_updated_date&#8221;:&#8221;2025-10-02T06:11:37.928Z&#8221;,&#8221;type&#8221;:&#8221;collection&#8221;,&#8221;canonical_website&#8221;:&#8221;irishtimes&#8221;,&#8221;content_elements&#8221;:[],&#8221;websites&#8221;:{&#8220;irishtimes&#8221;:{}},&#8221;description&#8221;:{&#8220;basic&#8221;:&#8221;This collection powers the Alert Bar block on the website&#8221;},&#8221;content_aliases&#8221;:[&#8220;alert-bar&#8221;],&#8221;owner&#8221;:{&#8220;id&#8221;:&#8221;irishtimes&#8221;},&#8221;revision&#8221;:{&#8220;branch&#8221;:&#8221;default&#8221;,&#8221;published&#8221;:true},&#8221;canonical_url&#8221;:null,&#8221;publishing&#8221;:{&#8220;scheduled_operations&#8221;:{&#8220;publish_edition&#8221;:[],&#8221;unpublish_edition&#8221;:[]}},&#8221;website&#8221;:&#8221;irishtimes&#8221;},&#8221;expires&#8221;:1759505821096,&#8221;lastModified&#8221;:1759505701052}},&#8221;content-api-collections-it&#8221;:{&#8220;{\\&#8221;content_alias\\&#8221;:\\&#8221;world-highlights\\&#8221;,\\&#8221;feature\\&#8221;:\\&#8221;read-more\\&#8221;,\\&#8221;size\\&#8221;:5}&#8221;:{&#8220;data&#8221;:{&#8220;_id&#8221;:&#8221;MUTMUHJSE5FGTPC2OYR5FKB36Y&#8221;,&#8221;version&#8221;:&#8221;0.10.6&#8243;,&#8221;created_date&#8221;:&#8221;2022-10-17T15:10:21.141Z&#8221;,&#8221;headlines&#8221;:{&#8220;basic&#8221;:&#8221;World Highlights alias=world-highlights&#8221;},&#8221;last_updated_date&#8221;:&#8221;2025-09-25T19:56:59.829Z&#8221;,&#8221;type&#8221;:&#8221;collection&#8221;,&#8221;canonical_website&#8221;:&#8221;irishtimes&#8221;,&#8221;websites&#8221;:{&#8220;irishtimes&#8221;:{}},&#8221;content_elements&#8221;:[{&#8220;additional_properties&#8221;:{&#8220;audio_duration&#8221;:335,&#8221;audio_url&#8221;:&#8221;https:\/\/cdn.beyondwords.io\/audio\/projects\/5469\/podcasts\/70e719cd-23c5-4d25-91d0-cb9ef4d81a69\/versions\/1758914940\/media\/6c0172b59f6c9ec655a6e652a6314097_compiled.mp3&#8243;,&#8221;has_published_copy&#8221;:true,&#8221;is_published&#8221;:false,&#8221;publish_date&#8221;:&#8221;2025-09-27T04:00:00.000Z&#8221;},&#8221;content_elements&#8221;:[],&#8221;related_content&#8221;:{&#8220;basic&#8221;:[],&#8221;clonedChildren&#8221;:[],&#8221;clonedFromParent&#8221;:[]},&#8221;_id&#8221;:&#8221;SOYERDZGY5GFRJMNADFAEAZRJM&#8221;,&#8221;canonical_website&#8221;:&#8221;irishtimes&#8221;,&#8221;content_restrictions&#8221;:{&#8220;content_code&#8221;:&#8221;premium&#8221;},&#8221;credits&#8221;:{&#8220;by&#8221;:[{&#8220;_id&#8221;:&#8221;keith-duggan&#8221;,&#8221;type&#8221;:&#8221;author&#8221;,&#8221;version&#8221;:&#8221;0.5.8&#8243;,&#8221;name&#8221;:&#8221;Keith Duggan&#8221;,&#8221;image&#8221;:{&#8220;url&#8221;:&#8221;https:\/\/s3.amazonaws.com\/arc-authors\/irishtimes\/142e9869-5a99-49bd-a9f5-90adedbadb25.png&#8221;,&#8221;version&#8221;:&#8221;0.5.8&#8243;,&#8221;type&#8221;:&#8221;image&#8221;,&#8221;auth&#8221;:{&#8220;1&#8243;:&#8221;1c06bc7c835e4be10e82a2801f2f5eedf66f511cf61e427371c21f70fb071728&#8243;}},&#8221;description&#8221;:&#8221;Keith Duggan is Washington Correspondent of The Irish Times&#8221;,&#8221;url&#8221;:&#8221;\/author\/keith-duggan\/&#8221;,&#8221;slug&#8221;:&#8221;keith-duggan&#8221;,&#8221;social_links&#8221;:[{&#8220;site&#8221;:&#8221;email&#8221;,&#8221;url&#8221;:&#8221;kduggan@irishtimes.com&#8221;},{&#8220;site&#8221;:&#8221;facebook&#8221;,&#8221;url&#8221;:null},{&#8220;site&#8221;:&#8221;twitter&#8221;,&#8221;url&#8221;:&#8221;KeithDugganIT&#8221;}],&#8221;socialLinks&#8221;:[{&#8220;site&#8221;:&#8221;email&#8221;,&#8221;url&#8221;:&#8221;kduggan@irishtimes.com&#8221;,&#8221;deprecated&#8221;:true,&#8221;deprecation_msg&#8221;:&#8221;Please use social_links.&#8221;},{&#8220;site&#8221;:&#8221;facebook&#8221;,&#8221;url&#8221;:null,&#8221;deprecated&#8221;:true,&#8221;deprecation_msg&#8221;:&#8221;Please use social_links.&#8221;},{&#8220;site&#8221;:&#8221;twitter&#8221;,&#8221;url&#8221;:&#8221;KeithDugganIT&#8221;,&#8221;deprecated&#8221;:true,&#8221;deprecation_msg&#8221;:&#8221;Please use social_links.&#8221;}],&#8221;additional_properties&#8221;:{&#8220;original&#8221;:{&#8220;_id&#8221;:&#8221;keith-duggan&#8221;,&#8221;byline&#8221;:&#8221;Keith Duggan&#8221;,&#8221;slug&#8221;:&#8221;keith-duggan&#8221;,&#8221;firstName&#8221;:&#8221;Keith&#8221;,&#8221;lastName&#8221;:&#8221;Duggan&#8221;,&#8221;middleName&#8221;:null,&#8221;bio&#8221;:&#8221;Keith Duggan is Washington Correspondent of The Irish Times&#8221;,&#8221;longBio&#8221;:&#8221;Keith Duggan is Washington Correspondent of The Irish Times&#8221;,&#8221;role&#8221;:&#8221;Washington Correspondent&#8221;,&#8221;author_type&#8221;:&#8221;Staff&#8221;,&#8221;twitter&#8221;:&#8221;KeithDugganIT&#8221;,&#8221;facebook&#8221;:null,&#8221;status&#8221;:true,&#8221;image&#8221;:&#8221;https:\/\/s3.amazonaws.com\/arc-authors\/irishtimes\/142e9869-5a99-49bd-a9f5-90adedbadb25.png&#8221;,&#8221;books&#8221;:[],&#8221;podcasts&#8221;:[],&#8221;education&#8221;:[],&#8221;awards&#8221;:[],&#8221;last_updated_date&#8221;:&#8221;2024-01-18T10:54:48.116Z&#8221;,&#8221;email&#8221;:&#8221;kduggan@irishtimes.com&#8221;,&#8221;type&#8221;:&#8221;author&#8221;,&#8221;bio_page&#8221;:&#8221;\/author\/keith-duggan\/&#8221;,&#8221;ansImage&#8221;:{&#8220;type&#8221;:&#8221;image&#8221;,&#8221;url&#8221;:&#8221;https:\/\/s3.amazonaws.com\/arc-authors\/irishtimes\/142e9869-5a99-49bd-a9f5-90adedbadb25.png&#8221;,&#8221;auth&#8221;:{&#8220;1&#8243;:&#8221;1c06bc7c835e4be10e82a2801f2f5eedf66f511cf61e427371c21f70fb071728&#8243;}}}}}]},&#8221;description&#8221;:{&#8220;basic&#8221;:&#8221;It doesn\u2019t take long to get a sense of the sheer immensity of the land mass and the cosmic gall behind Trump\u2019s `51st\u00a0state\u2019 insult&#8221;},&#8221;display_date&#8221;:&#8221;2025-09-27T04:00:00Z&#8221;,&#8221;distributor&#8221;:{&#8220;category&#8221;:&#8221;staff&#8221;,&#8221;name&#8221;:&#8221;irishtimes&#8221;,&#8221;subcategory&#8221;:&#8221;&#8221;},&#8221;headlines&#8221;:{&#8220;basic&#8221;:&#8221;For Canadians, relaxation comes naturally, even when the Taoiseach brings the rain&#8221;,&#8221;meta_title&#8221;:&#8221;&#8221;,&#8221;mobile&#8221;:&#8221;&#8221;,&#8221;native&#8221;:&#8221;&#8221;,&#8221;print&#8221;:&#8221;&#8221;,&#8221;table&#8221;:&#8221;&#8221;,&#8221;tablet&#8221;:&#8221;&#8221;,&#8221;web&#8221;:&#8221;&#8221;},&#8221;label&#8221;:{&#8220;audio_project_id&#8221;:{&#8220;display&#8221;:true,&#8221;text&#8221;:&#8221;5469&#8243;},&#8221;related_collection&#8221;:{&#8220;display&#8221;:true,&#8221;text&#8221;:&#8221;world-highlights&#8221;,&#8221;url&#8221;:&#8221;&#8221;},&#8221;transparency&#8221;:{&#8220;display&#8221;:true,&#8221;text&#8221;:&#8221;Canada Letter&#8221;}},&#8221;language&#8221;:&#8221;&#8221;,&#8221;owner&#8221;:{&#8220;sponsored&#8221;:false},&#8221;promo_items&#8221;:{&#8220;basic&#8221;:{&#8220;_id&#8221;:&#8221;FTBJUHG5YVDOHKK674ZDNJNLC4&#8243;,&#8221;additional_properties&#8221;:{&#8220;fullSizeResizeUrl&#8221;:&#8221;\/resizer\/v2\/FTBJUHG5YVDOHKK674ZDNJNLC4.jpg?auth=6066a5d0a42b45df0b43029325857d7852da853c096417ec9a6e642a0491bb27&#8243;,&#8221;galleries&#8221;:[],&#8221;ingestionMethod&#8221;:&#8221;manual&#8221;,&#8221;keywords&#8221;:[],&#8221;mime_type&#8221;:&#8221;image\/jpeg&#8221;,&#8221;originalName&#8221;:&#8221;BylineArtboard 1 copy 15columnists.jpg&#8221;,&#8221;originalUrl&#8221;:&#8221;https:\/\/cloudfront-eu-central-1.images.arcpublishing.com\/irishtimes\/FTBJUHG5YVDOHKK674ZDNJNLC4.jpg&#8221;,&#8221;owner&#8221;:&#8221;pscott@irishtimes.com&#8221;,&#8221;proxyUrl&#8221;:&#8221;\/resizer\/v2\/FTBJUHG5YVDOHKK674ZDNJNLC4.jpg?auth=6066a5d0a42b45df0b43029325857d7852da853c096417ec9a6e642a0491bb27&#8243;,&#8221;published&#8221;:true,&#8221;resizeUrl&#8221;:&#8221;\/resizer\/v2\/FTBJUHG5YVDOHKK674ZDNJNLC4.jpg?auth=6066a5d0a42b45df0b43029325857d7852da853c096417ec9a6e642a0491bb27&#8243;,&#8221;restricted&#8221;:false,&#8221;thumbnailResizeUrl&#8221;:&#8221;\/resizer\/v2\/FTBJUHG5YVDOHKK674ZDNJNLC4.jpg?auth=6066a5d0a42b45df0b43029325857d7852da853c096417ec9a6e642a0491bb27&#038;width=300&#8243;,&#8221;usage_instructions&#8221;:&#8221;Displayed credit should be to The Irish Times. No other caption info needed on front end, but ensure alt text outlines what graphic shows&#8221;,&#8221;version&#8221;:3,&#8221;template_id&#8221;:286},&#8221;address&#8221;:{},&#8221;alt_text&#8221;:&#8221;Columnists 21\/02\/25&#8243;,&#8221;auth&#8221;:{&#8220;1&#8243;:&#8221;6066a5d0a42b45df0b43029325857d7852da853c096417ec9a6e642a0491bb27&#8243;},&#8221;caption&#8221;:&#8221;Keith Duggan&#8221;,&#8221;copyright&#8221;:&#8221;The Irish Times &#8220;,&#8221;created_date&#8221;:&#8221;2025-02-21T16:34:38Z&#8221;,&#8221;credits&#8221;:{&#8220;by&#8221;:[]},&#8221;distributor&#8221;:{&#8220;category&#8221;:&#8221;staff&#8221;,&#8221;mode&#8221;:&#8221;custom&#8221;,&#8221;name&#8221;:&#8221;Irish Times Premedia&#8221;},&#8221;focal_point&#8221;:{&#8220;x&#8221;:768,&#8221;y&#8221;:517},&#8221;geo&#8221;:{},&#8221;height&#8221;:1001,&#8221;image_type&#8221;:&#8221;graphic&#8221;,&#8221;last_updated_date&#8221;:&#8221;2025-03-26T12:47:18Z&#8221;,&#8221;licensable&#8221;:false,&#8221;owner&#8221;:{&#8220;id&#8221;:&#8221;irishtimes&#8221;,&#8221;sponsored&#8221;:false},&#8221;source&#8221;:{&#8220;name&#8221;:&#8221;Irish Times Premedia&#8221;,&#8221;source_type&#8221;:&#8221;staff&#8221;,&#8221;additional_properties&#8221;:{&#8220;editor&#8221;:&#8221;photo center&#8221;},&#8221;edit_url&#8221;:&#8221;&#8221;,&#8221;system&#8221;:&#8221;photo center&#8221;},&#8221;subtitle&#8221;:&#8221;Columnists 21\/02\/25&#8243;,&#8221;taxonomy&#8221;:{&#8220;associated_tasks&#8221;:[]},&#8221;type&#8221;:&#8221;image&#8221;,&#8221;url&#8221;:&#8221;https:\/\/cloudfront-eu-central-1.images.arcpublishing.com\/irishtimes\/FTBJUHG5YVDOHKK674ZDNJNLC4.jpg&#8221;,&#8221;version&#8221;:&#8221;0.10.9&#8243;,&#8221;width&#8221;:1501,&#8221;syndication&#8221;:{}},&#8221;lead_art&#8221;:{&#8220;_id&#8221;:&#8221;UWV5B3UCRNBL3KW2KQOVDMZJ5I&#8221;,&#8221;additional_properties&#8221;:{&#8220;fullSizeResizeUrl&#8221;:&#8221;\/resizer\/v2\/UWV5B3UCRNBL3KW2KQOVDMZJ5I.jpg?auth=d0aa43dbd8b138dd32fda334635259f38d23dac03efc6b76ecb6b5811b4df280&#8243;,&#8221;galleries&#8221;:[],&#8221;ingestionMethod&#8221;:&#8221;manual&#8221;,&#8221;keywords&#8221;:[&#8220;canadian pm mark carney&#8221;,&#8221;miche\u00e1l martin&#8221;,&#8221;otttawa&#8221;,&#8221;taoiseach miche\u00e1l martin&#8221;],&#8221;mime_type&#8221;:&#8221;image\/jpeg&#8221;,&#8221;originalName&#8221;:&#8221;canada02.jpg&#8221;,&#8221;originalUrl&#8221;:&#8221;https:\/\/cloudfront-eu-central-1.images.arcpublishing.com\/irishtimes\/UWV5B3UCRNBL3KW2KQOVDMZJ5I.jpg&#8221;,&#8221;owner&#8221;:&#8221;lhutton@irishtimes.com&#8221;,&#8221;proxyUrl&#8221;:&#8221;\/resizer\/v2\/UWV5B3UCRNBL3KW2KQOVDMZJ5I.jpg?auth=d0aa43dbd8b138dd32fda334635259f38d23dac03efc6b76ecb6b5811b4df280&#8243;,&#8221;published&#8221;:true,&#8221;resizeUrl&#8221;:&#8221;\/resizer\/v2\/UWV5B3UCRNBL3KW2KQOVDMZJ5I.jpg?auth=d0aa43dbd8b138dd32fda334635259f38d23dac03efc6b76ecb6b5811b4df280&#8243;,&#8221;restricted&#8221;:false,&#8221;takenOn&#8221;:&#8221;2025-09-25T07:57:00Z&#8221;,&#8221;thumbnailResizeUrl&#8221;:&#8221;\/resizer\/v2\/UWV5B3UCRNBL3KW2KQOVDMZJ5I.jpg?auth=d0aa43dbd8b138dd32fda334635259f38d23dac03efc6b76ecb6b5811b4df280&#038;width=300&#8243;,&#8221;usage_instructions&#8221;:&#8221;Supplied for use with articles that mention the person, event, film, product or brand etc shown in the image. Other uses may not be authorised.&#8221;,&#8221;version&#8221;:1,&#8221;template_id&#8221;:284},&#8221;address&#8221;:{},&#8221;auth&#8221;:{&#8220;1&#8243;:&#8221;d0aa43dbd8b138dd32fda334635259f38d23dac03efc6b76ecb6b5811b4df280&#8243;},&#8221;caption&#8221;:&#8221;Canadian prime minister Mark Carney and Taoiseach Miche\u00e1l Martin in Ottawa. Photograph: GIS&#8221;,&#8221;copyright&#8221;:&#8221;\ufffd 2025 Colleen Anne Photography, all rights reserved.&#8221;,&#8221;created_date&#8221;:&#8221;2025-09-25T16:55:54Z&#8221;,&#8221;credits&#8221;:{&#8220;affiliation&#8221;:[{&#8220;name&#8221;:&#8221;Colleen Anne Photography&#8221;,&#8221;type&#8221;:&#8221;author&#8221;}],&#8221;by&#8221;:[{&#8220;byline&#8221;:&#8221;Colleen Anne Photography&#8221;,&#8221;name&#8221;:&#8221;Colleen Anne Photography&#8221;,&#8221;type&#8221;:&#8221;author&#8221;}]},&#8221;distributor&#8221;:{&#8220;category&#8221;:&#8221;handout&#8221;,&#8221;mode&#8221;:&#8221;custom&#8221;,&#8221;name&#8221;:&#8221;PR\/Handout&#8221;},&#8221;height&#8221;:4172,&#8221;image_type&#8221;:&#8221;photograph&#8221;,&#8221;last_updated_date&#8221;:&#8221;2025-09-25T16:56:14Z&#8221;,&#8221;licensable&#8221;:false,&#8221;owner&#8221;:{&#8220;id&#8221;:&#8221;irishtimes&#8221;,&#8221;sponsored&#8221;:false},&#8221;source&#8221;:{&#8220;name&#8221;:&#8221;PR\/Handout&#8221;,&#8221;source_type&#8221;:&#8221;handout&#8221;,&#8221;additional_properties&#8221;:{&#8220;editor&#8221;:&#8221;photo center&#8221;},&#8221;edit_url&#8221;:&#8221;&#8221;,&#8221;system&#8221;:&#8221;photo center&#8221;},&#8221;subtitle&#8221;:&#8221;Taoiseach Martin Visit to Ottawa&#8221;,&#8221;taxonomy&#8221;:{},&#8221;type&#8221;:&#8221;image&#8221;,&#8221;url&#8221;:&#8221;https:\/\/cloudfront-eu-central-1.images.arcpublishing.com\/irishtimes\/UWV5B3UCRNBL3KW2KQOVDMZJ5I.jpg&#8221;,&#8221;version&#8221;:&#8221;0.10.9&#8243;,&#8221;width&#8221;:6016,&#8221;planning&#8221;:{&#8220;internal_note&#8221;:&#8221;Please add the email address or phone number of the publicist or contact who provided The Irish Times with his photograph, or add the URL of the publicity\/press website you downloaded it from. This will help us to resolve any future copyright queries.&#8221;}}},&#8221;publish_date&#8221;:&#8221;2025-09-27T04:00:00.000Z&#8221;,&#8221;revision&#8221;:{&#8220;published&#8221;:true,&#8221;revision_id&#8221;:&#8221;KS25A2TN2RF6FIZV46PZVFO6TU&#8221;},&#8221;subheadlines&#8221;:{&#8220;basic&#8221;:&#8221;It doesn\u2019t take long to get a sense of the sheer immensity of the land mass and the cosmic gall behind Trump\u2019s \u201851st\u00a0state\u2019 insult&#8221;},&#8221;subtype&#8221;:&#8221;columnist&#8221;,&#8221;taxonomy&#8221;:{&#8220;primary_section&#8221;:{&#8220;_id&#8221;:&#8221;\/world\/us&#8221;,&#8221;_website&#8221;:&#8221;irishtimes&#8221;,&#8221;type&#8221;:&#8221;section&#8221;,&#8221;version&#8221;:&#8221;0.6.0&#8243;,&#8221;name&#8221;:&#8221;US&#8221;,&#8221;path&#8221;:&#8221;\/world\/us&#8221;,&#8221;parent_id&#8221;:&#8221;\/world&#8221;,&#8221;parent&#8221;:{&#8220;default&#8221;:&#8221;\/world&#8221;},&#8221;additional_properties&#8221;:{&#8220;original&#8221;:{&#8220;_id&#8221;:&#8221;\/world\/us&#8221;,&#8221;_website&#8221;:&#8221;irishtimes&#8221;,&#8221;name&#8221;:&#8221;US&#8221;,&#8221;inactive&#8221;:false,&#8221;ancestors&#8221;:{&#8220;+ add&#8221;:[&#8220;\/world&#8221;],&#8221;App-Hamburger&#8221;:[&#8220;\/world&#8221;,&#8221;https:\/\/www.irishtimes.com\/&#8221;],&#8221;hamburger-menu&#8221;:[&#8220;\/world&#8221;,&#8221;https:\/\/www.irishtimes.com\/&#8221;],&#8221;Mobile-Links-Navigation&#8221;:[],&#8221;navbar&#8221;:[],&#8221;Comopser&#8221;:[],&#8221;section-page-subnavs&#8221;:[&#8220;\/world&#8221;,&#8221;https:\/\/www.irishtimes.com\/&#8221;]},&#8221;parent&#8221;:{&#8220;default&#8221;:&#8221;\/world&#8221;,&#8221;+ add&#8221;:&#8221;\/world&#8221;,&#8221;App-Hamburger&#8221;:&#8221;\/world&#8221;,&#8221;hamburger-menu&#8221;:&#8221;\/world&#8221;,&#8221;Mobile-Links-Navigation&#8221;:null,&#8221;navbar&#8221;:null,&#8221;navbar-NU&#8221;:null,&#8221;Comopser&#8221;:null,&#8221;composer-relevant-sections&#8221;:&#8221;\/world&#8221;,&#8221;section-page-subnavs&#8221;:&#8221;\/world&#8221;,&#8221;sitemap-section&#8221;:null},&#8221;order&#8221;:{&#8220;default&#8221;:2009,&#8221;+ add&#8221;:2008,&#8221;App-Hamburger&#8221;:2003,&#8221;hamburger-menu&#8221;:2003,&#8221;composer-relevant-sections&#8221;:2009,&#8221;section-page-subnavs&#8221;:2004},&#8221;Paywall&#8221;:{&#8220;paywall-status&#8221;:&#8221;free&#8221;},&#8221;_admin&#8221;:{&#8220;alias_ids&#8221;:[&#8220;\/world\/us&#8221;]},&#8221;metadata&#8221;:{&#8220;metadata_description&#8221;:&#8221;Stay informed with the latest US news, breaking headlines, and in-depth analysis from our correspondent in Washington. Brought to you by Ireland&#8217;s quality news brand, The Irish Times&#8221;,&#8221;metadata_title&#8221;:&#8221;US News | Breaking Updates &#038; Analysis from the United States | The Irish Times&#8221;},&#8221;navigation&#8221;:{&#8220;nav_title&#8221;:&#8221;US&#8221;},&#8221;node_type&#8221;:&#8221;section&#8221;}},&#8221;_website_section_id&#8221;:&#8221;irishtimes.\/world\/us&#8221;},&#8221;primary_site&#8221;:{&#8220;_id&#8221;:&#8221;\/world\/us&#8221;,&#8221;type&#8221;:&#8221;site&#8221;,&#8221;version&#8221;:&#8221;0.5.8&#8243;,&#8221;name&#8221;:&#8221;US&#8221;,&#8221;path&#8221;:&#8221;\/world\/us&#8221;,&#8221;parent_id&#8221;:&#8221;\/world&#8221;,&#8221;additional_properties&#8221;:{&#8220;original&#8221;:{&#8220;_id&#8221;:&#8221;\/world\/us&#8221;,&#8221;name&#8221;:&#8221;US&#8221;,&#8221;inactive&#8221;:false,&#8221;ancestors&#8221;:{&#8220;+ add&#8221;:[&#8220;\/world&#8221;],&#8221;App-Hamburger&#8221;:[&#8220;\/world&#8221;,&#8221;https:\/\/www.irishtimes.com\/&#8221;],&#8221;hamburger-menu&#8221;:[&#8220;\/world&#8221;,&#8221;https:\/\/www.irishtimes.com\/&#8221;],&#8221;Mobile-Links-Navigation&#8221;:[],&#8221;navbar&#8221;:[],&#8221;Comopser&#8221;:[],&#8221;section-page-subnavs&#8221;:[&#8220;\/world&#8221;,&#8221;https:\/\/www.irishtimes.com\/&#8221;]},&#8221;parent&#8221;:{&#8220;default&#8221;:&#8221;\/world&#8221;,&#8221;+ add&#8221;:&#8221;\/world&#8221;,&#8221;App-Hamburger&#8221;:&#8221;\/world&#8221;,&#8221;hamburger-menu&#8221;:&#8221;\/world&#8221;,&#8221;Mobile-Links-Navigation&#8221;:null,&#8221;navbar&#8221;:null,&#8221;navbar-NU&#8221;:null,&#8221;Comopser&#8221;:null,&#8221;composer-relevant-sections&#8221;:&#8221;\/world&#8221;,&#8221;section-page-subnavs&#8221;:&#8221;\/world&#8221;,&#8221;sitemap-section&#8221;:null},&#8221;order&#8221;:{&#8220;default&#8221;:2009,&#8221;+ add&#8221;:2008,&#8221;App-Hamburger&#8221;:2003,&#8221;hamburger-menu&#8221;:2003,&#8221;composer-relevant-sections&#8221;:2009,&#8221;section-page-subnavs&#8221;:2004},&#8221;Paywall&#8221;:{&#8220;paywall-status&#8221;:&#8221;free&#8221;},&#8221;_admin&#8221;:{&#8220;alias_ids&#8221;:[&#8220;\/world\/us&#8221;]},&#8221;metadata&#8221;:{&#8220;metadata_description&#8221;:&#8221;Stay informed with the latest US news, breaking headlines, and in-depth analysis from our correspondent in Washington. Brought to you by Ireland&#8217;s quality news brand, The Irish Times&#8221;,&#8221;metadata_title&#8221;:&#8221;US News | Breaking Updates &#038; Analysis from the United States | The Irish Times&#8221;},&#8221;navigation&#8221;:{&#8220;nav_title&#8221;:&#8221;US&#8221;}}}},&#8221;sections&#8221;:[{&#8220;_id&#8221;:&#8221;\/world\/us&#8221;,&#8221;_website&#8221;:&#8221;irishtimes&#8221;,&#8221;type&#8221;:&#8221;section&#8221;,&#8221;version&#8221;:&#8221;0.6.0&#8243;,&#8221;name&#8221;:&#8221;US&#8221;,&#8221;path&#8221;:&#8221;\/world\/us&#8221;,&#8221;parent_id&#8221;:&#8221;\/world&#8221;,&#8221;parent&#8221;:{&#8220;default&#8221;:&#8221;\/world&#8221;},&#8221;additional_properties&#8221;:{&#8220;original&#8221;:{&#8220;_id&#8221;:&#8221;\/world\/us&#8221;,&#8221;_website&#8221;:&#8221;irishtimes&#8221;,&#8221;name&#8221;:&#8221;US&#8221;,&#8221;inactive&#8221;:false,&#8221;ancestors&#8221;:{&#8220;+ add&#8221;:[&#8220;\/world&#8221;],&#8221;App-Hamburger&#8221;:[&#8220;\/world&#8221;,&#8221;https:\/\/www.irishtimes.com\/&#8221;],&#8221;hamburger-menu&#8221;:[&#8220;\/world&#8221;,&#8221;https:\/\/www.irishtimes.com\/&#8221;],&#8221;Mobile-Links-Navigation&#8221;:[],&#8221;navbar&#8221;:[],&#8221;Comopser&#8221;:[],&#8221;section-page-subnavs&#8221;:[&#8220;\/world&#8221;,&#8221;https:\/\/www.irishtimes.com\/&#8221;]},&#8221;parent&#8221;:{&#8220;default&#8221;:&#8221;\/world&#8221;,&#8221;+ add&#8221;:&#8221;\/world&#8221;,&#8221;App-Hamburger&#8221;:&#8221;\/world&#8221;,&#8221;hamburger-menu&#8221;:&#8221;\/world&#8221;,&#8221;Mobile-Links-Navigation&#8221;:null,&#8221;navbar&#8221;:null,&#8221;navbar-NU&#8221;:null,&#8221;Comopser&#8221;:null,&#8221;composer-relevant-sections&#8221;:&#8221;\/world&#8221;,&#8221;section-page-subnavs&#8221;:&#8221;\/world&#8221;,&#8221;sitemap-section&#8221;:null},&#8221;order&#8221;:{&#8220;default&#8221;:2009,&#8221;+ add&#8221;:2008,&#8221;App-Hamburger&#8221;:2003,&#8221;hamburger-menu&#8221;:2003,&#8221;composer-relevant-sections&#8221;:2009,&#8221;section-page-subnavs&#8221;:2004},&#8221;Paywall&#8221;:{&#8220;paywall-status&#8221;:&#8221;free&#8221;},&#8221;_admin&#8221;:{&#8220;alias_ids&#8221;:[&#8220;\/world\/us&#8221;]},&#8221;metadata&#8221;:{&#8220;metadata_description&#8221;:&#8221;Stay informed with the latest US news, breaking headlines, and in-depth analysis from our correspondent in Washington. Brought to you by Ireland&#8217;s quality news brand, The Irish Times&#8221;,&#8221;metadata_title&#8221;:&#8221;US News | Breaking Updates &#038; Analysis from the United States | The Irish Times&#8221;},&#8221;navigation&#8221;:{&#8220;nav_title&#8221;:&#8221;US&#8221;},&#8221;node_type&#8221;:&#8221;section&#8221;}},&#8221;_website_section_id&#8221;:&#8221;irishtimes.\/world\/us&#8221;},{&#8220;_id&#8221;:&#8221;\/world&#8221;,&#8221;_website&#8221;:&#8221;irishtimes&#8221;,&#8221;type&#8221;:&#8221;section&#8221;,&#8221;version&#8221;:&#8221;0.6.0&#8243;,&#8221;name&#8221;:&#8221;World&#8221;,&#8221;path&#8221;:&#8221;\/world&#8221;,&#8221;parent_id&#8221;:&#8221;https:\/\/www.irishtimes.com\/&#8221;,&#8221;parent&#8221;:{&#8220;default&#8221;:&#8221;https:\/\/www.irishtimes.com\/&#8221;},&#8221;additional_properties&#8221;:{&#8220;original&#8221;:{&#8220;_id&#8221;:&#8221;\/world&#8221;,&#8221;_website&#8221;:&#8221;irishtimes&#8221;,&#8221;name&#8221;:&#8221;World&#8221;,&#8221;inactive&#8221;:false,&#8221;ancestors&#8221;:{&#8220;Mobile-Links-Navigation&#8221;:[],&#8221;App-Hamburger&#8221;:[&#8220;https:\/\/www.irishtimes.com\/&#8221;],&#8221;hamburger-menu&#8221;:[&#8220;https:\/\/www.irishtimes.com\/&#8221;],&#8221;navbar&#8221;:[],&#8221;Comopser&#8221;:[],&#8221;App-Links-Navigation&#8221;:[&#8220;https:\/\/www.irishtimes.com\/&#8221;],&#8221;HP-under-masthead&#8221;:[&#8220;https:\/\/www.irishtimes.com\/&#8221;],&#8221;section-page-subnavs&#8221;:[&#8220;https:\/\/www.irishtimes.com\/&#8221;],&#8221;composer-relevant-sections&#8221;:[&#8220;https:\/\/www.irishtimes.com\/&#8221;],&#8221;sitemap-section&#8221;:[&#8220;https:\/\/www.irishtimes.com\/&#8221;],&#8221;default&#8221;:[&#8220;https:\/\/www.irishtimes.com\/&#8221;]},&#8221;parent&#8221;:{&#8220;default&#8221;:&#8221;https:\/\/www.irishtimes.com\/&#8221;,&#8221;Mobile-Links-Navigation&#8221;:null,&#8221;App-Hamburger&#8221;:&#8221;https:\/\/www.irishtimes.com\/&#8221;,&#8221;hamburger-menu&#8221;:&#8221;https:\/\/www.irishtimes.com\/&#8221;,&#8221;navbar&#8221;:null,&#8221;navbar-NU&#8221;:null,&#8221;Comopser&#8221;:null,&#8221;composer-relevant-sections&#8221;:&#8221;https:\/\/www.irishtimes.com\/&#8221;,&#8221;section-page-subnavs&#8221;:&#8221;https:\/\/www.irishtimes.com\/&#8221;,&#8221;App-Links-Navigation&#8221;:&#8221;https:\/\/www.irishtimes.com\/&#8221;,&#8221;sitemap-section&#8221;:&#8221;https:\/\/www.irishtimes.com\/&#8221;,&#8221;HP-under-masthead&#8221;:&#8221;https:\/\/www.irishtimes.com\/&#8221;},&#8221;order&#8221;:{&#8220;default&#8221;:1027,&#8221;App-Hamburger&#8221;:1009,&#8221;hamburger-menu&#8221;:1009,&#8221;composer-relevant-sections&#8221;:1006,&#8221;section-page-subnavs&#8221;:1005,&#8221;App-Links-Navigation&#8221;:1004,&#8221;sitemap-section&#8221;:1006,&#8221;HP-under-masthead&#8221;:1003},&#8221;Article Promo&#8221;:{&#8220;content&#8221;:{&#8220;whatsapp&#8221;:&#8221;Join The Irish Times on <a href=\\\"https:\/\/www.whatsApp.com\/channel\/0029VaBlegFFXUuflSI6yL3d\\\" target=new>WhatsApp<\/a> and stay up to date&#8221;,&#8221;bell&#8221;:&#8221;Sign up for <a href=\\\"https:\/\/www.irishtimes.com\/media\/2023\/11\/07\/stay-informed-with-push-alerts-from-the-irish-times-delivered-straight-to-your-phone\/\\\" target=new>push alerts<\/a> to get the best breaking news, analysis and comment delivered directly to your phone&#8221;,&#8221;headphones&#8221;:&#8221;Listen to <a href=\\\"https:\/\/www.irishtimes.com\/podcasts\/in-the-news\/\\\" target=new>In The News<\/a> podcast daily for a deep dive on the stories that matter&#8221;},&#8221;header_text&#8221;:null,&#8221;header_url&#8221;:null,&#8221;image&#8221;:null,&#8221;image_alt&#8221;:null},&#8221;Newsletter&#8221;:{&#8220;newsletterid&#8221;:&#8221;News Digest&#8221;},&#8221;Paywall&#8221;:{&#8220;paywall-status&#8221;:&#8221;free&#8221;},&#8221;_admin&#8221;:{&#8220;alias_ids&#8221;:[&#8220;\/world&#8221;]},&#8221;metadata&#8221;:{&#8220;metadata_description&#8221;:&#8221;Stay informed with the latest global news, breaking headlines, and in-depth analysis from our correspondents around the world. Brought to you by Ireland&#8217;s quality news brand, The Irish Times&#8221;,&#8221;metadata_title&#8221;:&#8221;World News | Breaking Updates &#038; Analysis from around the Globe | The Irish Times&#8221;},&#8221;navigation&#8221;:{&#8220;nav_title&#8221;:&#8221;World&#8221;},&#8221;node_type&#8221;:&#8221;section&#8221;}},&#8221;_website_section_id&#8221;:&#8221;irishtimes.\/world&#8221;}],&#8221;sites&#8221;:[{&#8220;_id&#8221;:&#8221;\/world\/us&#8221;,&#8221;type&#8221;:&#8221;site&#8221;,&#8221;version&#8221;:&#8221;0.5.8&#8243;,&#8221;name&#8221;:&#8221;US&#8221;,&#8221;path&#8221;:&#8221;\/world\/us&#8221;,&#8221;parent_id&#8221;:&#8221;\/world&#8221;,&#8221;additional_properties&#8221;:{&#8220;original&#8221;:{&#8220;_id&#8221;:&#8221;\/world\/us&#8221;,&#8221;name&#8221;:&#8221;US&#8221;,&#8221;inactive&#8221;:false,&#8221;ancestors&#8221;:{&#8220;+ add&#8221;:[&#8220;\/world&#8221;],&#8221;App-Hamburger&#8221;:[&#8220;\/world&#8221;,&#8221;https:\/\/www.irishtimes.com\/&#8221;],&#8221;hamburger-menu&#8221;:[&#8220;\/world&#8221;,&#8221;https:\/\/www.irishtimes.com\/&#8221;],&#8221;Mobile-Links-Navigation&#8221;:[],&#8221;navbar&#8221;:[],&#8221;Comopser&#8221;:[],&#8221;section-page-subnavs&#8221;:[&#8220;\/world&#8221;,&#8221;https:\/\/www.irishtimes.com\/&#8221;]},&#8221;parent&#8221;:{&#8220;default&#8221;:&#8221;\/world&#8221;,&#8221;+ add&#8221;:&#8221;\/world&#8221;,&#8221;App-Hamburger&#8221;:&#8221;\/world&#8221;,&#8221;hamburger-menu&#8221;:&#8221;\/world&#8221;,&#8221;Mobile-Links-Navigation&#8221;:null,&#8221;navbar&#8221;:null,&#8221;navbar-NU&#8221;:null,&#8221;Comopser&#8221;:null,&#8221;composer-relevant-sections&#8221;:&#8221;\/world&#8221;,&#8221;section-page-subnavs&#8221;:&#8221;\/world&#8221;,&#8221;sitemap-section&#8221;:null},&#8221;order&#8221;:{&#8220;default&#8221;:2009,&#8221;+ add&#8221;:2008,&#8221;App-Hamburger&#8221;:2003,&#8221;hamburger-menu&#8221;:2003,&#8221;composer-relevant-sections&#8221;:2009,&#8221;section-page-subnavs&#8221;:2004},&#8221;Paywall&#8221;:{&#8220;paywall-status&#8221;:&#8221;free&#8221;},&#8221;_admin&#8221;:{&#8220;alias_ids&#8221;:[&#8220;\/world\/us&#8221;]},&#8221;metadata&#8221;:{&#8220;metadata_description&#8221;:&#8221;Stay informed with the latest US news, breaking headlines, and in-depth analysis from our correspondent in Washington. Brought to you by Ireland&#8217;s quality news brand, The Irish Times&#8221;,&#8221;metadata_title&#8221;:&#8221;US News | Breaking Updates &#038; Analysis from the United States | The Irish Times&#8221;},&#8221;navigation&#8221;:{&#8220;nav_title&#8221;:&#8221;US&#8221;}}}},{&#8220;_id&#8221;:&#8221;\/world&#8221;,&#8221;type&#8221;:&#8221;site&#8221;,&#8221;version&#8221;:&#8221;0.5.8&#8243;,&#8221;name&#8221;:&#8221;World&#8221;,&#8221;path&#8221;:&#8221;\/world&#8221;,&#8221;parent_id&#8221;:&#8221;https:\/\/www.irishtimes.com\/&#8221;,&#8221;additional_properties&#8221;:{&#8220;original&#8221;:{&#8220;_id&#8221;:&#8221;\/world&#8221;,&#8221;name&#8221;:&#8221;World&#8221;,&#8221;inactive&#8221;:false,&#8221;ancestors&#8221;:{&#8220;Mobile-Links-Navigation&#8221;:[],&#8221;App-Hamburger&#8221;:[&#8220;https:\/\/www.irishtimes.com\/&#8221;],&#8221;hamburger-menu&#8221;:[&#8220;https:\/\/www.irishtimes.com\/&#8221;],&#8221;navbar&#8221;:[],&#8221;Comopser&#8221;:[],&#8221;App-Links-Navigation&#8221;:[&#8220;https:\/\/www.irishtimes.com\/&#8221;],&#8221;HP-under-masthead&#8221;:[&#8220;https:\/\/www.irishtimes.com\/&#8221;],&#8221;section-page-subnavs&#8221;:[&#8220;https:\/\/www.irishtimes.com\/&#8221;],&#8221;composer-relevant-sections&#8221;:[&#8220;https:\/\/www.irishtimes.com\/&#8221;],&#8221;sitemap-section&#8221;:[&#8220;https:\/\/www.irishtimes.com\/&#8221;],&#8221;default&#8221;:[&#8220;https:\/\/www.irishtimes.com\/&#8221;]},&#8221;parent&#8221;:{&#8220;default&#8221;:&#8221;https:\/\/www.irishtimes.com\/&#8221;,&#8221;Mobile-Links-Navigation&#8221;:null,&#8221;App-Hamburger&#8221;:&#8221;https:\/\/www.irishtimes.com\/&#8221;,&#8221;hamburger-menu&#8221;:&#8221;https:\/\/www.irishtimes.com\/&#8221;,&#8221;navbar&#8221;:null,&#8221;navbar-NU&#8221;:null,&#8221;Comopser&#8221;:null,&#8221;composer-relevant-sections&#8221;:&#8221;https:\/\/www.irishtimes.com\/&#8221;,&#8221;section-page-subnavs&#8221;:&#8221;https:\/\/www.irishtimes.com\/&#8221;,&#8221;App-Links-Navigation&#8221;:&#8221;https:\/\/www.irishtimes.com\/&#8221;,&#8221;sitemap-section&#8221;:&#8221;https:\/\/www.irishtimes.com\/&#8221;,&#8221;HP-under-masthead&#8221;:&#8221;https:\/\/www.irishtimes.com\/&#8221;},&#8221;order&#8221;:{&#8220;default&#8221;:1027,&#8221;App-Hamburger&#8221;:1009,&#8221;hamburger-menu&#8221;:1009,&#8221;composer-relevant-sections&#8221;:1006,&#8221;section-page-subnavs&#8221;:1005,&#8221;App-Links-Navigation&#8221;:1004,&#8221;sitemap-section&#8221;:1006,&#8221;HP-under-masthead&#8221;:1003},&#8221;Article Promo&#8221;:{&#8220;content&#8221;:{&#8220;whatsapp&#8221;:&#8221;Join The Irish Times on <a href=\\\"https:\/\/www.whatsApp.com\/channel\/0029VaBlegFFXUuflSI6yL3d\\\" target=new>WhatsApp<\/a> and stay up to date&#8221;,&#8221;bell&#8221;:&#8221;Sign up for <a href=\\\"https:\/\/www.irishtimes.com\/media\/2023\/11\/07\/stay-informed-with-push-alerts-from-the-irish-times-delivered-straight-to-your-phone\/\\\" target=new>push alerts<\/a> to get the best breaking news, analysis and comment delivered directly to your phone&#8221;,&#8221;headphones&#8221;:&#8221;Listen to <a href=\\\"https:\/\/www.irishtimes.com\/podcasts\/in-the-news\/\\\" target=new>In The News<\/a> podcast daily for a deep dive on the stories that matter&#8221;},&#8221;header_text&#8221;:null,&#8221;header_url&#8221;:null,&#8221;image&#8221;:null,&#8221;image_alt&#8221;:null},&#8221;Newsletter&#8221;:{&#8220;newsletterid&#8221;:&#8221;News Digest&#8221;},&#8221;Paywall&#8221;:{&#8220;paywall-status&#8221;:&#8221;free&#8221;},&#8221;_admin&#8221;:{&#8220;alias_ids&#8221;:[&#8220;\/world&#8221;]},&#8221;metadata&#8221;:{&#8220;metadata_description&#8221;:&#8221;Stay informed with the latest global news, breaking headlines, and in-depth analysis from our correspondents around the world. Brought to you by Ireland&#8217;s quality news brand, The Irish Times&#8221;,&#8221;metadata_title&#8221;:&#8221;World News | Breaking Updates &#038; Analysis from around the Globe | The Irish Times&#8221;},&#8221;navigation&#8221;:{&#8220;nav_title&#8221;:&#8221;World&#8221;},&#8221;node_type&#8221;:&#8221;section&#8221;}}}],&#8221;tags&#8221;:[{&#8220;_id&#8221;:&#8221;AHQRXN336VC4ZD2LE6TG4SJOW4&#8243;,&#8221;description&#8221;:&#8221;Mark Carney is a Canadian politician and economist &#8220;,&#8221;slug&#8221;:&#8221;mark-carney&#8221;,&#8221;text&#8221;:&#8221;Mark Carney&#8221;},{&#8220;_id&#8221;:&#8221;CYNNH7ES75BMPJQYGGVCA4552U&#8221;,&#8221;description&#8221;:&#8221;Fianna F\u00e1il leader&#8221;,&#8221;slug&#8221;:&#8221;micheal-martin&#8221;,&#8221;text&#8221;:&#8221;Miche\u00e1l Martin&#8221;},{&#8220;_id&#8221;:&#8221;PSEDUOEA75HCHC25K3VFUIJRGQ&#8221;,&#8221;description&#8221;:&#8221;The latest news, opinion and analysis on Donald Trump, the 45th and 47th president of the United States&#8221;,&#8221;slug&#8221;:&#8221;donald-trump&#8221;,&#8221;text&#8221;:&#8221;Donald Trump&#8221;}]},&#8221;type&#8221;:&#8221;story&#8221;,&#8221;version&#8221;:&#8221;0.10.11&#8243;,&#8221;websites&#8221;:{&#8220;irishtimes&#8221;:{&#8220;website_section&#8221;:{&#8220;_id&#8221;:&#8221;\/world\/us&#8221;,&#8221;_website&#8221;:&#8221;irishtimes&#8221;,&#8221;type&#8221;:&#8221;section&#8221;,&#8221;version&#8221;:&#8221;0.6.0&#8243;,&#8221;name&#8221;:&#8221;US&#8221;,&#8221;path&#8221;:&#8221;\/world\/us&#8221;,&#8221;parent_id&#8221;:&#8221;\/world&#8221;,&#8221;parent&#8221;:{&#8220;default&#8221;:&#8221;\/world&#8221;},&#8221;additional_properties&#8221;:{&#8220;original&#8221;:{&#8220;_id&#8221;:&#8221;\/world\/us&#8221;,&#8221;_website&#8221;:&#8221;irishtimes&#8221;,&#8221;name&#8221;:&#8221;US&#8221;,&#8221;inactive&#8221;:false,&#8221;ancestors&#8221;:{&#8220;+ add&#8221;:[&#8220;\/world&#8221;],&#8221;App-Hamburger&#8221;:[&#8220;\/world&#8221;,&#8221;https:\/\/www.irishtimes.com\/&#8221;],&#8221;hamburger-menu&#8221;:[&#8220;\/world&#8221;,&#8221;https:\/\/www.irishtimes.com\/&#8221;],&#8221;Mobile-Links-Navigation&#8221;:[],&#8221;navbar&#8221;:[],&#8221;Comopser&#8221;:[],&#8221;section-page-subnavs&#8221;:[&#8220;\/world&#8221;,&#8221;https:\/\/www.irishtimes.com\/&#8221;]},&#8221;parent&#8221;:{&#8220;default&#8221;:&#8221;\/world&#8221;,&#8221;+ add&#8221;:&#8221;\/world&#8221;,&#8221;App-Hamburger&#8221;:&#8221;\/world&#8221;,&#8221;hamburger-menu&#8221;:&#8221;\/world&#8221;,&#8221;Mobile-Links-Navigation&#8221;:null,&#8221;navbar&#8221;:null,&#8221;navbar-NU&#8221;:null,&#8221;Comopser&#8221;:null,&#8221;composer-relevant-sections&#8221;:&#8221;\/world&#8221;,&#8221;section-page-subnavs&#8221;:&#8221;\/world&#8221;,&#8221;sitemap-section&#8221;:null},&#8221;order&#8221;:{&#8220;default&#8221;:2009,&#8221;+ add&#8221;:2008,&#8221;App-Hamburger&#8221;:2003,&#8221;hamburger-menu&#8221;:2003,&#8221;composer-relevant-sections&#8221;:2009,&#8221;section-page-subnavs&#8221;:2004},&#8221;Paywall&#8221;:{&#8220;paywall-status&#8221;:&#8221;free&#8221;},&#8221;_admin&#8221;:{&#8220;alias_ids&#8221;:[&#8220;\/world\/us&#8221;]},&#8221;metadata&#8221;:{&#8220;metadata_description&#8221;:&#8221;Stay informed with the latest US news, breaking headlines, and in-depth analysis from our correspondent in Washington. Brought to you by Ireland&#8217;s quality news brand, The Irish Times&#8221;,&#8221;metadata_title&#8221;:&#8221;US News | Breaking Updates &#038; Analysis from the United States | The Irish Times&#8221;},&#8221;navigation&#8221;:{&#8220;nav_title&#8221;:&#8221;US&#8221;},&#8221;node_type&#8221;:&#8221;section&#8221;}},&#8221;_website_section_id&#8221;:&#8221;irishtimes.\/world\/us&#8221;},&#8221;website_url&#8221;:&#8221;https:\/\/www.irishtimes.com\/world\/us\/2025\/09\/27\/for-canadians-relaxation-comes-naturally-even-when-the-taoiseach-brings-the-rain\/&#8221;}},&#8221;canonical_url&#8221;:&#8221;https:\/\/www.irishtimes.com\/world\/us\/2025\/09\/27\/for-canadians-relaxation-comes-naturally-even-when-the-taoiseach-brings-the-rain\/&#8221;},{&#8220;additional_properties&#8221;:{&#8220;audio_duration&#8221;:253,&#8221;audio_url&#8221;:&#8221;https:\/\/cdn.beyondwords.io\/audio\/projects\/5469\/podcasts\/4c3a9056-d1a5-4a80-9e94-5db0296f506d\/versions\/1758806823\/media\/e03ac47a7382ac24a2e33eb00a8a83e2_compiled.mp3&#8243;,&#8221;has_published_copy&#8221;:true,&#8221;is_published&#8221;:true,&#8221;publish_date&#8221;:&#8221;2025-09-26T04:00:00Z&#8221;},&#8221;content_elements&#8221;:[],&#8221;related_content&#8221;:{&#8220;basic&#8221;:[{&#8220;_id&#8221;:&#8221;P76ETSITSRBZFKLP2EUJUSYFMQ&#8221;,&#8221;referent&#8221;:{&#8220;id&#8221;:&#8221;P76ETSITSRBZFKLP2EUJUSYFMQ&#8221;,&#8221;provider&#8221;:&#8221;&#8221;,&#8221;referent_properties&#8221;:{},&#8221;type&#8221;:&#8221;image&#8221;},&#8221;type&#8221;:&#8221;reference&#8221;}]},&#8221;_id&#8221;:&#8221;6IRR6RZ4FJB7ZDWKKHGLHIFM3A&#8221;,&#8221;canonical_website&#8221;:&#8221;irishtimes&#8221;,&#8221;content_restrictions&#8221;:{&#8220;content_code&#8221;:&#8221;premium&#8221;},&#8221;credits&#8221;:{&#8220;by&#8221;:[{&#8220;_id&#8221;:&#8221;denis-staunton&#8221;,&#8221;type&#8221;:&#8221;author&#8221;,&#8221;version&#8221;:&#8221;0.5.8&#8243;,&#8221;name&#8221;:&#8221;Denis Staunton&#8221;,&#8221;image&#8221;:{&#8220;url&#8221;:&#8221;https:\/\/s3.amazonaws.com\/arc-authors\/irishtimes\/21606056-8da0-4bfa-b7e6-d52976286740.png&#8221;,&#8221;version&#8221;:&#8221;0.5.8&#8243;,&#8221;type&#8221;:&#8221;image&#8221;,&#8221;auth&#8221;:{&#8220;1&#8243;:&#8221;d4e15cb4f07ff8e7e1aea239213cfd0738291f098ce1521ecdf044a7a261111b&#8221;}},&#8221;description&#8221;:&#8221;Denis Staunton is China Correspondent of The Irish Times&#8221;,&#8221;url&#8221;:&#8221;\/author\/denis-staunton\/&#8221;,&#8221;slug&#8221;:&#8221;denis-staunton&#8221;,&#8221;social_links&#8221;:[{&#8220;site&#8221;:&#8221;email&#8221;,&#8221;url&#8221;:&#8221;dstaunton@irishtimes.com&#8221;},{&#8220;site&#8221;:&#8221;facebook&#8221;,&#8221;url&#8221;:null},{&#8220;site&#8221;:&#8221;twitter&#8221;,&#8221;url&#8221;:&#8221;denisstaunton&#8221;}],&#8221;socialLinks&#8221;:[{&#8220;site&#8221;:&#8221;email&#8221;,&#8221;url&#8221;:&#8221;dstaunton@irishtimes.com&#8221;,&#8221;deprecated&#8221;:true,&#8221;deprecation_msg&#8221;:&#8221;Please use social_links.&#8221;},{&#8220;site&#8221;:&#8221;facebook&#8221;,&#8221;url&#8221;:null,&#8221;deprecated&#8221;:true,&#8221;deprecation_msg&#8221;:&#8221;Please use social_links.&#8221;},{&#8220;site&#8221;:&#8221;twitter&#8221;,&#8221;url&#8221;:&#8221;denisstaunton&#8221;,&#8221;deprecated&#8221;:true,&#8221;deprecation_msg&#8221;:&#8221;Please use social_links.&#8221;}],&#8221;additional_properties&#8221;:{&#8220;original&#8221;:{&#8220;_id&#8221;:&#8221;denis-staunton&#8221;,&#8221;byline&#8221;:&#8221;Denis Staunton&#8221;,&#8221;slug&#8221;:&#8221;denis-staunton&#8221;,&#8221;firstName&#8221;:&#8221;Denis&#8221;,&#8221;lastName&#8221;:&#8221;Staunton&#8221;,&#8221;middleName&#8221;:null,&#8221;bio&#8221;:&#8221;Denis Staunton is China Correspondent of The Irish Times&#8221;,&#8221;longBio&#8221;:&#8221;Denis Staunton is China Correspondent of The Irish Times. He is a former deputy editor and foreign editor and has served as the newspaper\u2019s correspondent in Washington, London, Brussels and Berlin.&#8221;,&#8221;role&#8221;:&#8221;China Correspondent&#8221;,&#8221;author_type&#8221;:&#8221;Staff&#8221;,&#8221;twitter&#8221;:&#8221;denisstaunton&#8221;,&#8221;facebook&#8221;:null,&#8221;status&#8221;:true,&#8221;image&#8221;:&#8221;https:\/\/s3.amazonaws.com\/arc-authors\/irishtimes\/21606056-8da0-4bfa-b7e6-d52976286740.png&#8221;,&#8221;books&#8221;:[],&#8221;podcasts&#8221;:[],&#8221;education&#8221;:[],&#8221;awards&#8221;:[],&#8221;last_updated_date&#8221;:&#8221;2022-10-24T14:13:02.254Z&#8221;,&#8221;email&#8221;:&#8221;dstaunton@irishtimes.com&#8221;,&#8221;type&#8221;:&#8221;author&#8221;,&#8221;bio_page&#8221;:&#8221;\/author\/denis-staunton\/&#8221;,&#8221;ansImage&#8221;:{&#8220;type&#8221;:&#8221;image&#8221;,&#8221;url&#8221;:&#8221;https:\/\/s3.amazonaws.com\/arc-authors\/irishtimes\/21606056-8da0-4bfa-b7e6-d52976286740.png&#8221;,&#8221;auth&#8221;:{&#8220;1&#8243;:&#8221;d4e15cb4f07ff8e7e1aea239213cfd0738291f098ce1521ecdf044a7a261111b&#8221;}}}}}]},&#8221;description&#8221;:{&#8220;basic&#8221;:&#8221;Couples who are getting married are doing so later than before&#8221;},&#8221;display_date&#8221;:&#8221;2025-09-26T04:00:00Z&#8221;,&#8221;distributor&#8221;:{&#8220;category&#8221;:&#8221;staff&#8221;,&#8221;mode&#8221;:&#8221;custom&#8221;,&#8221;name&#8221;:&#8221;irishtimes&#8221;,&#8221;subcategory&#8221;:&#8221;&#8221;},&#8221;headlines&#8221;:{&#8220;basic&#8221;:&#8221;China\u2019s marriage rate is at its lowest in nearly 40 years. Why are singles put off settling down?&#8221;,&#8221;meta_title&#8221;:&#8221;&#8221;,&#8221;mobile&#8221;:&#8221;&#8221;,&#8221;native&#8221;:&#8221;&#8221;,&#8221;print&#8221;:&#8221;&#8221;,&#8221;table&#8221;:&#8221;&#8221;,&#8221;tablet&#8221;:&#8221;&#8221;,&#8221;web&#8221;:&#8221;&#8221;},&#8221;label&#8221;:{&#8220;audio_project_id&#8221;:{&#8220;display&#8221;:true,&#8221;text&#8221;:&#8221;5469&#8243;},&#8221;related_collection&#8221;:{&#8220;display&#8221;:true,&#8221;text&#8221;:&#8221;world-highlights&#8221;,&#8221;url&#8221;:&#8221;&#8221;},&#8221;transparency&#8221;:{&#8220;display&#8221;:true,&#8221;text&#8221;:&#8221;Beijing Letter&#8221;}},&#8221;language&#8221;:&#8221;&#8221;,&#8221;owner&#8221;:{&#8220;sponsored&#8221;:false},&#8221;promo_items&#8221;:{&#8220;basic&#8221;:{&#8220;_id&#8221;:&#8221;P76ETSITSRBZFKLP2EUJUSYFMQ&#8221;,&#8221;additional_properties&#8221;:{&#8220;countryId&#8221;:45,&#8221;fullSizeResizeUrl&#8221;:&#8221;\/resizer\/v2\/P76ETSITSRBZFKLP2EUJUSYFMQ.jpg?auth=1129b54ad70d8b22206720c290f9a7ab199d66c04997c3198e648b2a6b5a155e&#8221;,&#8221;galleries&#8221;:[],&#8221;ingestionMethod&#8221;:&#8221;manual&#8221;,&#8221;iptc_source&#8221;:&#8221;Future Publishing&#8221;,&#8221;iptc_title&#8221;:&#8221;Contributor&#8221;,&#8221;mime_type&#8221;:&#8221;image\/jpeg&#8221;,&#8221;originalName&#8221;:&#8221;GettyImages-2232718887.jpg&#8221;,&#8221;originalUrl&#8221;:&#8221;https:\/\/cloudfront-eu-central-1.images.arcpublishing.com\/irishtimes\/P76ETSITSRBZFKLP2EUJUSYFMQ.jpg&#8221;,&#8221;owner&#8221;:&#8221;zara.morgan@irishtimes.com&#8221;,&#8221;proxyUrl&#8221;:&#8221;\/resizer\/v2\/P76ETSITSRBZFKLP2EUJUSYFMQ.jpg?auth=1129b54ad70d8b22206720c290f9a7ab199d66c04997c3198e648b2a6b5a155e&#8221;,&#8221;published&#8221;:true,&#8221;resizeUrl&#8221;:&#8221;\/resizer\/v2\/P76ETSITSRBZFKLP2EUJUSYFMQ.jpg?auth=1129b54ad70d8b22206720c290f9a7ab199d66c04997c3198e648b2a6b5a155e&#8221;,&#8221;restricted&#8221;:false,&#8221;takenOn&#8221;:&#8221;2025-08-28T00:00:00Z&#8221;,&#8221;thumbnailResizeUrl&#8221;:&#8221;\/resizer\/v2\/P76ETSITSRBZFKLP2EUJUSYFMQ.jpg?auth=1129b54ad70d8b22206720c290f9a7ab199d66c04997c3198e648b2a6b5a155e&#038;width=300&#8243;,&#8221;usage_instructions&#8221;:&#8221;Not Released (NR) CHINA OUT&#8221;,&#8221;version&#8221;:0,&#8221;template_id&#8221;:314},&#8221;address&#8221;:{&#8220;locality&#8221;:&#8221;Yantai&#8221;,&#8221;region&#8221;:&#8221;Shandong&#8221;,&#8221;country_name&#8221;:&#8221;CHN&#8221;},&#8221;auth&#8221;:{&#8220;1&#8243;:&#8221;1129b54ad70d8b22206720c290f9a7ab199d66c04997c3198e648b2a6b5a155e&#8221;},&#8221;caption&#8221;:&#8221;Newlyweds attend a collective wedding in Yantai, Shandong Province, China in August. Photograph: Tang Ke\/ Future Publishing via Getty Images&#8221;,&#8221;copyright&#8221;:&#8221;CFoto&#8221;,&#8221;created_date&#8221;:&#8221;2025-09-25T13:19:33Z&#8221;,&#8221;credits&#8221;:{&#8220;affiliation&#8221;:[{&#8220;name&#8221;:&#8221;CFoto\/Future Publishing via Gett&#8221;,&#8221;type&#8221;:&#8221;author&#8221;}],&#8221;by&#8221;:[{&#8220;byline&#8221;:&#8221;CFOTO&#8221;,&#8221;name&#8221;:&#8221;CFOTO&#8221;,&#8221;type&#8221;:&#8221;author&#8221;}]},&#8221;distributor&#8221;:{&#8220;category&#8221;:&#8221;wires&#8221;,&#8221;mode&#8221;:&#8221;custom&#8221;,&#8221;name&#8221;:&#8221;Agency Photos &#8220;},&#8221;height&#8221;:4061,&#8221;image_type&#8221;:&#8221;photograph&#8221;,&#8221;last_updated_date&#8221;:&#8221;2025-09-25T13:19:33Z&#8221;,&#8221;licensable&#8221;:false,&#8221;owner&#8221;:{&#8220;id&#8221;:&#8221;irishtimes&#8221;,&#8221;sponsored&#8221;:false},&#8221;slug&#8221;:&#8221;2232718887&#8243;,&#8221;source&#8221;:{&#8220;name&#8221;:&#8221;Agency Photos &#8220;,&#8221;source_type&#8221;:&#8221;wires&#8221;,&#8221;additional_properties&#8221;:{&#8220;editor&#8221;:&#8221;photo center&#8221;},&#8221;edit_url&#8221;:&#8221;&#8221;,&#8221;system&#8221;:&#8221;photo center&#8221;},&#8221;subtitle&#8221;:&#8221;China Marriage Registrations Number Rebounded&#8221;,&#8221;taxonomy&#8221;:{&#8220;associated_tasks&#8221;:[]},&#8221;type&#8221;:&#8221;image&#8221;,&#8221;url&#8221;:&#8221;https:\/\/cloudfront-eu-central-1.images.arcpublishing.com\/irishtimes\/P76ETSITSRBZFKLP2EUJUSYFMQ.jpg&#8221;,&#8221;version&#8221;:&#8221;0.10.9&#8243;,&#8221;width&#8221;:6091,&#8221;syndication&#8221;:{},&#8221;creditIPTC&#8221;:&#8221;CFoto\/Future Publishing via Gett&#8221;,&#8221;country_name&#8221;:&#8221;China&#8221;},&#8221;lead_art&#8221;:{&#8220;_id&#8221;:&#8221;U54OVLTYVXPQFXOXM27DISM4P4&#8243;,&#8221;additional_properties&#8221;:{&#8220;fullSizeResizeUrl&#8221;:&#8221;\/resizer\/v2\/U54OVLTYVXPQFXOXM27DISM4P4.jpg?auth=e65bf5beb2dc085c50e6f2f8e62489c377dfa2e778167b9db43648901e1cbb4d&#8221;,&#8221;galleries&#8221;:[],&#8221;iptc_job_identifier&#8221;:&#8221;14005778f&#8221;,&#8221;iptc_source&#8221;:&#8221;Shutterstock&#8221;,&#8221;keywords&#8221;:[&#8220;11&#8243;,&#8221;127482167&#8243;,&#8221;2023&#8243;,&#8221;49.7&#8243;,&#8221;8billion&#8221;,&#8221;a&#8221;,&#8221;annually&#8221;,&#8221;at&#8221;,&#8221;beijing&#8221;,&#8221;benches&#8221;,&#8221;children&#8221;,&#8221;china&#8221;,&#8221;day&#8221;,&#8221;equality&#8221;,&#8221;for&#8221;,&#8221;girls&#8221;,&#8221;global&#8221;,&#8221;highlighting&#8221;,&#8221;importance&#8221;,&#8221;jul&#8221;,&#8221;july&#8221;,&#8221;make&#8221;,&#8221;marks&#8221;,&#8221;nations&#8221;,&#8221;news&#8221;,&#8221;park&#8221;,&#8221;people&#8221;,&#8221;percent&#8221;,&#8221;population&#8221;,&#8221;sit&#8221;,&#8221;social&#8221;,&#8221;theme&#8221;,&#8221;this&#8221;,&#8221;un&#8221;,&#8221;united&#8221;,&#8221;up&#8221;,&#8221;who&#8221;,&#8221;with&#8221;,&#8221;women&#8221;,&#8221;world&#8221;,&#8221;year&#8217;s&#8221;],&#8221;mime_type&#8221;:&#8221;image\/jpeg&#8221;,&#8221;originalName&#8221;:&#8221;14005778f&#8221;,&#8221;originalUrl&#8221;:&#8221;https:\/\/cloudfront-eu-central-1.images.arcpublishing.com\/irishtimes\/U54OVLTYVXPQFXOXM27DISM4P4.jpg&#8221;,&#8221;proxyUrl&#8221;:&#8221;\/resizer\/v2\/U54OVLTYVXPQFXOXM27DISM4P4.jpg?auth=e65bf5beb2dc085c50e6f2f8e62489c377dfa2e778167b9db43648901e1cbb4d&#8221;,&#8221;published&#8221;:true,&#8221;resizeUrl&#8221;:&#8221;\/resizer\/v2\/U54OVLTYVXPQFXOXM27DISM4P4.jpg?auth=e65bf5beb2dc085c50e6f2f8e62489c377dfa2e778167b9db43648901e1cbb4d&#8221;,&#8221;restricted&#8221;:false,&#8221;takenOn&#8221;:&#8221;2023-07-11T00:00:00Z&#8221;,&#8221;thumbnailResizeUrl&#8221;:&#8221;\/resizer\/v2\/U54OVLTYVXPQFXOXM27DISM4P4.jpg?auth=e65bf5beb2dc085c50e6f2f8e62489c377dfa2e778167b9db43648901e1cbb4d&#038;width=300&#8243;,&#8221;version&#8221;:2},&#8221;address&#8221;:{},&#8221;auth&#8221;:{&#8220;1&#8243;:&#8221;e65bf5beb2dc085c50e6f2f8e62489c377dfa2e778167b9db43648901e1cbb4d&#8221;},&#8221;caption&#8221;:&#8221;By 2023, the number of couples getting married in China fell to 7.68 million, the lowest annual figure since 1985 when comparable records began. Photograph: EPA&#8221;,&#8221;copyright&#8221;:&#8221;Copyright (c) 2023 Shutterstock. No use without permission.&#8221;,&#8221;created_date&#8221;:&#8221;2023-07-11T11:31:29Z&#8221;,&#8221;credits&#8221;:{&#8220;affiliation&#8221;:[{&#8220;name&#8221;:&#8221;EPA-EFE&#8221;,&#8221;type&#8221;:&#8221;author&#8221;}],&#8221;by&#8221;:[{&#8220;name&#8221;:&#8221;Mark R Cristino&#8221;,&#8221;type&#8221;:&#8221;author&#8221;}]},&#8221;distributor&#8221;:{&#8220;mode&#8221;:&#8221;reference&#8221;,&#8221;reference_id&#8221;:&#8221;f95e656d-813d-4f4d-ab39-4a2eca175ebf&#8221;},&#8221;height&#8221;:3645,&#8221;last_updated_date&#8221;:&#8221;2023-07-25T11:32:20Z&#8221;,&#8221;licensable&#8221;:false,&#8221;owner&#8221;:{&#8220;id&#8221;:&#8221;irishtimes&#8221;},&#8221;slug&#8221;:&#8221;world-population-day-in-china-beijing-11-jul-2023&#8243;,&#8221;source&#8221;:{&#8220;name&#8221;:&#8221;EPA &#8211; European Pressphoto Agency&#8221;,&#8221;source_id&#8221;:&#8221;14005778f&#8221;,&#8221;source_type&#8221;:&#8221;wires&#8221;,&#8221;additional_properties&#8221;:{&#8220;editor&#8221;:&#8221;photo center&#8221;},&#8221;edit_url&#8221;:&#8221;&#8221;,&#8221;system&#8221;:&#8221;arc i\/o&#8221;},&#8221;subtitle&#8221;:&#8221;World Population Day in China, Beijing &#8211; 11 Jul 2023&#8243;,&#8221;taxonomy&#8221;:{&#8220;associated_tasks&#8221;:[]},&#8221;type&#8221;:&#8221;image&#8221;,&#8221;url&#8221;:&#8221;https:\/\/cloudfront-eu-central-1.images.arcpublishing.com\/irishtimes\/U54OVLTYVXPQFXOXM27DISM4P4.jpg&#8221;,&#8221;version&#8221;:&#8221;0.10.9&#8243;,&#8221;width&#8221;:5467}},&#8221;publish_date&#8221;:&#8221;2025-09-26T08:03:42.311Z&#8221;,&#8221;revision&#8221;:{&#8220;published&#8221;:true,&#8221;revision_id&#8221;:&#8221;5P7TDDU3QJCIPCFEK5IEVXG5EY&#8221;},&#8221;subheadlines&#8221;:{&#8220;basic&#8221;:&#8221;Couples who are getting married are doing so later than before&#8221;},&#8221;subtype&#8221;:&#8221;columnist&#8221;,&#8221;taxonomy&#8221;:{&#8220;primary_section&#8221;:{&#8220;_id&#8221;:&#8221;\/world\/asia-pacific&#8221;,&#8221;_website&#8221;:&#8221;irishtimes&#8221;,&#8221;type&#8221;:&#8221;section&#8221;,&#8221;version&#8221;:&#8221;0.6.0&#8243;,&#8221;name&#8221;:&#8221;Asia-Pacific&#8221;,&#8221;path&#8221;:&#8221;\/world\/asia-pacific&#8221;,&#8221;parent_id&#8221;:&#8221;\/world&#8221;,&#8221;parent&#8221;:{&#8220;default&#8221;:&#8221;\/world&#8221;},&#8221;additional_properties&#8221;:{&#8220;original&#8221;:{&#8220;_id&#8221;:&#8221;\/world\/asia-pacific&#8221;,&#8221;_website&#8221;:&#8221;irishtimes&#8221;,&#8221;name&#8221;:&#8221;Asia-Pacific&#8221;,&#8221;inactive&#8221;:false,&#8221;ancestors&#8221;:{&#8220;+ add&#8221;:[&#8220;\/world&#8221;],&#8221;App-Hamburger&#8221;:[&#8220;\/world&#8221;,&#8221;https:\/\/www.irishtimes.com\/&#8221;],&#8221;hamburger-menu&#8221;:[&#8220;\/world&#8221;,&#8221;https:\/\/www.irishtimes.com\/&#8221;],&#8221;Mobile-Links-Navigation&#8221;:[],&#8221;navbar&#8221;:[],&#8221;Comopser&#8221;:[],&#8221;section-page-subnavs&#8221;:[&#8220;\/world&#8221;,&#8221;https:\/\/www.irishtimes.com\/&#8221;]},&#8221;parent&#8221;:{&#8220;default&#8221;:&#8221;\/world&#8221;,&#8221;+ add&#8221;:&#8221;\/world&#8221;,&#8221;App-Hamburger&#8221;:&#8221;\/world&#8221;,&#8221;hamburger-menu&#8221;:&#8221;\/world&#8221;,&#8221;Mobile-Links-Navigation&#8221;:null,&#8221;navbar&#8221;:null,&#8221;navbar-NU&#8221;:null,&#8221;Comopser&#8221;:null,&#8221;composer-relevant-sections&#8221;:&#8221;\/world&#8221;,&#8221;section-page-subnavs&#8221;:&#8221;\/world&#8221;,&#8221;sitemap-section&#8221;:null},&#8221;order&#8221;:{&#8220;default&#8221;:2003,&#8221;+ add&#8221;:2003,&#8221;App-Hamburger&#8221;:2008,&#8221;hamburger-menu&#8221;:2008,&#8221;composer-relevant-sections&#8221;:2003,&#8221;section-page-subnavs&#8221;:2009},&#8221;Paywall&#8221;:{&#8220;paywall-status&#8221;:&#8221;free&#8221;},&#8221;_admin&#8221;:{&#8220;alias_ids&#8221;:[&#8220;\/world\/asia-pacific&#8221;]},&#8221;metadata&#8221;:{&#8220;metadata_description&#8221;:&#8221;Stay informed with the latest Asia-Pacific news, breaking headlines, and in-depth analysis from our correspondents in the Asia-Pacific region. Brought to you by Ireland&#8217;s quality news brand, The Irish Times&#8221;,&#8221;metadata_title&#8221;:&#8221;Asia-Pacific News | Breaking Updates &#038; Analysis from the Asia-Pacific Region | The Irish Times&#8221;},&#8221;navigation&#8221;:{&#8220;nav_title&#8221;:&#8221;Asia-Pacific&#8221;},&#8221;node_type&#8221;:&#8221;section&#8221;}},&#8221;_website_section_id&#8221;:&#8221;irishtimes.\/world\/asia-pacific&#8221;},&#8221;primary_site&#8221;:{&#8220;_id&#8221;:&#8221;\/world\/asia-pacific&#8221;,&#8221;type&#8221;:&#8221;site&#8221;,&#8221;version&#8221;:&#8221;0.5.8&#8243;,&#8221;name&#8221;:&#8221;Asia-Pacific&#8221;,&#8221;path&#8221;:&#8221;\/world\/asia-pacific&#8221;,&#8221;parent_id&#8221;:&#8221;\/world&#8221;,&#8221;additional_properties&#8221;:{&#8220;original&#8221;:{&#8220;_id&#8221;:&#8221;\/world\/asia-pacific&#8221;,&#8221;name&#8221;:&#8221;Asia-Pacific&#8221;,&#8221;inactive&#8221;:false,&#8221;ancestors&#8221;:{&#8220;+ add&#8221;:[&#8220;\/world&#8221;],&#8221;App-Hamburger&#8221;:[&#8220;\/world&#8221;,&#8221;https:\/\/www.irishtimes.com\/&#8221;],&#8221;hamburger-menu&#8221;:[&#8220;\/world&#8221;,&#8221;https:\/\/www.irishtimes.com\/&#8221;],&#8221;Mobile-Links-Navigation&#8221;:[],&#8221;navbar&#8221;:[],&#8221;Comopser&#8221;:[],&#8221;section-page-subnavs&#8221;:[&#8220;\/world&#8221;,&#8221;https:\/\/www.irishtimes.com\/&#8221;]},&#8221;parent&#8221;:{&#8220;default&#8221;:&#8221;\/world&#8221;,&#8221;+ add&#8221;:&#8221;\/world&#8221;,&#8221;App-Hamburger&#8221;:&#8221;\/world&#8221;,&#8221;hamburger-menu&#8221;:&#8221;\/world&#8221;,&#8221;Mobile-Links-Navigation&#8221;:null,&#8221;navbar&#8221;:null,&#8221;navbar-NU&#8221;:null,&#8221;Comopser&#8221;:null,&#8221;composer-relevant-sections&#8221;:&#8221;\/world&#8221;,&#8221;section-page-subnavs&#8221;:&#8221;\/world&#8221;,&#8221;sitemap-section&#8221;:null},&#8221;order&#8221;:{&#8220;default&#8221;:2003,&#8221;+ add&#8221;:2003,&#8221;App-Hamburger&#8221;:2008,&#8221;hamburger-menu&#8221;:2008,&#8221;composer-relevant-sections&#8221;:2003,&#8221;section-page-subnavs&#8221;:2009},&#8221;Paywall&#8221;:{&#8220;paywall-status&#8221;:&#8221;free&#8221;},&#8221;_admin&#8221;:{&#8220;alias_ids&#8221;:[&#8220;\/world\/asia-pacific&#8221;]},&#8221;metadata&#8221;:{&#8220;metadata_description&#8221;:&#8221;Stay informed with the latest Asia-Pacific news, breaking headlines, and in-depth analysis from our correspondents in the Asia-Pacific region. Brought to you by Ireland&#8217;s quality news brand, The Irish Times&#8221;,&#8221;metadata_title&#8221;:&#8221;Asia-Pacific News | Breaking Updates &#038; Analysis from the Asia-Pacific Region | The Irish Times&#8221;},&#8221;navigation&#8221;:{&#8220;nav_title&#8221;:&#8221;Asia-Pacific&#8221;}}}},&#8221;sections&#8221;:[{&#8220;_id&#8221;:&#8221;\/world\/asia-pacific&#8221;,&#8221;_website&#8221;:&#8221;irishtimes&#8221;,&#8221;type&#8221;:&#8221;section&#8221;,&#8221;version&#8221;:&#8221;0.6.0&#8243;,&#8221;name&#8221;:&#8221;Asia-Pacific&#8221;,&#8221;path&#8221;:&#8221;\/world\/asia-pacific&#8221;,&#8221;parent_id&#8221;:&#8221;\/world&#8221;,&#8221;parent&#8221;:{&#8220;default&#8221;:&#8221;\/world&#8221;},&#8221;additional_properties&#8221;:{&#8220;original&#8221;:{&#8220;_id&#8221;:&#8221;\/world\/asia-pacific&#8221;,&#8221;_website&#8221;:&#8221;irishtimes&#8221;,&#8221;name&#8221;:&#8221;Asia-Pacific&#8221;,&#8221;inactive&#8221;:false,&#8221;ancestors&#8221;:{&#8220;+ add&#8221;:[&#8220;\/world&#8221;],&#8221;App-Hamburger&#8221;:[&#8220;\/world&#8221;,&#8221;https:\/\/www.irishtimes.com\/&#8221;],&#8221;hamburger-menu&#8221;:[&#8220;\/world&#8221;,&#8221;https:\/\/www.irishtimes.com\/&#8221;],&#8221;Mobile-Links-Navigation&#8221;:[],&#8221;navbar&#8221;:[],&#8221;Comopser&#8221;:[],&#8221;section-page-subnavs&#8221;:[&#8220;\/world&#8221;,&#8221;https:\/\/www.irishtimes.com\/&#8221;]},&#8221;parent&#8221;:{&#8220;default&#8221;:&#8221;\/world&#8221;,&#8221;+ add&#8221;:&#8221;\/world&#8221;,&#8221;App-Hamburger&#8221;:&#8221;\/world&#8221;,&#8221;hamburger-menu&#8221;:&#8221;\/world&#8221;,&#8221;Mobile-Links-Navigation&#8221;:null,&#8221;navbar&#8221;:null,&#8221;navbar-NU&#8221;:null,&#8221;Comopser&#8221;:null,&#8221;composer-relevant-sections&#8221;:&#8221;\/world&#8221;,&#8221;section-page-subnavs&#8221;:&#8221;\/world&#8221;,&#8221;sitemap-section&#8221;:null},&#8221;order&#8221;:{&#8220;default&#8221;:2003,&#8221;+ add&#8221;:2003,&#8221;App-Hamburger&#8221;:2008,&#8221;hamburger-menu&#8221;:2008,&#8221;composer-relevant-sections&#8221;:2003,&#8221;section-page-subnavs&#8221;:2009},&#8221;Paywall&#8221;:{&#8220;paywall-status&#8221;:&#8221;free&#8221;},&#8221;_admin&#8221;:{&#8220;alias_ids&#8221;:[&#8220;\/world\/asia-pacific&#8221;]},&#8221;metadata&#8221;:{&#8220;metadata_description&#8221;:&#8221;Stay informed with the latest Asia-Pacific news, breaking headlines, and in-depth analysis from our correspondents in the Asia-Pacific region. Brought to you by Ireland&#8217;s quality news brand, The Irish Times&#8221;,&#8221;metadata_title&#8221;:&#8221;Asia-Pacific News | Breaking Updates &#038; Analysis from the Asia-Pacific Region | The Irish Times&#8221;},&#8221;navigation&#8221;:{&#8220;nav_title&#8221;:&#8221;Asia-Pacific&#8221;},&#8221;node_type&#8221;:&#8221;section&#8221;}},&#8221;_website_section_id&#8221;:&#8221;irishtimes.\/world\/asia-pacific&#8221;},{&#8220;_id&#8221;:&#8221;\/world&#8221;,&#8221;_website&#8221;:&#8221;irishtimes&#8221;,&#8221;type&#8221;:&#8221;section&#8221;,&#8221;version&#8221;:&#8221;0.6.0&#8243;,&#8221;name&#8221;:&#8221;World&#8221;,&#8221;path&#8221;:&#8221;\/world&#8221;,&#8221;parent_id&#8221;:&#8221;https:\/\/www.irishtimes.com\/&#8221;,&#8221;parent&#8221;:{&#8220;default&#8221;:&#8221;https:\/\/www.irishtimes.com\/&#8221;},&#8221;additional_properties&#8221;:{&#8220;original&#8221;:{&#8220;_id&#8221;:&#8221;\/world&#8221;,&#8221;_website&#8221;:&#8221;irishtimes&#8221;,&#8221;name&#8221;:&#8221;World&#8221;,&#8221;inactive&#8221;:false,&#8221;ancestors&#8221;:{&#8220;Mobile-Links-Navigation&#8221;:[],&#8221;App-Hamburger&#8221;:[&#8220;https:\/\/www.irishtimes.com\/&#8221;],&#8221;hamburger-menu&#8221;:[&#8220;https:\/\/www.irishtimes.com\/&#8221;],&#8221;navbar&#8221;:[],&#8221;Comopser&#8221;:[],&#8221;App-Links-Navigation&#8221;:[&#8220;https:\/\/www.irishtimes.com\/&#8221;],&#8221;HP-under-masthead&#8221;:[&#8220;https:\/\/www.irishtimes.com\/&#8221;],&#8221;section-page-subnavs&#8221;:[&#8220;https:\/\/www.irishtimes.com\/&#8221;],&#8221;composer-relevant-sections&#8221;:[&#8220;https:\/\/www.irishtimes.com\/&#8221;],&#8221;sitemap-section&#8221;:[&#8220;https:\/\/www.irishtimes.com\/&#8221;],&#8221;default&#8221;:[&#8220;https:\/\/www.irishtimes.com\/&#8221;]},&#8221;parent&#8221;:{&#8220;default&#8221;:&#8221;https:\/\/www.irishtimes.com\/&#8221;,&#8221;Mobile-Links-Navigation&#8221;:null,&#8221;App-Hamburger&#8221;:&#8221;https:\/\/www.irishtimes.com\/&#8221;,&#8221;hamburger-menu&#8221;:&#8221;https:\/\/www.irishtimes.com\/&#8221;,&#8221;navbar&#8221;:null,&#8221;navbar-NU&#8221;:null,&#8221;Comopser&#8221;:null,&#8221;composer-relevant-sections&#8221;:&#8221;https:\/\/www.irishtimes.com\/&#8221;,&#8221;section-page-subnavs&#8221;:&#8221;https:\/\/www.irishtimes.com\/&#8221;,&#8221;App-Links-Navigation&#8221;:&#8221;https:\/\/www.irishtimes.com\/&#8221;,&#8221;sitemap-section&#8221;:&#8221;https:\/\/www.irishtimes.com\/&#8221;,&#8221;HP-under-masthead&#8221;:&#8221;https:\/\/www.irishtimes.com\/&#8221;},&#8221;order&#8221;:{&#8220;default&#8221;:1027,&#8221;App-Hamburger&#8221;:1009,&#8221;hamburger-menu&#8221;:1009,&#8221;composer-relevant-sections&#8221;:1006,&#8221;section-page-subnavs&#8221;:1005,&#8221;App-Links-Navigation&#8221;:1004,&#8221;sitemap-section&#8221;:1006,&#8221;HP-under-masthead&#8221;:1003},&#8221;Article Promo&#8221;:{&#8220;content&#8221;:{&#8220;whatsapp&#8221;:&#8221;Join The Irish Times on <a href=\\\"https:\/\/www.whatsApp.com\/channel\/0029VaBlegFFXUuflSI6yL3d\\\" target=new>WhatsApp<\/a> and stay up to date&#8221;,&#8221;bell&#8221;:&#8221;Sign up for <a href=\\\"https:\/\/www.irishtimes.com\/media\/2023\/11\/07\/stay-informed-with-push-alerts-from-the-irish-times-delivered-straight-to-your-phone\/\\\" target=new>push alerts<\/a> to get the best breaking news, analysis and comment delivered directly to your phone&#8221;,&#8221;headphones&#8221;:&#8221;Listen to <a href=\\\"https:\/\/www.irishtimes.com\/podcasts\/in-the-news\/\\\" target=new>In The News<\/a> podcast daily for a deep dive on the stories that matter&#8221;},&#8221;header_text&#8221;:null,&#8221;header_url&#8221;:null,&#8221;image&#8221;:null,&#8221;image_alt&#8221;:null},&#8221;Newsletter&#8221;:{&#8220;newsletterid&#8221;:&#8221;News Digest&#8221;},&#8221;Paywall&#8221;:{&#8220;paywall-status&#8221;:&#8221;free&#8221;},&#8221;_admin&#8221;:{&#8220;alias_ids&#8221;:[&#8220;\/world&#8221;]},&#8221;metadata&#8221;:{&#8220;metadata_description&#8221;:&#8221;Stay informed with the latest global news, breaking headlines, and in-depth analysis from our correspondents around the world. Brought to you by Ireland&#8217;s quality news brand, The Irish Times&#8221;,&#8221;metadata_title&#8221;:&#8221;World News | Breaking Updates &#038; Analysis from around the Globe | The Irish Times&#8221;},&#8221;navigation&#8221;:{&#8220;nav_title&#8221;:&#8221;World&#8221;},&#8221;node_type&#8221;:&#8221;section&#8221;}},&#8221;_website_section_id&#8221;:&#8221;irishtimes.\/world&#8221;}],&#8221;sites&#8221;:[{&#8220;_id&#8221;:&#8221;\/world\/asia-pacific&#8221;,&#8221;type&#8221;:&#8221;site&#8221;,&#8221;version&#8221;:&#8221;0.5.8&#8243;,&#8221;name&#8221;:&#8221;Asia-Pacific&#8221;,&#8221;path&#8221;:&#8221;\/world\/asia-pacific&#8221;,&#8221;parent_id&#8221;:&#8221;\/world&#8221;,&#8221;additional_properties&#8221;:{&#8220;original&#8221;:{&#8220;_id&#8221;:&#8221;\/world\/asia-pacific&#8221;,&#8221;name&#8221;:&#8221;Asia-Pacific&#8221;,&#8221;inactive&#8221;:false,&#8221;ancestors&#8221;:{&#8220;+ add&#8221;:[&#8220;\/world&#8221;],&#8221;App-Hamburger&#8221;:[&#8220;\/world&#8221;,&#8221;https:\/\/www.irishtimes.com\/&#8221;],&#8221;hamburger-menu&#8221;:[&#8220;\/world&#8221;,&#8221;https:\/\/www.irishtimes.com\/&#8221;],&#8221;Mobile-Links-Navigation&#8221;:[],&#8221;navbar&#8221;:[],&#8221;Comopser&#8221;:[],&#8221;section-page-subnavs&#8221;:[&#8220;\/world&#8221;,&#8221;https:\/\/www.irishtimes.com\/&#8221;]},&#8221;parent&#8221;:{&#8220;default&#8221;:&#8221;\/world&#8221;,&#8221;+ add&#8221;:&#8221;\/world&#8221;,&#8221;App-Hamburger&#8221;:&#8221;\/world&#8221;,&#8221;hamburger-menu&#8221;:&#8221;\/world&#8221;,&#8221;Mobile-Links-Navigation&#8221;:null,&#8221;navbar&#8221;:null,&#8221;navbar-NU&#8221;:null,&#8221;Comopser&#8221;:null,&#8221;composer-relevant-sections&#8221;:&#8221;\/world&#8221;,&#8221;section-page-subnavs&#8221;:&#8221;\/world&#8221;,&#8221;sitemap-section&#8221;:null},&#8221;order&#8221;:{&#8220;default&#8221;:2003,&#8221;+ add&#8221;:2003,&#8221;App-Hamburger&#8221;:2008,&#8221;hamburger-menu&#8221;:2008,&#8221;composer-relevant-sections&#8221;:2003,&#8221;section-page-subnavs&#8221;:2009},&#8221;Paywall&#8221;:{&#8220;paywall-status&#8221;:&#8221;free&#8221;},&#8221;_admin&#8221;:{&#8220;alias_ids&#8221;:[&#8220;\/world\/asia-pacific&#8221;]},&#8221;metadata&#8221;:{&#8220;metadata_description&#8221;:&#8221;Stay informed with the latest Asia-Pacific news, breaking headlines, and in-depth analysis from our correspondents in the Asia-Pacific region. Brought to you by Ireland&#8217;s quality news brand, The Irish Times&#8221;,&#8221;metadata_title&#8221;:&#8221;Asia-Pacific News | Breaking Updates &#038; Analysis from the Asia-Pacific Region | The Irish Times&#8221;},&#8221;navigation&#8221;:{&#8220;nav_title&#8221;:&#8221;Asia-Pacific&#8221;}}}},{&#8220;_id&#8221;:&#8221;\/world&#8221;,&#8221;type&#8221;:&#8221;site&#8221;,&#8221;version&#8221;:&#8221;0.5.8&#8243;,&#8221;name&#8221;:&#8221;World&#8221;,&#8221;path&#8221;:&#8221;\/world&#8221;,&#8221;parent_id&#8221;:&#8221;https:\/\/www.irishtimes.com\/&#8221;,&#8221;additional_properties&#8221;:{&#8220;original&#8221;:{&#8220;_id&#8221;:&#8221;\/world&#8221;,&#8221;name&#8221;:&#8221;World&#8221;,&#8221;inactive&#8221;:false,&#8221;ancestors&#8221;:{&#8220;Mobile-Links-Navigation&#8221;:[],&#8221;App-Hamburger&#8221;:[&#8220;https:\/\/www.irishtimes.com\/&#8221;],&#8221;hamburger-menu&#8221;:[&#8220;https:\/\/www.irishtimes.com\/&#8221;],&#8221;navbar&#8221;:[],&#8221;Comopser&#8221;:[],&#8221;App-Links-Navigation&#8221;:[&#8220;https:\/\/www.irishtimes.com\/&#8221;],&#8221;HP-under-masthead&#8221;:[&#8220;https:\/\/www.irishtimes.com\/&#8221;],&#8221;section-page-subnavs&#8221;:[&#8220;https:\/\/www.irishtimes.com\/&#8221;],&#8221;composer-relevant-sections&#8221;:[&#8220;https:\/\/www.irishtimes.com\/&#8221;],&#8221;sitemap-section&#8221;:[&#8220;https:\/\/www.irishtimes.com\/&#8221;],&#8221;default&#8221;:[&#8220;https:\/\/www.irishtimes.com\/&#8221;]},&#8221;parent&#8221;:{&#8220;default&#8221;:&#8221;https:\/\/www.irishtimes.com\/&#8221;,&#8221;Mobile-Links-Navigation&#8221;:null,&#8221;App-Hamburger&#8221;:&#8221;https:\/\/www.irishtimes.com\/&#8221;,&#8221;hamburger-menu&#8221;:&#8221;https:\/\/www.irishtimes.com\/&#8221;,&#8221;navbar&#8221;:null,&#8221;navbar-NU&#8221;:null,&#8221;Comopser&#8221;:null,&#8221;composer-relevant-sections&#8221;:&#8221;https:\/\/www.irishtimes.com\/&#8221;,&#8221;section-page-subnavs&#8221;:&#8221;https:\/\/www.irishtimes.com\/&#8221;,&#8221;App-Links-Navigation&#8221;:&#8221;https:\/\/www.irishtimes.com\/&#8221;,&#8221;sitemap-section&#8221;:&#8221;https:\/\/www.irishtimes.com\/&#8221;,&#8221;HP-under-masthead&#8221;:&#8221;https:\/\/www.irishtimes.com\/&#8221;},&#8221;order&#8221;:{&#8220;default&#8221;:1027,&#8221;App-Hamburger&#8221;:1009,&#8221;hamburger-menu&#8221;:1009,&#8221;composer-relevant-sections&#8221;:1006,&#8221;section-page-subnavs&#8221;:1005,&#8221;App-Links-Navigation&#8221;:1004,&#8221;sitemap-section&#8221;:1006,&#8221;HP-under-masthead&#8221;:1003},&#8221;Article Promo&#8221;:{&#8220;content&#8221;:{&#8220;whatsapp&#8221;:&#8221;Join The Irish Times on <a href=\\\"https:\/\/www.whatsApp.com\/channel\/0029VaBlegFFXUuflSI6yL3d\\\" target=new>WhatsApp<\/a> and stay up to date&#8221;,&#8221;bell&#8221;:&#8221;Sign up for <a href=\\\"https:\/\/www.irishtimes.com\/media\/2023\/11\/07\/stay-informed-with-push-alerts-from-the-irish-times-delivered-straight-to-your-phone\/\\\" target=new>push alerts<\/a> to get the best breaking news, analysis and comment delivered directly to your phone&#8221;,&#8221;headphones&#8221;:&#8221;Listen to <a href=\\\"https:\/\/www.irishtimes.com\/podcasts\/in-the-news\/\\\" target=new>In The News<\/a> podcast daily for a deep dive on the stories that matter&#8221;},&#8221;header_text&#8221;:null,&#8221;header_url&#8221;:null,&#8221;image&#8221;:null,&#8221;image_alt&#8221;:null},&#8221;Newsletter&#8221;:{&#8220;newsletterid&#8221;:&#8221;News Digest&#8221;},&#8221;Paywall&#8221;:{&#8220;paywall-status&#8221;:&#8221;free&#8221;},&#8221;_admin&#8221;:{&#8220;alias_ids&#8221;:[&#8220;\/world&#8221;]},&#8221;metadata&#8221;:{&#8220;metadata_description&#8221;:&#8221;Stay informed with the latest global news, breaking headlines, and in-depth analysis from our correspondents around the world. Brought to you by Ireland&#8217;s quality news brand, The Irish Times&#8221;,&#8221;metadata_title&#8221;:&#8221;World News | Breaking Updates &#038; Analysis from around the Globe | The Irish Times&#8221;},&#8221;navigation&#8221;:{&#8220;nav_title&#8221;:&#8221;World&#8221;},&#8221;node_type&#8221;:&#8221;section&#8221;}}}],&#8221;tags&#8221;:[{&#8220;_id&#8221;:&#8221;ONNZUPOS4BC6FFQIEPOI52OM6A&#8221;,&#8221;description&#8221;:&#8221;Beijing&#8221;,&#8221;slug&#8221;:&#8221;beijing&#8221;,&#8221;text&#8221;:&#8221;Beijing&#8221;},{&#8220;_id&#8221;:&#8221;OMIV3KEXCFAPPNDIRXJIQGZOLU&#8221;,&#8221;description&#8221;:&#8221;Tag is for letters from China Correspondent&#8221;,&#8221;slug&#8221;:&#8221;beijing-letter&#8221;,&#8221;text&#8221;:&#8221;Beijing letter&#8221;},{&#8220;_id&#8221;:&#8221;2ZES6KVHI5DKFNXRGJUFYWG4FQ&#8221;,&#8221;description&#8221;:&#8221;China &#8220;,&#8221;slug&#8221;:&#8221;china&#8221;,&#8221;text&#8221;:&#8221;China &#8220;}]},&#8221;type&#8221;:&#8221;story&#8221;,&#8221;version&#8221;:&#8221;0.10.11&#8243;,&#8221;websites&#8221;:{&#8220;irishtimes&#8221;:{&#8220;website_section&#8221;:{&#8220;_id&#8221;:&#8221;\/world\/asia-pacific&#8221;,&#8221;_website&#8221;:&#8221;irishtimes&#8221;,&#8221;type&#8221;:&#8221;section&#8221;,&#8221;version&#8221;:&#8221;0.6.0&#8243;,&#8221;name&#8221;:&#8221;Asia-Pacific&#8221;,&#8221;path&#8221;:&#8221;\/world\/asia-pacific&#8221;,&#8221;parent_id&#8221;:&#8221;\/world&#8221;,&#8221;parent&#8221;:{&#8220;default&#8221;:&#8221;\/world&#8221;},&#8221;additional_properties&#8221;:{&#8220;original&#8221;:{&#8220;_id&#8221;:&#8221;\/world\/asia-pacific&#8221;,&#8221;_website&#8221;:&#8221;irishtimes&#8221;,&#8221;name&#8221;:&#8221;Asia-Pacific&#8221;,&#8221;inactive&#8221;:false,&#8221;ancestors&#8221;:{&#8220;+ add&#8221;:[&#8220;\/world&#8221;],&#8221;App-Hamburger&#8221;:[&#8220;\/world&#8221;,&#8221;https:\/\/www.irishtimes.com\/&#8221;],&#8221;hamburger-menu&#8221;:[&#8220;\/world&#8221;,&#8221;https:\/\/www.irishtimes.com\/&#8221;],&#8221;Mobile-Links-Navigation&#8221;:[],&#8221;navbar&#8221;:[],&#8221;Comopser&#8221;:[],&#8221;section-page-subnavs&#8221;:[&#8220;\/world&#8221;,&#8221;https:\/\/www.irishtimes.com\/&#8221;]},&#8221;parent&#8221;:{&#8220;default&#8221;:&#8221;\/world&#8221;,&#8221;+ add&#8221;:&#8221;\/world&#8221;,&#8221;App-Hamburger&#8221;:&#8221;\/world&#8221;,&#8221;hamburger-menu&#8221;:&#8221;\/world&#8221;,&#8221;Mobile-Links-Navigation&#8221;:null,&#8221;navbar&#8221;:null,&#8221;navbar-NU&#8221;:null,&#8221;Comopser&#8221;:null,&#8221;composer-relevant-sections&#8221;:&#8221;\/world&#8221;,&#8221;section-page-subnavs&#8221;:&#8221;\/world&#8221;,&#8221;sitemap-section&#8221;:null},&#8221;order&#8221;:{&#8220;default&#8221;:2003,&#8221;+ add&#8221;:2003,&#8221;App-Hamburger&#8221;:2008,&#8221;hamburger-menu&#8221;:2008,&#8221;composer-relevant-sections&#8221;:2003,&#8221;section-page-subnavs&#8221;:2009},&#8221;Paywall&#8221;:{&#8220;paywall-status&#8221;:&#8221;free&#8221;},&#8221;_admin&#8221;:{&#8220;alias_ids&#8221;:[&#8220;\/world\/asia-pacific&#8221;]},&#8221;metadata&#8221;:{&#8220;metadata_description&#8221;:&#8221;Stay informed with the latest Asia-Pacific news, breaking headlines, and in-depth analysis from our correspondents in the Asia-Pacific region. Brought to you by Ireland&#8217;s quality news brand, The Irish Times&#8221;,&#8221;metadata_title&#8221;:&#8221;Asia-Pacific News | Breaking Updates &#038; Analysis from the Asia-Pacific Region | The Irish Times&#8221;},&#8221;navigation&#8221;:{&#8220;nav_title&#8221;:&#8221;Asia-Pacific&#8221;},&#8221;node_type&#8221;:&#8221;section&#8221;}},&#8221;_website_section_id&#8221;:&#8221;irishtimes.\/world\/asia-pacific&#8221;},&#8221;website_url&#8221;:&#8221;https:\/\/www.irishtimes.com\/world\/asia-pacific\/2025\/09\/26\/chinas-marriage-rate-is-at-its-lowest-in-nearly-40-years-why-are-singles-put-off-settling-down\/&#8221;}},&#8221;canonical_url&#8221;:&#8221;https:\/\/www.irishtimes.com\/world\/asia-pacific\/2025\/09\/26\/chinas-marriage-rate-is-at-its-lowest-in-nearly-40-years-why-are-singles-put-off-settling-down\/&#8221;},{&#8220;additional_properties&#8221;:{&#8220;audio_duration&#8221;:349,&#8221;audio_url&#8221;:&#8221;https:\/\/cdn.beyondwords.io\/audio\/projects\/8948\/podcasts\/f27b57ed-ee0e-4ba6-952d-deb437e7706b\/versions\/1758737422\/media\/6d27f5b8038300882fd6d13b37ac241b_compiled.mp3&#8243;,&#8221;has_published_copy&#8221;:true,&#8221;is_published&#8221;:true,&#8221;publish_date&#8221;:&#8221;2025-09-24T19:04:24.605Z&#8221;},&#8221;content_elements&#8221;:[],&#8221;related_content&#8221;:{&#8220;basic&#8221;:[]},&#8221;_id&#8221;:&#8221;AKVL33ZR2ZADTOHR62LD33KD4E&#8221;,&#8221;canonical_website&#8221;:&#8221;irishtimes&#8221;,&#8221;content_restrictions&#8221;:{&#8220;content_code&#8221;:&#8221;metered&#8221;},&#8221;credits&#8221;:{&#8220;by&#8221;:[{&#8220;_id&#8221;:&#8221;naomi-oleary&#8221;,&#8221;type&#8221;:&#8221;author&#8221;,&#8221;version&#8221;:&#8221;0.5.8&#8243;,&#8221;name&#8221;:&#8221;Naomi O\u2019Leary&#8221;,&#8221;image&#8221;:{&#8220;url&#8221;:&#8221;https:\/\/s3.amazonaws.com\/arc-authors\/irishtimes\/74c03bab-41c4-40db-aa72-9990f1078f61.png&#8221;,&#8221;version&#8221;:&#8221;0.5.8&#8243;,&#8221;type&#8221;:&#8221;image&#8221;,&#8221;auth&#8221;:{&#8220;1&#8243;:&#8221;0357a14b4c26bae7fddc3003f720e67ba1b5491cb705fcc569cdc8951fd09f4d&#8221;}},&#8221;description&#8221;:&#8221;Naomi O\u2019Leary is Europe Correspondent of The Irish Times&#8221;,&#8221;url&#8221;:&#8221;\/author\/naomi-oleary\/&#8221;,&#8221;slug&#8221;:&#8221;naomi-oleary&#8221;,&#8221;social_links&#8221;:[{&#8220;site&#8221;:&#8221;email&#8221;,&#8221;url&#8221;:&#8221;noleary@irishtimes.com&#8221;},{&#8220;site&#8221;:&#8221;facebook&#8221;,&#8221;url&#8221;:null},{&#8220;site&#8221;:&#8221;twitter&#8221;,&#8221;url&#8221;:&#8221;naomiohreally&#8221;}],&#8221;socialLinks&#8221;:[{&#8220;site&#8221;:&#8221;email&#8221;,&#8221;url&#8221;:&#8221;noleary@irishtimes.com&#8221;,&#8221;deprecated&#8221;:true,&#8221;deprecation_msg&#8221;:&#8221;Please use social_links.&#8221;},{&#8220;site&#8221;:&#8221;facebook&#8221;,&#8221;url&#8221;:null,&#8221;deprecated&#8221;:true,&#8221;deprecation_msg&#8221;:&#8221;Please use social_links.&#8221;},{&#8220;site&#8221;:&#8221;twitter&#8221;,&#8221;url&#8221;:&#8221;naomiohreally&#8221;,&#8221;deprecated&#8221;:true,&#8221;deprecation_msg&#8221;:&#8221;Please use social_links.&#8221;}],&#8221;additional_properties&#8221;:{&#8220;original&#8221;:{&#8220;_id&#8221;:&#8221;naomi-oleary&#8221;,&#8221;byline&#8221;:&#8221;Naomi O\u2019Leary&#8221;,&#8221;slug&#8221;:&#8221;naomi-oleary&#8221;,&#8221;firstName&#8221;:&#8221;Naomi&#8221;,&#8221;lastName&#8221;:&#8221;O\u2019Leary&#8221;,&#8221;middleName&#8221;:null,&#8221;bio&#8221;:&#8221;Naomi O\u2019Leary is Europe Correspondent of The Irish Times&#8221;,&#8221;longBio&#8221;:&#8221;Naomi O\u2019Leary is Europe Correspondent of The Irish Times and a presenter of the Irish Passport podcast. She has reported on Ireland and around Europe as a correspondent for Politico, Reuters and Agence France-Presse.&#8221;,&#8221;role&#8221;:&#8221;Europe Correspondent&#8221;,&#8221;author_type&#8221;:&#8221;Staff&#8221;,&#8221;twitter&#8221;:&#8221;naomiohreally&#8221;,&#8221;facebook&#8221;:null,&#8221;status&#8221;:true,&#8221;image&#8221;:&#8221;https:\/\/s3.amazonaws.com\/arc-authors\/irishtimes\/74c03bab-41c4-40db-aa72-9990f1078f61.png&#8221;,&#8221;books&#8221;:[],&#8221;podcasts&#8221;:[],&#8221;education&#8221;:[],&#8221;awards&#8221;:[],&#8221;last_updated_date&#8221;:&#8221;2023-08-10T12:25:20.297Z&#8221;,&#8221;email&#8221;:&#8221;noleary@irishtimes.com&#8221;,&#8221;type&#8221;:&#8221;author&#8221;,&#8221;bio_page&#8221;:&#8221;\/author\/naomi-oleary\/&#8221;,&#8221;ansImage&#8221;:{&#8220;type&#8221;:&#8221;image&#8221;,&#8221;url&#8221;:&#8221;https:\/\/s3.amazonaws.com\/arc-authors\/irishtimes\/74c03bab-41c4-40db-aa72-9990f1078f61.png&#8221;,&#8221;auth&#8221;:{&#8220;1&#8243;:&#8221;0357a14b4c26bae7fddc3003f720e67ba1b5491cb705fcc569cdc8951fd09f4d&#8221;}}}}}]},&#8221;description&#8221;:{&#8220;basic&#8221;:&#8221;Disregarding Trump\u2019s distracting asides and anecdotes, what messages had been planned for delivery to the world\u2019s leaders?&#8221;},&#8221;display_date&#8221;:&#8221;2025-09-24T16:51:44.684Z&#8221;,&#8221;distributor&#8221;:{&#8220;category&#8221;:&#8221;staff&#8221;,&#8221;name&#8221;:&#8221;irishtimes&#8221;,&#8221;subcategory&#8221;:&#8221;&#8221;},&#8221;headlines&#8221;:{&#8220;basic&#8221;:&#8221;How Trump\u2019s UN speech revealed US claim of total power over people\u2019s lives&#8221;,&#8221;meta_title&#8221;:&#8221;&#8221;,&#8221;mobile&#8221;:&#8221;&#8221;,&#8221;native&#8221;:&#8221;&#8221;,&#8221;print&#8221;:&#8221;&#8221;,&#8221;table&#8221;:&#8221;&#8221;,&#8221;tablet&#8221;:&#8221;&#8221;,&#8221;web&#8221;:&#8221;&#8221;},&#8221;label&#8221;:{&#8220;audio_project_id&#8221;:{&#8220;display&#8221;:true,&#8221;text&#8221;:&#8221;8948&#8243;},&#8221;related_collection&#8221;:{&#8220;display&#8221;:true,&#8221;text&#8221;:&#8221;world-highlights&#8221;,&#8221;url&#8221;:&#8221;&#8221;},&#8221;transparency&#8221;:{&#8220;display&#8221;:true,&#8221;text&#8221;:&#8221;Analysis&#8221;,&#8221;url&#8221;:&#8221;&#8221;}},&#8221;language&#8221;:&#8221;&#8221;,&#8221;owner&#8221;:{&#8220;sponsored&#8221;:false},&#8221;promo_items&#8221;:{&#8220;basic&#8221;:{&#8220;_id&#8221;:&#8221;HMS7AS7U4HVOWLNAY6VUFEYTLM&#8221;,&#8221;additional_properties&#8221;:{&#8220;expiration_date&#8221;:&#8221;2025-10-07T19:56:02Z&#8221;,&#8221;fullSizeResizeUrl&#8221;:&#8221;\/resizer\/v2\/HMS7AS7U4HVOWLNAY6VUFEYTLM.jpg?auth=5aab20f2963002841ec99b7fae14b100ae0a0e0670f20e461e398fc623f3c4ce&#8221;,&#8221;galleries&#8221;:[],&#8221;iptc_job_identifier&#8221;:&#8221;776389216&#8243;,&#8221;iptc_source&#8221;:&#8221;AFP&#8221;,&#8221;iptc_title&#8221;:&#8221;Contributor&#8221;,&#8221;keywords&#8221;:[&#8220;bestof&#8221;,&#8221;diplomacy&#8221;,&#8221;essential&#8221;,&#8221;horizontal&#8221;,&#8221;new york&#8221;,&#8221;politics&#8221;,&#8221;topix&#8221;],&#8221;mime_type&#8221;:&#8221;application\/octet-stream&#8221;,&#8221;originalName&#8221;:&#8221;2236528664&#8243;,&#8221;originalUrl&#8221;:&#8221;https:\/\/cloudfront-eu-central-1.images.arcpublishing.com\/irishtimes\/HMS7AS7U4HVOWLNAY6VUFEYTLM.jpg&#8221;,&#8221;proxyUrl&#8221;:&#8221;\/resizer\/v2\/HMS7AS7U4HVOWLNAY6VUFEYTLM.jpg?auth=5aab20f2963002841ec99b7fae14b100ae0a0e0670f20e461e398fc623f3c4ce&#8221;,&#8221;published&#8221;:true,&#8221;resizeUrl&#8221;:&#8221;\/resizer\/v2\/HMS7AS7U4HVOWLNAY6VUFEYTLM.jpg?auth=5aab20f2963002841ec99b7fae14b100ae0a0e0670f20e461e398fc623f3c4ce&#8221;,&#8221;restricted&#8221;:false,&#8221;takenOn&#8221;:&#8221;2025-09-23T14:23:52Z&#8221;,&#8221;thumbnailResizeUrl&#8221;:&#8221;\/resizer\/v2\/HMS7AS7U4HVOWLNAY6VUFEYTLM.jpg?auth=5aab20f2963002841ec99b7fae14b100ae0a0e0670f20e461e398fc623f3c4ce&#038;width=300&#8243;,&#8221;version&#8221;:1},&#8221;address&#8221;:{&#8220;locality&#8221;:&#8221;New York&#8221;,&#8221;region&#8221;:&#8221;State of New York&#8221;},&#8221;auth&#8221;:{&#8220;1&#8243;:&#8221;5aab20f2963002841ec99b7fae14b100ae0a0e0670f20e461e398fc623f3c4ce&#8221;},&#8221;caption&#8221;:&#8221;Some in Brussels say United States president Donald Trump is focused on Europe because he sees it as a threat. Photograph: Ludovic Marin\/AFP via Getty Images       &#8220;,&#8221;created_date&#8221;:&#8221;2025-09-23T19:56:06Z&#8221;,&#8221;credits&#8221;:{&#8220;affiliation&#8221;:[{&#8220;name&#8221;:&#8221;Getty&#8221;,&#8221;type&#8221;:&#8221;author&#8221;}],&#8221;by&#8221;:[{&#8220;name&#8221;:&#8221;Ludovic Marin&#8221;,&#8221;type&#8221;:&#8221;author&#8221;}]},&#8221;distributor&#8221;:{&#8220;mode&#8221;:&#8221;reference&#8221;,&#8221;reference_id&#8221;:&#8221;254aabc0-a29f-41a0-a2dd-164947f249de&#8221;},&#8221;height&#8221;:5464,&#8221;last_updated_date&#8221;:&#8221;2025-09-24T12:23:58Z&#8221;,&#8221;licensable&#8221;:false,&#8221;owner&#8221;:{&#8220;id&#8221;:&#8221;irishtimes&#8221;},&#8221;slug&#8221;:&#8221;un-us-unga-diplomacy-trump&#8221;,&#8221;source&#8221;:{&#8220;name&#8221;:&#8221;Getty Images&#8221;,&#8221;source_id&#8221;:&#8221;2236528664&#8243;,&#8221;source_type&#8221;:&#8221;wires&#8221;,&#8221;additional_properties&#8221;:{&#8220;editor&#8221;:&#8221;photo center&#8221;},&#8221;system&#8221;:&#8221;arc i\/o&#8221;},&#8221;subtitle&#8221;:&#8221;UN-US-UNGA-DIPLOMACY-TRUMP&#8221;,&#8221;taxonomy&#8221;:{&#8220;associated_tasks&#8221;:[]},&#8221;type&#8221;:&#8221;image&#8221;,&#8221;url&#8221;:&#8221;https:\/\/cloudfront-eu-central-1.images.arcpublishing.com\/irishtimes\/HMS7AS7U4HVOWLNAY6VUFEYTLM.jpg&#8221;,&#8221;version&#8221;:&#8221;0.10.9&#8243;,&#8221;width&#8221;:8192}},&#8221;publish_date&#8221;:&#8221;2025-09-24T19:06:22.676Z&#8221;,&#8221;revision&#8221;:{&#8220;published&#8221;:true,&#8221;revision_id&#8221;:&#8221;DIEKXMTICVAWBFH644SBGCXHBE&#8221;},&#8221;subheadlines&#8221;:{&#8220;basic&#8221;:&#8221;Disregarding Trump\u2019s distracting asides and anecdotes, what messages had been planned for delivery to the world\u2019s leaders?&#8221;},&#8221;subtype&#8221;:&#8221;analysis&#8221;,&#8221;taxonomy&#8221;:{&#8220;primary_section&#8221;:{&#8220;_id&#8221;:&#8221;\/world\/us&#8221;,&#8221;_website&#8221;:&#8221;irishtimes&#8221;,&#8221;type&#8221;:&#8221;section&#8221;,&#8221;version&#8221;:&#8221;0.6.0&#8243;,&#8221;name&#8221;:&#8221;US&#8221;,&#8221;path&#8221;:&#8221;\/world\/us&#8221;,&#8221;parent_id&#8221;:&#8221;\/world&#8221;,&#8221;parent&#8221;:{&#8220;default&#8221;:&#8221;\/world&#8221;},&#8221;additional_properties&#8221;:{&#8220;original&#8221;:{&#8220;_id&#8221;:&#8221;\/world\/us&#8221;,&#8221;_website&#8221;:&#8221;irishtimes&#8221;,&#8221;name&#8221;:&#8221;US&#8221;,&#8221;inactive&#8221;:false,&#8221;ancestors&#8221;:{&#8220;+ add&#8221;:[&#8220;\/world&#8221;],&#8221;App-Hamburger&#8221;:[&#8220;\/world&#8221;,&#8221;https:\/\/www.irishtimes.com\/&#8221;],&#8221;hamburger-menu&#8221;:[&#8220;\/world&#8221;,&#8221;https:\/\/www.irishtimes.com\/&#8221;],&#8221;Mobile-Links-Navigation&#8221;:[],&#8221;navbar&#8221;:[],&#8221;Comopser&#8221;:[],&#8221;section-page-subnavs&#8221;:[&#8220;\/world&#8221;,&#8221;https:\/\/www.irishtimes.com\/&#8221;]},&#8221;parent&#8221;:{&#8220;default&#8221;:&#8221;\/world&#8221;,&#8221;+ add&#8221;:&#8221;\/world&#8221;,&#8221;App-Hamburger&#8221;:&#8221;\/world&#8221;,&#8221;hamburger-menu&#8221;:&#8221;\/world&#8221;,&#8221;Mobile-Links-Navigation&#8221;:null,&#8221;navbar&#8221;:null,&#8221;navbar-NU&#8221;:null,&#8221;Comopser&#8221;:null,&#8221;composer-relevant-sections&#8221;:&#8221;\/world&#8221;,&#8221;section-page-subnavs&#8221;:&#8221;\/world&#8221;,&#8221;sitemap-section&#8221;:null},&#8221;order&#8221;:{&#8220;default&#8221;:2009,&#8221;+ add&#8221;:2008,&#8221;App-Hamburger&#8221;:2003,&#8221;hamburger-menu&#8221;:2003,&#8221;composer-relevant-sections&#8221;:2009,&#8221;section-page-subnavs&#8221;:2004},&#8221;Paywall&#8221;:{&#8220;paywall-status&#8221;:&#8221;free&#8221;},&#8221;_admin&#8221;:{&#8220;alias_ids&#8221;:[&#8220;\/world\/us&#8221;]},&#8221;metadata&#8221;:{&#8220;metadata_description&#8221;:&#8221;Stay informed with the latest US news, breaking headlines, and in-depth analysis from our correspondent in Washington. Brought to you by Ireland&#8217;s quality news brand, The Irish Times&#8221;,&#8221;metadata_title&#8221;:&#8221;US News | Breaking Updates &#038; Analysis from the United States | The Irish Times&#8221;},&#8221;navigation&#8221;:{&#8220;nav_title&#8221;:&#8221;US&#8221;},&#8221;node_type&#8221;:&#8221;section&#8221;}},&#8221;_website_section_id&#8221;:&#8221;irishtimes.\/world\/us&#8221;},&#8221;primary_site&#8221;:{&#8220;_id&#8221;:&#8221;\/world\/us&#8221;,&#8221;type&#8221;:&#8221;site&#8221;,&#8221;version&#8221;:&#8221;0.5.8&#8243;,&#8221;name&#8221;:&#8221;US&#8221;,&#8221;path&#8221;:&#8221;\/world\/us&#8221;,&#8221;parent_id&#8221;:&#8221;\/world&#8221;,&#8221;additional_properties&#8221;:{&#8220;original&#8221;:{&#8220;_id&#8221;:&#8221;\/world\/us&#8221;,&#8221;name&#8221;:&#8221;US&#8221;,&#8221;inactive&#8221;:false,&#8221;ancestors&#8221;:{&#8220;+ add&#8221;:[&#8220;\/world&#8221;],&#8221;App-Hamburger&#8221;:[&#8220;\/world&#8221;,&#8221;https:\/\/www.irishtimes.com\/&#8221;],&#8221;hamburger-menu&#8221;:[&#8220;\/world&#8221;,&#8221;https:\/\/www.irishtimes.com\/&#8221;],&#8221;Mobile-Links-Navigation&#8221;:[],&#8221;navbar&#8221;:[],&#8221;Comopser&#8221;:[],&#8221;section-page-subnavs&#8221;:[&#8220;\/world&#8221;,&#8221;https:\/\/www.irishtimes.com\/&#8221;]},&#8221;parent&#8221;:{&#8220;default&#8221;:&#8221;\/world&#8221;,&#8221;+ add&#8221;:&#8221;\/world&#8221;,&#8221;App-Hamburger&#8221;:&#8221;\/world&#8221;,&#8221;hamburger-menu&#8221;:&#8221;\/world&#8221;,&#8221;Mobile-Links-Navigation&#8221;:null,&#8221;navbar&#8221;:null,&#8221;navbar-NU&#8221;:null,&#8221;Comopser&#8221;:null,&#8221;composer-relevant-sections&#8221;:&#8221;\/world&#8221;,&#8221;section-page-subnavs&#8221;:&#8221;\/world&#8221;,&#8221;sitemap-section&#8221;:null},&#8221;order&#8221;:{&#8220;default&#8221;:2009,&#8221;+ add&#8221;:2008,&#8221;App-Hamburger&#8221;:2003,&#8221;hamburger-menu&#8221;:2003,&#8221;composer-relevant-sections&#8221;:2009,&#8221;section-page-subnavs&#8221;:2004},&#8221;Paywall&#8221;:{&#8220;paywall-status&#8221;:&#8221;free&#8221;},&#8221;_admin&#8221;:{&#8220;alias_ids&#8221;:[&#8220;\/world\/us&#8221;]},&#8221;metadata&#8221;:{&#8220;metadata_description&#8221;:&#8221;Stay informed with the latest US news, breaking headlines, and in-depth analysis from our correspondent in Washington. Brought to you by Ireland&#8217;s quality news brand, The Irish Times&#8221;,&#8221;metadata_title&#8221;:&#8221;US News | Breaking Updates &#038; Analysis from the United States | The Irish Times&#8221;},&#8221;navigation&#8221;:{&#8220;nav_title&#8221;:&#8221;US&#8221;}}}},&#8221;sections&#8221;:[{&#8220;_id&#8221;:&#8221;\/world\/us&#8221;,&#8221;_website&#8221;:&#8221;irishtimes&#8221;,&#8221;type&#8221;:&#8221;section&#8221;,&#8221;version&#8221;:&#8221;0.6.0&#8243;,&#8221;name&#8221;:&#8221;US&#8221;,&#8221;path&#8221;:&#8221;\/world\/us&#8221;,&#8221;parent_id&#8221;:&#8221;\/world&#8221;,&#8221;parent&#8221;:{&#8220;default&#8221;:&#8221;\/world&#8221;},&#8221;additional_properties&#8221;:{&#8220;original&#8221;:{&#8220;_id&#8221;:&#8221;\/world\/us&#8221;,&#8221;_website&#8221;:&#8221;irishtimes&#8221;,&#8221;name&#8221;:&#8221;US&#8221;,&#8221;inactive&#8221;:false,&#8221;ancestors&#8221;:{&#8220;+ add&#8221;:[&#8220;\/world&#8221;],&#8221;App-Hamburger&#8221;:[&#8220;\/world&#8221;,&#8221;https:\/\/www.irishtimes.com\/&#8221;],&#8221;hamburger-menu&#8221;:[&#8220;\/world&#8221;,&#8221;https:\/\/www.irishtimes.com\/&#8221;],&#8221;Mobile-Links-Navigation&#8221;:[],&#8221;navbar&#8221;:[],&#8221;Comopser&#8221;:[],&#8221;section-page-subnavs&#8221;:[&#8220;\/world&#8221;,&#8221;https:\/\/www.irishtimes.com\/&#8221;]},&#8221;parent&#8221;:{&#8220;default&#8221;:&#8221;\/world&#8221;,&#8221;+ add&#8221;:&#8221;\/world&#8221;,&#8221;App-Hamburger&#8221;:&#8221;\/world&#8221;,&#8221;hamburger-menu&#8221;:&#8221;\/world&#8221;,&#8221;Mobile-Links-Navigation&#8221;:null,&#8221;navbar&#8221;:null,&#8221;navbar-NU&#8221;:null,&#8221;Comopser&#8221;:null,&#8221;composer-relevant-sections&#8221;:&#8221;\/world&#8221;,&#8221;section-page-subnavs&#8221;:&#8221;\/world&#8221;,&#8221;sitemap-section&#8221;:null},&#8221;order&#8221;:{&#8220;default&#8221;:2009,&#8221;+ add&#8221;:2008,&#8221;App-Hamburger&#8221;:2003,&#8221;hamburger-menu&#8221;:2003,&#8221;composer-relevant-sections&#8221;:2009,&#8221;section-page-subnavs&#8221;:2004},&#8221;Paywall&#8221;:{&#8220;paywall-status&#8221;:&#8221;free&#8221;},&#8221;_admin&#8221;:{&#8220;alias_ids&#8221;:[&#8220;\/world\/us&#8221;]},&#8221;metadata&#8221;:{&#8220;metadata_description&#8221;:&#8221;Stay informed with the latest US news, breaking headlines, and in-depth analysis from our correspondent in Washington. Brought to you by Ireland&#8217;s quality news brand, The Irish Times&#8221;,&#8221;metadata_title&#8221;:&#8221;US News | Breaking Updates &#038; Analysis from the United States | The Irish Times&#8221;},&#8221;navigation&#8221;:{&#8220;nav_title&#8221;:&#8221;US&#8221;},&#8221;node_type&#8221;:&#8221;section&#8221;}},&#8221;_website_section_id&#8221;:&#8221;irishtimes.\/world\/us&#8221;},{&#8220;_id&#8221;:&#8221;\/world\/europe&#8221;,&#8221;_website&#8221;:&#8221;irishtimes&#8221;,&#8221;type&#8221;:&#8221;section&#8221;,&#8221;version&#8221;:&#8221;0.6.0&#8243;,&#8221;name&#8221;:&#8221;Europe&#8221;,&#8221;path&#8221;:&#8221;\/world\/europe&#8221;,&#8221;parent_id&#8221;:&#8221;\/world&#8221;,&#8221;parent&#8221;:{&#8220;default&#8221;:&#8221;\/world&#8221;},&#8221;additional_properties&#8221;:{&#8220;original&#8221;:{&#8220;_id&#8221;:&#8221;\/world\/europe&#8221;,&#8221;_website&#8221;:&#8221;irishtimes&#8221;,&#8221;name&#8221;:&#8221;Europe&#8221;,&#8221;inactive&#8221;:false,&#8221;ancestors&#8221;:{&#8220;+ add&#8221;:[&#8220;\/world&#8221;],&#8221;App-Hamburger&#8221;:[&#8220;\/world&#8221;,&#8221;https:\/\/www.irishtimes.com\/&#8221;],&#8221;hamburger-menu&#8221;:[&#8220;\/world&#8221;,&#8221;https:\/\/www.irishtimes.com\/&#8221;],&#8221;Mobile-Links-Navigation&#8221;:[],&#8221;navbar&#8221;:[],&#8221;Comopser&#8221;:[],&#8221;section-page-subnavs&#8221;:[&#8220;\/world&#8221;,&#8221;https:\/\/www.irishtimes.com\/&#8221;]},&#8221;parent&#8221;:{&#8220;default&#8221;:&#8221;\/world&#8221;,&#8221;+ add&#8221;:&#8221;\/world&#8221;,&#8221;App-Hamburger&#8221;:&#8221;\/world&#8221;,&#8221;hamburger-menu&#8221;:&#8221;\/world&#8221;,&#8221;Mobile-Links-Navigation&#8221;:null,&#8221;navbar&#8221;:null,&#8221;navbar-NU&#8221;:null,&#8221;Comopser&#8221;:null,&#8221;composer-relevant-sections&#8221;:&#8221;\/world&#8221;,&#8221;section-page-subnavs&#8221;:&#8221;\/world&#8221;,&#8221;sitemap-section&#8221;:null},&#8221;order&#8221;:{&#8220;default&#8221;:2006,&#8221;+ add&#8221;:2006,&#8221;App-Hamburger&#8221;:2001,&#8221;hamburger-menu&#8221;:2001,&#8221;composer-relevant-sections&#8221;:2006,&#8221;section-page-subnavs&#8221;:2001},&#8221;Newsletter&#8221;:{&#8220;newsletterid&#8221;:&#8221;News Digest&#8221;},&#8221;Paywall&#8221;:{&#8220;paywall-status&#8221;:&#8221;free&#8221;},&#8221;_admin&#8221;:{&#8220;alias_ids&#8221;:[&#8220;\/world\/europe&#8221;]},&#8221;metadata&#8221;:{&#8220;metadata_description&#8221;:&#8221;Stay informed with the latest European news, breaking headlines, and in-depth analysis from our correspondents in the EU and beyond. Brought to you by Ireland&#8217;s quality news brand, The Irish Times&#8221;,&#8221;metadata_title&#8221;:&#8221;Europe News | Breaking Updates &#038; Analysis from Europe | The Irish Times&#8221;},&#8221;navigation&#8221;:{&#8220;nav_title&#8221;:&#8221;Europe&#8221;},&#8221;node_type&#8221;:&#8221;section&#8221;}},&#8221;_website_section_id&#8221;:&#8221;irishtimes.\/world\/europe&#8221;},{&#8220;_id&#8221;:&#8221;\/world&#8221;,&#8221;_website&#8221;:&#8221;irishtimes&#8221;,&#8221;type&#8221;:&#8221;section&#8221;,&#8221;version&#8221;:&#8221;0.6.0&#8243;,&#8221;name&#8221;:&#8221;World&#8221;,&#8221;path&#8221;:&#8221;\/world&#8221;,&#8221;parent_id&#8221;:&#8221;https:\/\/www.irishtimes.com\/&#8221;,&#8221;parent&#8221;:{&#8220;default&#8221;:&#8221;https:\/\/www.irishtimes.com\/&#8221;},&#8221;additional_properties&#8221;:{&#8220;original&#8221;:{&#8220;_id&#8221;:&#8221;\/world&#8221;,&#8221;_website&#8221;:&#8221;irishtimes&#8221;,&#8221;name&#8221;:&#8221;World&#8221;,&#8221;inactive&#8221;:false,&#8221;ancestors&#8221;:{&#8220;Mobile-Links-Navigation&#8221;:[],&#8221;App-Hamburger&#8221;:[&#8220;https:\/\/www.irishtimes.com\/&#8221;],&#8221;hamburger-menu&#8221;:[&#8220;https:\/\/www.irishtimes.com\/&#8221;],&#8221;navbar&#8221;:[],&#8221;Comopser&#8221;:[],&#8221;App-Links-Navigation&#8221;:[&#8220;https:\/\/www.irishtimes.com\/&#8221;],&#8221;HP-under-masthead&#8221;:[&#8220;https:\/\/www.irishtimes.com\/&#8221;],&#8221;section-page-subnavs&#8221;:[&#8220;https:\/\/www.irishtimes.com\/&#8221;],&#8221;composer-relevant-sections&#8221;:[&#8220;https:\/\/www.irishtimes.com\/&#8221;],&#8221;sitemap-section&#8221;:[&#8220;https:\/\/www.irishtimes.com\/&#8221;],&#8221;default&#8221;:[&#8220;https:\/\/www.irishtimes.com\/&#8221;]},&#8221;parent&#8221;:{&#8220;default&#8221;:&#8221;https:\/\/www.irishtimes.com\/&#8221;,&#8221;Mobile-Links-Navigation&#8221;:null,&#8221;App-Hamburger&#8221;:&#8221;https:\/\/www.irishtimes.com\/&#8221;,&#8221;hamburger-menu&#8221;:&#8221;https:\/\/www.irishtimes.com\/&#8221;,&#8221;navbar&#8221;:null,&#8221;navbar-NU&#8221;:null,&#8221;Comopser&#8221;:null,&#8221;composer-relevant-sections&#8221;:&#8221;https:\/\/www.irishtimes.com\/&#8221;,&#8221;section-page-subnavs&#8221;:&#8221;https:\/\/www.irishtimes.com\/&#8221;,&#8221;App-Links-Navigation&#8221;:&#8221;https:\/\/www.irishtimes.com\/&#8221;,&#8221;sitemap-section&#8221;:&#8221;https:\/\/www.irishtimes.com\/&#8221;,&#8221;HP-under-masthead&#8221;:&#8221;https:\/\/www.irishtimes.com\/&#8221;},&#8221;order&#8221;:{&#8220;default&#8221;:1027,&#8221;App-Hamburger&#8221;:1009,&#8221;hamburger-menu&#8221;:1009,&#8221;composer-relevant-sections&#8221;:1006,&#8221;section-page-subnavs&#8221;:1005,&#8221;App-Links-Navigation&#8221;:1004,&#8221;sitemap-section&#8221;:1006,&#8221;HP-under-masthead&#8221;:1003},&#8221;Article Promo&#8221;:{&#8220;content&#8221;:{&#8220;whatsapp&#8221;:&#8221;Join The Irish Times on <a href=\\\"https:\/\/www.whatsApp.com\/channel\/0029VaBlegFFXUuflSI6yL3d\\\" target=new>WhatsApp<\/a> and stay up to date&#8221;,&#8221;bell&#8221;:&#8221;Sign up for <a href=\\\"https:\/\/www.irishtimes.com\/media\/2023\/11\/07\/stay-informed-with-push-alerts-from-the-irish-times-delivered-straight-to-your-phone\/\\\" target=new>push alerts<\/a> to get the best breaking news, analysis and comment delivered directly to your phone&#8221;,&#8221;headphones&#8221;:&#8221;Listen to <a href=\\\"https:\/\/www.irishtimes.com\/podcasts\/in-the-news\/\\\" target=new>In The News<\/a> podcast daily for a deep dive on the stories that matter&#8221;},&#8221;header_text&#8221;:null,&#8221;header_url&#8221;:null,&#8221;image&#8221;:null,&#8221;image_alt&#8221;:null},&#8221;Newsletter&#8221;:{&#8220;newsletterid&#8221;:&#8221;News Digest&#8221;},&#8221;Paywall&#8221;:{&#8220;paywall-status&#8221;:&#8221;free&#8221;},&#8221;_admin&#8221;:{&#8220;alias_ids&#8221;:[&#8220;\/world&#8221;]},&#8221;metadata&#8221;:{&#8220;metadata_description&#8221;:&#8221;Stay informed with the latest global news, breaking headlines, and in-depth analysis from our correspondents around the world. Brought to you by Ireland&#8217;s quality news brand, The Irish Times&#8221;,&#8221;metadata_title&#8221;:&#8221;World News | Breaking Updates &#038; Analysis from around the Globe | The Irish Times&#8221;},&#8221;navigation&#8221;:{&#8220;nav_title&#8221;:&#8221;World&#8221;},&#8221;node_type&#8221;:&#8221;section&#8221;}},&#8221;_website_section_id&#8221;:&#8221;irishtimes.\/world&#8221;}],&#8221;sites&#8221;:[{&#8220;_id&#8221;:&#8221;\/world\/us&#8221;,&#8221;type&#8221;:&#8221;site&#8221;,&#8221;version&#8221;:&#8221;0.5.8&#8243;,&#8221;name&#8221;:&#8221;US&#8221;,&#8221;path&#8221;:&#8221;\/world\/us&#8221;,&#8221;parent_id&#8221;:&#8221;\/world&#8221;,&#8221;additional_properties&#8221;:{&#8220;original&#8221;:{&#8220;_id&#8221;:&#8221;\/world\/us&#8221;,&#8221;name&#8221;:&#8221;US&#8221;,&#8221;inactive&#8221;:false,&#8221;ancestors&#8221;:{&#8220;+ add&#8221;:[&#8220;\/world&#8221;],&#8221;App-Hamburger&#8221;:[&#8220;\/world&#8221;,&#8221;https:\/\/www.irishtimes.com\/&#8221;],&#8221;hamburger-menu&#8221;:[&#8220;\/world&#8221;,&#8221;https:\/\/www.irishtimes.com\/&#8221;],&#8221;Mobile-Links-Navigation&#8221;:[],&#8221;navbar&#8221;:[],&#8221;Comopser&#8221;:[],&#8221;section-page-subnavs&#8221;:[&#8220;\/world&#8221;,&#8221;https:\/\/www.irishtimes.com\/&#8221;]},&#8221;parent&#8221;:{&#8220;default&#8221;:&#8221;\/world&#8221;,&#8221;+ add&#8221;:&#8221;\/world&#8221;,&#8221;App-Hamburger&#8221;:&#8221;\/world&#8221;,&#8221;hamburger-menu&#8221;:&#8221;\/world&#8221;,&#8221;Mobile-Links-Navigation&#8221;:null,&#8221;navbar&#8221;:null,&#8221;navbar-NU&#8221;:null,&#8221;Comopser&#8221;:null,&#8221;composer-relevant-sections&#8221;:&#8221;\/world&#8221;,&#8221;section-page-subnavs&#8221;:&#8221;\/world&#8221;,&#8221;sitemap-section&#8221;:null},&#8221;order&#8221;:{&#8220;default&#8221;:2009,&#8221;+ add&#8221;:2008,&#8221;App-Hamburger&#8221;:2003,&#8221;hamburger-menu&#8221;:2003,&#8221;composer-relevant-sections&#8221;:2009,&#8221;section-page-subnavs&#8221;:2004},&#8221;Paywall&#8221;:{&#8220;paywall-status&#8221;:&#8221;free&#8221;},&#8221;_admin&#8221;:{&#8220;alias_ids&#8221;:[&#8220;\/world\/us&#8221;]},&#8221;metadata&#8221;:{&#8220;metadata_description&#8221;:&#8221;Stay informed with the latest US news, breaking headlines, and in-depth analysis from our correspondent in Washington. Brought to you by Ireland&#8217;s quality news brand, The Irish Times&#8221;,&#8221;metadata_title&#8221;:&#8221;US News | Breaking Updates &#038; Analysis from the United States | The Irish Times&#8221;},&#8221;navigation&#8221;:{&#8220;nav_title&#8221;:&#8221;US&#8221;}}}},{&#8220;_id&#8221;:&#8221;\/world\/europe&#8221;,&#8221;type&#8221;:&#8221;site&#8221;,&#8221;version&#8221;:&#8221;0.5.8&#8243;,&#8221;name&#8221;:&#8221;Europe&#8221;,&#8221;path&#8221;:&#8221;\/world\/europe&#8221;,&#8221;parent_id&#8221;:&#8221;\/world&#8221;,&#8221;additional_properties&#8221;:{&#8220;original&#8221;:{&#8220;_id&#8221;:&#8221;\/world\/europe&#8221;,&#8221;name&#8221;:&#8221;Europe&#8221;,&#8221;inactive&#8221;:false,&#8221;ancestors&#8221;:{&#8220;+ add&#8221;:[&#8220;\/world&#8221;],&#8221;App-Hamburger&#8221;:[&#8220;\/world&#8221;,&#8221;https:\/\/www.irishtimes.com\/&#8221;],&#8221;hamburger-menu&#8221;:[&#8220;\/world&#8221;,&#8221;https:\/\/www.irishtimes.com\/&#8221;],&#8221;Mobile-Links-Navigation&#8221;:[],&#8221;navbar&#8221;:[],&#8221;Comopser&#8221;:[],&#8221;section-page-subnavs&#8221;:[&#8220;\/world&#8221;,&#8221;https:\/\/www.irishtimes.com\/&#8221;]},&#8221;parent&#8221;:{&#8220;default&#8221;:&#8221;\/world&#8221;,&#8221;+ add&#8221;:&#8221;\/world&#8221;,&#8221;App-Hamburger&#8221;:&#8221;\/world&#8221;,&#8221;hamburger-menu&#8221;:&#8221;\/world&#8221;,&#8221;Mobile-Links-Navigation&#8221;:null,&#8221;navbar&#8221;:null,&#8221;navbar-NU&#8221;:null,&#8221;Comopser&#8221;:null,&#8221;composer-relevant-sections&#8221;:&#8221;\/world&#8221;,&#8221;section-page-subnavs&#8221;:&#8221;\/world&#8221;,&#8221;sitemap-section&#8221;:null},&#8221;order&#8221;:{&#8220;default&#8221;:2006,&#8221;+ add&#8221;:2006,&#8221;App-Hamburger&#8221;:2001,&#8221;hamburger-menu&#8221;:2001,&#8221;composer-relevant-sections&#8221;:2006,&#8221;section-page-subnavs&#8221;:2001},&#8221;Newsletter&#8221;:{&#8220;newsletterid&#8221;:&#8221;News Digest&#8221;},&#8221;Paywall&#8221;:{&#8220;paywall-status&#8221;:&#8221;free&#8221;},&#8221;_admin&#8221;:{&#8220;alias_ids&#8221;:[&#8220;\/world\/europe&#8221;]},&#8221;metadata&#8221;:{&#8220;metadata_description&#8221;:&#8221;Stay informed with the latest European news, breaking headlines, and in-depth analysis from our correspondents in the EU and beyond. Brought to you by Ireland&#8217;s quality news brand, The Irish Times&#8221;,&#8221;metadata_title&#8221;:&#8221;Europe News | Breaking Updates &#038; Analysis from Europe | The Irish Times&#8221;},&#8221;navigation&#8221;:{&#8220;nav_title&#8221;:&#8221;Europe&#8221;}}}},{&#8220;_id&#8221;:&#8221;\/world&#8221;,&#8221;type&#8221;:&#8221;site&#8221;,&#8221;version&#8221;:&#8221;0.5.8&#8243;,&#8221;name&#8221;:&#8221;World&#8221;,&#8221;path&#8221;:&#8221;\/world&#8221;,&#8221;parent_id&#8221;:&#8221;https:\/\/www.irishtimes.com\/&#8221;,&#8221;additional_properties&#8221;:{&#8220;original&#8221;:{&#8220;_id&#8221;:&#8221;\/world&#8221;,&#8221;name&#8221;:&#8221;World&#8221;,&#8221;inactive&#8221;:false,&#8221;ancestors&#8221;:{&#8220;Mobile-Links-Navigation&#8221;:[],&#8221;App-Hamburger&#8221;:[&#8220;https:\/\/www.irishtimes.com\/&#8221;],&#8221;hamburger-menu&#8221;:[&#8220;https:\/\/www.irishtimes.com\/&#8221;],&#8221;navbar&#8221;:[],&#8221;Comopser&#8221;:[],&#8221;App-Links-Navigation&#8221;:[&#8220;https:\/\/www.irishtimes.com\/&#8221;],&#8221;HP-under-masthead&#8221;:[&#8220;https:\/\/www.irishtimes.com\/&#8221;],&#8221;section-page-subnavs&#8221;:[&#8220;https:\/\/www.irishtimes.com\/&#8221;],&#8221;composer-relevant-sections&#8221;:[&#8220;https:\/\/www.irishtimes.com\/&#8221;],&#8221;sitemap-section&#8221;:[&#8220;https:\/\/www.irishtimes.com\/&#8221;],&#8221;default&#8221;:[&#8220;https:\/\/www.irishtimes.com\/&#8221;]},&#8221;parent&#8221;:{&#8220;default&#8221;:&#8221;https:\/\/www.irishtimes.com\/&#8221;,&#8221;Mobile-Links-Navigation&#8221;:null,&#8221;App-Hamburger&#8221;:&#8221;https:\/\/www.irishtimes.com\/&#8221;,&#8221;hamburger-menu&#8221;:&#8221;https:\/\/www.irishtimes.com\/&#8221;,&#8221;navbar&#8221;:null,&#8221;navbar-NU&#8221;:null,&#8221;Comopser&#8221;:null,&#8221;composer-relevant-sections&#8221;:&#8221;https:\/\/www.irishtimes.com\/&#8221;,&#8221;section-page-subnavs&#8221;:&#8221;https:\/\/www.irishtimes.com\/&#8221;,&#8221;App-Links-Navigation&#8221;:&#8221;https:\/\/www.irishtimes.com\/&#8221;,&#8221;sitemap-section&#8221;:&#8221;https:\/\/www.irishtimes.com\/&#8221;,&#8221;HP-under-masthead&#8221;:&#8221;https:\/\/www.irishtimes.com\/&#8221;},&#8221;order&#8221;:{&#8220;default&#8221;:1027,&#8221;App-Hamburger&#8221;:1009,&#8221;hamburger-menu&#8221;:1009,&#8221;composer-relevant-sections&#8221;:1006,&#8221;section-page-subnavs&#8221;:1005,&#8221;App-Links-Navigation&#8221;:1004,&#8221;sitemap-section&#8221;:1006,&#8221;HP-under-masthead&#8221;:1003},&#8221;Article Promo&#8221;:{&#8220;content&#8221;:{&#8220;whatsapp&#8221;:&#8221;Join The Irish Times on <a href=\\\"https:\/\/www.whatsApp.com\/channel\/0029VaBlegFFXUuflSI6yL3d\\\" target=new>WhatsApp<\/a> and stay up to date&#8221;,&#8221;bell&#8221;:&#8221;Sign up for <a href=\\\"https:\/\/www.irishtimes.com\/media\/2023\/11\/07\/stay-informed-with-push-alerts-from-the-irish-times-delivered-straight-to-your-phone\/\\\" target=new>push alerts<\/a> to get the best breaking news, analysis and comment delivered directly to your phone&#8221;,&#8221;headphones&#8221;:&#8221;Listen to <a href=\\\"https:\/\/www.irishtimes.com\/podcasts\/in-the-news\/\\\" target=new>In The News<\/a> podcast daily for a deep dive on the stories that matter&#8221;},&#8221;header_text&#8221;:null,&#8221;header_url&#8221;:null,&#8221;image&#8221;:null,&#8221;image_alt&#8221;:null},&#8221;Newsletter&#8221;:{&#8220;newsletterid&#8221;:&#8221;News Digest&#8221;},&#8221;Paywall&#8221;:{&#8220;paywall-status&#8221;:&#8221;free&#8221;},&#8221;_admin&#8221;:{&#8220;alias_ids&#8221;:[&#8220;\/world&#8221;]},&#8221;metadata&#8221;:{&#8220;metadata_description&#8221;:&#8221;Stay informed with the latest global news, breaking headlines, and in-depth analysis from our correspondents around the world. Brought to you by Ireland&#8217;s quality news brand, The Irish Times&#8221;,&#8221;metadata_title&#8221;:&#8221;World News | Breaking Updates &#038; Analysis from around the Globe | The Irish Times&#8221;},&#8221;navigation&#8221;:{&#8220;nav_title&#8221;:&#8221;World&#8221;},&#8221;node_type&#8221;:&#8221;section&#8221;}}}],&#8221;tags&#8221;:[{&#8220;_id&#8221;:&#8221;UA2G5BM7YVCU7FAIOKSXVWAWSY&#8221;,&#8221;description&#8221;:&#8221;The latest news, opinion and analysis on Donald Trump, the 45th and 47th president of the United States&#8221;,&#8221;slug&#8221;:&#8221;donald-trump&#8221;,&#8221;text&#8221;:&#8221;Donald Trump&#8221;},{&#8220;_id&#8221;:&#8221;24SEU4PBWFD5FIURLOVCVLEJSM&#8221;,&#8221;description&#8221;:&#8221;US&#8221;,&#8221;slug&#8221;:&#8221;us&#8221;,&#8221;text&#8221;:&#8221;US&#8221;},{&#8220;_id&#8221;:&#8221;PZ32IHZKF5E7XASWH4G4SF73J4&#8243;,&#8221;description&#8221;:&#8221;United Nations (UN)&#8221;,&#8221;slug&#8221;:&#8221;united-nations-un&#8221;,&#8221;text&#8221;:&#8221;United Nations (UN)&#8221;},{&#8220;_id&#8221;:&#8221;ELSFEZXAMBCORMQJIYNFOSIIBE&#8221;,&#8221;description&#8221;:&#8221;Our latest news coverage, analysis and comment on the global climate crisis&#8221;,&#8221;slug&#8221;:&#8221;climate-change&#8221;,&#8221;text&#8221;:&#8221;Climate change&#8221;},{&#8220;_id&#8221;:&#8221;SPT33MW2OBDENGPFOFT5MJQT3Q&#8221;,&#8221;description&#8221;:&#8221;Stories about immigration, migrants of all types into Ireland &#8220;,&#8221;slug&#8221;:&#8221;immigration&#8221;,&#8221;text&#8221;:&#8221;Immigration&#8221;}]},&#8221;type&#8221;:&#8221;story&#8221;,&#8221;version&#8221;:&#8221;0.10.11&#8243;,&#8221;websites&#8221;:{&#8220;irishtimes&#8221;:{&#8220;website_section&#8221;:{&#8220;_id&#8221;:&#8221;\/world\/us&#8221;,&#8221;_website&#8221;:&#8221;irishtimes&#8221;,&#8221;type&#8221;:&#8221;section&#8221;,&#8221;version&#8221;:&#8221;0.6.0&#8243;,&#8221;name&#8221;:&#8221;US&#8221;,&#8221;path&#8221;:&#8221;\/world\/us&#8221;,&#8221;parent_id&#8221;:&#8221;\/world&#8221;,&#8221;parent&#8221;:{&#8220;default&#8221;:&#8221;\/world&#8221;},&#8221;additional_properties&#8221;:{&#8220;original&#8221;:{&#8220;_id&#8221;:&#8221;\/world\/us&#8221;,&#8221;_website&#8221;:&#8221;irishtimes&#8221;,&#8221;name&#8221;:&#8221;US&#8221;,&#8221;inactive&#8221;:false,&#8221;ancestors&#8221;:{&#8220;+ add&#8221;:[&#8220;\/world&#8221;],&#8221;App-Hamburger&#8221;:[&#8220;\/world&#8221;,&#8221;https:\/\/www.irishtimes.com\/&#8221;],&#8221;hamburger-menu&#8221;:[&#8220;\/world&#8221;,&#8221;https:\/\/www.irishtimes.com\/&#8221;],&#8221;Mobile-Links-Navigation&#8221;:[],&#8221;navbar&#8221;:[],&#8221;Comopser&#8221;:[],&#8221;section-page-subnavs&#8221;:[&#8220;\/world&#8221;,&#8221;https:\/\/www.irishtimes.com\/&#8221;]},&#8221;parent&#8221;:{&#8220;default&#8221;:&#8221;\/world&#8221;,&#8221;+ add&#8221;:&#8221;\/world&#8221;,&#8221;App-Hamburger&#8221;:&#8221;\/world&#8221;,&#8221;hamburger-menu&#8221;:&#8221;\/world&#8221;,&#8221;Mobile-Links-Navigation&#8221;:null,&#8221;navbar&#8221;:null,&#8221;navbar-NU&#8221;:null,&#8221;Comopser&#8221;:null,&#8221;composer-relevant-sections&#8221;:&#8221;\/world&#8221;,&#8221;section-page-subnavs&#8221;:&#8221;\/world&#8221;,&#8221;sitemap-section&#8221;:null},&#8221;order&#8221;:{&#8220;default&#8221;:2009,&#8221;+ add&#8221;:2008,&#8221;App-Hamburger&#8221;:2003,&#8221;hamburger-menu&#8221;:2003,&#8221;composer-relevant-sections&#8221;:2009,&#8221;section-page-subnavs&#8221;:2004},&#8221;Paywall&#8221;:{&#8220;paywall-status&#8221;:&#8221;free&#8221;},&#8221;_admin&#8221;:{&#8220;alias_ids&#8221;:[&#8220;\/world\/us&#8221;]},&#8221;metadata&#8221;:{&#8220;metadata_description&#8221;:&#8221;Stay informed with the latest US news, breaking headlines, and in-depth analysis from our correspondent in Washington. Brought to you by Ireland&#8217;s quality news brand, The Irish Times&#8221;,&#8221;metadata_title&#8221;:&#8221;US News | Breaking Updates &#038; Analysis from the United States | The Irish Times&#8221;},&#8221;navigation&#8221;:{&#8220;nav_title&#8221;:&#8221;US&#8221;},&#8221;node_type&#8221;:&#8221;section&#8221;}},&#8221;_website_section_id&#8221;:&#8221;irishtimes.\/world\/us&#8221;},&#8221;website_url&#8221;:&#8221;https:\/\/www.irishtimes.com\/world\/us\/2025\/09\/24\/why-is-trump-so-obsessed-with-europe\/&#8221;}},&#8221;canonical_url&#8221;:&#8221;https:\/\/www.irishtimes.com\/world\/us\/2025\/09\/24\/why-is-trump-so-obsessed-with-europe\/&#8221;},{&#8220;additional_properties&#8221;:{&#8220;audio_duration&#8221;:274,&#8221;audio_url&#8221;:&#8221;https:\/\/cdn.beyondwords.io\/audio\/projects\/8948\/podcasts\/4007aac5-3c2f-4a33-ab74-e4d277113610\/versions\/1758659041\/media\/99c2859acfe98aab4a6e2c564d030d8b_compiled.mp3&#8243;,&#8221;has_published_copy&#8221;:true,&#8221;is_published&#8221;:true,&#8221;publish_date&#8221;:&#8221;2025-09-24T05:58:32.119Z&#8221;},&#8221;content_elements&#8221;:[],&#8221;related_content&#8221;:{&#8220;basic&#8221;:[{&#8220;_id&#8221;:&#8221;W7EDVIVO3MBQHDTNSYTXIC2X5E&#8221;,&#8221;referent&#8221;:{&#8220;id&#8221;:&#8221;W7EDVIVO3MBQHDTNSYTXIC2X5E&#8221;,&#8221;provider&#8221;:&#8221;&#8221;,&#8221;referent_properties&#8221;:{},&#8221;type&#8221;:&#8221;image&#8221;},&#8221;type&#8221;:&#8221;reference&#8221;}]},&#8221;_id&#8221;:&#8221;CWVBCS5RDFAU5BSHXDHO36QBLM&#8221;,&#8221;canonical_website&#8221;:&#8221;irishtimes&#8221;,&#8221;content_restrictions&#8221;:{&#8220;content_code&#8221;:&#8221;premium&#8221;},&#8221;credits&#8221;:{&#8220;by&#8221;:[{&#8220;_id&#8221;:&#8221;keith-duggan&#8221;,&#8221;type&#8221;:&#8221;author&#8221;,&#8221;version&#8221;:&#8221;0.5.8&#8243;,&#8221;name&#8221;:&#8221;Keith Duggan&#8221;,&#8221;image&#8221;:{&#8220;url&#8221;:&#8221;https:\/\/s3.amazonaws.com\/arc-authors\/irishtimes\/142e9869-5a99-49bd-a9f5-90adedbadb25.png&#8221;,&#8221;version&#8221;:&#8221;0.5.8&#8243;,&#8221;type&#8221;:&#8221;image&#8221;,&#8221;auth&#8221;:{&#8220;1&#8243;:&#8221;1c06bc7c835e4be10e82a2801f2f5eedf66f511cf61e427371c21f70fb071728&#8243;}},&#8221;description&#8221;:&#8221;Keith Duggan is Washington Correspondent of The Irish Times&#8221;,&#8221;url&#8221;:&#8221;\/author\/keith-duggan\/&#8221;,&#8221;slug&#8221;:&#8221;keith-duggan&#8221;,&#8221;social_links&#8221;:[{&#8220;site&#8221;:&#8221;email&#8221;,&#8221;url&#8221;:&#8221;kduggan@irishtimes.com&#8221;},{&#8220;site&#8221;:&#8221;facebook&#8221;,&#8221;url&#8221;:null},{&#8220;site&#8221;:&#8221;twitter&#8221;,&#8221;url&#8221;:&#8221;KeithDugganIT&#8221;}],&#8221;socialLinks&#8221;:[{&#8220;site&#8221;:&#8221;email&#8221;,&#8221;url&#8221;:&#8221;kduggan@irishtimes.com&#8221;,&#8221;deprecated&#8221;:true,&#8221;deprecation_msg&#8221;:&#8221;Please use social_links.&#8221;},{&#8220;site&#8221;:&#8221;facebook&#8221;,&#8221;url&#8221;:null,&#8221;deprecated&#8221;:true,&#8221;deprecation_msg&#8221;:&#8221;Please use social_links.&#8221;},{&#8220;site&#8221;:&#8221;twitter&#8221;,&#8221;url&#8221;:&#8221;KeithDugganIT&#8221;,&#8221;deprecated&#8221;:true,&#8221;deprecation_msg&#8221;:&#8221;Please use social_links.&#8221;}],&#8221;additional_properties&#8221;:{&#8220;original&#8221;:{&#8220;_id&#8221;:&#8221;keith-duggan&#8221;,&#8221;byline&#8221;:&#8221;Keith Duggan&#8221;,&#8221;slug&#8221;:&#8221;keith-duggan&#8221;,&#8221;firstName&#8221;:&#8221;Keith&#8221;,&#8221;lastName&#8221;:&#8221;Duggan&#8221;,&#8221;middleName&#8221;:null,&#8221;bio&#8221;:&#8221;Keith Duggan is Washington Correspondent of The Irish Times&#8221;,&#8221;longBio&#8221;:&#8221;Keith Duggan is Washington Correspondent of The Irish Times&#8221;,&#8221;role&#8221;:&#8221;Washington Correspondent&#8221;,&#8221;author_type&#8221;:&#8221;Staff&#8221;,&#8221;twitter&#8221;:&#8221;KeithDugganIT&#8221;,&#8221;facebook&#8221;:null,&#8221;status&#8221;:true,&#8221;image&#8221;:&#8221;https:\/\/s3.amazonaws.com\/arc-authors\/irishtimes\/142e9869-5a99-49bd-a9f5-90adedbadb25.png&#8221;,&#8221;books&#8221;:[],&#8221;podcasts&#8221;:[],&#8221;education&#8221;:[],&#8221;awards&#8221;:[],&#8221;last_updated_date&#8221;:&#8221;2024-01-18T10:54:48.116Z&#8221;,&#8221;email&#8221;:&#8221;kduggan@irishtimes.com&#8221;,&#8221;type&#8221;:&#8221;author&#8221;,&#8221;bio_page&#8221;:&#8221;\/author\/keith-duggan\/&#8221;,&#8221;beat&#8221;:&#8221;in New York&#8221;,&#8221;ansImage&#8221;:{&#8220;type&#8221;:&#8221;image&#8221;,&#8221;url&#8221;:&#8221;https:\/\/s3.amazonaws.com\/arc-authors\/irishtimes\/142e9869-5a99-49bd-a9f5-90adedbadb25.png&#8221;,&#8221;auth&#8221;:{&#8220;1&#8243;:&#8221;1c06bc7c835e4be10e82a2801f2f5eedf66f511cf61e427371c21f70fb071728&#8243;}}}}}]},&#8221;description&#8221;:{&#8220;basic&#8221;:&#8221;UN General Assembly address a cascading message of folly and ruination&#8221;},&#8221;display_date&#8221;:&#8221;2025-09-24T05:00:00Z&#8221;,&#8221;distributor&#8221;:{&#8220;category&#8221;:&#8221;staff&#8221;,&#8221;mode&#8221;:&#8221;custom&#8221;,&#8221;name&#8221;:&#8221;irishtimes&#8221;},&#8221;headlines&#8221;:{&#8220;basic&#8221;:&#8221;Trump delivers Maga rebuke to world with familiar litany of boasts and chastisements&#8221;,&#8221;meta_title&#8221;:&#8221;&#8221;,&#8221;mobile&#8221;:&#8221;Keith Duggan: Trump delivers Maga rebuke to world with familiar litany of boasts and chastisements at UN General Assembly&#8221;,&#8221;native&#8221;:&#8221;&#8221;,&#8221;print&#8221;:&#8221;&#8221;,&#8221;table&#8221;:&#8221;&#8221;,&#8221;tablet&#8221;:&#8221;&#8221;,&#8221;web&#8221;:&#8221;&#8221;},&#8221;label&#8221;:{&#8220;audio_project_id&#8221;:{&#8220;display&#8221;:true,&#8221;text&#8221;:&#8221;8948&#8243;},&#8221;related_collection&#8221;:{&#8220;display&#8221;:true,&#8221;text&#8221;:&#8221;world-highlights&#8221;,&#8221;url&#8221;:&#8221;&#8221;}},&#8221;language&#8221;:&#8221;&#8221;,&#8221;owner&#8221;:{&#8220;sponsored&#8221;:false},&#8221;promo_items&#8221;:{&#8220;basic&#8221;:{&#8220;_id&#8221;:&#8221;SYPSTPDOH5PVYZOGCD2PNQMYUQ&#8221;,&#8221;additional_properties&#8221;:{&#8220;expiration_date&#8221;:&#8221;2025-10-07T15:07:24Z&#8221;,&#8221;fullSizeResizeUrl&#8221;:&#8221;\/resizer\/v2\/SYPSTPDOH5PVYZOGCD2PNQMYUQ.jpg?auth=eeada81f8d076bd537f9e00a01b4887c0243e070c024fe6c5907c46083b2c9bb&#8221;,&#8221;galleries&#8221;:[],&#8221;iptc_job_identifier&#8221;:&#8221;776366908&#8243;,&#8221;iptc_source&#8221;:&#8221;Getty Images News&#8221;,&#8221;iptc_title&#8221;:&#8221;Staff&#8221;,&#8221;mime_type&#8221;:&#8221;application\/octet-stream&#8221;,&#8221;originalName&#8221;:&#8221;2236930053&#8243;,&#8221;originalUrl&#8221;:&#8221;https:\/\/cloudfront-eu-central-1.images.arcpublishing.com\/irishtimes\/SYPSTPDOH5PVYZOGCD2PNQMYUQ.jpg&#8221;,&#8221;proxyUrl&#8221;:&#8221;\/resizer\/v2\/SYPSTPDOH5PVYZOGCD2PNQMYUQ.jpg?auth=eeada81f8d076bd537f9e00a01b4887c0243e070c024fe6c5907c46083b2c9bb&#8221;,&#8221;published&#8221;:true,&#8221;resizeUrl&#8221;:&#8221;\/resizer\/v2\/SYPSTPDOH5PVYZOGCD2PNQMYUQ.jpg?auth=eeada81f8d076bd537f9e00a01b4887c0243e070c024fe6c5907c46083b2c9bb&#8221;,&#8221;restricted&#8221;:false,&#8221;takenOn&#8221;:&#8221;2025-09-23T14:52:09Z&#8221;,&#8221;thumbnailResizeUrl&#8221;:&#8221;\/resizer\/v2\/SYPSTPDOH5PVYZOGCD2PNQMYUQ.jpg?auth=eeada81f8d076bd537f9e00a01b4887c0243e070c024fe6c5907c46083b2c9bb&#038;width=300&#8243;,&#8221;version&#8221;:1},&#8221;address&#8221;:{&#8220;locality&#8221;:&#8221;New York&#8221;,&#8221;region&#8221;:&#8221;New York&#8221;},&#8221;auth&#8221;:{&#8220;1&#8243;:&#8221;eeada81f8d076bd537f9e00a01b4887c0243e070c024fe6c5907c46083b2c9bb&#8221;},&#8221;caption&#8221;:&#8221;US president Donald Trump addresses the 80th session of the UN General Assembly in New York City. Photograph: Chip Somodevilla\/Getty Images&#8221;,&#8221;copyright&#8221;:&#8221;2025 Getty Images&#8221;,&#8221;created_date&#8221;:&#8221;2025-09-23T15:07:26Z&#8221;,&#8221;credits&#8221;:{&#8220;affiliation&#8221;:[{&#8220;name&#8221;:&#8221;Getty&#8221;,&#8221;type&#8221;:&#8221;author&#8221;}],&#8221;by&#8221;:[{&#8220;name&#8221;:&#8221;Chip Somodevilla&#8221;,&#8221;type&#8221;:&#8221;author&#8221;}]},&#8221;distributor&#8221;:{&#8220;mode&#8221;:&#8221;reference&#8221;,&#8221;reference_id&#8221;:&#8221;254aabc0-a29f-41a0-a2dd-164947f249de&#8221;},&#8221;height&#8221;:1869,&#8221;last_updated_date&#8221;:&#8221;2025-09-23T17:03:18Z&#8221;,&#8221;licensable&#8221;:false,&#8221;owner&#8221;:{&#8220;id&#8221;:&#8221;irishtimes&#8221;},&#8221;slug&#8221;:&#8221;world-leaders-gather-for-the-80th-session-of-the-united-nations-general-assembly&#8221;,&#8221;source&#8221;:{&#8220;name&#8221;:&#8221;Getty Images&#8221;,&#8221;source_id&#8221;:&#8221;2236930053&#8243;,&#8221;source_type&#8221;:&#8221;wires&#8221;,&#8221;additional_properties&#8221;:{&#8220;editor&#8221;:&#8221;photo center&#8221;},&#8221;system&#8221;:&#8221;arc i\/o&#8221;},&#8221;subtitle&#8221;:&#8221;World Leaders Gather For The 80th Session Of The United Nations General Assembly&#8221;,&#8221;taxonomy&#8221;:{&#8220;associated_tasks&#8221;:[]},&#8221;type&#8221;:&#8221;image&#8221;,&#8221;url&#8221;:&#8221;https:\/\/cloudfront-eu-central-1.images.arcpublishing.com\/irishtimes\/SYPSTPDOH5PVYZOGCD2PNQMYUQ.jpg&#8221;,&#8221;version&#8221;:&#8221;0.10.9&#8243;,&#8221;width&#8221;:2805}},&#8221;publish_date&#8221;:&#8221;2025-09-24T12:09:15.598Z&#8221;,&#8221;revision&#8221;:{&#8220;published&#8221;:true,&#8221;revision_id&#8221;:&#8221;M3P2X4MUWFHRRHMW6WDNE2HGDI&#8221;},&#8221;subheadlines&#8221;:{&#8220;basic&#8221;:&#8221;UN General Assembly address a cascading message of folly and ruination&#8221;},&#8221;subtype&#8221;:&#8221;feature&#8221;,&#8221;taxonomy&#8221;:{&#8220;primary_section&#8221;:{&#8220;_id&#8221;:&#8221;\/world\/us&#8221;,&#8221;_website&#8221;:&#8221;irishtimes&#8221;,&#8221;type&#8221;:&#8221;section&#8221;,&#8221;version&#8221;:&#8221;0.6.0&#8243;,&#8221;name&#8221;:&#8221;US&#8221;,&#8221;path&#8221;:&#8221;\/world\/us&#8221;,&#8221;parent_id&#8221;:&#8221;\/world&#8221;,&#8221;parent&#8221;:{&#8220;default&#8221;:&#8221;\/world&#8221;},&#8221;additional_properties&#8221;:{&#8220;original&#8221;:{&#8220;_id&#8221;:&#8221;\/world\/us&#8221;,&#8221;_website&#8221;:&#8221;irishtimes&#8221;,&#8221;name&#8221;:&#8221;US&#8221;,&#8221;inactive&#8221;:false,&#8221;ancestors&#8221;:{&#8220;+ add&#8221;:[&#8220;\/world&#8221;],&#8221;App-Hamburger&#8221;:[&#8220;\/world&#8221;,&#8221;https:\/\/www.irishtimes.com\/&#8221;],&#8221;hamburger-menu&#8221;:[&#8220;\/world&#8221;,&#8221;https:\/\/www.irishtimes.com\/&#8221;],&#8221;Mobile-Links-Navigation&#8221;:[],&#8221;navbar&#8221;:[],&#8221;Comopser&#8221;:[],&#8221;section-page-subnavs&#8221;:[&#8220;\/world&#8221;,&#8221;https:\/\/www.irishtimes.com\/&#8221;]},&#8221;parent&#8221;:{&#8220;default&#8221;:&#8221;\/world&#8221;,&#8221;+ add&#8221;:&#8221;\/world&#8221;,&#8221;App-Hamburger&#8221;:&#8221;\/world&#8221;,&#8221;hamburger-menu&#8221;:&#8221;\/world&#8221;,&#8221;Mobile-Links-Navigation&#8221;:null,&#8221;navbar&#8221;:null,&#8221;navbar-NU&#8221;:null,&#8221;Comopser&#8221;:null,&#8221;composer-relevant-sections&#8221;:&#8221;\/world&#8221;,&#8221;section-page-subnavs&#8221;:&#8221;\/world&#8221;,&#8221;sitemap-section&#8221;:null},&#8221;order&#8221;:{&#8220;default&#8221;:2009,&#8221;+ add&#8221;:2008,&#8221;App-Hamburger&#8221;:2003,&#8221;hamburger-menu&#8221;:2003,&#8221;composer-relevant-sections&#8221;:2009,&#8221;section-page-subnavs&#8221;:2004},&#8221;Paywall&#8221;:{&#8220;paywall-status&#8221;:&#8221;free&#8221;},&#8221;_admin&#8221;:{&#8220;alias_ids&#8221;:[&#8220;\/world\/us&#8221;]},&#8221;metadata&#8221;:{&#8220;metadata_description&#8221;:&#8221;Stay informed with the latest US news, breaking headlines, and in-depth analysis from our correspondent in Washington. Brought to you by Ireland&#8217;s quality news brand, The Irish Times&#8221;,&#8221;metadata_title&#8221;:&#8221;US News | Breaking Updates &#038; Analysis from the United States | The Irish Times&#8221;},&#8221;navigation&#8221;:{&#8220;nav_title&#8221;:&#8221;US&#8221;},&#8221;node_type&#8221;:&#8221;section&#8221;}},&#8221;_website_section_id&#8221;:&#8221;irishtimes.\/world\/us&#8221;},&#8221;primary_site&#8221;:{&#8220;_id&#8221;:&#8221;\/world\/us&#8221;,&#8221;type&#8221;:&#8221;site&#8221;,&#8221;version&#8221;:&#8221;0.5.8&#8243;,&#8221;name&#8221;:&#8221;US&#8221;,&#8221;path&#8221;:&#8221;\/world\/us&#8221;,&#8221;parent_id&#8221;:&#8221;\/world&#8221;,&#8221;additional_properties&#8221;:{&#8220;original&#8221;:{&#8220;_id&#8221;:&#8221;\/world\/us&#8221;,&#8221;name&#8221;:&#8221;US&#8221;,&#8221;inactive&#8221;:false,&#8221;ancestors&#8221;:{&#8220;+ add&#8221;:[&#8220;\/world&#8221;],&#8221;App-Hamburger&#8221;:[&#8220;\/world&#8221;,&#8221;https:\/\/www.irishtimes.com\/&#8221;],&#8221;hamburger-menu&#8221;:[&#8220;\/world&#8221;,&#8221;https:\/\/www.irishtimes.com\/&#8221;],&#8221;Mobile-Links-Navigation&#8221;:[],&#8221;navbar&#8221;:[],&#8221;Comopser&#8221;:[],&#8221;section-page-subnavs&#8221;:[&#8220;\/world&#8221;,&#8221;https:\/\/www.irishtimes.com\/&#8221;]},&#8221;parent&#8221;:{&#8220;default&#8221;:&#8221;\/world&#8221;,&#8221;+ add&#8221;:&#8221;\/world&#8221;,&#8221;App-Hamburger&#8221;:&#8221;\/world&#8221;,&#8221;hamburger-menu&#8221;:&#8221;\/world&#8221;,&#8221;Mobile-Links-Navigation&#8221;:null,&#8221;navbar&#8221;:null,&#8221;navbar-NU&#8221;:null,&#8221;Comopser&#8221;:null,&#8221;composer-relevant-sections&#8221;:&#8221;\/world&#8221;,&#8221;section-page-subnavs&#8221;:&#8221;\/world&#8221;,&#8221;sitemap-section&#8221;:null},&#8221;order&#8221;:{&#8220;default&#8221;:2009,&#8221;+ add&#8221;:2008,&#8221;App-Hamburger&#8221;:2003,&#8221;hamburger-menu&#8221;:2003,&#8221;composer-relevant-sections&#8221;:2009,&#8221;section-page-subnavs&#8221;:2004},&#8221;Paywall&#8221;:{&#8220;paywall-status&#8221;:&#8221;free&#8221;},&#8221;_admin&#8221;:{&#8220;alias_ids&#8221;:[&#8220;\/world\/us&#8221;]},&#8221;metadata&#8221;:{&#8220;metadata_description&#8221;:&#8221;Stay informed with the latest US news, breaking headlines, and in-depth analysis from our correspondent in Washington. Brought to you by Ireland&#8217;s quality news brand, The Irish Times&#8221;,&#8221;metadata_title&#8221;:&#8221;US News | Breaking Updates &#038; Analysis from the United States | The Irish Times&#8221;},&#8221;navigation&#8221;:{&#8220;nav_title&#8221;:&#8221;US&#8221;}}}},&#8221;sections&#8221;:[{&#8220;_id&#8221;:&#8221;\/world\/us&#8221;,&#8221;_website&#8221;:&#8221;irishtimes&#8221;,&#8221;type&#8221;:&#8221;section&#8221;,&#8221;version&#8221;:&#8221;0.6.0&#8243;,&#8221;name&#8221;:&#8221;US&#8221;,&#8221;path&#8221;:&#8221;\/world\/us&#8221;,&#8221;parent_id&#8221;:&#8221;\/world&#8221;,&#8221;parent&#8221;:{&#8220;default&#8221;:&#8221;\/world&#8221;},&#8221;additional_properties&#8221;:{&#8220;original&#8221;:{&#8220;_id&#8221;:&#8221;\/world\/us&#8221;,&#8221;_website&#8221;:&#8221;irishtimes&#8221;,&#8221;name&#8221;:&#8221;US&#8221;,&#8221;inactive&#8221;:false,&#8221;ancestors&#8221;:{&#8220;+ add&#8221;:[&#8220;\/world&#8221;],&#8221;App-Hamburger&#8221;:[&#8220;\/world&#8221;,&#8221;https:\/\/www.irishtimes.com\/&#8221;],&#8221;hamburger-menu&#8221;:[&#8220;\/world&#8221;,&#8221;https:\/\/www.irishtimes.com\/&#8221;],&#8221;Mobile-Links-Navigation&#8221;:[],&#8221;navbar&#8221;:[],&#8221;Comopser&#8221;:[],&#8221;section-page-subnavs&#8221;:[&#8220;\/world&#8221;,&#8221;https:\/\/www.irishtimes.com\/&#8221;]},&#8221;parent&#8221;:{&#8220;default&#8221;:&#8221;\/world&#8221;,&#8221;+ add&#8221;:&#8221;\/world&#8221;,&#8221;App-Hamburger&#8221;:&#8221;\/world&#8221;,&#8221;hamburger-menu&#8221;:&#8221;\/world&#8221;,&#8221;Mobile-Links-Navigation&#8221;:null,&#8221;navbar&#8221;:null,&#8221;navbar-NU&#8221;:null,&#8221;Comopser&#8221;:null,&#8221;composer-relevant-sections&#8221;:&#8221;\/world&#8221;,&#8221;section-page-subnavs&#8221;:&#8221;\/world&#8221;,&#8221;sitemap-section&#8221;:null},&#8221;order&#8221;:{&#8220;default&#8221;:2009,&#8221;+ add&#8221;:2008,&#8221;App-Hamburger&#8221;:2003,&#8221;hamburger-menu&#8221;:2003,&#8221;composer-relevant-sections&#8221;:2009,&#8221;section-page-subnavs&#8221;:2004},&#8221;Paywall&#8221;:{&#8220;paywall-status&#8221;:&#8221;free&#8221;},&#8221;_admin&#8221;:{&#8220;alias_ids&#8221;:[&#8220;\/world\/us&#8221;]},&#8221;metadata&#8221;:{&#8220;metadata_description&#8221;:&#8221;Stay informed with the latest US news, breaking headlines, and in-depth analysis from our correspondent in Washington. Brought to you by Ireland&#8217;s quality news brand, The Irish Times&#8221;,&#8221;metadata_title&#8221;:&#8221;US News | Breaking Updates &#038; Analysis from the United States | The Irish Times&#8221;},&#8221;navigation&#8221;:{&#8220;nav_title&#8221;:&#8221;US&#8221;},&#8221;node_type&#8221;:&#8221;section&#8221;}},&#8221;_website_section_id&#8221;:&#8221;irishtimes.\/world\/us&#8221;},{&#8220;_id&#8221;:&#8221;\/world&#8221;,&#8221;_website&#8221;:&#8221;irishtimes&#8221;,&#8221;type&#8221;:&#8221;section&#8221;,&#8221;version&#8221;:&#8221;0.6.0&#8243;,&#8221;name&#8221;:&#8221;World&#8221;,&#8221;path&#8221;:&#8221;\/world&#8221;,&#8221;parent_id&#8221;:&#8221;https:\/\/www.irishtimes.com\/&#8221;,&#8221;parent&#8221;:{&#8220;default&#8221;:&#8221;https:\/\/www.irishtimes.com\/&#8221;},&#8221;additional_properties&#8221;:{&#8220;original&#8221;:{&#8220;_id&#8221;:&#8221;\/world&#8221;,&#8221;_website&#8221;:&#8221;irishtimes&#8221;,&#8221;name&#8221;:&#8221;World&#8221;,&#8221;inactive&#8221;:false,&#8221;ancestors&#8221;:{&#8220;Mobile-Links-Navigation&#8221;:[],&#8221;App-Hamburger&#8221;:[&#8220;https:\/\/www.irishtimes.com\/&#8221;],&#8221;hamburger-menu&#8221;:[&#8220;https:\/\/www.irishtimes.com\/&#8221;],&#8221;navbar&#8221;:[],&#8221;Comopser&#8221;:[],&#8221;App-Links-Navigation&#8221;:[&#8220;https:\/\/www.irishtimes.com\/&#8221;],&#8221;HP-under-masthead&#8221;:[&#8220;https:\/\/www.irishtimes.com\/&#8221;],&#8221;section-page-subnavs&#8221;:[&#8220;https:\/\/www.irishtimes.com\/&#8221;],&#8221;composer-relevant-sections&#8221;:[&#8220;https:\/\/www.irishtimes.com\/&#8221;],&#8221;sitemap-section&#8221;:[&#8220;https:\/\/www.irishtimes.com\/&#8221;],&#8221;default&#8221;:[&#8220;https:\/\/www.irishtimes.com\/&#8221;]},&#8221;parent&#8221;:{&#8220;default&#8221;:&#8221;https:\/\/www.irishtimes.com\/&#8221;,&#8221;Mobile-Links-Navigation&#8221;:null,&#8221;App-Hamburger&#8221;:&#8221;https:\/\/www.irishtimes.com\/&#8221;,&#8221;hamburger-menu&#8221;:&#8221;https:\/\/www.irishtimes.com\/&#8221;,&#8221;navbar&#8221;:null,&#8221;navbar-NU&#8221;:null,&#8221;Comopser&#8221;:null,&#8221;composer-relevant-sections&#8221;:&#8221;https:\/\/www.irishtimes.com\/&#8221;,&#8221;section-page-subnavs&#8221;:&#8221;https:\/\/www.irishtimes.com\/&#8221;,&#8221;App-Links-Navigation&#8221;:&#8221;https:\/\/www.irishtimes.com\/&#8221;,&#8221;sitemap-section&#8221;:&#8221;https:\/\/www.irishtimes.com\/&#8221;,&#8221;HP-under-masthead&#8221;:&#8221;https:\/\/www.irishtimes.com\/&#8221;},&#8221;order&#8221;:{&#8220;default&#8221;:1027,&#8221;App-Hamburger&#8221;:1009,&#8221;hamburger-menu&#8221;:1009,&#8221;composer-relevant-sections&#8221;:1006,&#8221;section-page-subnavs&#8221;:1005,&#8221;App-Links-Navigation&#8221;:1004,&#8221;sitemap-section&#8221;:1006,&#8221;HP-under-masthead&#8221;:1003},&#8221;Article Promo&#8221;:{&#8220;content&#8221;:{&#8220;whatsapp&#8221;:&#8221;Join The Irish Times on <a href=\\\"https:\/\/www.whatsApp.com\/channel\/0029VaBlegFFXUuflSI6yL3d\\\" target=new>WhatsApp<\/a> and stay up to date&#8221;,&#8221;bell&#8221;:&#8221;Sign up for <a href=\\\"https:\/\/www.irishtimes.com\/media\/2023\/11\/07\/stay-informed-with-push-alerts-from-the-irish-times-delivered-straight-to-your-phone\/\\\" target=new>push alerts<\/a> to get the best breaking news, analysis and comment delivered directly to your phone&#8221;,&#8221;headphones&#8221;:&#8221;Listen to <a href=\\\"https:\/\/www.irishtimes.com\/podcasts\/in-the-news\/\\\" target=new>In The News<\/a> podcast daily for a deep dive on the stories that matter&#8221;},&#8221;header_text&#8221;:null,&#8221;header_url&#8221;:null,&#8221;image&#8221;:null,&#8221;image_alt&#8221;:null},&#8221;Newsletter&#8221;:{&#8220;newsletterid&#8221;:&#8221;News Digest&#8221;},&#8221;Paywall&#8221;:{&#8220;paywall-status&#8221;:&#8221;free&#8221;},&#8221;_admin&#8221;:{&#8220;alias_ids&#8221;:[&#8220;\/world&#8221;]},&#8221;metadata&#8221;:{&#8220;metadata_description&#8221;:&#8221;Stay informed with the latest global news, breaking headlines, and in-depth analysis from our correspondents around the world. Brought to you by Ireland&#8217;s quality news brand, The Irish Times&#8221;,&#8221;metadata_title&#8221;:&#8221;World News | Breaking Updates &#038; Analysis from around the Globe | The Irish Times&#8221;},&#8221;navigation&#8221;:{&#8220;nav_title&#8221;:&#8221;World&#8221;},&#8221;node_type&#8221;:&#8221;section&#8221;}},&#8221;_website_section_id&#8221;:&#8221;irishtimes.\/world&#8221;}],&#8221;sites&#8221;:[{&#8220;_id&#8221;:&#8221;\/world\/us&#8221;,&#8221;type&#8221;:&#8221;site&#8221;,&#8221;version&#8221;:&#8221;0.5.8&#8243;,&#8221;name&#8221;:&#8221;US&#8221;,&#8221;path&#8221;:&#8221;\/world\/us&#8221;,&#8221;parent_id&#8221;:&#8221;\/world&#8221;,&#8221;additional_properties&#8221;:{&#8220;original&#8221;:{&#8220;_id&#8221;:&#8221;\/world\/us&#8221;,&#8221;name&#8221;:&#8221;US&#8221;,&#8221;inactive&#8221;:false,&#8221;ancestors&#8221;:{&#8220;+ add&#8221;:[&#8220;\/world&#8221;],&#8221;App-Hamburger&#8221;:[&#8220;\/world&#8221;,&#8221;https:\/\/www.irishtimes.com\/&#8221;],&#8221;hamburger-menu&#8221;:[&#8220;\/world&#8221;,&#8221;https:\/\/www.irishtimes.com\/&#8221;],&#8221;Mobile-Links-Navigation&#8221;:[],&#8221;navbar&#8221;:[],&#8221;Comopser&#8221;:[],&#8221;section-page-subnavs&#8221;:[&#8220;\/world&#8221;,&#8221;https:\/\/www.irishtimes.com\/&#8221;]},&#8221;parent&#8221;:{&#8220;default&#8221;:&#8221;\/world&#8221;,&#8221;+ add&#8221;:&#8221;\/world&#8221;,&#8221;App-Hamburger&#8221;:&#8221;\/world&#8221;,&#8221;hamburger-menu&#8221;:&#8221;\/world&#8221;,&#8221;Mobile-Links-Navigation&#8221;:null,&#8221;navbar&#8221;:null,&#8221;navbar-NU&#8221;:null,&#8221;Comopser&#8221;:null,&#8221;composer-relevant-sections&#8221;:&#8221;\/world&#8221;,&#8221;section-page-subnavs&#8221;:&#8221;\/world&#8221;,&#8221;sitemap-section&#8221;:null},&#8221;order&#8221;:{&#8220;default&#8221;:2009,&#8221;+ add&#8221;:2008,&#8221;App-Hamburger&#8221;:2003,&#8221;hamburger-menu&#8221;:2003,&#8221;composer-relevant-sections&#8221;:2009,&#8221;section-page-subnavs&#8221;:2004},&#8221;Paywall&#8221;:{&#8220;paywall-status&#8221;:&#8221;free&#8221;},&#8221;_admin&#8221;:{&#8220;alias_ids&#8221;:[&#8220;\/world\/us&#8221;]},&#8221;metadata&#8221;:{&#8220;metadata_description&#8221;:&#8221;Stay informed with the latest US news, breaking headlines, and in-depth analysis from our correspondent in Washington. Brought to you by Ireland&#8217;s quality news brand, The Irish Times&#8221;,&#8221;metadata_title&#8221;:&#8221;US News | Breaking Updates &#038; Analysis from the United States | The Irish Times&#8221;},&#8221;navigation&#8221;:{&#8220;nav_title&#8221;:&#8221;US&#8221;}}}},{&#8220;_id&#8221;:&#8221;\/world&#8221;,&#8221;type&#8221;:&#8221;site&#8221;,&#8221;version&#8221;:&#8221;0.5.8&#8243;,&#8221;name&#8221;:&#8221;World&#8221;,&#8221;path&#8221;:&#8221;\/world&#8221;,&#8221;parent_id&#8221;:&#8221;https:\/\/www.irishtimes.com\/&#8221;,&#8221;additional_properties&#8221;:{&#8220;original&#8221;:{&#8220;_id&#8221;:&#8221;\/world&#8221;,&#8221;name&#8221;:&#8221;World&#8221;,&#8221;inactive&#8221;:false,&#8221;ancestors&#8221;:{&#8220;Mobile-Links-Navigation&#8221;:[],&#8221;App-Hamburger&#8221;:[&#8220;https:\/\/www.irishtimes.com\/&#8221;],&#8221;hamburger-menu&#8221;:[&#8220;https:\/\/www.irishtimes.com\/&#8221;],&#8221;navbar&#8221;:[],&#8221;Comopser&#8221;:[],&#8221;App-Links-Navigation&#8221;:[&#8220;https:\/\/www.irishtimes.com\/&#8221;],&#8221;HP-under-masthead&#8221;:[&#8220;https:\/\/www.irishtimes.com\/&#8221;],&#8221;section-page-subnavs&#8221;:[&#8220;https:\/\/www.irishtimes.com\/&#8221;],&#8221;composer-relevant-sections&#8221;:[&#8220;https:\/\/www.irishtimes.com\/&#8221;],&#8221;sitemap-section&#8221;:[&#8220;https:\/\/www.irishtimes.com\/&#8221;],&#8221;default&#8221;:[&#8220;https:\/\/www.irishtimes.com\/&#8221;]},&#8221;parent&#8221;:{&#8220;default&#8221;:&#8221;https:\/\/www.irishtimes.com\/&#8221;,&#8221;Mobile-Links-Navigation&#8221;:null,&#8221;App-Hamburger&#8221;:&#8221;https:\/\/www.irishtimes.com\/&#8221;,&#8221;hamburger-menu&#8221;:&#8221;https:\/\/www.irishtimes.com\/&#8221;,&#8221;navbar&#8221;:null,&#8221;navbar-NU&#8221;:null,&#8221;Comopser&#8221;:null,&#8221;composer-relevant-sections&#8221;:&#8221;https:\/\/www.irishtimes.com\/&#8221;,&#8221;section-page-subnavs&#8221;:&#8221;https:\/\/www.irishtimes.com\/&#8221;,&#8221;App-Links-Navigation&#8221;:&#8221;https:\/\/www.irishtimes.com\/&#8221;,&#8221;sitemap-section&#8221;:&#8221;https:\/\/www.irishtimes.com\/&#8221;,&#8221;HP-under-masthead&#8221;:&#8221;https:\/\/www.irishtimes.com\/&#8221;},&#8221;order&#8221;:{&#8220;default&#8221;:1027,&#8221;App-Hamburger&#8221;:1009,&#8221;hamburger-menu&#8221;:1009,&#8221;composer-relevant-sections&#8221;:1006,&#8221;section-page-subnavs&#8221;:1005,&#8221;App-Links-Navigation&#8221;:1004,&#8221;sitemap-section&#8221;:1006,&#8221;HP-under-masthead&#8221;:1003},&#8221;Article Promo&#8221;:{&#8220;content&#8221;:{&#8220;whatsapp&#8221;:&#8221;Join The Irish Times on <a href=\\\"https:\/\/www.whatsApp.com\/channel\/0029VaBlegFFXUuflSI6yL3d\\\" target=new>WhatsApp<\/a> and stay up to date&#8221;,&#8221;bell&#8221;:&#8221;Sign up for <a href=\\\"https:\/\/www.irishtimes.com\/media\/2023\/11\/07\/stay-informed-with-push-alerts-from-the-irish-times-delivered-straight-to-your-phone\/\\\" target=new>push alerts<\/a> to get the best breaking news, analysis and comment delivered directly to your phone&#8221;,&#8221;headphones&#8221;:&#8221;Listen to <a href=\\\"https:\/\/www.irishtimes.com\/podcasts\/in-the-news\/\\\" target=new>In The News<\/a> podcast daily for a deep dive on the stories that matter&#8221;},&#8221;header_text&#8221;:null,&#8221;header_url&#8221;:null,&#8221;image&#8221;:null,&#8221;image_alt&#8221;:null},&#8221;Newsletter&#8221;:{&#8220;newsletterid&#8221;:&#8221;News Digest&#8221;},&#8221;Paywall&#8221;:{&#8220;paywall-status&#8221;:&#8221;free&#8221;},&#8221;_admin&#8221;:{&#8220;alias_ids&#8221;:[&#8220;\/world&#8221;]},&#8221;metadata&#8221;:{&#8220;metadata_description&#8221;:&#8221;Stay informed with the latest global news, breaking headlines, and in-depth analysis from our correspondents around the world. Brought to you by Ireland&#8217;s quality news brand, The Irish Times&#8221;,&#8221;metadata_title&#8221;:&#8221;World News | Breaking Updates &#038; Analysis from around the Globe | The Irish Times&#8221;},&#8221;navigation&#8221;:{&#8220;nav_title&#8221;:&#8221;World&#8221;},&#8221;node_type&#8221;:&#8221;section&#8221;}}}],&#8221;tags&#8221;:[{&#8220;_id&#8221;:&#8221;OJYWVZ7HUJEATIRHLNOYBJV5CY&#8221;,&#8221;description&#8221;:&#8221;United Nations (UN)&#8221;,&#8221;slug&#8221;:&#8221;united-nations-un&#8221;,&#8221;text&#8221;:&#8221;United Nations (UN)&#8221;},{&#8220;_id&#8221;:&#8221;GBRFK7KGOBGEVD6K6QHFA6JYRM&#8221;,&#8221;description&#8221;:&#8221;The latest news, opinion and analysis on Donald Trump, the 45th and 47th president of the United States&#8221;,&#8221;slug&#8221;:&#8221;donald-trump&#8221;,&#8221;text&#8221;:&#8221;Donald Trump&#8221;}]},&#8221;type&#8221;:&#8221;story&#8221;,&#8221;version&#8221;:&#8221;0.10.11&#8243;,&#8221;websites&#8221;:{&#8220;irishtimes&#8221;:{&#8220;website_section&#8221;:{&#8220;_id&#8221;:&#8221;\/world\/us&#8221;,&#8221;_website&#8221;:&#8221;irishtimes&#8221;,&#8221;type&#8221;:&#8221;section&#8221;,&#8221;version&#8221;:&#8221;0.6.0&#8243;,&#8221;name&#8221;:&#8221;US&#8221;,&#8221;path&#8221;:&#8221;\/world\/us&#8221;,&#8221;parent_id&#8221;:&#8221;\/world&#8221;,&#8221;parent&#8221;:{&#8220;default&#8221;:&#8221;\/world&#8221;},&#8221;additional_properties&#8221;:{&#8220;original&#8221;:{&#8220;_id&#8221;:&#8221;\/world\/us&#8221;,&#8221;_website&#8221;:&#8221;irishtimes&#8221;,&#8221;name&#8221;:&#8221;US&#8221;,&#8221;inactive&#8221;:false,&#8221;ancestors&#8221;:{&#8220;+ add&#8221;:[&#8220;\/world&#8221;],&#8221;App-Hamburger&#8221;:[&#8220;\/world&#8221;,&#8221;https:\/\/www.irishtimes.com\/&#8221;],&#8221;hamburger-menu&#8221;:[&#8220;\/world&#8221;,&#8221;https:\/\/www.irishtimes.com\/&#8221;],&#8221;Mobile-Links-Navigation&#8221;:[],&#8221;navbar&#8221;:[],&#8221;Comopser&#8221;:[],&#8221;section-page-subnavs&#8221;:[&#8220;\/world&#8221;,&#8221;https:\/\/www.irishtimes.com\/&#8221;]},&#8221;parent&#8221;:{&#8220;default&#8221;:&#8221;\/world&#8221;,&#8221;+ add&#8221;:&#8221;\/world&#8221;,&#8221;App-Hamburger&#8221;:&#8221;\/world&#8221;,&#8221;hamburger-menu&#8221;:&#8221;\/world&#8221;,&#8221;Mobile-Links-Navigation&#8221;:null,&#8221;navbar&#8221;:null,&#8221;navbar-NU&#8221;:null,&#8221;Comopser&#8221;:null,&#8221;composer-relevant-sections&#8221;:&#8221;\/world&#8221;,&#8221;section-page-subnavs&#8221;:&#8221;\/world&#8221;,&#8221;sitemap-section&#8221;:null},&#8221;order&#8221;:{&#8220;default&#8221;:2009,&#8221;+ add&#8221;:2008,&#8221;App-Hamburger&#8221;:2003,&#8221;hamburger-menu&#8221;:2003,&#8221;composer-relevant-sections&#8221;:2009,&#8221;section-page-subnavs&#8221;:2004},&#8221;Paywall&#8221;:{&#8220;paywall-status&#8221;:&#8221;free&#8221;},&#8221;_admin&#8221;:{&#8220;alias_ids&#8221;:[&#8220;\/world\/us&#8221;]},&#8221;metadata&#8221;:{&#8220;metadata_description&#8221;:&#8221;Stay informed with the latest US news, breaking headlines, and in-depth analysis from our correspondent in Washington. Brought to you by Ireland&#8217;s quality news brand, The Irish Times&#8221;,&#8221;metadata_title&#8221;:&#8221;US News | Breaking Updates &#038; Analysis from the United States | The Irish Times&#8221;},&#8221;navigation&#8221;:{&#8220;nav_title&#8221;:&#8221;US&#8221;},&#8221;node_type&#8221;:&#8221;section&#8221;}},&#8221;_website_section_id&#8221;:&#8221;irishtimes.\/world\/us&#8221;},&#8221;website_url&#8221;:&#8221;https:\/\/www.irishtimes.com\/world\/us\/2025\/09\/24\/trump-delivers-maga-rebuke-to-world-with-familiar-litany-of-boasts-and-chastisements\/&#8221;}},&#8221;canonical_url&#8221;:&#8221;https:\/\/www.irishtimes.com\/world\/us\/2025\/09\/24\/trump-delivers-maga-rebuke-to-world-with-familiar-litany-of-boasts-and-chastisements\/&#8221;},{&#8220;additional_properties&#8221;:{&#8220;audio_duration&#8221;:348,&#8221;audio_url&#8221;:&#8221;https:\/\/cdn.beyondwords.io\/audio\/projects\/8948\/podcasts\/bd95facb-2605-4c6e-8a8a-480cac18a8b7\/versions\/1758645128\/media\/c5efb8a809589a9f5f7f7b9719ec48eb_compiled.mp3&#8243;,&#8221;has_published_copy&#8221;:true,&#8221;is_published&#8221;:true},&#8221;content_elements&#8221;:[],&#8221;related_content&#8221;:{&#8220;basic&#8221;:[{&#8220;_id&#8221;:&#8221;6CTBFBLCGVEW3AZNWBMRDQQ6LA&#8221;,&#8221;referent&#8221;:{&#8220;id&#8221;:&#8221;6CTBFBLCGVEW3AZNWBMRDQQ6LA&#8221;,&#8221;provider&#8221;:&#8221;&#8221;,&#8221;referent_properties&#8221;:{},&#8221;type&#8221;:&#8221;image&#8221;},&#8221;type&#8221;:&#8221;reference&#8221;},{&#8220;_id&#8221;:&#8221;WXVWPN5D5ZD7NKLIUORJ2NFP2I&#8221;,&#8221;referent&#8221;:{&#8220;id&#8221;:&#8221;WXVWPN5D5ZD7NKLIUORJ2NFP2I&#8221;,&#8221;provider&#8221;:&#8221;&#8221;,&#8221;referent_properties&#8221;:{},&#8221;type&#8221;:&#8221;image&#8221;},&#8221;type&#8221;:&#8221;reference&#8221;}]},&#8221;_id&#8221;:&#8221;DY46YY3E5ZF5VJ5KWZHBSFOVGE&#8221;,&#8221;canonical_website&#8221;:&#8221;irishtimes&#8221;,&#8221;content_restrictions&#8221;:{&#8220;content_code&#8221;:&#8221;metered&#8221;},&#8221;credits&#8221;:{&#8220;by&#8221;:[{&#8220;_id&#8221;:&#8221;mark-paul&#8221;,&#8221;type&#8221;:&#8221;author&#8221;,&#8221;version&#8221;:&#8221;0.5.8&#8243;,&#8221;name&#8221;:&#8221;Mark Paul&#8221;,&#8221;image&#8221;:{&#8220;url&#8221;:&#8221;https:\/\/author-service-images-prod-us-east-1.publishing.aws.arc.pub\/irishtimes\/7a7fac57-19cf-45f2-b023-e119f918174f.png&#8221;,&#8221;version&#8221;:&#8221;0.5.8&#8243;,&#8221;type&#8221;:&#8221;image&#8221;,&#8221;auth&#8221;:{&#8220;1&#8243;:&#8221;ae74f744db821e1405f34bbcae7e14f1189f28b19ce9d443a2f82bb49b44a946&#8243;}},&#8221;description&#8221;:&#8221;Mark Paul is London Correspondent for The Irish Times&#8221;,&#8221;url&#8221;:&#8221;\/author\/mark-paul\/&#8221;,&#8221;slug&#8221;:&#8221;mark-paul&#8221;,&#8221;social_links&#8221;:[{&#8220;site&#8221;:&#8221;email&#8221;,&#8221;url&#8221;:&#8221;mpaul@irishtimes.com&#8221;},{&#8220;site&#8221;:&#8221;facebook&#8221;,&#8221;url&#8221;:null},{&#8220;site&#8221;:&#8221;twitter&#8221;,&#8221;url&#8221;:&#8221;MarkPaulTimes&#8221;}],&#8221;socialLinks&#8221;:[{&#8220;site&#8221;:&#8221;email&#8221;,&#8221;url&#8221;:&#8221;mpaul@irishtimes.com&#8221;,&#8221;deprecated&#8221;:true,&#8221;deprecation_msg&#8221;:&#8221;Please use social_links.&#8221;},{&#8220;site&#8221;:&#8221;facebook&#8221;,&#8221;url&#8221;:null,&#8221;deprecated&#8221;:true,&#8221;deprecation_msg&#8221;:&#8221;Please use social_links.&#8221;},{&#8220;site&#8221;:&#8221;twitter&#8221;,&#8221;url&#8221;:&#8221;MarkPaulTimes&#8221;,&#8221;deprecated&#8221;:true,&#8221;deprecation_msg&#8221;:&#8221;Please use social_links.&#8221;}],&#8221;additional_properties&#8221;:{&#8220;original&#8221;:{&#8220;_id&#8221;:&#8221;mark-paul&#8221;,&#8221;byline&#8221;:&#8221;Mark Paul&#8221;,&#8221;slug&#8221;:&#8221;mark-paul&#8221;,&#8221;firstName&#8221;:&#8221;Mark&#8221;,&#8221;lastName&#8221;:&#8221;Paul&#8221;,&#8221;middleName&#8221;:null,&#8221;bio&#8221;:&#8221;Mark Paul is London Correspondent for The Irish Times&#8221;,&#8221;longBio&#8221;:&#8221;Mark Paul is London Correspondent for The Irish Times&#8221;,&#8221;role&#8221;:&#8221;London Correspondent&#8221;,&#8221;author_type&#8221;:&#8221;Staff&#8221;,&#8221;twitter&#8221;:&#8221;MarkPaulTimes&#8221;,&#8221;facebook&#8221;:null,&#8221;status&#8221;:true,&#8221;image&#8221;:&#8221;https:\/\/author-service-images-prod-us-east-1.publishing.aws.arc.pub\/irishtimes\/7a7fac57-19cf-45f2-b023-e119f918174f.png&#8221;,&#8221;books&#8221;:[],&#8221;podcasts&#8221;:[],&#8221;education&#8221;:[],&#8221;awards&#8221;:[],&#8221;last_updated_date&#8221;:&#8221;2025-02-13T10:23:40.575Z&#8221;,&#8221;email&#8221;:&#8221;mpaul@irishtimes.com&#8221;,&#8221;type&#8221;:&#8221;author&#8221;,&#8221;bio_page&#8221;:&#8221;\/author\/mark-paul\/&#8221;,&#8221;beat&#8221;:&#8221;in Bournemouth&#8221;,&#8221;ansImage&#8221;:{&#8220;type&#8221;:&#8221;image&#8221;,&#8221;url&#8221;:&#8221;https:\/\/author-service-images-prod-us-east-1.publishing.aws.arc.pub\/irishtimes\/7a7fac57-19cf-45f2-b023-e119f918174f.png&#8221;,&#8221;auth&#8221;:{&#8220;1&#8243;:&#8221;ae74f744db821e1405f34bbcae7e14f1189f28b19ce9d443a2f82bb49b44a946&#8243;}}}}}]},&#8221;description&#8221;:{&#8220;basic&#8221;:&#8221;Faithful see their party as the \u2018liberal antidote\u2019 to Nigel Farage\u2019s Reform UK&#8221;},&#8221;display_date&#8221;:&#8221;2025-09-23T16:28:31.586Z&#8221;,&#8221;distributor&#8221;:{&#8220;category&#8221;:&#8221;staff&#8221;,&#8221;name&#8221;:&#8221;irishtimes&#8221;,&#8221;subcategory&#8221;:&#8221;&#8221;},&#8221;headlines&#8221;:{&#8220;basic&#8221;:&#8221;Lib Dems gleeful as party eyes historic shift in British politics&#8221;,&#8221;meta_title&#8221;:&#8221;&#8221;,&#8221;mobile&#8221;:&#8221;&#8221;,&#8221;native&#8221;:&#8221;&#8221;,&#8221;print&#8221;:&#8221;&#8221;,&#8221;table&#8221;:&#8221;&#8221;,&#8221;tablet&#8221;:&#8221;&#8221;,&#8221;web&#8221;:&#8221;&#8221;},&#8221;label&#8221;:{&#8220;audio_project_id&#8221;:{&#8220;display&#8221;:true,&#8221;text&#8221;:&#8221;8948&#8243;},&#8221;related_collection&#8221;:{&#8220;display&#8221;:true,&#8221;text&#8221;:&#8221;highlights-collection&#8221;,&#8221;url&#8221;:&#8221;&#8221;},&#8221;transparency&#8221;:{&#8220;display&#8221;:true,&#8221;text&#8221;:&#8221;Analysis&#8221;,&#8221;url&#8221;:&#8221;&#8221;}},&#8221;language&#8221;:&#8221;&#8221;,&#8221;owner&#8221;:{&#8220;sponsored&#8221;:false},&#8221;promo_items&#8221;:{&#8220;basic&#8221;:{&#8220;_id&#8221;:&#8221;AMYUIQGP7JJOUOS4PZBWNWYW5M&#8221;,&#8221;additional_properties&#8221;:{&#8220;expiration_date&#8221;:&#8221;2025-10-07T15:17:31Z&#8221;,&#8221;fullSizeResizeUrl&#8221;:&#8221;\/resizer\/v2\/AMYUIQGP7JJOUOS4PZBWNWYW5M.jpg?auth=a6240c6ef81ee9d82729ce11553a3469be1a28f47b102213c43ad2934c84b6ad&#8221;,&#8221;galleries&#8221;:[],&#8221;iptc_job_identifier&#8221;:&#8221;15500592v&#8221;,&#8221;iptc_source&#8221;:&#8221;Shutterstock&#8221;,&#8221;keywords&#8221;:[&#8220;britain&#8221;,&#8221;cpnference&#8221;,&#8221;ed davey&#8221;,&#8221;edward&#8221;,&#8221;lib democrats&#8221;,&#8221;news&#8221;,&#8221;parties&#8221;,&#8221;party&#8221;,&#8221;politics&#8221;],&#8221;mime_type&#8221;:&#8221;image\/jpeg&#8221;,&#8221;originalName&#8221;:&#8221;15500592v&#8221;,&#8221;originalUrl&#8221;:&#8221;https:\/\/cloudfront-eu-central-1.images.arcpublishing.com\/irishtimes\/AMYUIQGP7JJOUOS4PZBWNWYW5M.jpg&#8221;,&#8221;proxyUrl&#8221;:&#8221;\/resizer\/v2\/AMYUIQGP7JJOUOS4PZBWNWYW5M.jpg?auth=a6240c6ef81ee9d82729ce11553a3469be1a28f47b102213c43ad2934c84b6ad&#8221;,&#8221;published&#8221;:true,&#8221;resizeUrl&#8221;:&#8221;\/resizer\/v2\/AMYUIQGP7JJOUOS4PZBWNWYW5M.jpg?auth=a6240c6ef81ee9d82729ce11553a3469be1a28f47b102213c43ad2934c84b6ad&#8221;,&#8221;restricted&#8221;:false,&#8221;takenOn&#8221;:&#8221;2025-09-23T00:00:00Z&#8221;,&#8221;thumbnailResizeUrl&#8221;:&#8221;\/resizer\/v2\/AMYUIQGP7JJOUOS4PZBWNWYW5M.jpg?auth=a6240c6ef81ee9d82729ce11553a3469be1a28f47b102213c43ad2934c84b6ad&#038;width=300&#8243;,&#8221;version&#8221;:2,&#8221;focal_point&#8221;:{&#8220;max&#8221;:[2701,1021],&#8221;min&#8221;:[2701,1021]}},&#8221;address&#8221;:{&#8220;locality&#8221;:&#8221;Bournemouth&#8221;},&#8221;auth&#8221;:{&#8220;1&#8243;:&#8221;a6240c6ef81ee9d82729ce11553a3469be1a28f47b102213c43ad2934c84b6ad&#8221;},&#8221;caption&#8221;:&#8221;Liberal Democrats leader Ed Davey addresses the party conference in Bournemouth on Tuesday. Photograph: Neil Hall\/EPA\\n&#8221;,&#8221;copyright&#8221;:&#8221;Copyright (c) 2025 Shutterstock Editorial. No use without permission.&#8221;,&#8221;created_date&#8221;:&#8221;2025-09-23T15:17:32Z&#8221;,&#8221;credits&#8221;:{&#8220;affiliation&#8221;:[{&#8220;name&#8221;:&#8221;EPA&#8221;,&#8221;type&#8221;:&#8221;author&#8221;}],&#8221;by&#8221;:[{&#8220;name&#8221;:&#8221;Neil Hall&#8221;,&#8221;type&#8221;:&#8221;author&#8221;}]},&#8221;distributor&#8221;:{&#8220;mode&#8221;:&#8221;reference&#8221;,&#8221;reference_id&#8221;:&#8221;f95e656d-813d-4f4d-ab39-4a2eca175ebf&#8221;},&#8221;height&#8221;:3884,&#8221;last_updated_date&#8221;:&#8221;2025-09-23T15:52:54Z&#8221;,&#8221;licensable&#8221;:false,&#8221;owner&#8221;:{&#8220;id&#8221;:&#8221;irishtimes&#8221;},&#8221;slug&#8221;:&#8221;leader-of-the-lib-dems-ed-davey-addresses-party-conference-bournemouth-united-kingdom-23-sep-2025&#8243;,&#8221;source&#8221;:{&#8220;name&#8221;:&#8221;EPA &#8211; European Pressphoto Agency&#8221;,&#8221;source_id&#8221;:&#8221;15500592v&#8221;,&#8221;source_type&#8221;:&#8221;wires&#8221;,&#8221;additional_properties&#8221;:{&#8220;editor&#8221;:&#8221;photo center&#8221;},&#8221;edit_url&#8221;:&#8221;&#8221;,&#8221;system&#8221;:&#8221;arc i\/o&#8221;},&#8221;subtitle&#8221;:&#8221;&#8221;,&#8221;taxonomy&#8221;:{&#8220;associated_tasks&#8221;:[]},&#8221;type&#8221;:&#8221;image&#8221;,&#8221;url&#8221;:&#8221;https:\/\/cloudfront-eu-central-1.images.arcpublishing.com\/irishtimes\/AMYUIQGP7JJOUOS4PZBWNWYW5M.jpg&#8221;,&#8221;version&#8221;:&#8221;0.10.9&#8243;,&#8221;width&#8221;:5826,&#8221;focal_point&#8221;:{&#8220;x&#8221;:2701,&#8221;y&#8221;:1021}}},&#8221;publish_date&#8221;:&#8221;2025-09-23T16:28:31.586Z&#8221;,&#8221;revision&#8221;:{&#8220;published&#8221;:true,&#8221;revision_id&#8221;:&#8221;OOLYB2Y5IVB4NCT77DID7EJZUI&#8221;},&#8221;subheadlines&#8221;:{&#8220;basic&#8221;:&#8221;Faithful see their party as the \u2018liberal antidote\u2019 to Nigel Farage\u2019s Reform UK&#8221;},&#8221;subtype&#8221;:&#8221;analysis&#8221;,&#8221;taxonomy&#8221;:{&#8220;primary_section&#8221;:{&#8220;_id&#8221;:&#8221;\/world\/uk&#8221;,&#8221;_website&#8221;:&#8221;irishtimes&#8221;,&#8221;type&#8221;:&#8221;section&#8221;,&#8221;version&#8221;:&#8221;0.6.0&#8243;,&#8221;name&#8221;:&#8221;UK&#8221;,&#8221;path&#8221;:&#8221;\/world\/uk&#8221;,&#8221;parent_id&#8221;:&#8221;\/world&#8221;,&#8221;parent&#8221;:{&#8220;default&#8221;:&#8221;\/world&#8221;},&#8221;additional_properties&#8221;:{&#8220;original&#8221;:{&#8220;_id&#8221;:&#8221;\/world\/uk&#8221;,&#8221;_website&#8221;:&#8221;irishtimes&#8221;,&#8221;name&#8221;:&#8221;UK&#8221;,&#8221;inactive&#8221;:false,&#8221;ancestors&#8221;:{&#8220;+ add&#8221;:[&#8220;\/world&#8221;],&#8221;App-Hamburger&#8221;:[&#8220;\/world&#8221;,&#8221;https:\/\/www.irishtimes.com\/&#8221;],&#8221;hamburger-menu&#8221;:[&#8220;\/world&#8221;,&#8221;https:\/\/www.irishtimes.com\/&#8221;],&#8221;Mobile-Links-Navigation&#8221;:[],&#8221;navbar&#8221;:[],&#8221;Comopser&#8221;:[],&#8221;section-page-subnavs&#8221;:[&#8220;\/world&#8221;,&#8221;https:\/\/www.irishtimes.com\/&#8221;]},&#8221;parent&#8221;:{&#8220;default&#8221;:&#8221;\/world&#8221;,&#8221;+ add&#8221;:&#8221;\/world&#8221;,&#8221;App-Hamburger&#8221;:&#8221;\/world&#8221;,&#8221;hamburger-menu&#8221;:&#8221;\/world&#8221;,&#8221;Mobile-Links-Navigation&#8221;:null,&#8221;navbar&#8221;:null,&#8221;navbar-NU&#8221;:null,&#8221;Comopser&#8221;:null,&#8221;composer-relevant-sections&#8221;:&#8221;\/world&#8221;,&#8221;section-page-subnavs&#8221;:&#8221;\/world&#8221;,&#8221;sitemap-section&#8221;:null},&#8221;order&#8221;:{&#8220;default&#8221;:2008,&#8221;+ add&#8221;:2007,&#8221;App-Hamburger&#8221;:2002,&#8221;hamburger-menu&#8221;:2002,&#8221;composer-relevant-sections&#8221;:2008,&#8221;section-page-subnavs&#8221;:2003},&#8221;Paywall&#8221;:{&#8220;paywall-status&#8221;:&#8221;free&#8221;},&#8221;_admin&#8221;:{&#8220;alias_ids&#8221;:[&#8220;\/world\/uk&#8221;]},&#8221;metadata&#8221;:{&#8220;metadata_description&#8221;:&#8221;Stay informed with the latest UK news, breaking headlines, and in-depth analysis from our correspondent in Britain. Brought to you by Ireland&#8217;s quality news brand, The Irish Times&#8221;,&#8221;metadata_title&#8221;:&#8221;UK News | Breaking Updates &#038; Analysis from Britain | The Irish Times&#8221;},&#8221;navigation&#8221;:{&#8220;nav_title&#8221;:&#8221;UK&#8221;},&#8221;node_type&#8221;:&#8221;section&#8221;}},&#8221;_website_section_id&#8221;:&#8221;irishtimes.\/world\/uk&#8221;},&#8221;primary_site&#8221;:{&#8220;_id&#8221;:&#8221;\/world\/uk&#8221;,&#8221;type&#8221;:&#8221;site&#8221;,&#8221;version&#8221;:&#8221;0.5.8&#8243;,&#8221;name&#8221;:&#8221;UK&#8221;,&#8221;path&#8221;:&#8221;\/world\/uk&#8221;,&#8221;parent_id&#8221;:&#8221;\/world&#8221;,&#8221;additional_properties&#8221;:{&#8220;original&#8221;:{&#8220;_id&#8221;:&#8221;\/world\/uk&#8221;,&#8221;name&#8221;:&#8221;UK&#8221;,&#8221;inactive&#8221;:false,&#8221;ancestors&#8221;:{&#8220;+ add&#8221;:[&#8220;\/world&#8221;],&#8221;App-Hamburger&#8221;:[&#8220;\/world&#8221;,&#8221;https:\/\/www.irishtimes.com\/&#8221;],&#8221;hamburger-menu&#8221;:[&#8220;\/world&#8221;,&#8221;https:\/\/www.irishtimes.com\/&#8221;],&#8221;Mobile-Links-Navigation&#8221;:[],&#8221;navbar&#8221;:[],&#8221;Comopser&#8221;:[],&#8221;section-page-subnavs&#8221;:[&#8220;\/world&#8221;,&#8221;https:\/\/www.irishtimes.com\/&#8221;]},&#8221;parent&#8221;:{&#8220;default&#8221;:&#8221;\/world&#8221;,&#8221;+ add&#8221;:&#8221;\/world&#8221;,&#8221;App-Hamburger&#8221;:&#8221;\/world&#8221;,&#8221;hamburger-menu&#8221;:&#8221;\/world&#8221;,&#8221;Mobile-Links-Navigation&#8221;:null,&#8221;navbar&#8221;:null,&#8221;navbar-NU&#8221;:null,&#8221;Comopser&#8221;:null,&#8221;composer-relevant-sections&#8221;:&#8221;\/world&#8221;,&#8221;section-page-subnavs&#8221;:&#8221;\/world&#8221;,&#8221;sitemap-section&#8221;:null},&#8221;order&#8221;:{&#8220;default&#8221;:2008,&#8221;+ add&#8221;:2007,&#8221;App-Hamburger&#8221;:2002,&#8221;hamburger-menu&#8221;:2002,&#8221;composer-relevant-sections&#8221;:2008,&#8221;section-page-subnavs&#8221;:2003},&#8221;Paywall&#8221;:{&#8220;paywall-status&#8221;:&#8221;free&#8221;},&#8221;_admin&#8221;:{&#8220;alias_ids&#8221;:[&#8220;\/world\/uk&#8221;]},&#8221;metadata&#8221;:{&#8220;metadata_description&#8221;:&#8221;Stay informed with the latest UK news, breaking headlines, and in-depth analysis from our correspondent in Britain. Brought to you by Ireland&#8217;s quality news brand, The Irish Times&#8221;,&#8221;metadata_title&#8221;:&#8221;UK News | Breaking Updates &#038; Analysis from Britain | The Irish Times&#8221;},&#8221;navigation&#8221;:{&#8220;nav_title&#8221;:&#8221;UK&#8221;}}}},&#8221;sections&#8221;:[{&#8220;_id&#8221;:&#8221;\/world\/uk&#8221;,&#8221;_website&#8221;:&#8221;irishtimes&#8221;,&#8221;type&#8221;:&#8221;section&#8221;,&#8221;version&#8221;:&#8221;0.6.0&#8243;,&#8221;name&#8221;:&#8221;UK&#8221;,&#8221;path&#8221;:&#8221;\/world\/uk&#8221;,&#8221;parent_id&#8221;:&#8221;\/world&#8221;,&#8221;parent&#8221;:{&#8220;default&#8221;:&#8221;\/world&#8221;},&#8221;additional_properties&#8221;:{&#8220;original&#8221;:{&#8220;_id&#8221;:&#8221;\/world\/uk&#8221;,&#8221;_website&#8221;:&#8221;irishtimes&#8221;,&#8221;name&#8221;:&#8221;UK&#8221;,&#8221;inactive&#8221;:false,&#8221;ancestors&#8221;:{&#8220;+ add&#8221;:[&#8220;\/world&#8221;],&#8221;App-Hamburger&#8221;:[&#8220;\/world&#8221;,&#8221;https:\/\/www.irishtimes.com\/&#8221;],&#8221;hamburger-menu&#8221;:[&#8220;\/world&#8221;,&#8221;https:\/\/www.irishtimes.com\/&#8221;],&#8221;Mobile-Links-Navigation&#8221;:[],&#8221;navbar&#8221;:[],&#8221;Comopser&#8221;:[],&#8221;section-page-subnavs&#8221;:[&#8220;\/world&#8221;,&#8221;https:\/\/www.irishtimes.com\/&#8221;]},&#8221;parent&#8221;:{&#8220;default&#8221;:&#8221;\/world&#8221;,&#8221;+ add&#8221;:&#8221;\/world&#8221;,&#8221;App-Hamburger&#8221;:&#8221;\/world&#8221;,&#8221;hamburger-menu&#8221;:&#8221;\/world&#8221;,&#8221;Mobile-Links-Navigation&#8221;:null,&#8221;navbar&#8221;:null,&#8221;navbar-NU&#8221;:null,&#8221;Comopser&#8221;:null,&#8221;composer-relevant-sections&#8221;:&#8221;\/world&#8221;,&#8221;section-page-subnavs&#8221;:&#8221;\/world&#8221;,&#8221;sitemap-section&#8221;:null},&#8221;order&#8221;:{&#8220;default&#8221;:2008,&#8221;+ add&#8221;:2007,&#8221;App-Hamburger&#8221;:2002,&#8221;hamburger-menu&#8221;:2002,&#8221;composer-relevant-sections&#8221;:2008,&#8221;section-page-subnavs&#8221;:2003},&#8221;Paywall&#8221;:{&#8220;paywall-status&#8221;:&#8221;free&#8221;},&#8221;_admin&#8221;:{&#8220;alias_ids&#8221;:[&#8220;\/world\/uk&#8221;]},&#8221;metadata&#8221;:{&#8220;metadata_description&#8221;:&#8221;Stay informed with the latest UK news, breaking headlines, and in-depth analysis from our correspondent in Britain. Brought to you by Ireland&#8217;s quality news brand, The Irish Times&#8221;,&#8221;metadata_title&#8221;:&#8221;UK News | Breaking Updates &#038; Analysis from Britain | The Irish Times&#8221;},&#8221;navigation&#8221;:{&#8220;nav_title&#8221;:&#8221;UK&#8221;},&#8221;node_type&#8221;:&#8221;section&#8221;}},&#8221;_website_section_id&#8221;:&#8221;irishtimes.\/world\/uk&#8221;},{&#8220;_id&#8221;:&#8221;\/world&#8221;,&#8221;_website&#8221;:&#8221;irishtimes&#8221;,&#8221;type&#8221;:&#8221;section&#8221;,&#8221;version&#8221;:&#8221;0.6.0&#8243;,&#8221;name&#8221;:&#8221;World&#8221;,&#8221;path&#8221;:&#8221;\/world&#8221;,&#8221;parent_id&#8221;:&#8221;https:\/\/www.irishtimes.com\/&#8221;,&#8221;parent&#8221;:{&#8220;default&#8221;:&#8221;https:\/\/www.irishtimes.com\/&#8221;},&#8221;additional_properties&#8221;:{&#8220;original&#8221;:{&#8220;_id&#8221;:&#8221;\/world&#8221;,&#8221;_website&#8221;:&#8221;irishtimes&#8221;,&#8221;name&#8221;:&#8221;World&#8221;,&#8221;inactive&#8221;:false,&#8221;ancestors&#8221;:{&#8220;Mobile-Links-Navigation&#8221;:[],&#8221;App-Hamburger&#8221;:[&#8220;https:\/\/www.irishtimes.com\/&#8221;],&#8221;hamburger-menu&#8221;:[&#8220;https:\/\/www.irishtimes.com\/&#8221;],&#8221;navbar&#8221;:[],&#8221;Comopser&#8221;:[],&#8221;App-Links-Navigation&#8221;:[&#8220;https:\/\/www.irishtimes.com\/&#8221;],&#8221;HP-under-masthead&#8221;:[&#8220;https:\/\/www.irishtimes.com\/&#8221;],&#8221;section-page-subnavs&#8221;:[&#8220;https:\/\/www.irishtimes.com\/&#8221;],&#8221;composer-relevant-sections&#8221;:[&#8220;https:\/\/www.irishtimes.com\/&#8221;],&#8221;sitemap-section&#8221;:[&#8220;https:\/\/www.irishtimes.com\/&#8221;],&#8221;default&#8221;:[&#8220;https:\/\/www.irishtimes.com\/&#8221;]},&#8221;parent&#8221;:{&#8220;default&#8221;:&#8221;https:\/\/www.irishtimes.com\/&#8221;,&#8221;Mobile-Links-Navigation&#8221;:null,&#8221;App-Hamburger&#8221;:&#8221;https:\/\/www.irishtimes.com\/&#8221;,&#8221;hamburger-menu&#8221;:&#8221;https:\/\/www.irishtimes.com\/&#8221;,&#8221;navbar&#8221;:null,&#8221;navbar-NU&#8221;:null,&#8221;Comopser&#8221;:null,&#8221;composer-relevant-sections&#8221;:&#8221;https:\/\/www.irishtimes.com\/&#8221;,&#8221;section-page-subnavs&#8221;:&#8221;https:\/\/www.irishtimes.com\/&#8221;,&#8221;App-Links-Navigation&#8221;:&#8221;https:\/\/www.irishtimes.com\/&#8221;,&#8221;sitemap-section&#8221;:&#8221;https:\/\/www.irishtimes.com\/&#8221;,&#8221;HP-under-masthead&#8221;:&#8221;https:\/\/www.irishtimes.com\/&#8221;},&#8221;order&#8221;:{&#8220;default&#8221;:1027,&#8221;App-Hamburger&#8221;:1009,&#8221;hamburger-menu&#8221;:1009,&#8221;composer-relevant-sections&#8221;:1006,&#8221;section-page-subnavs&#8221;:1005,&#8221;App-Links-Navigation&#8221;:1004,&#8221;sitemap-section&#8221;:1006,&#8221;HP-under-masthead&#8221;:1003},&#8221;Article Promo&#8221;:{&#8220;content&#8221;:{&#8220;whatsapp&#8221;:&#8221;Join The Irish Times on <a href=\\\"https:\/\/www.whatsApp.com\/channel\/0029VaBlegFFXUuflSI6yL3d\\\" target=new>WhatsApp<\/a> and stay up to date&#8221;,&#8221;bell&#8221;:&#8221;Sign up for <a href=\\\"https:\/\/www.irishtimes.com\/media\/2023\/11\/07\/stay-informed-with-push-alerts-from-the-irish-times-delivered-straight-to-your-phone\/\\\" target=new>push alerts<\/a> to get the best breaking news, analysis and comment delivered directly to your phone&#8221;,&#8221;headphones&#8221;:&#8221;Listen to <a href=\\\"https:\/\/www.irishtimes.com\/podcasts\/in-the-news\/\\\" target=new>In The News<\/a> podcast daily for a deep dive on the stories that matter&#8221;},&#8221;header_text&#8221;:null,&#8221;header_url&#8221;:null,&#8221;image&#8221;:null,&#8221;image_alt&#8221;:null},&#8221;Newsletter&#8221;:{&#8220;newsletterid&#8221;:&#8221;News Digest&#8221;},&#8221;Paywall&#8221;:{&#8220;paywall-status&#8221;:&#8221;free&#8221;},&#8221;_admin&#8221;:{&#8220;alias_ids&#8221;:[&#8220;\/world&#8221;]},&#8221;metadata&#8221;:{&#8220;metadata_description&#8221;:&#8221;Stay informed with the latest global news, breaking headlines, and in-depth analysis from our correspondents around the world. Brought to you by Ireland&#8217;s quality news brand, The Irish Times&#8221;,&#8221;metadata_title&#8221;:&#8221;World News | Breaking Updates &#038; Analysis from around the Globe | The Irish Times&#8221;},&#8221;navigation&#8221;:{&#8220;nav_title&#8221;:&#8221;World&#8221;},&#8221;node_type&#8221;:&#8221;section&#8221;}},&#8221;_website_section_id&#8221;:&#8221;irishtimes.\/world&#8221;}],&#8221;sites&#8221;:[{&#8220;_id&#8221;:&#8221;\/world\/uk&#8221;,&#8221;type&#8221;:&#8221;site&#8221;,&#8221;version&#8221;:&#8221;0.5.8&#8243;,&#8221;name&#8221;:&#8221;UK&#8221;,&#8221;path&#8221;:&#8221;\/world\/uk&#8221;,&#8221;parent_id&#8221;:&#8221;\/world&#8221;,&#8221;additional_properties&#8221;:{&#8220;original&#8221;:{&#8220;_id&#8221;:&#8221;\/world\/uk&#8221;,&#8221;name&#8221;:&#8221;UK&#8221;,&#8221;inactive&#8221;:false,&#8221;ancestors&#8221;:{&#8220;+ add&#8221;:[&#8220;\/world&#8221;],&#8221;App-Hamburger&#8221;:[&#8220;\/world&#8221;,&#8221;https:\/\/www.irishtimes.com\/&#8221;],&#8221;hamburger-menu&#8221;:[&#8220;\/world&#8221;,&#8221;https:\/\/www.irishtimes.com\/&#8221;],&#8221;Mobile-Links-Navigation&#8221;:[],&#8221;navbar&#8221;:[],&#8221;Comopser&#8221;:[],&#8221;section-page-subnavs&#8221;:[&#8220;\/world&#8221;,&#8221;https:\/\/www.irishtimes.com\/&#8221;]},&#8221;parent&#8221;:{&#8220;default&#8221;:&#8221;\/world&#8221;,&#8221;+ add&#8221;:&#8221;\/world&#8221;,&#8221;App-Hamburger&#8221;:&#8221;\/world&#8221;,&#8221;hamburger-menu&#8221;:&#8221;\/world&#8221;,&#8221;Mobile-Links-Navigation&#8221;:null,&#8221;navbar&#8221;:null,&#8221;navbar-NU&#8221;:null,&#8221;Comopser&#8221;:null,&#8221;composer-relevant-sections&#8221;:&#8221;\/world&#8221;,&#8221;section-page-subnavs&#8221;:&#8221;\/world&#8221;,&#8221;sitemap-section&#8221;:null},&#8221;order&#8221;:{&#8220;default&#8221;:2008,&#8221;+ add&#8221;:2007,&#8221;App-Hamburger&#8221;:2002,&#8221;hamburger-menu&#8221;:2002,&#8221;composer-relevant-sections&#8221;:2008,&#8221;section-page-subnavs&#8221;:2003},&#8221;Paywall&#8221;:{&#8220;paywall-status&#8221;:&#8221;free&#8221;},&#8221;_admin&#8221;:{&#8220;alias_ids&#8221;:[&#8220;\/world\/uk&#8221;]},&#8221;metadata&#8221;:{&#8220;metadata_description&#8221;:&#8221;Stay informed with the latest UK news, breaking headlines, and in-depth analysis from our correspondent in Britain. Brought to you by Ireland&#8217;s quality news brand, The Irish Times&#8221;,&#8221;metadata_title&#8221;:&#8221;UK News | Breaking Updates &#038; Analysis from Britain | The Irish Times&#8221;},&#8221;navigation&#8221;:{&#8220;nav_title&#8221;:&#8221;UK&#8221;}}}},{&#8220;_id&#8221;:&#8221;\/world&#8221;,&#8221;type&#8221;:&#8221;site&#8221;,&#8221;version&#8221;:&#8221;0.5.8&#8243;,&#8221;name&#8221;:&#8221;World&#8221;,&#8221;path&#8221;:&#8221;\/world&#8221;,&#8221;parent_id&#8221;:&#8221;https:\/\/www.irishtimes.com\/&#8221;,&#8221;additional_properties&#8221;:{&#8220;original&#8221;:{&#8220;_id&#8221;:&#8221;\/world&#8221;,&#8221;name&#8221;:&#8221;World&#8221;,&#8221;inactive&#8221;:false,&#8221;ancestors&#8221;:{&#8220;Mobile-Links-Navigation&#8221;:[],&#8221;App-Hamburger&#8221;:[&#8220;https:\/\/www.irishtimes.com\/&#8221;],&#8221;hamburger-menu&#8221;:[&#8220;https:\/\/www.irishtimes.com\/&#8221;],&#8221;navbar&#8221;:[],&#8221;Comopser&#8221;:[],&#8221;App-Links-Navigation&#8221;:[&#8220;https:\/\/www.irishtimes.com\/&#8221;],&#8221;HP-under-masthead&#8221;:[&#8220;https:\/\/www.irishtimes.com\/&#8221;],&#8221;section-page-subnavs&#8221;:[&#8220;https:\/\/www.irishtimes.com\/&#8221;],&#8221;composer-relevant-sections&#8221;:[&#8220;https:\/\/www.irishtimes.com\/&#8221;],&#8221;sitemap-section&#8221;:[&#8220;https:\/\/www.irishtimes.com\/&#8221;],&#8221;default&#8221;:[&#8220;https:\/\/www.irishtimes.com\/&#8221;]},&#8221;parent&#8221;:{&#8220;default&#8221;:&#8221;https:\/\/www.irishtimes.com\/&#8221;,&#8221;Mobile-Links-Navigation&#8221;:null,&#8221;App-Hamburger&#8221;:&#8221;https:\/\/www.irishtimes.com\/&#8221;,&#8221;hamburger-menu&#8221;:&#8221;https:\/\/www.irishtimes.com\/&#8221;,&#8221;navbar&#8221;:null,&#8221;navbar-NU&#8221;:null,&#8221;Comopser&#8221;:null,&#8221;composer-relevant-sections&#8221;:&#8221;https:\/\/www.irishtimes.com\/&#8221;,&#8221;section-page-subnavs&#8221;:&#8221;https:\/\/www.irishtimes.com\/&#8221;,&#8221;App-Links-Navigation&#8221;:&#8221;https:\/\/www.irishtimes.com\/&#8221;,&#8221;sitemap-section&#8221;:&#8221;https:\/\/www.irishtimes.com\/&#8221;,&#8221;HP-under-masthead&#8221;:&#8221;https:\/\/www.irishtimes.com\/&#8221;},&#8221;order&#8221;:{&#8220;default&#8221;:1027,&#8221;App-Hamburger&#8221;:1009,&#8221;hamburger-menu&#8221;:1009,&#8221;composer-relevant-sections&#8221;:1006,&#8221;section-page-subnavs&#8221;:1005,&#8221;App-Links-Navigation&#8221;:1004,&#8221;sitemap-section&#8221;:1006,&#8221;HP-under-masthead&#8221;:1003},&#8221;Article Promo&#8221;:{&#8220;content&#8221;:{&#8220;whatsapp&#8221;:&#8221;Join The Irish Times on <a href=\\\"https:\/\/www.whatsApp.com\/channel\/0029VaBlegFFXUuflSI6yL3d\\\" target=new>WhatsApp<\/a> and stay up to date&#8221;,&#8221;bell&#8221;:&#8221;Sign up for <a href=\\\"https:\/\/www.irishtimes.com\/media\/2023\/11\/07\/stay-informed-with-push-alerts-from-the-irish-times-delivered-straight-to-your-phone\/\\\" target=new>push alerts<\/a> to get the best breaking news, analysis and comment delivered directly to your phone&#8221;,&#8221;headphones&#8221;:&#8221;Listen to <a href=\\\"https:\/\/www.irishtimes.com\/podcasts\/in-the-news\/\\\" target=new>In The News<\/a> podcast daily for a deep dive on the stories that matter&#8221;},&#8221;header_text&#8221;:null,&#8221;header_url&#8221;:null,&#8221;image&#8221;:null,&#8221;image_alt&#8221;:null},&#8221;Newsletter&#8221;:{&#8220;newsletterid&#8221;:&#8221;News Digest&#8221;},&#8221;Paywall&#8221;:{&#8220;paywall-status&#8221;:&#8221;free&#8221;},&#8221;_admin&#8221;:{&#8220;alias_ids&#8221;:[&#8220;\/world&#8221;]},&#8221;metadata&#8221;:{&#8220;metadata_description&#8221;:&#8221;Stay informed with the latest global news, breaking headlines, and in-depth analysis from our correspondents around the world. Brought to you by Ireland&#8217;s quality news brand, The Irish Times&#8221;,&#8221;metadata_title&#8221;:&#8221;World News | Breaking Updates &#038; Analysis from around the Globe | The Irish Times&#8221;},&#8221;navigation&#8221;:{&#8220;nav_title&#8221;:&#8221;World&#8221;},&#8221;node_type&#8221;:&#8221;section&#8221;}}}],&#8221;tags&#8221;:[{&#8220;_id&#8221;:&#8221;U3VAO4NAEFEPZBSEMCHOC3YGN4&#8243;,&#8221;description&#8221;:&#8221;Liberal Democrats&#8221;,&#8221;slug&#8221;:&#8221;liberal-democrats&#8221;,&#8221;text&#8221;:&#8221;Liberal Democrats&#8221;},{&#8220;_id&#8221;:&#8221;NGAAOIXSSNFLPDUWBXNULW2N7A&#8221;,&#8221;description&#8221;:&#8221;Ed Davey&#8221;,&#8221;slug&#8221;:&#8221;ed-davey&#8221;,&#8221;text&#8221;:&#8221;Ed Davey&#8221;},{&#8220;_id&#8221;:&#8221;CSCKB3VATJBQDIG55NSKU4D4RY&#8221;,&#8221;description&#8221;:&#8221;UK politics&#8221;,&#8221;slug&#8221;:&#8221;uk-politics&#8221;,&#8221;text&#8221;:&#8221;UK politics&#8221;},{&#8220;_id&#8221;:&#8221;XGEFDQX6Q5A5HDDYGP2DW65TCY&#8221;,&#8221;description&#8221;:&#8221;Nigel Farage&#8221;,&#8221;slug&#8221;:&#8221;nigel-farage&#8221;,&#8221;text&#8221;:&#8221;Nigel Farage&#8221;},{&#8220;_id&#8221;:&#8221;LWTQUA7HI5CETMZS5VNU6UGWRQ&#8221;,&#8221;description&#8221;:&#8221;Reform UK&#8221;,&#8221;slug&#8221;:&#8221;reform-uk&#8221;,&#8221;text&#8221;:&#8221;Reform UK&#8221;},{&#8220;_id&#8221;:&#8221;XUESQAEDJRAONCGFET7QNY2QGM&#8221;,&#8221;description&#8221;:&#8221;Stories about former UK prime minister David Cameron&#8221;,&#8221;slug&#8221;:&#8221;david-cameron&#8221;,&#8221;text&#8221;:&#8221;David Cameron&#8221;},{&#8220;_id&#8221;:&#8221;2BPNRDHWKVHTJGSO74VOEB3NNQ&#8221;,&#8221;description&#8221;:&#8221;Stories related to the British Labour Party &#8220;,&#8221;slug&#8221;:&#8221;labour-party-uk&#8221;,&#8221;text&#8221;:&#8221;Labour Party (UK)&#8221;},{&#8220;_id&#8221;:&#8221;7QZAORDO3RHLBBN5ICPMDCORZM&#8221;,&#8221;description&#8221;:&#8221;Conservative and Unionist Party&#8221;,&#8221;slug&#8221;:&#8221;conservative-and-unionist-party&#8221;,&#8221;text&#8221;:&#8221;Conservative and Unionist Party&#8221;}]},&#8221;type&#8221;:&#8221;story&#8221;,&#8221;version&#8221;:&#8221;0.10.11&#8243;,&#8221;websites&#8221;:{&#8220;irishtimes&#8221;:{&#8220;website_section&#8221;:{&#8220;_id&#8221;:&#8221;\/world\/uk&#8221;,&#8221;_website&#8221;:&#8221;irishtimes&#8221;,&#8221;type&#8221;:&#8221;section&#8221;,&#8221;version&#8221;:&#8221;0.6.0&#8243;,&#8221;name&#8221;:&#8221;UK&#8221;,&#8221;path&#8221;:&#8221;\/world\/uk&#8221;,&#8221;parent_id&#8221;:&#8221;\/world&#8221;,&#8221;parent&#8221;:{&#8220;default&#8221;:&#8221;\/world&#8221;},&#8221;additional_properties&#8221;:{&#8220;original&#8221;:{&#8220;_id&#8221;:&#8221;\/world\/uk&#8221;,&#8221;_website&#8221;:&#8221;irishtimes&#8221;,&#8221;name&#8221;:&#8221;UK&#8221;,&#8221;inactive&#8221;:false,&#8221;ancestors&#8221;:{&#8220;+ add&#8221;:[&#8220;\/world&#8221;],&#8221;App-Hamburger&#8221;:[&#8220;\/world&#8221;,&#8221;https:\/\/www.irishtimes.com\/&#8221;],&#8221;hamburger-menu&#8221;:[&#8220;\/world&#8221;,&#8221;https:\/\/www.irishtimes.com\/&#8221;],&#8221;Mobile-Links-Navigation&#8221;:[],&#8221;navbar&#8221;:[],&#8221;Comopser&#8221;:[],&#8221;section-page-subnavs&#8221;:[&#8220;\/world&#8221;,&#8221;https:\/\/www.irishtimes.com\/&#8221;]},&#8221;parent&#8221;:{&#8220;default&#8221;:&#8221;\/world&#8221;,&#8221;+ add&#8221;:&#8221;\/world&#8221;,&#8221;App-Hamburger&#8221;:&#8221;\/world&#8221;,&#8221;hamburger-menu&#8221;:&#8221;\/world&#8221;,&#8221;Mobile-Links-Navigation&#8221;:null,&#8221;navbar&#8221;:null,&#8221;navbar-NU&#8221;:null,&#8221;Comopser&#8221;:null,&#8221;composer-relevant-sections&#8221;:&#8221;\/world&#8221;,&#8221;section-page-subnavs&#8221;:&#8221;\/world&#8221;,&#8221;sitemap-section&#8221;:null},&#8221;order&#8221;:{&#8220;default&#8221;:2008,&#8221;+ add&#8221;:2007,&#8221;App-Hamburger&#8221;:2002,&#8221;hamburger-menu&#8221;:2002,&#8221;composer-relevant-sections&#8221;:2008,&#8221;section-page-subnavs&#8221;:2003},&#8221;Paywall&#8221;:{&#8220;paywall-status&#8221;:&#8221;free&#8221;},&#8221;_admin&#8221;:{&#8220;alias_ids&#8221;:[&#8220;\/world\/uk&#8221;]},&#8221;metadata&#8221;:{&#8220;metadata_description&#8221;:&#8221;Stay informed with the latest UK news, breaking headlines, and in-depth analysis from our correspondent in Britain. Brought to you by Ireland&#8217;s quality news brand, The Irish Times&#8221;,&#8221;metadata_title&#8221;:&#8221;UK News | Breaking Updates &#038; Analysis from Britain | The Irish Times&#8221;},&#8221;navigation&#8221;:{&#8220;nav_title&#8221;:&#8221;UK&#8221;},&#8221;node_type&#8221;:&#8221;section&#8221;}},&#8221;_website_section_id&#8221;:&#8221;irishtimes.\/world\/uk&#8221;},&#8221;website_url&#8221;:&#8221;\/world\/uk\/2025\/09\/23\/lib-dems-gleeful-as-party-eyes-historic-shift-in-british-politics\/&#8221;}},&#8221;canonical_url&#8221;:&#8221;\/world\/uk\/2025\/09\/23\/lib-dems-gleeful-as-party-eyes-historic-shift-in-british-politics\/&#8221;}],&#8221;description&#8221;:{&#8220;basic&#8221;:&#8221;manual collection for world highlights&#8221;},&#8221;content_aliases&#8221;:[&#8220;world-highlights&#8221;],&#8221;owner&#8221;:{&#8220;id&#8221;:&#8221;irishtimes&#8221;},&#8221;revision&#8221;:{&#8220;branch&#8221;:&#8221;default&#8221;,&#8221;published&#8221;:true},&#8221;canonical_url&#8221;:null,&#8221;publishing&#8221;:{&#8220;scheduled_operations&#8221;:{&#8220;publish_edition&#8221;:[],&#8221;unpublish_edition&#8221;:[]}},&#8221;website&#8221;:&#8221;irishtimes&#8221;},&#8221;expires&#8221;:1759505962047,&#8221;lastModified&#8221;:1759505661945}},&#8221;related-content&#8221;:{&#8220;{\\&#8221;_id\\&#8221;:\\&#8221;2NITWLHHUFF7ZDTRNSJNED6CFI\\&#8221;,\\&#8221;feedOffset\\&#8221;:0,\\&#8221;feedSize\\&#8221;:1,\\&#8221;inflate\\&#8221;:\\&#8221;false\\&#8221;}&#8221;:{&#8220;data&#8221;:{&#8220;content_elements&#8221;:[{&#8220;_id&#8221;:&#8221;XHLUECY4LVDYTNQNNOGOYF72OM&#8221;,&#8221;type&#8221;:&#8221;reference&#8221;}],&#8221;_id&#8221;:&#8221;03c07f7c19cd2d69ab6d600cc7598fa46b5804fe54fa1e9758bc01870b146f6f&#8221;},&#8221;expires&#8221;:1759506023615,&#8221;lastModified&#8221;:1759505723540}},&#8221;story-feed-sections&#8221;:{&#8220;{\\&#8221;excludeSections\\&#8221;:\\&#8221;\\&#8221;,\\&#8221;feedOffset\\&#8221;:0,\\&#8221;feedSize\\&#8221;:5,\\&#8221;includeSections\\&#8221;:\\&#8221;\/world\/middle-east\\&#8221;,\\&#8221;inflate\\&#8221;:\\&#8221;false\\&#8221;}&#8221;:{&#8220;data&#8221;:{&#8220;content_elements&#8221;:[{&#8220;_id&#8221;:&#8221;JXE6CDVBPREN7LO3SLO5ERN5TA&#8221;,&#8221;additional_properties&#8221;:{&#8220;audio_duration&#8221;:244,&#8221;audio_url&#8221;:&#8221;https:\/\/cdn.beyondwords.io\/audio\/projects\/8948\/podcasts\/9a98e531-d670-44fb-92bb-570e5a6dc942\/versions\/1759503241\/media\/2477be022aad8c089affd27ead9cf77a_compiled.mp3&#8243;},&#8221;canonical_url&#8221;:&#8221;https:\/\/www.irishtimes.com\/world\/middle-east\/2025\/10\/03\/trump-says-hamas-has-until-sunday-to-agree-to-peace-plan-or-face-hell\/&#8221;,&#8221;content_elements&#8221;:[{&#8220;_id&#8221;:&#8221;B2MD3UQQ4JCDZH36V6G67LBX4U&#8221;,&#8221;additional_properties&#8221;:{},&#8221;content&#8221;:&#8221;Hamas is seeking more time to consider a US-backed <a href=\\\"https:\/\/www.irishtimes.com\/tags\/gaza-strip\/\\\" target=\\\"_self\\\" rel=\\\"\\\" title=\\\"https:\/\/www.irishtimes.com\/tags\/gaza-strip\/\\\">Gaza<\/a> ceasefire plan despite US president <a href=\\\"https:\/\/www.irishtimes.com\/tags\/donald-trump\/\\\" target=\\\"_self\\\" rel=\\\"\\\" title=\\\"https:\/\/www.irishtimes.com\/tags\/donald-trump\/\\\">Donald Trump\u2019s<\/a> demands that it agree by Sunday evening or face \u201chell like no one has ever seen before\u201d. &#8220;,&#8221;type&#8221;:&#8221;text&#8221;},{&#8220;_id&#8221;:&#8221;AL5FK743EVCCLKG2AJ6L6OQSCY&#8221;,&#8221;additional_properties&#8221;:{},&#8221;content&#8221;:&#8221;A senior Hamas official acknowledged pressure from Washington to reply quickly but noted that \u201ccore issues remain unresolved,\u201d Saudi news channel Al Hadath reported on Friday.&#8221;,&#8221;type&#8221;:&#8221;text&#8221;},{&#8220;_id&#8221;:&#8221;OZ7DD53LMFCDJENUSUKCBKHIKI&#8221;,&#8221;additional_properties&#8221;:{},&#8221;content&#8221;:&#8221;On Friday, Mr Trump said in a social media post that an agreement must be reached by 6pm on Sunday, Washington DC time (11pm Irish time). &#8220;,&#8221;type&#8221;:&#8221;text&#8221;},{&#8220;_id&#8221;:&#8221;DFL4ESPWTJB7XOGWBZYFII7L7A&#8221;,&#8221;additional_properties&#8221;:{},&#8221;content&#8221;:&#8221;\u201cIf this last chance agreement is not reached, all hell, like no one has ever seen before, will break out against Hamas,\u201d Mr Trump said, in a social media post on Friday afternoon.&#8221;,&#8221;type&#8221;:&#8221;text&#8221;},{&#8220;_id&#8221;:&#8221;QBIGOUHW6RBAJP4MFMMGPJLNEU&#8221;,&#8221;additional_properties&#8221;:{},&#8221;content&#8221;:&#8221;The US president\u2019s 20-point framework to end the war \u2013 which has already been accepted by <a href=\\\"https:\/\/www.irishtimes.com\/tags\/israel\/\\\" target=\\\"_self\\\" rel=\\\"\\\" title=\\\"https:\/\/www.irishtimes.com\/tags\/israel\/\\\">Israel<\/a> \u2013 calls for Hamas to disarm and have no future role in governing Gaza.&#8221;,&#8221;type&#8221;:&#8221;text&#8221;},{&#8220;_id&#8221;:&#8221;2TV2PGNZFRCKZMX7BZVGEHO2TM&#8221;,&#8221;additional_properties&#8221;:{},&#8221;content&#8221;:&#8221;The London-based Arabic newspaper Asharq Al-Awsat reported that Hamas and the other Palestinian factions are facing a dilemma regarding their response.&#8221;,&#8221;type&#8221;:&#8221;text&#8221;},{&#8220;_id&#8221;:&#8221;74VLYGI66ZEWXAY4NYWVKQ4CKA&#8221;,&#8221;additional_properties&#8221;:{},&#8221;content&#8221;:&#8221;Hamas sources told the newspaper the movement will not reject the plan entirely, but rather consider partial acceptance with modifications \u2013 a \u201cyes, but\u201d answer \u2013 mainly on issues related to hostage release, Israeli withdrawal and security arrangements.&#8221;,&#8221;type&#8221;:&#8221;text&#8221;},{&#8220;_id&#8221;:&#8221;THCIJXTM3NA4VBDEDFMRHMBG2Y&#8221;,&#8221;additional_properties&#8221;:{},&#8221;content&#8221;:&#8221;Egypt, Qatar and Turkey have been holding talks with Hamas leaders in Doha about the plan, reportedly exerting pressure for a response that will lead to an end to the war. They want Hamas to show flexibility and limit its objections. &#8220;,&#8221;type&#8221;:&#8221;text&#8221;},{&#8220;_id&#8221;:&#8221;T4F7NCPVFJD6PM5SU2AXDIV4ZE&#8221;,&#8221;additional_properties&#8221;:{},&#8221;content&#8221;:&#8221;According to Arab diplomatic sources, the three countries are working to prevent Hamas from rejecting the initiative outright, a move they believe would trigger harsher Israeli military action and deepen the humanitarian crisis.&#8221;,&#8221;type&#8221;:&#8221;text&#8221;},{&#8220;_id&#8221;:&#8221;GL4VXRE3GBGR3ECUOXBE7K6O4Q&#8221;,&#8221;additional_properties&#8221;:{},&#8221;content&#8221;:&#8221;Hamas weighs Trump peace plan as other Palestinian factions reject it&#8221;,&#8221;type&#8221;:&#8221;interstitial_link&#8221;},{&#8220;_id&#8221;:&#8221;24SJKHUHVCZSWMDX7EQDBB2ATI&#8221;,&#8221;additional_properties&#8221;:{},&#8221;type&#8221;:&#8221;image&#8221;},{&#8220;_id&#8221;:&#8221;RQQQFWOJEFG2NB3SIW3F4EOO7M&#8221;,&#8221;additional_properties&#8221;:{},&#8221;content&#8221;:&#8221;However, Hamas\u2019s de facto leader in the Gaza Strip has already indicated to mediators that he rejects Mr Trump\u2019s plan. &#8220;,&#8221;type&#8221;:&#8221;text&#8221;},{&#8220;_id&#8221;:&#8221;UMOGSFVWHNFXHPS4CNGYDRVA3M&#8221;,&#8221;additional_properties&#8221;:{},&#8221;content&#8221;:&#8221;The BBC reported that Izz al-Din al-Haddad, who formerly commanded Hamas\u2019s Gaza City brigade, believes the plan was designed to end Hamas, whether or not it backs the proposal, and therefore the group was ready to keep fighting.&#8221;,&#8221;type&#8221;:&#8221;text&#8221;},{&#8220;_id&#8221;:&#8221;WHT2HCJL45A7LKZCQBICRHUXKI&#8221;,&#8221;additional_properties&#8221;:{},&#8221;content&#8221;:&#8221;Discussions between Hamas and the other factions aimed at formulating a unified Palestinian position are expected to conclude within days, and an official response will then be delivered to mediators.&#8221;,&#8221;type&#8221;:&#8221;text&#8221;},{&#8220;_id&#8221;:&#8221;HY4PY3LL2BDVFL3PSNAAN2GVNA&#8221;,&#8221;additional_properties&#8221;:{},&#8221;content&#8221;:&#8221;Hamas realises that agreeing to the plan means surrendering their only bargaining chip, the 48 Israeli hostages (20 of whom are believed to be alive), within 72 hours and relying on Washington to ensure a full Israeli military withdrawal from Gaza.&#8221;,&#8221;type&#8221;:&#8221;text&#8221;},{&#8220;_id&#8221;:&#8221;ECY4O6CQGBE4HBZOOM4NSLISBM&#8221;,&#8221;additional_properties&#8221;:{},&#8221;content&#8221;:&#8221;Hamas\u2019s greatest fear was always that the Israel would renew attacks once the hostages were released, even if there were international guarantees in place to thwart such a scenario. &#8220;,&#8221;type&#8221;:&#8221;text&#8221;},{&#8220;_id&#8221;:&#8221;GSKY4NWP4BCWNHZ5LZ3GK2JTVM&#8221;,&#8221;additional_properties&#8221;:{},&#8221;content&#8221;:&#8221;Throughout the war, campaigners in Israel for the release of the hostages have urged their government to accept any deal that brings the hostages home, arguing, that if need be, Israel will find an excuse afterwards to renew hostilities. Hamas is attentive to these voices, which fuel their mistrust over Israeli intentions.&#8221;,&#8221;type&#8221;:&#8221;text&#8221;},{&#8220;_id&#8221;:&#8221;M762OSMS5FGNXF56IY5RVMAR54&#8243;,&#8221;additional_properties&#8221;:{},&#8221;content&#8221;:&#8221;What\u2019s in Trump\u2019s 20-point peace plan for Gaza, and will Hamas accept it?&#8221;,&#8221;type&#8221;:&#8221;interstitial_link&#8221;},{&#8220;_id&#8221;:&#8221;2VJEOAFDNNBKDMBOCKMXOHBZQA&#8221;,&#8221;additional_properties&#8221;:{},&#8221;content&#8221;:&#8221;Also ominous from the Hamas perspective is that the Trump plan has no timetable for implementation nor a concrete programme for reconstruction.&#8221;,&#8221;type&#8221;:&#8221;text&#8221;},{&#8220;_id&#8221;:&#8221;WR547O32IJD5NPNJM4N742CHXQ&#8221;,&#8221;additional_properties&#8221;:{},&#8221;content&#8221;:&#8221;Hamas is also reportedly insisting on distinguishing between defensive and offensive weapons, referring to the clause in the agreement that calls for it to disarm. &#8220;,&#8221;type&#8221;:&#8221;text&#8221;},{&#8220;_id&#8221;:&#8221;RDOA7ZOO7JBJPHWGNJ7WVQ6FDQ&#8221;,&#8221;additional_properties&#8221;:{},&#8221;content&#8221;:&#8221;Hamas official Mohammed Mardawi warned that Mr Trump\u2019s proposal seeks to halt growing international momentum and recognition of Palestinian statehood, and the concessions offered instead are superficial and without guarantees.&#8221;,&#8221;type&#8221;:&#8221;text&#8221;},{&#8220;_id&#8221;:&#8221;WEOLO46QP5DQVCP6NG5ZHNKVJ4&#8243;,&#8221;additional_properties&#8221;:{},&#8221;content&#8221;:&#8221;According to some commentators, Mr Trump\u2019s pressure for a speedy response is connected to his belief that a Gaza ceasefire may put him in contention for the Nobel peace prize and the Nobel committee will announce its decision on October 10th.&#8221;,&#8221;type&#8221;:&#8221;text&#8221;}],&#8221;content_restrictions&#8221;:{&#8220;content_code&#8221;:&#8221;metered&#8221;},&#8221;credits&#8221;:{&#8220;by&#8221;:[{&#8220;additional_properties&#8221;:{&#8220;original&#8221;:{&#8220;byline&#8221;:&#8221;Mark Weiss&#8221;}},&#8221;name&#8221;:&#8221;Mark Weiss&#8221;}]},&#8221;description&#8221;:{&#8220;basic&#8221;:&#8221;Hamas senior official says \u2018core issues remain unresolved\u2019&#8221;},&#8221;display_date&#8221;:&#8221;2025-10-03T14:44:34.446Z&#8221;,&#8221;headlines&#8221;:{&#8220;basic&#8221;:&#8221;Trump says Hamas has until Sunday to agree to peace plan or face \u2018hell\u2019&#8221;,&#8221;native&#8221;:&#8221;&#8221;},&#8221;label&#8221;:{&#8220;audio_project_id&#8221;:{&#8220;text&#8221;:&#8221;8948&#8243;}},&#8221;promo_items&#8221;:{&#8220;basic&#8221;:{&#8220;_id&#8221;:&#8221;EDHWLDDREE6HTK2E5P4P7QKMG4&#8243;,&#8221;auth&#8221;:{&#8220;1&#8243;:&#8221;bdba85153baad51324b8e7a92132604d6ec26195de8585567d35a38e22f514d1&#8243;},&#8221;type&#8221;:&#8221;image&#8221;,&#8221;url&#8221;:&#8221;https:\/\/cloudfront-eu-central-1.images.arcpublishing.com\/irishtimes\/EDHWLDDREE6HTK2E5P4P7QKMG4.jpg&#8221;}},&#8221;subtype&#8221;:&#8221;default&#8221;,&#8221;taxonomy&#8221;:{&#8220;sections&#8221;:[{&#8220;name&#8221;:&#8221;Middle East&#8221;},{&#8220;name&#8221;:&#8221;World&#8221;}]},&#8221;type&#8221;:&#8221;story&#8221;,&#8221;website_url&#8221;:&#8221;https:\/\/www.irishtimes.com\/world\/middle-east\/2025\/10\/03\/trump-says-hamas-has-until-sunday-to-agree-to-peace-plan-or-face-hell\/&#8221;,&#8221;websites&#8221;:{&#8220;irishtimes&#8221;:{&#8220;website_section&#8221;:{&#8220;_id&#8221;:&#8221;\/world\/middle-east&#8221;,&#8221;additional_properties&#8221;:{&#8220;original&#8221;:{}},&#8221;name&#8221;:&#8221;Middle East&#8221;}}}},{&#8220;_id&#8221;:&#8221;2NITWLHHUFF7ZDTRNSJNED6CFI&#8221;,&#8221;additional_properties&#8221;:{&#8220;audio_duration&#8221;:186,&#8221;audio_url&#8221;:&#8221;https:\/\/cdn.beyondwords.io\/audio\/projects\/8948\/podcasts\/261b1046-c504-45f6-8d36-cfea4a7670aa\/versions\/1759488740\/media\/dfe90e870adf1ac2feaf2f9fa7e7328a_compiled.mp3&#8243;},&#8221;canonical_url&#8221;:&#8221;https:\/\/www.irishtimes.com\/world\/middle-east\/2025\/10\/03\/video-israels-foreign-minister-berates-gaza-flotilla-activists\/&#8221;,&#8221;content_elements&#8221;:[{&#8220;_id&#8221;:&#8221;H2DNHKPEYZF7LAJJ24QD65JCJY&#8221;,&#8221;additional_properties&#8221;:{},&#8221;content&#8221;:&#8221;Footage on social media appears to show Israeli far-right security minister Ben Gvir taunting flotilla campaigners detained by the <a href=\\\"https:\/\/www.irishtimes.com\/tags\/israel-defence-forces\/\\\" target=\\\"_self\\\" rel=\\\"\\\" title=\\\"https:\/\/www.irishtimes.com\/tags\/israel-defence-forces\/\\\">Israeli military<\/a>.&#8221;,&#8221;type&#8221;:&#8221;text&#8221;},{&#8220;_id&#8221;:&#8221;HMAXBBP2IVF4RMTJVYOZKBEBXQ&#8221;,&#8221;additional_properties&#8221;:{},&#8221;content&#8221;:&#8221;Around 40 aid vessels were stopped as they approached the <a href=\\\"https:\/\/www.irishtimes.com\/tags\/gaza-strip\/\\\" target=\\\"_self\\\" rel=\\\"\\\" title=\\\"https:\/\/www.irishtimes.com\/tags\/gaza-strip\/\\\">Gaza Strip<\/a> and more than 400 activists were detained, including <a href=\\\"https:\/\/www.irishtimes.com\/world\/middle-east\/2025\/10\/03\/we-have-to-go-on-new-flotilla-sails-toward-gaza-as-israel-detains-irish-activists\/\\\" target=\\\"_self\\\" rel=\\\"\\\" title=\\\"https:\/\/www.irishtimes.com\/world\/middle-east\/2025\/10\/03\/we-have-to-go-on-new-flotilla-sails-toward-gaza-as-israel-detains-irish-activists\/\\\">16 Irish citizens<\/a>.&#8221;,&#8221;type&#8221;:&#8221;text&#8221;},{&#8220;_id&#8221;:&#8221;VMEQVJS6WRGPXIKOBETY6QHCKU&#8221;,&#8221;additional_properties&#8221;:{},&#8221;content&#8221;:&#8221;\u201cThese are the flotilla terrorists. Terrorists. Look at them. Supporters of murderers. By the way, their boats were one big party They didn\u2019t come to help but came pro-Gaza, pro the terrorists,\u201d he is recorded as saying on the video.&#8221;,&#8221;type&#8221;:&#8221;text&#8221;},{&#8220;_id&#8221;:&#8221;QFPAJDM5GJBVRAATJCB4R5VTPE&#8221;,&#8221;additional_properties&#8221;:{},&#8221;content&#8221;:&#8221;Mr Gvir also appears to taunt campaigners over the volume of aid delivered aboard their vessels.&#8221;,&#8221;type&#8221;:&#8221;text&#8221;},{&#8220;_id&#8221;:&#8221;6H6FZ2TIFFAURHE2GNTN745TMI&#8221;,&#8221;additional_properties&#8221;:{},&#8221;content&#8221;:&#8221;\u201c&#8230; the police chief just showed me. There\u2019s just one baby milk carton &#8230; We\u2019re looking for the humanitarian aid. There\u2019s no humanitarian aid. I can\u2019t see anything here. It\u2019s one big party. One big wild party. There was one aim only here. They came to support the terrorists. What aid and what humanitarian assistance?\u201d he says on the video.&#8221;,&#8221;type&#8221;:&#8221;text&#8221;},{&#8220;_id&#8221;:&#8221;F7TKCLMMS5A7PHAFKFF33IAI3Q&#8221;,&#8221;additional_properties&#8221;:{},&#8221;type&#8221;:&#8221;image&#8221;},{&#8220;_id&#8221;:&#8221;S4CSFSLACRGI3GT7V3M6JX4ZIM&#8221;,&#8221;additional_properties&#8221;:{},&#8221;content&#8221;:&#8221;The Israeli foreign ministry said on Thursday that those who had been detained were \u201cmaking their way safely and peacefully to Israel, where their deportation procedures to Europe will begin\u201d. &#8220;,&#8221;type&#8221;:&#8221;text&#8221;},{&#8220;_id&#8221;:&#8221;OJXPB2DL3NCKVM7ZPHA3E6UJMQ&#8221;,&#8221;additional_properties&#8221;:{},&#8221;content&#8221;:&#8221;The Israeli military, meanwhile, intercepted the last boat in the aid flotilla attempting to reach Gaza on Friday, a day after stopping most of the vessels.&#8221;,&#8221;type&#8221;:&#8221;text&#8221;},{&#8220;_id&#8221;:&#8221;R7FTE4DIOFBU3BMV6S462STXKY&#8221;,&#8221;additional_properties&#8221;:{},&#8221;content&#8221;:&#8221;The organisers of the Global Sumud Flotilla said the vessel, Marinette, was intercepted on Friday morning about 42 nautical miles from Gaza. Israeli army radio said the navy had taken control of the last ship in the flotilla, detained those aboard, and that the vessel was being led to Ashdod port in Israel. &#8220;,&#8221;type&#8221;:&#8221;text&#8221;},{&#8220;_id&#8221;:&#8221;FNUGUF4DAZBOXLHU4HKCROILYA&#8221;,&#8221;additional_properties&#8221;:{},&#8221;content&#8221;:&#8221;<a href=\\\"https:\/\/www.irishtimes.com\/world\/middle-east\/2025\/10\/01\/israeli-military-ship-in-dangerous-manoeuvres-near-gaza-flotilla-as-it-nears-blockade\/\\\" rel=\\\"\\\" title=\\\"https:\/\/www.irishtimes.com\/world\/middle-east\/2025\/10\/01\/israeli-military-ship-in-dangerous-manoeuvres-near-gaza-flotilla-as-it-nears-blockade\/\\\">Israel\u2019s actions<\/a> have sparked protests internationally, including demonstrations in France, the UK, Germany, Turkey and the US, and some clashes with police in Italy, where unions have called a general strike for Friday.&#8221;,&#8221;type&#8221;:&#8221;text&#8221;},{&#8220;_id&#8221;:&#8221;AXJPHCB25CNL3BCI4XDIGU2NKY&#8221;,&#8221;additional_properties&#8221;:{},&#8221;type&#8221;:&#8221;image&#8221;},{&#8220;_id&#8221;:&#8221;QEM7D4VZOBLW5YN2JJUNL7WZTY&#8221;,&#8221;additional_properties&#8221;:{},&#8221;type&#8221;:&#8221;image&#8221;},{&#8220;_id&#8221;:&#8221;XHSVN6BYPDQTTNGYM4KE76RGDY&#8221;,&#8221;additional_properties&#8221;:{},&#8221;type&#8221;:&#8221;image&#8221;},{&#8220;_id&#8221;:&#8221;VWQ2ZG3IVRDKPHZ3R3X2QI7I4U&#8221;,&#8221;additional_properties&#8221;:{},&#8221;content&#8221;:&#8221;On Friday, T\u00e1naiste and Minister for Foreign Affairs <a href=\\\"https:\/\/www.irishtimes.com\/tags\/simon-harris\/\\\" rel=\\\"\\\" title=\\\"https:\/\/www.irishtimes.com\/tags\/simon-harris\/\\\">Simon Harris<\/a> confirmed all 16 Irish citizens who were on board the first wave of flotilla boats have been detained in a facility in southern Israel. &#8220;,&#8221;type&#8221;:&#8221;text&#8221;},{&#8220;_id&#8221;:&#8221;3ACRQR7JIVFZJOLZ2PX4LMCUPM&#8221;,&#8221;additional_properties&#8221;:{},&#8221;content&#8221;:&#8221;An Irish embassy team, including the ambassador to Israel, is currently at the detention facility and providing \u201call possible and appropriate consular assistance\u201d, including access to legal representation and medical treatment where needed, Mr Harris said.&#8221;,&#8221;type&#8221;:&#8221;text&#8221;},{&#8220;_id&#8221;:&#8221;AKOVDTSX7RCI3DXF6GTCCTOWOM&#8221;,&#8221;additional_properties&#8221;:{},&#8221;content&#8221;:&#8221;The Department of Foreign Affairs is in close contact with detainees\u2019 family members who have requested support, he said.&#8221;,&#8221;type&#8221;:&#8221;text&#8221;},{&#8220;_id&#8221;:&#8221;PTEQIFP72BA4ZPOWQCYMC2XRLY&#8221;,&#8221;additional_properties&#8221;:{},&#8221;content&#8221;:&#8221;The T\u00e1naiste added that he is aware of Irish citizens participating in other flotillas en route to Gaza and has instructed his department to closely monitor the \u201cevolving situation\u201d.&#8221;,&#8221;type&#8221;:&#8221;text&#8221;},{&#8220;_id&#8221;:&#8221;RCZE2FLZJFGVPPQYMBKO7L2CFI&#8221;,&#8221;additional_properties&#8221;:{},&#8221;content&#8221;:&#8221;&#8221;,&#8221;type&#8221;:&#8221;text&#8221;},{&#8220;_id&#8221;:&#8221;VJV5Y4TDABDXXJ7CR52BTLYABU&#8221;,&#8221;additional_properties&#8221;:{},&#8221;content&#8221;:&#8221;Gaza flotilla: who are the Irish detainees?&#8221;,&#8221;type&#8221;:&#8221;interstitial_link&#8221;},{&#8220;_id&#8221;:&#8221;GAA36NRG2BB6JFH42GWAEGJ6HM&#8221;,&#8221;additional_properties&#8221;:{},&#8221;content&#8221;:&#8221;A fresh flotilla of boats is heading towards Gaza and has vowed to continue on its course despite the interception of about 40 vessels by Israeli forces and detention of more than a dozen Irish citizens.&#8221;,&#8221;type&#8221;:&#8221;text&#8221;},{&#8220;_id&#8221;:&#8221;VM73FGT3NVF2TBRIGNKWF2PLKY&#8221;,&#8221;additional_properties&#8221;:{},&#8221;content&#8221;:&#8221;Among the new wave of boats is the Milad \u2013 part of the Thousand Madleen flotilla \u2013 where Irish author <a href=\\\"https:\/\/www.irishtimes.com\/tags\/naoise-dolan\/\\\" rel=\\\"\\\" title=\\\"https:\/\/www.irishtimes.com\/tags\/naoise-dolan\/\\\">Naoise Dolan<\/a> said she was roughly a week from Gaza as Israeli operations continue in the <a href=\\\"https:\/\/www.irishtimes.com\/tags\/israel-hamas-conflict\/\\\" rel=\\\"\\\" title=\\\"https:\/\/www.irishtimes.com\/tags\/israel-hamas-conflict\/\\\">famine-hit enclave<\/a>.&#8221;,&#8221;type&#8221;:&#8221;text&#8221;},{&#8220;_id&#8221;:&#8221;3KZRGV2ZQJBX3JHTNEMARBYNL4&#8243;,&#8221;additional_properties&#8221;:{},&#8221;content&#8221;:&#8221;\u201cWe have baby formula on our boat. That could be the difference for someone between life and death, so we have to go on,\u201d Ms Dolan said.&#8221;,&#8221;type&#8221;:&#8221;text&#8221;}],&#8221;content_restrictions&#8221;:{&#8220;content_code&#8221;:&#8221;metered&#8221;},&#8221;credits&#8221;:{&#8220;by&#8221;:[]},&#8221;description&#8221;:{&#8220;basic&#8221;:&#8221;T\u00e1naiste confirms 16 Irish citizens have been detained in a facility in southern Israel&#8221;},&#8221;display_date&#8221;:&#8221;2025-10-03T10:58:00Z&#8221;,&#8221;headlines&#8221;:{&#8220;basic&#8221;:&#8221;Video: Israel\u2019s foreign minister berates Gaza flotilla activists&#8221;,&#8221;native&#8221;:&#8221;&#8221;},&#8221;label&#8221;:{&#8220;audio_project_id&#8221;:{&#8220;text&#8221;:&#8221;8948&#8243;}},&#8221;promo_items&#8221;:{&#8220;basic&#8221;:{&#8220;_id&#8221;:&#8221;XHLUECY4LVDYTNQNNOGOYF72OM&#8221;,&#8221;auth&#8221;:{&#8220;1&#8243;:&#8221;272a9d3284366c3940b0061eb81a58b82f84635f886f46434f4528cb579508f7&#8243;},&#8221;type&#8221;:&#8221;image&#8221;,&#8221;url&#8221;:&#8221;https:\/\/cloudfront-eu-central-1.images.arcpublishing.com\/irishtimes\/XHLUECY4LVDYTNQNNOGOYF72OM.jpg&#8221;},&#8221;lead_art&#8221;:{&#8220;_id&#8221;:&#8221;74a54b86-32f9-4fb9-a285-5f34212818e6&#8243;,&#8221;embed_html&#8221;:&#8221;&#8221;,&#8221;promo_image&#8221;:{&#8220;auth&#8221;:{&#8220;1&#8243;:&#8221;a280d53b77712e84a154d2f54312875064ba10e8bcd8d6370294f9a75b002c76&#8243;},&#8221;type&#8221;:&#8221;image&#8221;,&#8221;url&#8221;:&#8221;https:\/\/d2j5ip5u6h2g6o.cloudfront.net\/10-03-2025\/t_1efb8300283c45d0a010624b1c6bf400_name_file_960x540_1600_v4_.jpg&#8221;},&#8221;promo_items&#8221;:{&#8220;basic&#8221;:{&#8220;auth&#8221;:{&#8220;1&#8243;:&#8221;a280d53b77712e84a154d2f54312875064ba10e8bcd8d6370294f9a75b002c76&#8243;},&#8221;type&#8221;:&#8221;image&#8221;,&#8221;url&#8221;:&#8221;https:\/\/d2j5ip5u6h2g6o.cloudfront.net\/10-03-2025\/t_1efb8300283c45d0a010624b1c6bf400_name_file_960x540_1600_v4_.jpg&#8221;}},&#8221;type&#8221;:&#8221;video&#8221;},&#8221;looping_video&#8221;:{&#8220;_id&#8221;:&#8221;74a54b86-32f9-4fb9-a285-5f34212818e6&#8243;,&#8221;embed_html&#8221;:&#8221;&#8221;,&#8221;promo_image&#8221;:{&#8220;auth&#8221;:{&#8220;1&#8243;:&#8221;a280d53b77712e84a154d2f54312875064ba10e8bcd8d6370294f9a75b002c76&#8243;},&#8221;type&#8221;:&#8221;image&#8221;,&#8221;url&#8221;:&#8221;https:\/\/d2j5ip5u6h2g6o.cloudfront.net\/10-03-2025\/t_1efb8300283c45d0a010624b1c6bf400_name_file_960x540_1600_v4_.jpg&#8221;},&#8221;type&#8221;:&#8221;video&#8221;}},&#8221;subtype&#8221;:&#8221;default&#8221;,&#8221;taxonomy&#8221;:{&#8220;sections&#8221;:[{&#8220;name&#8221;:&#8221;Middle East&#8221;},{&#8220;name&#8221;:&#8221;World&#8221;}]},&#8221;type&#8221;:&#8221;story&#8221;,&#8221;website_url&#8221;:&#8221;https:\/\/www.irishtimes.com\/world\/middle-east\/2025\/10\/03\/video-israels-foreign-minister-berates-gaza-flotilla-activists\/&#8221;,&#8221;websites&#8221;:{&#8220;irishtimes&#8221;:{&#8220;website_section&#8221;:{&#8220;_id&#8221;:&#8221;\/world\/middle-east&#8221;,&#8221;additional_properties&#8221;:{&#8220;original&#8221;:{}},&#8221;name&#8221;:&#8221;Middle East&#8221;}}}},{&#8220;_id&#8221;:&#8221;Q7IFN5W7IJFGNJ7EUW5QKM6O2I&#8221;,&#8221;additional_properties&#8221;:{&#8220;audio_duration&#8221;:227,&#8221;audio_url&#8221;:&#8221;https:\/\/cdn.beyondwords.io\/audio\/projects\/8948\/podcasts\/17d763ad-bdf5-441b-b773-374c88a29607\/versions\/1759432292\/media\/43f2c83d520376b685c4e471832df4c9_compiled.mp3&#8243;},&#8221;canonical_url&#8221;:&#8221;https:\/\/www.irishtimes.com\/world\/middle-east\/2025\/10\/03\/we-have-to-go-on-new-flotilla-sails-toward-gaza-as-israel-detains-irish-activists\/&#8221;,&#8221;content_elements&#8221;:[{&#8220;_id&#8221;:&#8221;J6WGMOCZOJHZHD3ELGNBHE3H5A&#8221;,&#8221;additional_properties&#8221;:{},&#8221;content&#8221;:&#8221;A fresh flotilla of boats is heading towards <a href=\\\"https:\/\/www.irishtimes.com\/tags\/gaza-strip\/\\\" target=\\\"_blank\\\" rel=\\\"noreferrer\\\" title=\\\"https:\/\/www.irishtimes.com\/tags\/gaza-strip\/\\\">Gaza<\/a> and has vowed to continue on its course despite the interception of about 40 vessels by <a href=\\\"https:\/\/www.irishtimes.com\/tags\/israel\/\\\" target=\\\"_blank\\\" rel=\\\"noreferrer\\\" title=\\\"https:\/\/www.irishtimes.com\/tags\/israel\/\\\">Israeli<\/a> forces and detention of more than a dozen Irish citizens.&#8221;,&#8221;type&#8221;:&#8221;text&#8221;},{&#8220;_id&#8221;:&#8221;M3Q4I5M5IVCFDOETB6ZZ3QFE3Y&#8221;,&#8221;additional_properties&#8221;:{},&#8221;content&#8221;:&#8221;<a href=\\\"https:\/\/www.irishtimes.com\/world\/middle-east\/2025\/10\/01\/israeli-military-ship-in-dangerous-manoeuvres-near-gaza-flotilla-as-it-nears-blockade\/\\\" target=\\\"_self\\\" rel=\\\"\\\" title=\\\"https:\/\/www.irishtimes.com\/world\/middle-east\/2025\/10\/01\/israeli-military-ship-in-dangerous-manoeuvres-near-gaza-flotilla-as-it-nears-blockade\/\\\">Israel\u2019s actions<\/a> sparked protests internationally, including demonstrations and some clashes with police in Italy, where unions have called a general strike on Friday.&#8221;,&#8221;type&#8221;:&#8221;text&#8221;},{&#8220;_id&#8221;:&#8221;3ZCO7D6WLBG2FAU3WHGTTCQSYM&#8221;,&#8221;additional_properties&#8221;:{},&#8221;content&#8221;:&#8221;Among the new wave of boats is the Milad \u2013 part of the Thousand Madleen flotilla \u2013 where Irish author <a href=\\\"https:\/\/www.irishtimes.com\/tags\/naoise-dolan\/\\\" target=\\\"_self\\\" rel=\\\"\\\" title=\\\"https:\/\/www.irishtimes.com\/tags\/naoise-dolan\/\\\">Naoise Dolan<\/a> said she was roughly a week from Gaza as Israeli operations continue in the <a href=\\\"https:\/\/www.irishtimes.com\/tags\/israel-hamas-conflict\/\\\" target=\\\"_blank\\\" rel=\\\"noreferrer\\\" title=\\\"https:\/\/www.irishtimes.com\/tags\/israel-hamas-conflict\/\\\">famine-hit enclave<\/a>.&#8221;,&#8221;type&#8221;:&#8221;text&#8221;},{&#8220;_id&#8221;:&#8221;NYBKSY27H5FT5AUC2JKT4LX3XE&#8221;,&#8221;additional_properties&#8221;:{},&#8221;content&#8221;:&#8221;\u201cWe have baby formula on our boat. That could be the difference for someone between life and death, so we have to go on,\u201d Dolan said.&#8221;,&#8221;type&#8221;:&#8221;text&#8221;},{&#8220;_id&#8221;:&#8221;TDPWRPTX2USGNLBUC6C5NJ6VVU&#8221;,&#8221;additional_properties&#8221;:{},&#8221;type&#8221;:&#8221;image&#8221;},{&#8220;_id&#8221;:&#8221;7SM55REZFHWK4Q2U7FMLJ4QQWU&#8221;,&#8221;additional_properties&#8221;:{},&#8221;type&#8221;:&#8221;image&#8221;},{&#8220;_id&#8221;:&#8221;GWOYAFGSEBE2DAXH5NKAFZF5SI&#8221;,&#8221;additional_properties&#8221;:{},&#8221;content&#8221;:&#8221;A marine tracker showed a further eight boats in the flotilla were passing the island of Crete last night. They are expected to be joined by the Conscience, a large boat from the Global Sumud Flotilla that had to stop in Malta for repairs after those on board said it was attacked by drones.&#8221;,&#8221;type&#8221;:&#8221;text&#8221;},{&#8220;_id&#8221;:&#8221;LCET34CVK5GNHAUE7SA7J3BGD4&#8243;,&#8221;additional_properties&#8221;:{},&#8221;content&#8221;:&#8221;Together, the flotilla would then make up about 160 people from 15 different countries, including Ireland, according to those on board.&#8221;,&#8221;type&#8221;:&#8221;text&#8221;},{&#8220;_id&#8221;:&#8221;7CMIZLMLJNB4VPGMDNU2MXG5LE&#8221;,&#8221;additional_properties&#8221;:{},&#8221;content&#8221;:&#8221;The Israeli foreign ministry warned they would intercept the Conscience if it attempted to breach its naval blockade on Gaza, which was declared in 2009 but is under fresh scrutiny as famine has set in amid tightened Israeli restrictions on the delivery of food by land into the strip.&#8221;,&#8221;type&#8221;:&#8221;text&#8221;},{&#8220;_id&#8221;:&#8221;MAEZJPVTGJFUVKBCD3KHZXPYRU&#8221;,&#8221;additional_properties&#8221;:{},&#8221;content&#8221;:&#8221;Gaza flotilla: who are the Irish detainees?&#8221;,&#8221;type&#8221;:&#8221;interstitial_link&#8221;},{&#8220;_id&#8221;:&#8221;RCKCBVWKABGXZGPV6JOXGU4WTQ&#8221;,&#8221;additional_properties&#8221;:{},&#8221;content&#8221;:&#8221;\u201cIf it approaches, its attempt to enter an active combat zone and breach the blockade will also be prevented,\u201d the foreign ministry said. &#8220;,&#8221;type&#8221;:&#8221;text&#8221;},{&#8220;_id&#8221;:&#8221;FWX6KKF2E5HOXL4QGUTXAITYEE&#8221;,&#8221;additional_properties&#8221;:{},&#8221;content&#8221;:&#8221;The ministry said none of the flotilla boats on Thursday had successfully breached its naval blockade, and that all passengers would be brought to Israel and then deported to Europe.&#8221;,&#8221;type&#8221;:&#8221;text&#8221;},{&#8220;_id&#8221;:&#8221;HBKZUCEOKFC7PEKGTOFOQTH6BA&#8221;,&#8221;additional_properties&#8221;:{},&#8221;content&#8221;:&#8221;Adalah, a legal centre for Arab minority rights in Israel, said it had received phone calls from participants of the flotilla to say that immigration authorities had already begun deportation and detention hearings in Ashdod port.&#8221;,&#8221;type&#8221;:&#8221;text&#8221;},{&#8220;_id&#8221;:&#8221;BSUBOTCRUNDN5BWMGHYP24ETSE&#8221;,&#8221;additional_properties&#8221;:{},&#8221;type&#8221;:&#8221;image&#8221;},{&#8220;_id&#8221;:&#8221;TH2DH4QXFJFYDFT5EFCQXBX5PE&#8221;,&#8221;additional_properties&#8221;:{},&#8221;content&#8221;:&#8221;\u201cThis constitutes a grave violation of due process and a denial of the participants\u2019 fundamental rights,\u201d the group said in a public statement, later adding that its lawyers had gained access to the port to legally represent those detained.&#8221;,&#8221;type&#8221;:&#8221;text&#8221;},{&#8220;_id&#8221;:&#8221;SYFASMHMOFDIRHHXDM3EHXWT7M&#8221;,&#8221;additional_properties&#8221;:{},&#8221;content&#8221;:&#8221;Footage shared on social media showed a large number of small boats flying Turkish and Palestinian flags and bearing a poster reading: \u201cWe stand with the Global Sumud Flotilla.\u201d&#8221;,&#8221;type&#8221;:&#8221;text&#8221;},{&#8220;_id&#8221;:&#8221;KZ63JNVHZRCILJ5OIAVIX5GCDM&#8221;,&#8221;additional_properties&#8221;:{},&#8221;content&#8221;:&#8221;Global Sumud Flotilla social media accounts said these were 45 Turkish boats \u201cheading directly towards Gaza\u201d; however, it was unclear whether they intended to try to breach the blockade or were engaged in a local demonstration of support at sea.&#8221;,&#8221;type&#8221;:&#8221;text&#8221;},{&#8220;_id&#8221;:&#8221;FPPV5CSNDRCZFKZTYSYNM237JU&#8221;,&#8221;additional_properties&#8221;:{},&#8221;content&#8221;:&#8221;Israel\u2019s naval blockade on Gaza is an emotive public issue in Turkey due to the killing of 10 Turkish citizens by Israeli forces during the interception of a flotilla in 2010, which caused a six-year breach in diplomatic relations between the two states.&#8221;,&#8221;type&#8221;:&#8221;text&#8221;},{&#8220;_id&#8221;:&#8221;DWGYH2VF6BEBNI767JO7JM7HNU&#8221;,&#8221;additional_properties&#8221;:{},&#8221;content&#8221;:&#8221;Fifteen Irish citizens are estimated to be among the 400 foreign activists, including Swedish campaigner Greta Thunberg, who were detained after their boats were intercepted on Thursday.&#8221;,&#8221;type&#8221;:&#8221;text&#8221;},{&#8220;_id&#8221;:&#8221;YFRPFKCFGZALTODYBSTKVRQFFA&#8221;,&#8221;additional_properties&#8221;:{},&#8221;content&#8221;:&#8221;T\u00e1naiste and Minister for Foreign Affairs <a href=\\\"https:\/\/www.irishtimes.com\/tags\/simon-harris\/\\\" rel=\\\"\\\" title=\\\"https:\/\/www.irishtimes.com\/tags\/simon-harris\/\\\">Simon Harris<\/a> said he had \u201cinstructed my officials to contact the non-resident Irish Ambassador to Israel to register our strong condemnation of the actions of the Israeli authorities and to highlight our absolute expectation that the welfare of our citizens is protected in line with international law\u201d.&#8221;,&#8221;type&#8221;:&#8221;text&#8221;},{&#8220;_id&#8221;:&#8221;QZ4KUAPYV5FQHNBWDZYHQ4NEEE&#8221;,&#8221;additional_properties&#8221;:{},&#8221;content&#8221;:&#8221;The Israeli foreign ministry said that those who had been detained were \u201cmaking their way safely and peacefully to Israel, where their deportation procedures to Europe will begin. The passengers are safe and in good health, the ministry said.&#8221;,&#8221;type&#8221;:&#8221;text&#8221;},{&#8220;_id&#8221;:&#8221;RWYD4H7IRBHHZIBZXWDMRVBZTU&#8221;,&#8221;additional_properties&#8221;:{},&#8221;content&#8221;:&#8221; &#8220;,&#8221;type&#8221;:&#8221;text&#8221;},{&#8220;_id&#8221;:&#8221;ERQYVVVZ2RANFDTY5BOOMTAL5E&#8221;,&#8221;additional_properties&#8221;:{},&#8221;content&#8221;:&#8221; &#8220;,&#8221;type&#8221;:&#8221;text&#8221;},{&#8220;_id&#8221;:&#8221;QUY3QRNZC5DCPLC2IBTSSCSG4E&#8221;,&#8221;additional_properties&#8221;:{},&#8221;content&#8221;:&#8221;&#8221;,&#8221;type&#8221;:&#8221;text&#8221;},{&#8220;_id&#8221;:&#8221;33RLGUPQKRGZHAY67BJNILJWEI&#8221;,&#8221;additional_properties&#8221;:{},&#8221;content&#8221;:&#8221;&#8221;,&#8221;type&#8221;:&#8221;text&#8221;}],&#8221;content_restrictions&#8221;:{&#8220;content_code&#8221;:&#8221;metered&#8221;},&#8221;credits&#8221;:{&#8220;by&#8221;:[{&#8220;additional_properties&#8221;:{&#8220;original&#8221;:{&#8220;byline&#8221;:&#8221;Naomi O\u2019Leary&#8221;}},&#8221;name&#8221;:&#8221;Naomi O\u2019Leary&#8221;}]},&#8221;description&#8221;:{&#8220;basic&#8221;:&#8221;Fresh wave of aid boats continues en route to famine-hit enclave despite capture of Global Sumud vessels&#8221;},&#8221;display_date&#8221;:&#8221;2025-10-03T05:00:01Z&#8221;,&#8221;headlines&#8221;:{&#8220;basic&#8221;:&#8221;\u2018We have to go on\u2019: New flotilla sails toward Gaza as Israel detains Irish activists&#8221;,&#8221;native&#8221;:&#8221;&#8221;},&#8221;label&#8221;:{&#8220;audio_project_id&#8221;:{&#8220;text&#8221;:&#8221;8948&#8243;}},&#8221;promo_items&#8221;:{&#8220;basic&#8221;:{&#8220;_id&#8221;:&#8221;B5XVXDIPDBHUZOWOVCJTJVYOLM&#8221;,&#8221;auth&#8221;:{&#8220;1&#8243;:&#8221;fe3b815527a3871988307b8398f7af72deaa1c43baaaec7822bd23dad6ed6867&#8243;},&#8221;type&#8221;:&#8221;image&#8221;,&#8221;url&#8221;:&#8221;https:\/\/cloudfront-eu-central-1.images.arcpublishing.com\/irishtimes\/B5XVXDIPDBHUZOWOVCJTJVYOLM.jpg&#8221;}},&#8221;subtype&#8221;:&#8221;default&#8221;,&#8221;taxonomy&#8221;:{&#8220;sections&#8221;:[{&#8220;name&#8221;:&#8221;Middle East&#8221;},{&#8220;name&#8221;:&#8221;World&#8221;}]},&#8221;type&#8221;:&#8221;story&#8221;,&#8221;website_url&#8221;:&#8221;https:\/\/www.irishtimes.com\/world\/middle-east\/2025\/10\/03\/we-have-to-go-on-new-flotilla-sails-toward-gaza-as-israel-detains-irish-activists\/&#8221;,&#8221;websites&#8221;:{&#8220;irishtimes&#8221;:{&#8220;website_section&#8221;:{&#8220;_id&#8221;:&#8221;\/world\/middle-east&#8221;,&#8221;additional_properties&#8221;:{&#8220;original&#8221;:{}},&#8221;name&#8221;:&#8221;Middle East&#8221;}}}},{&#8220;_id&#8221;:&#8221;JIX2334MHZHB7OQ3GDV3LTLXIQ&#8221;,&#8221;additional_properties&#8221;:{&#8220;audio_duration&#8221;:318,&#8221;audio_url&#8221;:&#8221;https:\/\/cdn.beyondwords.io\/audio\/projects\/5469\/podcasts\/b26f0f0f-9509-4796-aee4-318bb7078d4e\/versions\/1759425037\/media\/35930aa5c36ad7c0eed825c0dd212c38_compiled.mp3&#8243;},&#8221;canonical_url&#8221;:&#8221;https:\/\/www.irishtimes.com\/world\/middle-east\/2025\/10\/02\/gaza-flotilla-israel-intercepts-39-aid-boats-organisers-say\/&#8221;,&#8221;content_elements&#8221;:[{&#8220;_id&#8221;:&#8221;DATIOHLVMNGQXIL3U2LBW6DEL4&#8243;,&#8221;additional_properties&#8221;:{},&#8221;content&#8221;:&#8221;<a href=\\\"https:\/\/www.irishtimes.com\/tags\/israel\/\\\" target=\\\"_self\\\" rel=\\\"\\\" title=\\\"https:\/\/www.irishtimes.com\/tags\/israel\/\\\">Israeli<\/a> forces have intercepted  at least 40 boats carrying aid and foreign activists, including Swedish campaigner <a href=\\\"https:\/\/www.irishtimes.com\/tags\/greta-thunberg\/\\\" target=\\\"_self\\\" rel=\\\"\\\" title=\\\"https:\/\/www.irishtimes.com\/tags\/greta-thunberg\/\\\">Greta Thunberg<\/a>, to <a href=\\\"https:\/\/www.irishtimes.com\/tags\/gaza-strip\/\\\" target=\\\"_self\\\" rel=\\\"\\\" title=\\\"https:\/\/www.irishtimes.com\/tags\/gaza-strip\/\\\">Gaza<\/a>, triggering international condemnation and protests on Thursday. &#8220;,&#8221;type&#8221;:&#8221;text&#8221;},{&#8220;_id&#8221;:&#8221;HTNA2FNPBFGL5GY7GQ744J6XYE&#8221;,&#8221;additional_properties&#8221;:{},&#8221;content&#8221;:&#8221;Cameras broadcasting live feeds from the boats, verified by Reuters, showed Israeli soldiers sporting helmets and night vision goggles boarding the ships, while passengers huddled together in life vests with their hands up.&#8221;,&#8221;type&#8221;:&#8221;text&#8221;},{&#8220;_id&#8221;:&#8221;EMK3AYIJ65DYXKLFVTKBCTREUE&#8221;,&#8221;additional_properties&#8221;:{},&#8221;content&#8221;:&#8221;A video from the Israeli foreign ministry showed Ms Thunberg, the most prominent of the flotilla\u2019s passengers, sitting on a deck surrounded by soldiers.&#8221;,&#8221;type&#8221;:&#8221;text&#8221;},{&#8220;_id&#8221;:&#8221;L4CSOWI4NVE7FK2CWS52VBUST4&#8243;,&#8221;additional_properties&#8221;:{},&#8221;content&#8221;:&#8221;Ms Thunberg (22) had pre-recorded a video which was released on her behalf after her ship was boarded.&#8221;,&#8221;type&#8221;:&#8221;text&#8221;},{&#8220;_id&#8221;:&#8221;BSL5ATP6OJGF3BJJXZHTJXZOJY&#8221;,&#8221;additional_properties&#8221;:{},&#8221;content&#8221;:&#8221;\u201cIf you are watching this video, I have been abducted and taken against my will by Israeli forces. Our humanitarian mission was non-violent and abiding by international law,\u201d she said.&#8221;,&#8221;type&#8221;:&#8221;text&#8221;},{&#8220;_id&#8221;:&#8221;23WNE3TMRFGQNN7EKDKYPACAX4&#8243;,&#8221;additional_properties&#8221;:{},&#8221;content&#8221;:&#8221;Some 15 Irish citizens were part of the group of activists taking part in the flotilla operation and have <a href=\\\"https:\/\/www.irishtimes.com\/ireland\/2025\/10\/02\/gaza-aid-flotilla-organisers-name-15-irish-citizens-on-boats-likely-intercepted-by-israeli-forces\/\\\" target=\\\"_blank\\\" rel=\\\"noreferrer\\\" title=\\\"https:\/\/www.irishtimes.com\/ireland\/2025\/10\/02\/gaza-aid-flotilla-organisers-name-15-irish-citizens-on-boats-likely-intercepted-by-israeli-forces\/\\\">now been detained by Israel<\/a>.&#8221;,&#8221;type&#8221;:&#8221;text&#8221;},{&#8220;_id&#8221;:&#8221;5IJWOAWSFRG2HI375TKMAL7WEM&#8221;,&#8221;additional_properties&#8221;:{},&#8221;content&#8221;:&#8221;Gaza flotilla: Who are the Irish detainees?&#8221;,&#8221;type&#8221;:&#8221;interstitial_link&#8221;},{&#8220;_id&#8221;:&#8221;BYCLGJ7VZZAK7H26J53XRR5VA4&#8243;,&#8221;additional_properties&#8221;:{},&#8221;content&#8221;:&#8221;According to a tracker on the organiser, Global Sumud Flotilla\u2019s website, 41 boats were listed as \u201cintercepted\u201d or \u201cassumed intercepted\u201d. Another one, Marinette,  was  listed as still \u201csailing\u201d around 6pm Irish time on Thursday.&#8221;,&#8221;type&#8221;:&#8221;text&#8221;},{&#8220;_id&#8221;:&#8221;HNLBB4BXVNDNVFLM5ULYL43V5M&#8221;,&#8221;additional_properties&#8221;:{},&#8221;content&#8221;:&#8221;Those vessels intercepted and those on board were expected to be taken initially to the Israeli port of Ashdod, where one ship was seen arriving by a Reuters witness.&#8221;,&#8221;type&#8221;:&#8221;text&#8221;},{&#8220;_id&#8221;:&#8221;BOFAO36FJJDAJJ5BLJABK7JX7M&#8221;,&#8221;additional_properties&#8221;:{},&#8221;content&#8221;:&#8221;\u201cAll the passengers are safe and in good health. They are making their way safely to Israel, from where they will be deported to Europe,\u201d the Israeli foreign ministry said on X.&#8221;,&#8221;type&#8221;:&#8221;text&#8221;},{&#8220;_id&#8221;:&#8221;YYBIFGRPKFD6DCQCM5JWHJP7PY&#8221;,&#8221;additional_properties&#8221;:{},&#8221;content&#8221;:&#8221;\u201cOne last vessel of this provocation remains at a distance. If it approaches, its attempt to enter an active combat zone and breach the blockade will also be prevented,\u201d it added.&#8221;,&#8221;type&#8221;:&#8221;text&#8221;},{&#8220;_id&#8221;:&#8221;2HSFVQNWCZCLRDXKU3J5ZGVM6A&#8221;,&#8221;additional_properties&#8221;:{},&#8221;content&#8221;:&#8221;South Africa\u2019s president Cyril Ramaphosa joined international condemnation of Israel\u2019s move.&#8221;,&#8221;type&#8221;:&#8221;text&#8221;},{&#8220;_id&#8221;:&#8221;IUG2SLFEU5HKLEOFN6VGV3YPHA&#8221;,&#8221;additional_properties&#8221;:{},&#8221;content&#8221;:&#8221;Mr Ramaphosa  called on Israel to immediately release South Africans who were on the flotilla, including former president Nelson Mandela\u2019s grandson, Nkosi Zwelivelile Mandela.&#8221;,&#8221;type&#8221;:&#8221;text&#8221;},{&#8220;_id&#8221;:&#8221;4H2OVFKYFJGA5FDUHQW6J7ZEAE&#8221;,&#8221;additional_properties&#8221;:{},&#8221;content&#8221;:&#8221;The activists are expected to be transferred to the immigration authority upon arrival in Ashdod, from where they will be moved to Ketziot Prison in southern Israel before they are deported, said Suhad Bishara, the director at Adalah, a human rights organisation and legal centre in Israel.&#8221;,&#8221;type&#8221;:&#8221;text&#8221;},{&#8220;_id&#8221;:&#8221;O6HRR5KMIZDP3BGIDTRI73UDBI&#8221;,&#8221;additional_properties&#8221;:{},&#8221;content&#8221;:&#8221;&#8221;,&#8221;type&#8221;:&#8221;text&#8221;},{&#8220;_id&#8221;:&#8221;SHVNKHTUYBEIHMVKKMI2BW4WSI&#8221;,&#8221;additional_properties&#8221;:{},&#8221;content&#8221;:&#8221;The flotilla is transporting medicine and food to Gaza and consists of more than 40 civilian vessels with about 500 parliamentarians, lawyers and activists.&#8221;,&#8221;type&#8221;:&#8221;text&#8221;},{&#8220;_id&#8221;:&#8221;L6GEBE33UJGDJECZQ333UYPEZM&#8221;,&#8221;additional_properties&#8221;:{},&#8221;content&#8221;:&#8221;&#8221;,&#8221;type&#8221;:&#8221;text&#8221;},{&#8220;_id&#8221;:&#8221;5AYVOXX7BZBI3KAA4MFIZBZAXY&#8221;,&#8221;additional_properties&#8221;:{},&#8221;content&#8221;:&#8221;&#8216;They are here!&#8217;: Beginning of the end of the Gaza flotilla&#8221;,&#8221;type&#8221;:&#8221;interstitial_link&#8221;},{&#8220;_id&#8221;:&#8221;CCQIPFYIS5AEZBH5HOFGZKCA7I&#8221;,&#8221;additional_properties&#8221;:{},&#8221;content&#8221;:&#8221;Turkey\u2019s foreign ministry called Israel\u2019s \u201cattack\u201d on the flotilla \u201can act of terror\u201d that endangered the lives of innocent civilians. &#8220;,&#8221;type&#8221;:&#8221;text&#8221;},{&#8220;_id&#8221;:&#8221;XSWEPV5QCRD6PM6TTPJHMHWGNE&#8221;,&#8221;additional_properties&#8221;:{},&#8221;content&#8221;:&#8221;&#8221;,&#8221;type&#8221;:&#8221;text&#8221;},{&#8220;_id&#8221;:&#8221;FT4JGZGHLJCFFAWDJBTZISP54I&#8221;,&#8221;additional_properties&#8221;:{},&#8221;content&#8221;:&#8221;Colombian president Gustavo Petro ordered the expulsion of Israel\u2019s entire diplomatic delegation on Wednesday following the detention of two Colombians in the flotilla and terminated Colombia\u2019s free trade agreement with Israel. &#8220;,&#8221;type&#8221;:&#8221;text&#8221;},{&#8220;_id&#8221;:&#8221;E6EK2PSNLBERBAZLTSKUFNJUXU&#8221;,&#8221;additional_properties&#8221;:{},&#8221;content&#8221;:&#8221;Malaysian prime minister Anwar Ibrahim condemned Israel\u2019s actions and said Israeli forces had detained 23 Malaysians.&#8221;,&#8221;type&#8221;:&#8221;text&#8221;},{&#8220;_id&#8221;:&#8221;OCVL7IO2Y5BZ5PH7SOQTLPM4DE&#8221;,&#8221;additional_properties&#8221;:{},&#8221;content&#8221;:&#8221;&#8221;,&#8221;type&#8221;:&#8221;text&#8221;},{&#8220;_id&#8221;:&#8221;LHPEKOECKBBPTG7VJL6LXZ4LWY&#8221;,&#8221;additional_properties&#8221;:{},&#8221;content&#8221;:&#8221;&#8221;,&#8221;type&#8221;:&#8221;text&#8221;},{&#8220;_id&#8221;:&#8221;YLDEA2MCTFHTXGEHDKU233FCXA&#8221;,&#8221;additional_properties&#8221;:{},&#8221;content&#8221;:&#8221;&#8221;,&#8221;type&#8221;:&#8221;text&#8221;},{&#8220;_id&#8221;:&#8221;5YFAP7AXFZH7HA2WK6YBWVKHH4&#8243;,&#8221;additional_properties&#8221;:{},&#8221;content&#8221;:&#8221;Israel\u2019s interception of the flotilla sparked protests in Italy and Colombia, while protests were also called in Greece, Ireland and Turkey. Italian unions called a general strike for Friday.&#8221;,&#8221;type&#8221;:&#8221;text&#8221;},{&#8220;_id&#8221;:&#8221;IY2V3IXGVJFFVOQHWSY35HFMPM&#8221;,&#8221;additional_properties&#8221;:{},&#8221;content&#8221;:&#8221;Israel\u2019s navy had previously warned the flotilla it was approaching an active combat zone and violating a lawful blockade, and asked organisers to change course. &#8220;,&#8221;type&#8221;:&#8221;text&#8221;},{&#8220;_id&#8221;:&#8221;IT7J3IWQZZFC7GYS77DW44J75Q&#8221;,&#8221;additional_properties&#8221;:{},&#8221;content&#8221;:&#8221;The four potentially tricky elements in Gaza ceasefire plan&#8221;,&#8221;type&#8221;:&#8221;interstitial_link&#8221;},{&#8220;_id&#8221;:&#8221;DYJUFDZNEBFTRIJXVA7TJCOSBQ&#8221;,&#8221;additional_properties&#8221;:{},&#8221;content&#8221;:&#8221;It had offered to transfer any aid peacefully through safe channels to Gaza. &#8220;,&#8221;type&#8221;:&#8221;text&#8221;},{&#8220;_id&#8221;:&#8221;EJWBHWO6JNAN7CM6KKUB4TAVA4&#8243;,&#8221;additional_properties&#8221;:{},&#8221;content&#8221;:&#8221;In a statement, Hamas expressed support for the activists and called Israel\u2019s interception of the flotilla a \u201ccriminal act\u201d, calling for public protests to condemn Israel. &#8220;,&#8221;type&#8221;:&#8221;text&#8221;},{&#8220;_id&#8221;:&#8221;MQUWBOLOIVGR5JO6YWHQCGAD5I&#8221;,&#8221;additional_properties&#8221;:{},&#8221;content&#8221;:&#8221;The boats were about 70 nautical miles off Gaza when they were intercepted, inside a zone that Israel is policing to stop any boats approaching. The organisers said their communications, including the use of a live camera feed from some of the boats, had been scrambled. &#8220;,&#8221;type&#8221;:&#8221;text&#8221;},{&#8220;_id&#8221;:&#8221;BT5F2VLRXFET7M7D3LAWO35FOI&#8221;,&#8221;additional_properties&#8221;:{},&#8221;content&#8221;:&#8221;Israeli officials have repeatedly denounced the mission as a stunt.&#8221;,&#8221;type&#8221;:&#8221;text&#8221;},{&#8220;_id&#8221;:&#8221;RG7TKSKCZ5HPHPYAXTE7IM4TU4&#8243;,&#8221;additional_properties&#8221;:{},&#8221;content&#8221;:&#8221;&#8221;,&#8221;type&#8221;:&#8221;text&#8221;},{&#8220;_id&#8221;:&#8221;RQG7GXQCKZDSRHGJBSEO65TAVY&#8221;,&#8221;additional_properties&#8221;:{},&#8221;content&#8221;:&#8221; &#8220;,&#8221;type&#8221;:&#8221;text&#8221;},{&#8220;_id&#8221;:&#8221;K4LPMJHDGWUIQRWCESDP5LEHB4&#8243;,&#8221;additional_properties&#8221;:{},&#8221;type&#8221;:&#8221;image&#8221;},{&#8220;_id&#8221;:&#8221;VTSGS6J27FAXRDEDKDHM2GHPAM&#8221;,&#8221;additional_properties&#8221;:{},&#8221;content&#8221;:&#8221;Elsewhere on Thursday, Hamas was still considering its response to US president Donald Trump\u2019s peace proposal aimed at ending the nearly two-year war in Gaza as Israeli strikes and gunfire overnight killed at least 41 Palestinians in the besieged territory.&#8221;,&#8221;type&#8221;:&#8221;text&#8221;},{&#8220;_id&#8221;:&#8221;PQV3VBS74FHC3FRR4YEAWCTC3I&#8221;,&#8221;additional_properties&#8221;:{},&#8221;content&#8221;:&#8221;The plan, which has received wide international support, requires Hamas to release all remaining hostages, leave power in Gaza and disarm in return for the release of Palestinian prisoners and an end to fighting.&#8221;,&#8221;type&#8221;:&#8221;text&#8221;},{&#8220;_id&#8221;:&#8221;BU6CN7I42JG55FKBK3ZQ4V2D6E&#8221;,&#8221;additional_properties&#8221;:{},&#8221;content&#8221;:&#8221;However, the proposal, which has been accepted by Israeli prime minister Binyamin Netanyahu, sets no path to Palestinian statehood.&#8221;,&#8221;type&#8221;:&#8221;text&#8221;},{&#8220;_id&#8221;:&#8221;ACV4BZADZVFCZBUGNMHPBCWY2U&#8221;,&#8221;additional_properties&#8221;:{},&#8221;content&#8221;:&#8221;A senior Hamas official told the Associated Press on Wednesday that some points in the proposal agreed by Mr Trump and Mr Netanyahu are unacceptable and must be amended, without elaborating.&#8221;,&#8221;type&#8221;:&#8221;text&#8221;},{&#8220;_id&#8221;:&#8221;25VV35WBOFF35PCIOLRXCE3NJI&#8221;,&#8221;additional_properties&#8221;:{},&#8221;content&#8221;:&#8221;The plan guarantees the flow of humanitarian aid and promises reconstruction in Gaza, placing it and more than two million Palestinians under international governance.&#8221;,&#8221;type&#8221;:&#8221;text&#8221;},{&#8220;_id&#8221;:&#8221;F4XQ7H7J2RBE7N5YZXO6KFPFPM&#8221;,&#8221;additional_properties&#8221;:{},&#8221;content&#8221;:&#8221;Israel\u2019s campaign in Gaza has killed more than 66,000 Palestinians and wounded nearly 170,000 others, according to Gaza\u2019s health ministry, which is part of the Hamas-run government. UN agencies and many independent experts view its figures as the most reliable estimate of wartime casualties. \u2013 Reuters\/AP&#8221;,&#8221;type&#8221;:&#8221;text&#8221;},{&#8220;_id&#8221;:&#8221;HDMRHTBZCNCIBAHBU6YNLRDVC4&#8243;,&#8221;additional_properties&#8221;:{},&#8221;content&#8221;:&#8221;&#8221;,&#8221;type&#8221;:&#8221;text&#8221;}],&#8221;content_restrictions&#8221;:{&#8220;content_code&#8221;:&#8221;metered&#8221;},&#8221;credits&#8221;:{},&#8221;description&#8221;:{&#8220;basic&#8221;:&#8221;Hamas still considering response to Trump\u2019s peace proposal aimed at ending two-year war in Palestinian enclave&#8221;},&#8221;display_date&#8221;:&#8221;2025-10-02T17:10:34.389Z&#8221;,&#8221;headlines&#8221;:{&#8220;basic&#8221;:&#8221;Gaza flotilla: Israel intercepts at least 40 boats carrying aid and activists&#8221;,&#8221;native&#8221;:&#8221;&#8221;},&#8221;label&#8221;:{&#8220;audio_project_id&#8221;:{&#8220;text&#8221;:&#8221;5469&#8243;}},&#8221;promo_items&#8221;:{&#8220;basic&#8221;:{&#8220;_id&#8221;:&#8221;TLOUR7BSAIRQDDUOMTE2B3C7UE&#8221;,&#8221;auth&#8221;:{&#8220;1&#8243;:&#8221;e86fc1f6d5d429307cf00cf1834045c28b6fbaf715a2c02d626150e72cc9d4e0&#8243;},&#8221;type&#8221;:&#8221;image&#8221;,&#8221;url&#8221;:&#8221;https:\/\/cloudfront-eu-central-1.images.arcpublishing.com\/irishtimes\/TLOUR7BSAIRQDDUOMTE2B3C7UE.jpg&#8221;},&#8221;lead_art&#8221;:{&#8220;_id&#8221;:&#8221;e85c80e3-1127-48da-974a-31a78e55b788&#8243;,&#8221;embed_html&#8221;:&#8221;&#8221;,&#8221;promo_image&#8221;:{&#8220;auth&#8221;:{&#8220;1&#8243;:&#8221;54b1608f0503f1757a226f87c04d0ed64f329a4371e532afca8f0a82e8187cca&#8221;},&#8221;type&#8221;:&#8221;image&#8221;,&#8221;url&#8221;:&#8221;https:\/\/d2j5ip5u6h2g6o.cloudfront.net\/10-02-2025\/t_ce2a03cc8a4547568321113ec1823cb0_name_GAZA_FLOTILLA_ISRAEL.jpg&#8221;},&#8221;promo_items&#8221;:{&#8220;basic&#8221;:{&#8220;auth&#8221;:{&#8220;1&#8243;:&#8221;54b1608f0503f1757a226f87c04d0ed64f329a4371e532afca8f0a82e8187cca&#8221;},&#8221;type&#8221;:&#8221;image&#8221;,&#8221;url&#8221;:&#8221;https:\/\/d2j5ip5u6h2g6o.cloudfront.net\/10-02-2025\/t_ce2a03cc8a4547568321113ec1823cb0_name_GAZA_FLOTILLA_ISRAEL.jpg&#8221;}},&#8221;type&#8221;:&#8221;video&#8221;}},&#8221;subtype&#8221;:&#8221;default&#8221;,&#8221;taxonomy&#8221;:{&#8220;sections&#8221;:[{&#8220;name&#8221;:&#8221;Middle East&#8221;},{&#8220;name&#8221;:&#8221;World&#8221;}]},&#8221;type&#8221;:&#8221;story&#8221;,&#8221;website_url&#8221;:&#8221;https:\/\/www.irishtimes.com\/world\/middle-east\/2025\/10\/02\/gaza-flotilla-israel-intercepts-39-aid-boats-organisers-say\/&#8221;,&#8221;websites&#8221;:{&#8220;irishtimes&#8221;:{&#8220;website_section&#8221;:{&#8220;_id&#8221;:&#8221;\/world\/middle-east&#8221;,&#8221;additional_properties&#8221;:{&#8220;original&#8221;:{}},&#8221;name&#8221;:&#8221;Middle East&#8221;}}}},{&#8220;_id&#8221;:&#8221;CQLMBH5WA5E3JJPT7Q4FV647GU&#8221;,&#8221;additional_properties&#8221;:{&#8220;audio_duration&#8221;:337,&#8221;audio_url&#8221;:&#8221;https:\/\/cdn.beyondwords.io\/audio\/projects\/8948\/podcasts\/d9252dc5-7f08-4751-865e-138140044233\/versions\/1759414735\/media\/4d140052e1e733addc3bfa509382817e_compiled.mp3&#8243;},&#8221;canonical_url&#8221;:&#8221;https:\/\/www.irishtimes.com\/world\/middle-east\/2025\/10\/02\/gaza-flotilla-who-are-the-irish-detainees\/&#8221;,&#8221;content_elements&#8221;:[{&#8220;_id&#8221;:&#8221;TSYI7DIMMVETHC37UTBP5Y24WE&#8221;,&#8221;additional_properties&#8221;:{},&#8221;content&#8221;:&#8221;Organisers of the <a href=\\\"https:\/\/www.irishtimes.com\/politics\/2025\/10\/01\/gaza-flotilla-in-danger-and-should-not-go-farther-taoiseach-says\/\\\" target=\\\"_self\\\" rel=\\\"\\\" title=\\\"https:\/\/www.irishtimes.com\/politics\/2025\/10\/01\/gaza-flotilla-in-danger-and-should-not-go-farther-taoiseach-says\/\\\">Global Sumud Flotilla<\/a> say Israeli forces have detained up to 15 Irish citizens who were on board boats travelling towards <a href=\\\"https:\/\/www.irishtimes.com\/tags\/gaza-strip\/\\\" target=\\\"_self\\\" rel=\\\"\\\" title=\\\"https:\/\/www.irishtimes.com\/tags\/gaza-strip\/\\\">Gaza <\/a>in an attempt to breach a years-long naval blockade on the famine-stricken enclave.&#8221;,&#8221;type&#8221;:&#8221;text&#8221;},{&#8220;_id&#8221;:&#8221;4ZUHPFPAOVEHBBNFTXWGFVKT6E&#8221;,&#8221;additional_properties&#8221;:{},&#8221;content&#8221;:&#8221;Nine Irish citizens were on board boats that were confirmed as intercepted by Israeli forces, while a further six were on board vessels assumed to have been stopped. &#8220;,&#8221;type&#8221;:&#8221;text&#8221;},{&#8220;_id&#8221;:&#8221;XRRHHD2PUZEBPOF42YSU4G6IAA&#8221;,&#8221;additional_properties&#8221;:{},&#8221;content&#8221;:&#8221;Communications were lost as the flotilla began to be stopped and boarded by heavily armed commandos, with the fate of several boats unclear. The Israeli foreign ministry has said those detained will be deported from Israel to Europe.&#8221;,&#8221;type&#8221;:&#8221;text&#8221;},{&#8220;_id&#8221;:&#8221;4BL324VODZCI3KR6RJJP4CRMIM&#8221;,&#8221;additional_properties&#8221;:{},&#8221;content&#8221;:&#8221;Who are those who were on board?&#8221;,&#8221;type&#8221;:&#8221;text&#8221;},{&#8220;_id&#8221;:&#8221;DV3BYSIXMRE6ZHRO5B7BIDHAHM&#8221;,&#8221;additional_properties&#8221;:{},&#8221;content&#8221;:&#8221;Chris Andrews&#8221;,&#8221;type&#8221;:&#8221;header&#8221;},{&#8220;_id&#8221;:&#8221;OCDXKXJEXFDZVBDXXVHHWGUX6U&#8221;,&#8221;additional_properties&#8221;:{},&#8221;content&#8221;:&#8221;The Sinn F\u00e9in Senator was on board the Spectre before it was intercepted. In a message to The Irish Times shortly before contact was lost, he described it as \u201cvery frustrating\u201d to get so close to Gaza. &#8220;,&#8221;type&#8221;:&#8221;text&#8221;},{&#8220;_id&#8221;:&#8221;LPCQPCHWKNBWDP7DDCCX44P3MM&#8221;,&#8221;additional_properties&#8221;:{},&#8221;content&#8221;:&#8221;He has long been outspoken on the issue of Palestine and has been on four previous flotillas, one of which successfully reached Gaza in 2008. He previously served as a Sinn F\u00e9in and Fianna F\u00e1il TD. He is a cousin of Fianna F\u00e1il\u2019s Barry Andrews and presenter Ryan Tubridy. &#8220;,&#8221;type&#8221;:&#8221;text&#8221;},{&#8220;_id&#8221;:&#8221;3P4WSGHOGVBKLPI6Q57L2V577I&#8221;,&#8221;additional_properties&#8221;:{},&#8221;type&#8221;:&#8221;image&#8221;},{&#8220;_id&#8221;:&#8221;JJCZAOPNKNDEDKGPDLPAIZSMMY&#8221;,&#8221;additional_properties&#8221;:{},&#8221;content&#8221;:&#8221;Sarah Catherine Clancy&#8221;,&#8221;type&#8221;:&#8221;header&#8221;},{&#8220;_id&#8221;:&#8221;UZ5EWK2QURDB3B7VBISNJSIVCI&#8221;,&#8221;additional_properties&#8221;:{},&#8221;content&#8221;:&#8221;A poet and activist from Galway, Sarah Catherine Clancy was on board the Spectre before it was intercepted.&#8221;,&#8221;type&#8221;:&#8221;text&#8221;},{&#8220;_id&#8221;:&#8221;YT2TRYZ6A5E7RNQA4Z4MDLEA6I&#8221;,&#8221;additional_properties&#8221;:{},&#8221;type&#8221;:&#8221;image&#8221;},{&#8220;_id&#8221;:&#8221;BF6HIFWSTRAJ5CSMTT65BYYLNY&#8221;,&#8221;additional_properties&#8221;:{},&#8221;content&#8221;:&#8221;Tadgh (Anthony) Hickey&#8221;,&#8221;type&#8221;:&#8221;header&#8221;},{&#8220;_id&#8221;:&#8221;FGUDN44W6ZA6PNO7IHEH7FX2A4&#8243;,&#8221;additional_properties&#8221;:{},&#8221;content&#8221;:&#8221;Cork comedian Tadgh (Anthony) Hickey was on board the Meteque, which is assumed to have been intercepted. Known for his online comedy sketches, the father of two has acted in television and theatre productions and published a memoir in 2023 detailing his experience of alcoholism and growing up in McCurtains Villas in Cork City. He has previously raised money for a Palestinian refugee camp, and took part in demonstrations.&#8221;,&#8221;type&#8221;:&#8221;text&#8221;},{&#8220;_id&#8221;:&#8221;IT7K25HWPFEJRDCUY432Z7FZHY&#8221;,&#8221;subtype&#8221;:&#8221;vimeo&#8221;,&#8221;type&#8221;:&#8221;oembed_response&#8221;},{&#8220;_id&#8221;:&#8221;NIARH5MK6RCTJCZ22AKVV3RSEQ&#8221;,&#8221;additional_properties&#8221;:{},&#8221;content&#8221;:&#8221;Tara O\u2019Grady&#8221;,&#8221;type&#8221;:&#8221;header&#8221;},{&#8220;_id&#8221;:&#8221;L56FC2T6FRDINJ2DTO53L62UCQ&#8221;,&#8221;additional_properties&#8221;:{},&#8221;content&#8221;:&#8221;O\u2019Grady was on board the Alma, the lead flotilla boat and the first to be intercepted at 7.30pm local time on Wednesday. She describes herself as a human rights defender and is president of an international non-profit organisation, No Peace without Justice. She also describes herself as a cancer survivor. &#8220;,&#8221;type&#8221;:&#8221;text&#8221;},{&#8220;_id&#8221;:&#8221;6FZ2TYK4QRCH5PJSDXX6MKYVF4&#8243;,&#8221;subtype&#8221;:&#8221;vimeo&#8221;,&#8221;type&#8221;:&#8221;oembed_response&#8221;},{&#8220;_id&#8221;:&#8221;NBHG6XGM5VGINCTB7LSIKTUFVY&#8221;,&#8221;additional_properties&#8221;:{},&#8221;content&#8221;:&#8221;Donna Marie Schwarz&#8221;,&#8221;type&#8221;:&#8221;header&#8221;},{&#8220;_id&#8221;:&#8221;NCQX6FISFZGDXLTMSQAX3RA4YE&#8221;,&#8221;additional_properties&#8221;:{},&#8221;content&#8221;:&#8221;A trade unionist and member of F\u00f3rsa, Donna Marie Schwarz was on board the Amsterdam, which is assumed to have been intercepted. She had been on board the flotilla for a month, since joining it when it passed Tunisia. F\u00f3rsa has appealed to the Government \u201cto do everything possible to ensure her safety\u201d. &#8220;,&#8221;type&#8221;:&#8221;text&#8221;},{&#8220;_id&#8221;:&#8221;5Y36YPZEVBAIPFJRRHZMCNHZYA&#8221;,&#8221;subtype&#8221;:&#8221;vimeo&#8221;,&#8221;type&#8221;:&#8221;oembed_response&#8221;},{&#8220;_id&#8221;:&#8221;2YKAIG2HXNGBXCKTOIFDZGR6CI&#8221;,&#8221;additional_properties&#8221;:{},&#8221;content&#8221;:&#8221;<b>Catr\u00edona Graham<\/b>&#8220;,&#8221;type&#8221;:&#8221;text&#8221;},{&#8220;_id&#8221;:&#8221;YUMQOQDXOFGBBJ5LGHBCHTDVAM&#8221;,&#8221;additional_properties&#8221;:{},&#8221;content&#8221;:&#8221;Catr\u00edona Graham has been working in the non-profit sector in Brussels since 2018. She was the lead organiser on the Aurora when it was intercepted  on Wednesday night. In messages sent shortly before contact was lost, she described an anxious but calm atmosphere as the passengers prepared to be intercepted, and said they had practised \u201cdaily\u201d drills about what to do. She shared a video that appeared to show neighbouring boat the Yulara being sprayed with water cannon as it was intercepted.&#8221;,&#8221;type&#8221;:&#8221;text&#8221;},{&#8220;_id&#8221;:&#8221;EPW7NN5CT5DMXCKR7SXV7IMYME&#8221;,&#8221;subtype&#8221;:&#8221;vimeo&#8221;,&#8221;type&#8221;:&#8221;oembed_response&#8221;},{&#8220;_id&#8221;:&#8221;4VRMK56FORFD3MCWSM76U2HXPM&#8221;,&#8221;additional_properties&#8221;:{},&#8221;content&#8221;:&#8221;Louise Heaney&#8221;,&#8221;type&#8221;:&#8221;header&#8221;},{&#8220;_id&#8221;:&#8221;KDC2KRPKDJDITFNIWDSBD4VKYU&#8221;,&#8221;additional_properties&#8221;:{},&#8221;content&#8221;:&#8221;Louise Heaney was on board the Dir Yassine, which was intercepted on Wednesday evening.&#8221;,&#8221;type&#8221;:&#8221;text&#8221;},{&#8220;_id&#8221;:&#8221;FHVYDMO3KZD4PBZX47VQ2ZHU3M&#8221;,&#8221;additional_properties&#8221;:{},&#8221;content&#8221;:&#8221;Patrick Kelly&#8221;,&#8221;type&#8221;:&#8221;header&#8221;},{&#8220;_id&#8221;:&#8221;E7F2PSRAT5C6ZHPLQCLBCKQPVA&#8221;,&#8221;additional_properties&#8221;:{},&#8221;content&#8221;:&#8221;The Dubliner was on board the Fair Lady, which is assumed to have been intercepted. A long-time member of the Ireland-Palestine Solidarity Campaign, he has said he feels supporting Palestine is his \u201cobligation as an Irishman\u201d due to a shared history of colonialism and starvation. &#8220;,&#8221;type&#8221;:&#8221;text&#8221;},{&#8220;_id&#8221;:&#8221;SXP4ZQMALBAPBH5WWKQFHX5TS4&#8243;,&#8221;subtype&#8221;:&#8221;vimeo&#8221;,&#8221;type&#8221;:&#8221;oembed_response&#8221;},{&#8220;_id&#8221;:&#8221;OCX7AM5L6VHFDGWGGIEYR3UHGY&#8221;,&#8221;additional_properties&#8221;:{},&#8221;content&#8221;:&#8221;Patrick O\u2019Donovan&#8221;,&#8221;type&#8221;:&#8221;header&#8221;},{&#8220;_id&#8221;:&#8221;4CK3SEDMWJHLTGNKVF6H4M6CRI&#8221;,&#8221;additional_properties&#8221;:{},&#8221;content&#8221;:&#8221;Patrick O\u2019Donovan, from Cobh, Co Cork, is the skipper of the Fair Lady and a member of the Cobh Palestine Solidarity Campaign. Businesses in the Cork town had hung posters of him reading \u201cBeir Bua Paddy O\u2019Donovan\u201d, according to images shared by campaigners online. &#8220;,&#8221;type&#8221;:&#8221;text&#8221;},{&#8220;_id&#8221;:&#8221;CIKABN2JYZFOTLLPQTH7WUARYE&#8221;,&#8221;content&#8221;:&#8221;\\n&#8221;,&#8221;type&#8221;:&#8221;raw_html&#8221;},{&#8220;_id&#8221;:&#8221;TL6JTSLA2JBCHL7T4LREQ6HDWI&#8221;,&#8221;additional_properties&#8221;:{},&#8221;content&#8221;:&#8221;Colm Peter Byrne&#8221;,&#8221;type&#8221;:&#8221;header&#8221;},{&#8220;_id&#8221;:&#8221;77OA2NHBVRDE7B7XEZDYN23WGA&#8221;,&#8221;additional_properties&#8221;:{},&#8221;content&#8221;:&#8221;Dubliner Colm Peter Byrne was on board the intercepted boat the Hio. In videos shared before the boat\u2019s interception, he showed bright lights approaching and said his boat would continue towards Gaza until it was stopped.&#8221;,&#8221;type&#8221;:&#8221;text&#8221;},{&#8220;_id&#8221;:&#8221;NIETA5TFPJE5ZIMWTFFWR3K4MU&#8221;,&#8221;additional_properties&#8221;:{},&#8221;content&#8221;:&#8221;Tara Rose Sheehy&#8221;,&#8221;type&#8221;:&#8221;header&#8221;},{&#8220;_id&#8221;:&#8221;L6VVESMULVERFNA5MNMUSZH34M&#8221;,&#8221;additional_properties&#8221;:{},&#8221;content&#8221;:&#8221;Tara Rose Sheehy, originally from Co Tipperary and now resident in Spain, was on board the Ohwayla which lost communications early on Thursday morning and is assumed to be intercepted.&#8221;,&#8221;type&#8221;:&#8221;text&#8221;},{&#8220;_id&#8221;:&#8221;YDSR3OMBEZHA5HLVCAKGVDUJGQ&#8221;,&#8221;additional_properties&#8221;:{},&#8221;type&#8221;:&#8221;image&#8221;},{&#8220;_id&#8221;:&#8221;UMXWULEMQVHPXCAI55RJELHF2Y&#8221;,&#8221;additional_properties&#8221;:{},&#8221;content&#8221;:&#8221;Mary Almai&#8221;,&#8221;type&#8221;:&#8221;header&#8221;},{&#8220;_id&#8221;:&#8221;WNE7CB7M5RCL5MZXCLCUQAS3VY&#8221;,&#8221;additional_properties&#8221;:{},&#8221;content&#8221;:&#8221;Mary Almai, known as Maureen, is from Fanore in Co Clare and was based in Italy before joining the flotilla. She was on board the Paola I, which is assumed to be intercepted, with its last communications early on Thursday morning.&#8221;,&#8221;type&#8221;:&#8221;text&#8221;},{&#8220;_id&#8221;:&#8221;WGX4QPZNEFAC5OPUUIDFEBOZSY&#8221;,&#8221;additional_properties&#8221;:{},&#8221;content&#8221;:&#8221;Diarmuid Mac Dubhglais&#8221;,&#8221;type&#8221;:&#8221;header&#8221;},{&#8220;_id&#8221;:&#8221;A62ZGKEPQBB6RHKYLM5HR2WRUE&#8221;,&#8221;additional_properties&#8221;:{},&#8221;content&#8221;:&#8221;Diarmuid Mac Dubhglais, known as Dougie, is from Finglas in Dublin and has worked with the homeless and stood for election as an Independent in the local election of 2019 and general election of 2024. He volunteered to join the flotilla as a mechanic and prepared the boats before their departure, fixing engine problems as they arose on route. \u201cAs an Irish person things like this, imperialism, colonialism, starvation of people, it resonates with me,\u201d he said in a video posted online from the flotilla. He was on board the Sirius, which was one of the first boats to be intercepted on Wednesday night. &#8220;,&#8221;type&#8221;:&#8221;text&#8221;},{&#8220;_id&#8221;:&#8221;EVJFCBHB7FD4JLNMA6DRFP2A4Y&#8221;,&#8221;subtype&#8221;:&#8221;vimeo&#8221;,&#8221;type&#8221;:&#8221;oembed_response&#8221;},{&#8220;_id&#8221;:&#8221;B6IFC3IQFJBIXMOMWOEVC2NK64&#8243;,&#8221;additional_properties&#8221;:{},&#8221;content&#8221;:&#8221;Thomas McCune&#8221;,&#8221;type&#8221;:&#8221;header&#8221;},{&#8220;_id&#8221;:&#8221;ITDTWKT6JJGC5NAO3IUG7K77VI&#8221;,&#8221;additional_properties&#8221;:{},&#8221;content&#8221;:&#8221;Thomas McCune, a member of the Ireland-Palestine Solidarity Campaign, was on board the Sirius before it was intercepted.&#8221;,&#8221;type&#8221;:&#8221;text&#8221;},{&#8220;_id&#8221;:&#8221;Q4LXNN3PAZBDLBHIIJZIRAJ4CM&#8221;,&#8221;additional_properties&#8221;:{},&#8221;type&#8221;:&#8221;image&#8221;},{&#8220;_id&#8221;:&#8221;SOPELXW375HKNLBHBTBIX552IQ&#8221;,&#8221;additional_properties&#8221;:{},&#8221;content&#8221;:&#8221;Cormac Kevin O\u2019Daly&#8221;,&#8221;type&#8221;:&#8221;header&#8221;},{&#8220;_id&#8221;:&#8221;WBG4RGLXLFGINI5J2Q465FK2UA&#8221;,&#8221;additional_properties&#8221;:{},&#8221;content&#8221;:&#8221;Cormac Kevin O\u2019Daly was on board the Yulara before it was intercepted.&#8221;,&#8221;type&#8221;:&#8221;text&#8221;},{&#8220;_id&#8221;:&#8221;4NOB7EHMMBD33DTMZIMVWEMNAA&#8221;,&#8221;subtype&#8221;:&#8221;vimeo&#8221;,&#8221;type&#8221;:&#8221;oembed_response&#8221;}],&#8221;content_restrictions&#8221;:{&#8220;content_code&#8221;:&#8221;metered&#8221;},&#8221;credits&#8221;:{&#8220;by&#8221;:[{&#8220;additional_properties&#8221;:{&#8220;original&#8221;:{&#8220;byline&#8221;:&#8221;Naomi O\u2019Leary&#8221;}},&#8221;name&#8221;:&#8221;Naomi O\u2019Leary&#8221;}]},&#8221;description&#8221;:{&#8220;basic&#8221;:&#8221;A comedian, a Senator, a poet, and a mechanic are among Irish citizens believed to be detained by Israeli authorities&#8221;},&#8221;display_date&#8221;:&#8221;2025-10-02T15:30:00Z&#8221;,&#8221;headlines&#8221;:{&#8220;basic&#8221;:&#8221;Gaza flotilla: who are the Irish detainees?&#8221;,&#8221;native&#8221;:&#8221;&#8221;},&#8221;label&#8221;:{&#8220;audio_project_id&#8221;:{&#8220;text&#8221;:&#8221;8948&#8243;}},&#8221;promo_items&#8221;:{&#8220;basic&#8221;:{&#8220;_id&#8221;:&#8221;EQNQZJJSAO33SLOJGUTTM5YMZA&#8221;,&#8221;auth&#8221;:{&#8220;1&#8243;:&#8221;06ce19e996fc2601028d38b1d1d62a650185c09c77e56b7928f043d559d11082&#8243;},&#8221;type&#8221;:&#8221;image&#8221;,&#8221;url&#8221;:&#8221;https:\/\/cloudfront-eu-central-1.images.arcpublishing.com\/irishtimes\/EQNQZJJSAO33SLOJGUTTM5YMZA.jpg&#8221;}},&#8221;subtype&#8221;:&#8221;analysis&#8221;,&#8221;taxonomy&#8221;:{&#8220;sections&#8221;:[{&#8220;name&#8221;:&#8221;Middle East&#8221;},{&#8220;name&#8221;:&#8221;World&#8221;}]},&#8221;type&#8221;:&#8221;story&#8221;,&#8221;website_url&#8221;:&#8221;https:\/\/www.irishtimes.com\/world\/middle-east\/2025\/10\/02\/gaza-flotilla-who-are-the-irish-detainees\/&#8221;,&#8221;websites&#8221;:{&#8220;irishtimes&#8221;:{&#8220;website_section&#8221;:{&#8220;_id&#8221;:&#8221;\/world\/middle-east&#8221;,&#8221;additional_properties&#8221;:{&#8220;original&#8221;:{}},&#8221;name&#8221;:&#8221;Middle East&#8221;}}}}],&#8221;count&#8221;:9924,&#8221;_id&#8221;:&#8221;0bb560eb6dc917735dfc1fad22c118e90ada6ca4daeee2adb65783beedb21873&#8243;},&#8221;expires&#8221;:1759505805423,&#8221;lastModified&#8221;:1759505505325}},&#8221;most-popular&#8221;:{&#8220;{\\&#8221;feedOffset\\&#8221;:0,\\&#8221;feedSize\\&#8221;:5,\\&#8221;inflate\\&#8221;:\\&#8221;false\\&#8221;,\\&#8221;section\\&#8221;:0,\\&#8221;size\\&#8221;:5}&#8221;:{&#8220;data&#8221;:{&#8220;content_elements&#8221;:[{&#8220;_id&#8221;:&#8221;DDJ7ULJCEZE3ZES4COLX4VQXZI&#8221;,&#8221;canonical_url&#8221;:&#8221;https:\/\/www.irishtimes.com\/environment\/2025\/10\/03\/storm-amy-live-updates-ireland-today-orange-level-weather-warnings\/&#8221;,&#8221;display_date&#8221;:&#8221;2025-10-03T15:10:11.057Z&#8221;,&#8221;headlines&#8221;:{&#8220;basic&#8221;:&#8221;Storm Amy live updates: Met \u00c9ireann issues red warning for Donegal; orange alert for further five counties&#8221;,&#8221;native&#8221;:&#8221;Live updates: Met \u00c9ireann issues red warning for Donegal; orange alert for further five counties&#8221;},&#8221;label&#8221;:{&#8220;basic&#8221;:{&#8220;display&#8221;:true,&#8221;text&#8221;:&#8221;Storm Amy&#8221;},&#8221;live&#8221;:{&#8220;text&#8221;:&#8221;live&#8221;}},&#8221;promo_items&#8221;:{&#8220;basic&#8221;:{&#8220;_id&#8221;:&#8221;XYOM3Z7Q6O3TPYUPRIF5BTKVNE&#8221;,&#8221;auth&#8221;:{&#8220;1&#8243;:&#8221;f80e6c4d148774771b373d77e43b852adbe4e6d29ee31439848c1fffa955e277&#8243;},&#8221;type&#8221;:&#8221;image&#8221;,&#8221;url&#8221;:&#8221;https:\/\/cloudfront-eu-central-1.images.arcpublishing.com\/irishtimes\/XYOM3Z7Q6O3TPYUPRIF5BTKVNE.jpg&#8221;}},&#8221;taxonomy&#8221;:{},&#8221;website_url&#8221;:&#8221;https:\/\/www.irishtimes.com\/environment\/2025\/10\/03\/storm-amy-live-updates-ireland-today-orange-level-weather-warnings\/&#8221;,&#8221;websites&#8221;:{&#8220;irishtimes&#8221;:{&#8220;website_section&#8221;:{&#8220;_id&#8221;:&#8221;\/environment&#8221;,&#8221;additional_properties&#8221;:{&#8220;original&#8221;:{}},&#8221;name&#8221;:&#8221;Environment&#8221;}}}},{&#8220;_id&#8221;:&#8221;4NYEISIXWJCEFDK6G3VDQ5YYWQ&#8221;,&#8221;canonical_url&#8221;:&#8221;https:\/\/www.irishtimes.com\/health\/2025\/10\/03\/doctor-suspended-abroad-was-still-licensed-in-ireland-investigation-finds\/&#8221;,&#8221;display_date&#8221;:&#8221;2025-10-03T05:00:01Z&#8221;,&#8221;headlines&#8221;:{&#8220;basic&#8221;:&#8221;Doctor suspended abroad was still licensed in Ireland, investigation finds&#8221;,&#8221;native&#8221;:&#8221;Investigation: Doctor suspended abroad was still licensed in Ireland&#8221;},&#8221;label&#8221;:{&#8220;audio_project_id&#8221;:{&#8220;text&#8221;:&#8221;8948&#8243;}},&#8221;promo_items&#8221;:{&#8220;basic&#8221;:{&#8220;_id&#8221;:&#8221;HPNUJMDKRFFURNNOYC3D2TU5HU&#8221;,&#8221;auth&#8221;:{&#8220;1&#8243;:&#8221;5583cd4f794039d40ff1753137be58e12af490e0476615fa9681d054472b3e1e&#8221;},&#8221;type&#8221;:&#8221;image&#8221;,&#8221;url&#8221;:&#8221;https:\/\/cloudfront-eu-central-1.images.arcpublishing.com\/irishtimes\/HPNUJMDKRFFURNNOYC3D2TU5HU.PNG&#8221;}},&#8221;taxonomy&#8221;:{},&#8221;website_url&#8221;:&#8221;https:\/\/www.irishtimes.com\/health\/2025\/10\/03\/doctor-suspended-abroad-was-still-licensed-in-ireland-investigation-finds\/&#8221;,&#8221;websites&#8221;:{&#8220;irishtimes&#8221;:{&#8220;website_section&#8221;:{&#8220;_id&#8221;:&#8221;\/health&#8221;,&#8221;additional_properties&#8221;:{&#8220;original&#8221;:{}},&#8221;name&#8221;:&#8221;Health&#8221;}}}},{&#8220;_id&#8221;:&#8221;RATS3ZFWJFDHZBZLRED63FRFN4&#8243;,&#8221;canonical_url&#8221;:&#8221;https:\/\/www.irishtimes.com\/culture\/2025\/10\/03\/manchan-magan-president-michael-d-higgins-leads-tributes-to-writer-and-documentary-maker-who-has-died-aged-55\/&#8221;,&#8221;display_date&#8221;:&#8221;2025-10-03T12:28:57.218Z&#8221;,&#8221;headlines&#8221;:{&#8220;basic&#8221;:&#8221;Manch\u00e1n Magan: President Michael D Higgins leads tributes to writer and documentary maker who has died aged 55&#8243;,&#8221;native&#8221;:&#8221;\u2018T\u00e1 s\u00e9 imithe\u2019: Liam \u00d3 Maonla\u00ed leads tributes to Manch\u00e1n Magan who has died at 55&#8243;},&#8221;label&#8221;:{&#8220;audio_project_id&#8221;:{&#8220;text&#8221;:&#8221;8948&#8243;}},&#8221;promo_items&#8221;:{&#8220;basic&#8221;:{&#8220;_id&#8221;:&#8221;5XU7FHRNUJGI5PMGDFJ25YF6MQ&#8221;,&#8221;auth&#8221;:{&#8220;1&#8243;:&#8221;1b5218137c888fd960448d2dc45630195f528df1fbc37b43d476943ee589d52c&#8221;},&#8221;focal_point&#8221;:{&#8220;x&#8221;:2977,&#8221;y&#8221;:1196},&#8221;type&#8221;:&#8221;image&#8221;,&#8221;url&#8221;:&#8221;https:\/\/cloudfront-eu-central-1.images.arcpublishing.com\/irishtimes\/5XU7FHRNUJGI5PMGDFJ25YF6MQ.jpg&#8221;}},&#8221;taxonomy&#8221;:{},&#8221;website_url&#8221;:&#8221;https:\/\/www.irishtimes.com\/culture\/2025\/10\/03\/manchan-magan-president-michael-d-higgins-leads-tributes-to-writer-and-documentary-maker-who-has-died-aged-55\/&#8221;,&#8221;websites&#8221;:{&#8220;irishtimes&#8221;:{&#8220;website_section&#8221;:{&#8220;_id&#8221;:&#8221;\/culture&#8221;,&#8221;additional_properties&#8221;:{&#8220;original&#8221;:{}},&#8221;name&#8221;:&#8221;Culture&#8221;}}}},{&#8220;_id&#8221;:&#8221;CSSVZLWNKJBL7LATW76XHVIHBA&#8221;,&#8221;canonical_url&#8221;:&#8221;https:\/\/www.irishtimes.com\/life-style\/people\/2025\/10\/03\/muireann-oconnell-there-are-people-in-this-country-who-hate-me-with-the-fire-of-a-thousand-suns\/&#8221;,&#8221;display_date&#8221;:&#8221;2025-10-03T04:57:00Z&#8221;,&#8221;headlines&#8221;:{&#8220;basic&#8221;:&#8221;Muireann O\u2019Connell: \u2018There are people in this country who hate me with the fire of a thousand suns\u2019&#8221;,&#8221;native&#8221;:&#8221;&#8221;},&#8221;label&#8221;:{&#8220;audio_project_id&#8221;:{&#8220;text&#8221;:&#8221;8948&#8243;}},&#8221;promo_items&#8221;:{&#8220;basic&#8221;:{&#8220;_id&#8221;:&#8221;ZZF6O4WX6JDYNL2Q4SAHRM2IEI&#8221;,&#8221;auth&#8221;:{&#8220;1&#8243;:&#8221;5f986e500e264c1fbad0d4b5d688ddc3b87794ba67024c96551f91c78729e425&#8243;},&#8221;focal_point&#8221;:{&#8220;x&#8221;:633,&#8221;y&#8221;:776},&#8221;type&#8221;:&#8221;image&#8221;,&#8221;url&#8221;:&#8221;https:\/\/cloudfront-eu-central-1.images.arcpublishing.com\/irishtimes\/ZZF6O4WX6JDYNL2Q4SAHRM2IEI.JPG&#8221;},&#8221;overline_logo&#8221;:{&#8220;_id&#8221;:&#8221;2552HVBUUBFHBK3S7B2TVKTZVQ&#8221;,&#8221;auth&#8221;:{&#8220;1&#8243;:&#8221;1e0434cd5a7d461e9b7a25dec8714816c987750373c1835f4c8b2f4c9b5696dc&#8221;},&#8221;url&#8221;:&#8221;https:\/\/cloudfront-eu-central-1.images.arcpublishing.com\/irishtimes\/2552HVBUUBFHBK3S7B2TVKTZVQ.png&#8221;}},&#8221;taxonomy&#8221;:{},&#8221;website_url&#8221;:&#8221;https:\/\/www.irishtimes.com\/life-style\/people\/2025\/10\/03\/muireann-oconnell-there-are-people-in-this-country-who-hate-me-with-the-fire-of-a-thousand-suns\/&#8221;,&#8221;websites&#8221;:{&#8220;irishtimes&#8221;:{&#8220;website_section&#8221;:{&#8220;_id&#8221;:&#8221;\/life-style\/people&#8221;,&#8221;additional_properties&#8221;:{&#8220;original&#8221;:{}},&#8221;name&#8221;:&#8221;People&#8221;}}}},{&#8220;_id&#8221;:&#8221;IYP5RSIR5NB7LGP5DHUUT4OL7U&#8221;,&#8221;canonical_url&#8221;:&#8221;https:\/\/www.irishtimes.com\/crime-law\/2025\/10\/02\/garda-charged-with-interfering-with-district-court-prosecution\/&#8221;,&#8221;display_date&#8221;:&#8221;2025-10-02T15:33:49.546Z&#8221;,&#8221;headlines&#8221;:{&#8220;basic&#8221;:&#8221;Garda charged with interfering with District Court prosecution &#8220;,&#8221;native&#8221;:&#8221;&#8221;},&#8221;label&#8221;:{&#8220;audio_project_id&#8221;:{&#8220;text&#8221;:&#8221;8948&#8243;}},&#8221;promo_items&#8221;:{&#8220;basic&#8221;:{&#8220;_id&#8221;:&#8221;ADWQDZTHXBBGVG5XRNE2TGLC3E&#8221;,&#8221;auth&#8221;:{&#8220;1&#8243;:&#8221;4caedc396fd1489deedcfead0a98f5df8b0cab4ab25b4d8f5e732d4494e7615c&#8221;},&#8221;type&#8221;:&#8221;image&#8221;,&#8221;url&#8221;:&#8221;https:\/\/cloudfront-eu-central-1.images.arcpublishing.com\/irishtimes\/ADWQDZTHXBBGVG5XRNE2TGLC3E.JPG&#8221;}},&#8221;taxonomy&#8221;:{},&#8221;website_url&#8221;:&#8221;https:\/\/www.irishtimes.com\/crime-law\/2025\/10\/02\/garda-charged-with-interfering-with-district-court-prosecution\/&#8221;,&#8221;websites&#8221;:{&#8220;irishtimes&#8221;:{&#8220;website_section&#8221;:{&#8220;_id&#8221;:&#8221;\/crime-law&#8221;,&#8221;additional_properties&#8221;:{&#8220;original&#8221;:{}},&#8221;name&#8221;:&#8221;Crime &#038; Law&#8221;}}}}],&#8221;count&#8221;:5,&#8221;_id&#8221;:&#8221;6d23d331f29e98811397a3d33dd78a89bfe7d2326db801a9f6d25cf08acbf868&#8243;},&#8221;expires&#8221;:1759506025767,&#8221;lastModified&#8221;:1759505725198}},&#8221;story-feed-query&#8221;:{&#8220;{\\&#8221;feature\\&#8221;:\\&#8221;top-table-list\\&#8221;,\\&#8221;offset\\&#8221;:0,\\&#8221;query\\&#8221;:\\&#8221;(taxonomy.primary_section._id:\\\\\\\\\/abroad* OR taxonomy.primary_section._id:\\\\\\\\\/business* OR taxonomy.primary_section._id:\\\\\\\\\/crime-law* OR taxonomy.primary_section._id:\\\\\\\\\/culture* OR taxonomy.primary_section._id:\\\\\\\\\/environment* OR taxonomy.primary_section._id:\\\\\\\\\/food* OR taxonomy.primary_section._id:\\\\\\\\\/health* OR taxonomy.primary_section._id:\\\\\\\\\/history* OR taxonomy.primary_section._id:\\\\\\\\\/ireland* OR taxonomy.primary_section._id:\\\\\\\\\/life-style* OR taxonomy.primary_section._id:\\\\\\\\\/media* OR taxonomy.primary_section._id:\\\\\\\\\/motors* OR taxonomy.primary_section._id:\\\\\\\\\/obituaries* OR taxonomy.primary_section._id:\\\\\\\\\/offbeat* OR taxonomy.primary_section._id:\\\\\\\\\/opinion* OR taxonomy.primary_section._id:\\\\\\\\\/photography* OR taxonomy.primary_section._id:\\\\\\\\\/podcasts* OR taxonomy.primary_section._id:\\\\\\\\\/politics* OR taxonomy.primary_section._id:\\\\\\\\\/property* OR taxonomy.primary_section._id:\\\\\\\\\/science* OR taxonomy.primary_section._id:\\\\\\\\\/sport* OR taxonomy.primary_section._id:\\\\\\\\\/technology* OR taxonomy.primary_section._id:\\\\\\\\\/transport* OR taxonomy.primary_section._id:\\\\\\\\\/tuarascail* OR taxonomy.primary_section._id:\\\\\\\\\/world* OR taxonomy.primary_section._id:\\\\\\\\\/your-money* OR taxonomy.primary_section._id:\\\\\\\\\/podcasts*) AND (subtype:\\\\\\&#8221;default\\\\\\&#8221; OR subtype:\\\\\\&#8221;analysis\\\\\\&#8221; subtype:\\\\\\&#8221;feature\\\\\\&#8221; OR subtype:\\\\\\&#8221;opinion\\\\\\&#8221; OR subtype:\\\\\\&#8221;showcase\\\\\\&#8221; OR subtype:\\\\\\&#8221;columnist\\\\\\&#8221; OR subtype:\\\\\\&#8221;live-story\\\\\\&#8221; OR subtype:\\\\\\&#8221;podcast\\\\\\&#8221; OR subtype:\\\\\\&#8221;editors-note\\\\\\&#8221;) -(taxonomy.primary_section._id:\\\\\\&#8221;\/opinion\/letters\\\\\\&#8221; OR subtype:\\\\\\&#8221;live-story-writer\\\\\\&#8221;)\\&#8221;,\\&#8221;size\\&#8221;:5}&#8221;:{&#8220;data&#8221;:{&#8220;content_elements&#8221;:[{&#8220;_id&#8221;:&#8221;JBKAB7ZW2FHHPMXNWGXOQFQXMM&#8221;,&#8221;credits&#8221;:{&#8220;by&#8221;:[{&#8220;_id&#8221;:&#8221;caroline-odoherty&#8221;,&#8221;additional_properties&#8221;:{&#8220;original&#8221;:{&#8220;byline&#8221;:&#8221;Caroline O&#8217;Doherty&#8221;}},&#8221;name&#8221;:&#8221;Caroline O&#8217;Doherty&#8221;,&#8221;type&#8221;:&#8221;author&#8221;,&#8221;url&#8221;:&#8221;\/author\/caroline-odoherty\/&#8221;}]},&#8221;description&#8221;:{&#8220;basic&#8221;:&#8221;Roderic O\u2019Gorman said clarity for commercial drone operators and local authorities was badly needed&#8221;},&#8221;display_date&#8221;:&#8221;2025-10-03T15:34:19.882Z&#8221;,&#8221;headlines&#8221;:{&#8220;basic&#8221;:&#8221;Green Party to table Bill to regulate commercial drone deliveries amid rising concerns &#8220;},&#8221;label&#8221;:{},&#8221;owner&#8221;:{&#8220;sponsored&#8221;:false},&#8221;promo_items&#8221;:{&#8220;basic&#8221;:{&#8220;_id&#8221;:&#8221;KPINZ2LVHBFXLONJVHSXI7AHZ4&#8243;,&#8221;auth&#8221;:{&#8220;1&#8243;:&#8221;853fbc66b676f1c2ca47576ef26f74a6af67817b9336afeef40a2dcd5c8d513c&#8221;},&#8221;type&#8221;:&#8221;image&#8221;,&#8221;url&#8221;:&#8221;https:\/\/cloudfront-eu-central-1.images.arcpublishing.com\/irishtimes\/KPINZ2LVHBFXLONJVHSXI7AHZ4.JPG&#8221;}},&#8221;type&#8221;:&#8221;story&#8221;,&#8221;websites&#8221;:{&#8220;irishtimes&#8221;:{&#8220;website_section&#8221;:{&#8220;_id&#8221;:&#8221;\/ireland&#8221;,&#8221;name&#8221;:&#8221;Ireland&#8221;},&#8221;website_url&#8221;:&#8221;https:\/\/www.irishtimes.com\/ireland\/2025\/10\/03\/green-party-to-table-bill-to-regulate-commercial-drone-deliveries-amid-rising-concerns\/&#8221;}}},{&#8220;_id&#8221;:&#8221;T5ACBR67X5EAXHYVZTYZDK5ORU&#8221;,&#8221;credits&#8221;:{&#8220;by&#8221;:[]},&#8221;description&#8221;:{&#8220;basic&#8221;:&#8221;Inside Politics podcast with Hugh Linehan&#8221;},&#8221;display_date&#8221;:&#8221;2025-10-03T15:32:22.009Z&#8221;,&#8221;headlines&#8221;:{&#8220;basic&#8221;:&#8221;Jack Chambers channels \u2018Margaret Thatcher\u2019 as \u2018big squeeze budget\u2019 looms &#8220;},&#8221;label&#8221;:{},&#8221;owner&#8221;:{&#8220;sponsored&#8221;:false},&#8221;promo_items&#8221;:{&#8220;basic&#8221;:{&#8220;_id&#8221;:&#8221;G2N6FZ6YZNM5SENHOAEO3N7S74&#8243;,&#8221;auth&#8221;:{&#8220;1&#8243;:&#8221;760f29a3761d7688113f24cc7e99df2431745a90b4c184b5ead5c652154c97eb&#8221;},&#8221;type&#8221;:&#8221;image&#8221;,&#8221;url&#8221;:&#8221;https:\/\/cloudfront-eu-central-1.images.arcpublishing.com\/irishtimes\/G2N6FZ6YZNM5SENHOAEO3N7S74.jpg&#8221;}},&#8221;type&#8221;:&#8221;story&#8221;,&#8221;websites&#8221;:{&#8220;irishtimes&#8221;:{&#8220;website_section&#8221;:{&#8220;_id&#8221;:&#8221;\/podcasts\/inside-politics&#8221;,&#8221;name&#8221;:&#8221;Inside Politics Podcast&#8221;},&#8221;website_url&#8221;:&#8221;https:\/\/www.irishtimes.com\/podcasts\/inside-politics\/jack-chambers-channels-margaret-thatcher-as-big-squeeze-budget-looms\/&#8221;}}},{&#8220;_id&#8221;:&#8221;IYFDCPAPIJDJNG5F4MVQN6ZNFE&#8221;,&#8221;credits&#8221;:{&#8220;by&#8221;:[{&#8220;_id&#8221;:&#8221;niamh-browne&#8221;,&#8221;additional_properties&#8221;:{&#8220;original&#8221;:{&#8220;byline&#8221;:&#8221;Niamh Browne&#8221;}},&#8221;name&#8221;:&#8221;Niamh Browne&#8221;,&#8221;type&#8221;:&#8221;author&#8221;,&#8221;url&#8221;:&#8221;\/author\/niamh-browne\/&#8221;}]},&#8221;description&#8221;:{&#8220;basic&#8221;:&#8221;The Women\u2019s Podcast with R\u00f3is\u00edn Ingle&#8221;},&#8221;display_date&#8221;:&#8221;2025-10-03T15:32:08.785Z&#8221;,&#8221;headlines&#8221;:{&#8220;basic&#8221;:&#8221;\u2018It\u2019s horrific\u2019: Bl\u00e1thnaid Raleigh on the use of therapy notes in trials&#8221;},&#8221;label&#8221;:{},&#8221;owner&#8221;:{&#8220;sponsored&#8221;:false},&#8221;promo_items&#8221;:{&#8220;basic&#8221;:{&#8220;_id&#8221;:&#8221;ISGOWYVESRGFVC5WEVH32XTQHA&#8221;,&#8221;auth&#8221;:{&#8220;1&#8243;:&#8221;ab3ffbd7efed89298ed0e4ea3ed20175913826083567596fc9db72a3370b4148&#8243;},&#8221;type&#8221;:&#8221;image&#8221;,&#8221;url&#8221;:&#8221;https:\/\/cloudfront-eu-central-1.images.arcpublishing.com\/irishtimes\/ISGOWYVESRGFVC5WEVH32XTQHA.JPG&#8221;}},&#8221;type&#8221;:&#8221;story&#8221;,&#8221;websites&#8221;:{&#8220;irishtimes&#8221;:{&#8220;website_section&#8221;:{&#8220;_id&#8221;:&#8221;\/podcasts\/the-womens-podcast&#8221;,&#8221;name&#8221;:&#8221;The Women&#8217;s Podcast&#8221;},&#8221;website_url&#8221;:&#8221;https:\/\/www.irishtimes.com\/podcasts\/the-womens-podcast\/its-horrific-blathnaid-raleigh-on-the-use-of-therapy-notes-in-trials\/&#8221;}}},{&#8220;_id&#8221;:&#8221;UL2M2SH5LJARBCXKNK6SMYR4GM&#8221;,&#8221;credits&#8221;:{&#8220;by&#8221;:[{&#8220;_id&#8221;:&#8221;barry-ohalloran&#8221;,&#8221;additional_properties&#8221;:{&#8220;original&#8221;:{&#8220;byline&#8221;:&#8221;Barry O&#8217;Halloran&#8221;}},&#8221;name&#8221;:&#8221;Barry O&#8217;Halloran&#8221;,&#8221;type&#8221;:&#8221;author&#8221;,&#8221;url&#8221;:&#8221;\/author\/barry-ohalloran\/&#8221;}]},&#8221;description&#8221;:{&#8220;basic&#8221;:&#8221;Workers and businesses pay \u20ac73 billion in taxes, say exchequer returns&#8221;},&#8221;display_date&#8221;:&#8221;2025-10-03T15:30:00Z&#8221;,&#8221;headlines&#8221;:{&#8220;basic&#8221;:&#8221;Higher State  spending of \u20ac90bn reduces cash surplus&#8221;},&#8221;label&#8221;:{},&#8221;owner&#8221;:{&#8220;sponsored&#8221;:false},&#8221;promo_items&#8221;:{&#8220;basic&#8221;:{&#8220;_id&#8221;:&#8221;6MZAD3LNO3QDRDRME4CE2UNONA&#8221;,&#8221;auth&#8221;:{&#8220;1&#8243;:&#8221;56a2d485784134511230069dc38beaa8ccdfa287062455780c0028c769980cfb&#8221;},&#8221;type&#8221;:&#8221;image&#8221;,&#8221;url&#8221;:&#8221;https:\/\/cloudfront-eu-central-1.images.arcpublishing.com\/irishtimes\/6MZAD3LNO3QDRDRME4CE2UNONA.jpg&#8221;}},&#8221;type&#8221;:&#8221;story&#8221;,&#8221;websites&#8221;:{&#8220;irishtimes&#8221;:{&#8220;website_section&#8221;:{&#8220;_id&#8221;:&#8221;\/business&#8221;,&#8221;name&#8221;:&#8221;Business&#8221;},&#8221;website_url&#8221;:&#8221;https:\/\/www.irishtimes.com\/business\/2025\/10\/03\/higher-state-spending-of-90bn-reduces-cash-surplus\/&#8221;}}},{&#8220;_id&#8221;:&#8221;DDJ7ULJCEZE3ZES4COLX4VQXZI&#8221;,&#8221;credits&#8221;:{&#8220;by&#8221;:[{&#8220;_id&#8221;:&#8221;sarah-burns&#8221;,&#8221;additional_properties&#8221;:{&#8220;original&#8221;:{&#8220;byline&#8221;:&#8221;Sarah Burns&#8221;}},&#8221;name&#8221;:&#8221;Sarah Burns&#8221;,&#8221;type&#8221;:&#8221;author&#8221;,&#8221;url&#8221;:&#8221;\/author\/sarah-burns\/&#8221;},{&#8220;_id&#8221;:&#8221;conor-pope&#8221;,&#8221;additional_properties&#8221;:{&#8220;original&#8221;:{&#8220;byline&#8221;:&#8221;Conor Pope&#8221;}},&#8221;name&#8221;:&#8221;Conor Pope&#8221;,&#8221;type&#8221;:&#8221;author&#8221;,&#8221;url&#8221;:&#8221;\/author\/conor-pope\/&#8221;}]},&#8221;description&#8221;:{&#8220;basic&#8221;:&#8221;Status orange wind warning issued for Donegal, Galway, Leitrim, Mayo, Sligo&#8221;},&#8221;display_date&#8221;:&#8221;2025-10-03T15:10:11.057Z&#8221;,&#8221;headlines&#8221;:{&#8220;basic&#8221;:&#8221;Storm Amy live updates: Met \u00c9ireann issues red warning for Donegal; orange alert for further five counties&#8221;},&#8221;label&#8221;:{&#8220;basic&#8221;:{&#8220;display&#8221;:true,&#8221;text&#8221;:&#8221;Storm Amy&#8221;}},&#8221;owner&#8221;:{&#8220;sponsored&#8221;:false},&#8221;promo_items&#8221;:{&#8220;basic&#8221;:{&#8220;_id&#8221;:&#8221;XYOM3Z7Q6O3TPYUPRIF5BTKVNE&#8221;,&#8221;auth&#8221;:{&#8220;1&#8243;:&#8221;f80e6c4d148774771b373d77e43b852adbe4e6d29ee31439848c1fffa955e277&#8243;},&#8221;type&#8221;:&#8221;image&#8221;,&#8221;url&#8221;:&#8221;https:\/\/cloudfront-eu-central-1.images.arcpublishing.com\/irishtimes\/XYOM3Z7Q6O3TPYUPRIF5BTKVNE.jpg&#8221;}},&#8221;type&#8221;:&#8221;story&#8221;,&#8221;websites&#8221;:{&#8220;irishtimes&#8221;:{&#8220;website_section&#8221;:{&#8220;_id&#8221;:&#8221;\/environment&#8221;,&#8221;name&#8221;:&#8221;Environment&#8221;},&#8221;website_url&#8221;:&#8221;https:\/\/www.irishtimes.com\/environment\/2025\/10\/03\/storm-amy-live-updates-ireland-today-orange-level-weather-warnings\/&#8221;}}}],&#8221;_id&#8221;:&#8221;c78cba3df676cfc8e39a81985f9b512554d09bb1bacb379c90ad261c1808da3a&#8221;},&#8221;expires&#8221;:1759505991967,&#8221;lastModified&#8221;:1759505691629}}};Fusion.layout=&#8221;right-rail-advanced&#8221;;Fusion.metas={&#8220;page-type&#8221;:{&#8220;value&#8221;:&#8221;article&#8221;,&#8221;html&#8221;:true},&#8221;twitter:title&#8221;:{&#8220;value&#8221;:&#8221;{{globalContent.headlines.tablet}}&#8221;,&#8221;html&#8221;:true},&#8221;og:title&#8221;:{&#8220;value&#8221;:&#8221;{{globalContent.headlines.tablet}}&#8221;,&#8221;html&#8221;:true}};Fusion.outputType=&#8221;default&#8221;;Fusion.template=&#8221;template\/article-right-rail&#8221;;Fusion.tree={&#8220;collection&#8221;:&#8221;layouts&#8221;,&#8221;type&#8221;:&#8221;right-rail-advanced&#8221;,&#8221;props&#8221;:{&#8220;collection&#8221;:&#8221;layouts&#8221;,&#8221;type&#8221;:&#8221;right-rail-advanced&#8221;,&#8221;id&#8221;:&#8221;right-rail-advanced&#8221;,&#8221;childProps&#8221;:[{&#8220;collection&#8221;:&#8221;sections&#8221;,&#8221;id&#8221;:0},{&#8220;collection&#8221;:&#8221;sections&#8221;,&#8221;id&#8221;:1},{&#8220;collection&#8221;:&#8221;sections&#8221;,&#8221;id&#8221;:2},{&#8220;collection&#8221;:&#8221;sections&#8221;,&#8221;id&#8221;:3},{&#8220;collection&#8221;:&#8221;sections&#8221;,&#8221;id&#8221;:4},{&#8220;collection&#8221;:&#8221;sections&#8221;,&#8221;id&#8221;:5},{&#8220;collection&#8221;:&#8221;sections&#8221;,&#8221;id&#8221;:6},{&#8220;collection&#8221;:&#8221;sections&#8221;,&#8221;id&#8221;:7},{&#8220;collection&#8221;:&#8221;sections&#8221;,&#8221;id&#8221;:8}]},&#8221;children&#8221;:[{&#8220;collection&#8221;:&#8221;sections&#8221;,&#8221;props&#8221;:{&#8220;collection&#8221;:&#8221;sections&#8221;,&#8221;id&#8221;:0},&#8221;children&#8221;:[{&#8220;collection&#8221;:&#8221;chains&#8221;,&#8221;type&#8221;:&#8221;header-nav&#8221;,&#8221;props&#8221;:{&#8220;collection&#8221;:&#8221;chains&#8221;,&#8221;type&#8221;:&#8221;header-nav&#8221;,&#8221;id&#8221;:&#8221;0fyqVopZC0t22vx&#8221;,&#8221;customFields&#8221;:{&#8220;hierarchy&#8221;:&#8221;hamburger-menu&#8221;,&#8221;logoAlignment&#8221;:&#8221;center&#8221;,&#8221;showHorizontalSeperatorDots&#8221;:true,&#8221;ariaLabel&#8221;:&#8221;Sections Menu&#8221;,&#8221;ariaLabelLink&#8221;:&#8221;Top Links&#8221;,&#8221;leftComponentMobile1&#8243;:&#8221;menu&#8221;,&#8221;leftComponentDesktop1&#8243;:&#8221;queryly&#8221;,&#8221;leftComponentDesktop2&#8243;:&#8221;menu&#8221;,&#8221;rightComponentMobile1&#8243;:&#8221;custom&#8221;,&#8221;rightComponentCustomIndexMobile1&#8243;:3,&#8221;rightComponentDesktop1&#8243;:&#8221;custom&#8221;,&#8221;rightComponentCustomIndexDesktop1&#8243;:1,&#8221;rightComponentDesktop2&#8243;:&#8221;custom&#8221;,&#8221;rightComponentCustomIndexDesktop2&#8243;:3,&#8221;menuComponentMobile1&#8243;:&#8221;custom&#8221;,&#8221;menuComponentCustomIndexMobile1&#8243;:2,&#8221;menuComponentMobile2&#8243;:&#8221;queryly&#8221;,&#8221;menuComponentDesktop1&#8243;:&#8221;none&#8221;,&#8221;menuComponentDesktop2&#8243;:&#8221;none&#8221;},&#8221;displayProperties&#8221;:{}},&#8221;children&#8221;:[{&#8220;collection&#8221;:&#8221;features&#8221;,&#8221;type&#8221;:&#8221;@wpmedia\/htmlbox-block\/htmlbox&#8221;,&#8221;props&#8221;:{&#8220;collection&#8221;:&#8221;features&#8221;,&#8221;type&#8221;:&#8221;@wpmedia\/htmlbox-block\/htmlbox&#8221;,&#8221;id&#8221;:&#8221;f0f1j0n1myTR7B9-0-0-0&#8243;,&#8221;contentConfig&#8221;:{&#8220;contentService&#8221;:&#8221;&#8221;,&#8221;contentConfigValues&#8221;:{},&#8221;inherit&#8221;:true},&#8221;customFields&#8221;:{&#8220;HTML&#8221;:&#8221;&#8221;,&#8221;pbInternal_cloneId&#8221;:&#8221;f0f1j0n1myTR7B9&#8243;},&#8221;displayProperties&#8221;:{},&#8221;localEdits&#8221;:{},&#8221;variants&#8221;:{}}},{&#8220;collection&#8221;:&#8221;features&#8221;,&#8221;type&#8221;:&#8221;subscribe-button\/default&#8221;,&#8221;props&#8221;:{&#8220;collection&#8221;:&#8221;features&#8221;,&#8221;type&#8221;:&#8221;subscribe-button\/default&#8221;,&#8221;id&#8221;:&#8221;f0fcuF3rugfL8OV-0-0-1&#8243;,&#8221;contentConfig&#8221;:{&#8220;contentService&#8221;:&#8221;&#8221;,&#8221;contentConfigValues&#8221;:{},&#8221;inherit&#8221;:true},&#8221;customFields&#8221;:{&#8220;customTopHtml&#8221;:&#8221;&#8221;},&#8221;displayProperties&#8221;:{},&#8221;localEdits&#8221;:{},&#8221;variants&#8221;:{}}},{&#8220;collection&#8221;:&#8221;features&#8221;,&#8221;type&#8221;:&#8221;signin-subscribe\/default&#8221;,&#8221;props&#8221;:{&#8220;collection&#8221;:&#8221;features&#8221;,&#8221;type&#8221;:&#8221;signin-subscribe\/default&#8221;,&#8221;id&#8221;:&#8221;f0fe6HNJvtOK8J1-0-0-2&#8243;,&#8221;contentConfig&#8221;:{&#8220;contentService&#8221;:&#8221;&#8221;,&#8221;contentConfigValues&#8221;:{},&#8221;inherit&#8221;:true},&#8221;customFields&#8221;:{&#8220;loggedInNavigationTitle&#8221;:&#8221;Logged-in-navigation&#8221;},&#8221;displayProperties&#8221;:{},&#8221;localEdits&#8221;:{},&#8221;variants&#8221;:{}}}]},{&#8220;collection&#8221;:&#8221;features&#8221;,&#8221;type&#8221;:&#8221;zephr-target\/default&#8221;,&#8221;props&#8221;:{&#8220;collection&#8221;:&#8221;features&#8221;,&#8221;type&#8221;:&#8221;zephr-target\/default&#8221;,&#8221;id&#8221;:&#8221;f0f7go6R0J9O9ao&#8221;,&#8221;contentConfig&#8221;:{&#8220;contentService&#8221;:&#8221;&#8221;,&#8221;contentConfigValues&#8221;:{},&#8221;inherit&#8221;:true},&#8221;customFields&#8221;:{&#8220;targetClass&#8221;:&#8221;toast-message&#8221;},&#8221;displayProperties&#8221;:{},&#8221;localEdits&#8221;:{},&#8221;variants&#8221;:{}}},{&#8220;collection&#8221;:&#8221;features&#8221;,&#8221;type&#8221;:&#8221;@wpmedia\/alert-bar-block\/alert-bar&#8221;,&#8221;props&#8221;:{&#8220;collection&#8221;:&#8221;features&#8221;,&#8221;type&#8221;:&#8221;@wpmedia\/alert-bar-block\/alert-bar&#8221;,&#8221;id&#8221;:&#8221;0fyf1HqBRHEIbDE&#8221;,&#8221;contentConfig&#8221;:{&#8220;contentService&#8221;:&#8221;&#8221;,&#8221;contentConfigValues&#8221;:{},&#8221;inherit&#8221;:true},&#8221;customFields&#8221;:{&#8220;_id&#8221;:&#8221;FGGR5EBGGRAY7G37VQSXS6EWTQ&#8221;},&#8221;displayProperties&#8221;:{},&#8221;localEdits&#8221;:{},&#8221;variants&#8221;:{}}}]},{&#8220;collection&#8221;:&#8221;sections&#8221;,&#8221;props&#8221;:{&#8220;collection&#8221;:&#8221;sections&#8221;,&#8221;id&#8221;:1},&#8221;children&#8221;:[{&#8220;collection&#8221;:&#8221;features&#8221;,&#8221;type&#8221;:&#8221;global\/ads-block&#8221;,&#8221;props&#8221;:{&#8220;collection&#8221;:&#8221;features&#8221;,&#8221;type&#8221;:&#8221;global\/ads-block&#8221;,&#8221;id&#8221;:&#8221;f0fcvNGrcvki2qN&#8221;,&#8221;contentConfig&#8221;:{&#8220;contentService&#8221;:&#8221;&#8221;,&#8221;contentConfigValues&#8221;:{},&#8221;inherit&#8221;:true},&#8221;customFields&#8221;:{&#8220;adType&#8221;:&#8221;970&#215;250|970&#215;90|728&#215;90|320&#215;50&#8243;,&#8221;lazyLoad&#8221;:false,&#8221;displayAdLabel&#8221;:true,&#8221;reserveSpace&#8221;:true},&#8221;displayProperties&#8221;:{},&#8221;localEdits&#8221;:{},&#8221;variants&#8221;:{}}},{&#8220;collection&#8221;:&#8221;chains&#8221;,&#8221;type&#8221;:&#8221;flex-chain&#8221;,&#8221;props&#8221;:{&#8220;collection&#8221;:&#8221;chains&#8221;,&#8221;type&#8221;:&#8221;flex-chain&#8221;,&#8221;id&#8221;:&#8221;c0fCQ1FRlL8Q1SI&#8221;,&#8221;customFields&#8221;:{&#8220;linkText&#8221;:&#8221;&#8221;,&#8221;linkUrl&#8221;:&#8221;&#8221;,&#8221;layout&#8221;:&#8221;[[12],[12],[]]&#8221;,&#8221;column1&#8243;:2,&#8221;column2&#8243;:0,&#8221;column3&#8243;:0,&#8221;column4&#8243;:0,&#8221;column5&#8243;:0,&#8221;spacing&#8221;:&#8221;spacing-0&#8243;},&#8221;displayProperties&#8221;:{}},&#8221;children&#8221;:[{&#8220;collection&#8221;:&#8221;features&#8221;,&#8221;type&#8221;:&#8221;overline\/default&#8221;,&#8221;props&#8221;:{&#8220;collection&#8221;:&#8221;features&#8221;,&#8221;type&#8221;:&#8221;overline\/default&#8221;,&#8221;id&#8221;:&#8221;f0fTKxPfSjDv26x&#8221;,&#8221;contentConfig&#8221;:{&#8220;contentService&#8221;:&#8221;&#8221;,&#8221;contentConfigValues&#8221;:{},&#8221;inherit&#8221;:true},&#8221;customFields&#8221;:{&#8220;displayCenter&#8221;:false,&#8221;paywallStatus&#8221;:&#8221;premium&#8221;,&#8221;displayTransparency&#8221;:true},&#8221;displayProperties&#8221;:{},&#8221;localEdits&#8221;:{},&#8221;variants&#8221;:{}}},{&#8220;collection&#8221;:&#8221;features&#8221;,&#8221;type&#8221;:&#8221;headline\/default&#8221;,&#8221;props&#8221;:{&#8220;collection&#8221;:&#8221;features&#8221;,&#8221;type&#8221;:&#8221;headline\/default&#8221;,&#8221;id&#8221;:&#8221;f0fHJiPzJQcP3M3&#8243;,&#8221;contentConfig&#8221;:{&#8220;contentService&#8221;:&#8221;&#8221;,&#8221;contentConfigValues&#8221;:{},&#8221;inherit&#8221;:true},&#8221;customFields&#8221;:{},&#8221;displayProperties&#8221;:{},&#8221;localEdits&#8221;:{},&#8221;variants&#8221;:{}}}]},{&#8220;collection&#8221;:&#8221;features&#8221;,&#8221;type&#8221;:&#8221;subheadline\/default&#8221;,&#8221;props&#8221;:{&#8220;collection&#8221;:&#8221;features&#8221;,&#8221;type&#8221;:&#8221;subheadline\/default&#8221;,&#8221;id&#8221;:&#8221;f0ffhsWu7lZs1Ob&#8221;,&#8221;contentConfig&#8221;:{&#8220;contentService&#8221;:&#8221;&#8221;,&#8221;contentConfigValues&#8221;:{},&#8221;inherit&#8221;:true},&#8221;customFields&#8221;:{&#8220;valueToDisplay&#8221;:&#8221;Subheadline&#8221;},&#8221;displayProperties&#8221;:{},&#8221;localEdits&#8221;:{},&#8221;variants&#8221;:{}}}]},{&#8220;collection&#8221;:&#8221;sections&#8221;,&#8221;props&#8221;:{&#8220;collection&#8221;:&#8221;sections&#8221;,&#8221;id&#8221;:2},&#8221;children&#8221;:[]},{&#8220;collection&#8221;:&#8221;sections&#8221;,&#8221;props&#8221;:{&#8220;collection&#8221;:&#8221;sections&#8221;,&#8221;id&#8221;:3},&#8221;children&#8221;:[{&#8220;collection&#8221;:&#8221;features&#8221;,&#8221;type&#8221;:&#8221;article\/lead-art&#8221;,&#8221;props&#8221;:{&#8220;collection&#8221;:&#8221;features&#8221;,&#8221;type&#8221;:&#8221;article\/lead-art&#8221;,&#8221;id&#8221;:&#8221;f0fAAYTlh2wcbga&#8221;,&#8221;contentConfig&#8221;:{&#8220;contentService&#8221;:&#8221;&#8221;,&#8221;contentConfigValues&#8221;:{},&#8221;inherit&#8221;:true},&#8221;customFields&#8221;:{&#8220;shrinkToFit&#8221;:true,&#8221;viewportPercentage&#8221;:65,&#8221;hideTitle&#8221;:true,&#8221;hideCredits&#8221;:true,&#8221;imageLoadingStrategy&#8221;:&#8221;eager&#8221;},&#8221;displayProperties&#8221;:{},&#8221;localEdits&#8221;:{},&#8221;variants&#8221;:{}}},{&#8220;collection&#8221;:&#8221;features&#8221;,&#8221;type&#8221;:&#8221;byline\/default&#8221;,&#8221;props&#8221;:{&#8220;collection&#8221;:&#8221;features&#8221;,&#8221;type&#8221;:&#8221;byline\/default&#8221;,&#8221;id&#8221;:&#8221;f0fEBlpG3fy019r&#8221;,&#8221;contentConfig&#8221;:{&#8220;contentService&#8221;:&#8221;&#8221;,&#8221;contentConfigValues&#8221;:{},&#8221;inherit&#8221;:true},&#8221;customFields&#8221;:{&#8220;displayImage&#8221;:false},&#8221;displayProperties&#8221;:{},&#8221;localEdits&#8221;:{},&#8221;variants&#8221;:{}}},{&#8220;collection&#8221;:&#8221;features&#8221;,&#8221;type&#8221;:&#8221;social-share-bar\/default&#8221;,&#8221;props&#8221;:{&#8220;collection&#8221;:&#8221;features&#8221;,&#8221;type&#8221;:&#8221;social-share-bar\/default&#8221;,&#8221;id&#8221;:&#8221;f0fvnlj9Fxvj4g4&#8243;,&#8221;contentConfig&#8221;:{&#8220;contentService&#8221;:&#8221;&#8221;,&#8221;contentConfigValues&#8221;:{},&#8221;inherit&#8221;:true},&#8221;customFields&#8221;:{&#8220;spaceAbove&#8221;:true,&#8221;showCloseButtonLP&#8221;:true},&#8221;displayProperties&#8221;:{},&#8221;localEdits&#8221;:{},&#8221;variants&#8221;:{}}},{&#8220;collection&#8221;:&#8221;features&#8221;,&#8221;type&#8221;:&#8221;sponsored-byline\/default&#8221;,&#8221;props&#8221;:{&#8220;collection&#8221;:&#8221;features&#8221;,&#8221;type&#8221;:&#8221;sponsored-byline\/default&#8221;,&#8221;id&#8221;:&#8221;f0fvB7DVZvHyc7b&#8221;,&#8221;contentConfig&#8221;:{&#8220;contentService&#8221;:&#8221;&#8221;,&#8221;contentConfigValues&#8221;:{},&#8221;inherit&#8221;:true},&#8221;customFields&#8221;:{&#8220;pbInternal_cloneId&#8221;:&#8221;f0fvB7DVZvHyc7b&#8221;},&#8221;displayProperties&#8221;:{},&#8221;localEdits&#8221;:{},&#8221;variants&#8221;:{}}},{&#8220;collection&#8221;:&#8221;chains&#8221;,&#8221;type&#8221;:&#8221;article-body&#8221;,&#8221;props&#8221;:{&#8220;collection&#8221;:&#8221;chains&#8221;,&#8221;type&#8221;:&#8221;article-body&#8221;,&#8221;id&#8221;:&#8221;c0f3ApeXNwcF1r1&#8243;,&#8221;customFields&#8221;:{&#8220;elementPlacement&#8221;:{&#8220;1&#8243;:&#8221;2&#8243;,&#8221;2&#8243;:&#8221;4&#8243;,&#8221;3&#8243;:&#8221;6&#8243;,&#8221;4&#8243;:&#8221;12&#8243;,&#8221;5&#8243;:&#8221;18&#8243;,&#8221;6&#8243;:&#8221;24&#8243;,&#8221;7&#8243;:&#8221;30&#8243;},&#8221;hideImageTitle&#8221;:true,&#8221;hideImageCredits&#8221;:true,&#8221;hideGalleryTitle&#8221;:true,&#8221;hideGalleryCredits&#8221;:true,&#8221;hideVideoTitle&#8221;:true,&#8221;hideVideoCredits&#8221;:true},&#8221;displayProperties&#8221;:{}},&#8221;children&#8221;:[{&#8220;collection&#8221;:&#8221;features&#8221;,&#8221;type&#8221;:&#8221;global\/ads-block&#8221;,&#8221;props&#8221;:{&#8220;collection&#8221;:&#8221;features&#8221;,&#8221;type&#8221;:&#8221;global\/ads-block&#8221;,&#8221;id&#8221;:&#8221;f0ffkTty6QNr1mi-3-4-0&#8243;,&#8221;contentConfig&#8221;:{&#8220;contentService&#8221;:&#8221;&#8221;,&#8221;contentConfigValues&#8221;:{},&#8221;inherit&#8221;:true},&#8221;customFields&#8221;:{&#8220;adType&#8221;:&#8221;300x250_mobile&#8221;,&#8221;lazyLoad&#8221;:true,&#8221;displayAdLabel&#8221;:true,&#8221;reserveSpace&#8221;:false},&#8221;displayProperties&#8221;:{},&#8221;localEdits&#8221;:{},&#8221;variants&#8221;:{}}},{&#8220;collection&#8221;:&#8221;features&#8221;,&#8221;type&#8221;:&#8221;read-more\/default&#8221;,&#8221;props&#8221;:{&#8220;collection&#8221;:&#8221;features&#8221;,&#8221;type&#8221;:&#8221;read-more\/default&#8221;,&#8221;id&#8221;:&#8221;f0fbyx3EFVvp29p-3-4-1&#8243;,&#8221;contentConfig&#8221;:{&#8220;contentService&#8221;:&#8221;&#8221;,&#8221;contentConfigValues&#8221;:{},&#8221;inherit&#8221;:true},&#8221;customFields&#8221;:{&#8220;amoutOfStories&#8221;:4,&#8221;storiesPerRow&#8221;:&#8221;2&#8243;,&#8221;removeCurrentStory&#8221;:true,&#8221;headingText&#8221;:&#8221;READ MORE&#8221;,&#8221;collectionAlias&#8221;:&#8221;world-highlights&#8221;,&#8221;pbInternal_cloneId&#8221;:&#8221;f0fbyx3EFVvp29p&#8221;},&#8221;displayProperties&#8221;:{},&#8221;localEdits&#8221;:{},&#8221;variants&#8221;:{}}},{&#8220;collection&#8221;:&#8221;features&#8221;,&#8221;type&#8221;:&#8221;global\/ads-block&#8221;,&#8221;props&#8221;:{&#8220;collection&#8221;:&#8221;features&#8221;,&#8221;type&#8221;:&#8221;global\/ads-block&#8221;,&#8221;id&#8221;:&#8221;f0fF3YXEzrty1PE-3-4-2&#8243;,&#8221;contentConfig&#8221;:{&#8220;contentService&#8221;:&#8221;&#8221;,&#8221;contentConfigValues&#8221;:{},&#8221;inherit&#8221;:true},&#8221;customFields&#8221;:{&#8220;adType&#8221;:&#8221;300&#215;250&#8243;,&#8221;lazyLoad&#8221;:true,&#8221;displayAdLabel&#8221;:true,&#8221;reserveSpace&#8221;:false},&#8221;displayProperties&#8221;:{},&#8221;localEdits&#8221;:{},&#8221;variants&#8221;:{}}},{&#8220;collection&#8221;:&#8221;features&#8221;,&#8221;type&#8221;:&#8221;global\/ads-block&#8221;,&#8221;props&#8221;:{&#8220;collection&#8221;:&#8221;features&#8221;,&#8221;type&#8221;:&#8221;global\/ads-block&#8221;,&#8221;id&#8221;:&#8221;f0fyRwJHzrty1c0-3-4-3&#8243;,&#8221;contentConfig&#8221;:{&#8220;contentService&#8221;:&#8221;&#8221;,&#8221;contentConfigValues&#8221;:{},&#8221;inherit&#8221;:true},&#8221;customFields&#8221;:{&#8220;adType&#8221;:&#8221;300&#215;250&#8243;,&#8221;lazyLoad&#8221;:true,&#8221;displayAdLabel&#8221;:true,&#8221;reserveSpace&#8221;:false,&#8221;pbInternal_cloneId&#8221;:&#8221;f0fq2HIufcDr5Mt&#8221;},&#8221;displayProperties&#8221;:{},&#8221;localEdits&#8221;:{},&#8221;variants&#8221;:{}}},{&#8220;collection&#8221;:&#8221;features&#8221;,&#8221;type&#8221;:&#8221;global\/ads-block&#8221;,&#8221;props&#8221;:{&#8220;collection&#8221;:&#8221;features&#8221;,&#8221;type&#8221;:&#8221;global\/ads-block&#8221;,&#8221;id&#8221;:&#8221;f0fwSQ7Kzrty1K7-3-4-4&#8243;,&#8221;contentConfig&#8221;:{&#8220;contentService&#8221;:&#8221;&#8221;,&#8221;contentConfigValues&#8221;:{},&#8221;inherit&#8221;:true},&#8221;customFields&#8221;:{&#8220;adType&#8221;:&#8221;300&#215;250&#8243;,&#8221;lazyLoad&#8221;:true,&#8221;displayAdLabel&#8221;:true,&#8221;reserveSpace&#8221;:false,&#8221;pbInternal_cloneId&#8221;:&#8221;f0f8wZfBvAILa7G&#8221;},&#8221;displayProperties&#8221;:{},&#8221;localEdits&#8221;:{},&#8221;variants&#8221;:{}}},{&#8220;collection&#8221;:&#8221;features&#8221;,&#8221;type&#8221;:&#8221;global\/ads-block&#8221;,&#8221;props&#8221;:{&#8220;collection&#8221;:&#8221;features&#8221;,&#8221;type&#8221;:&#8221;global\/ads-block&#8221;,&#8221;id&#8221;:&#8221;f0fMBCjMzrty1UA-3-4-5&#8243;,&#8221;contentConfig&#8221;:{&#8220;contentService&#8221;:&#8221;&#8221;,&#8221;contentConfigValues&#8221;:{},&#8221;inherit&#8221;:true},&#8221;customFields&#8221;:{&#8220;adType&#8221;:&#8221;300&#215;250&#8243;,&#8221;lazyLoad&#8221;:true,&#8221;displayAdLabel&#8221;:true,&#8221;reserveSpace&#8221;:false,&#8221;pbInternal_cloneId&#8221;:&#8221;f0fNnztKDMLLaTe&#8221;},&#8221;displayProperties&#8221;:{},&#8221;localEdits&#8221;:{},&#8221;variants&#8221;:{}}},{&#8220;collection&#8221;:&#8221;features&#8221;,&#8221;type&#8221;:&#8221;global\/ads-block&#8221;,&#8221;props&#8221;:{&#8220;collection&#8221;:&#8221;features&#8221;,&#8221;type&#8221;:&#8221;global\/ads-block&#8221;,&#8221;id&#8221;:&#8221;f0fjEsSOzrty1kQ-3-4-6&#8243;,&#8221;contentConfig&#8221;:{&#8220;contentService&#8221;:&#8221;&#8221;,&#8221;contentConfigValues&#8221;:{},&#8221;inherit&#8221;:true},&#8221;customFields&#8221;:{&#8220;adType&#8221;:&#8221;300&#215;250&#8243;,&#8221;lazyLoad&#8221;:true,&#8221;displayAdLabel&#8221;:true,&#8221;reserveSpace&#8221;:false,&#8221;pbInternal_cloneId&#8221;:&#8221;f0fn39YE5eOLals&#8221;},&#8221;displayProperties&#8221;:{},&#8221;localEdits&#8221;:{},&#8221;variants&#8221;:{}}}]},{&#8220;collection&#8221;:&#8221;features&#8221;,&#8221;type&#8221;:&#8221;article\/promo&#8221;,&#8221;props&#8221;:{&#8220;collection&#8221;:&#8221;features&#8221;,&#8221;type&#8221;:&#8221;article\/promo&#8221;,&#8221;id&#8221;:&#8221;f0fgqsGOd8tt6OL&#8221;,&#8221;contentConfig&#8221;:{&#8220;contentService&#8221;:&#8221;&#8221;,&#8221;contentConfigValues&#8221;:{},&#8221;inherit&#8221;:true},&#8221;customFields&#8221;:{},&#8221;displayProperties&#8221;:{},&#8221;localEdits&#8221;:{},&#8221;variants&#8221;:{}}},{&#8220;collection&#8221;:&#8221;features&#8221;,&#8221;type&#8221;:&#8221;short-author-bio\/default&#8221;,&#8221;props&#8221;:{&#8220;collection&#8221;:&#8221;features&#8221;,&#8221;type&#8221;:&#8221;short-author-bio\/default&#8221;,&#8221;id&#8221;:&#8221;f0fIbmDTBOuTfW&#8221;,&#8221;contentConfig&#8221;:{&#8220;contentService&#8221;:&#8221;&#8221;,&#8221;contentConfigValues&#8221;:{},&#8221;inherit&#8221;:true},&#8221;customFields&#8221;:{},&#8221;displayProperties&#8221;:{},&#8221;localEdits&#8221;:{},&#8221;variants&#8221;:{}}},{&#8220;collection&#8221;:&#8221;chains&#8221;,&#8221;type&#8221;:&#8221;flex-chain&#8221;,&#8221;props&#8221;:{&#8220;collection&#8221;:&#8221;chains&#8221;,&#8221;type&#8221;:&#8221;flex-chain&#8221;,&#8221;id&#8221;:&#8221;c0ftyFC5UDap3CF&#8221;,&#8221;customFields&#8221;:{&#8220;lazyLoad&#8221;:false,&#8221;layout&#8221;:&#8221;[[12],[12],[]]&#8221;,&#8221;column1&#8243;:9,&#8221;column2&#8243;:0,&#8221;column3&#8243;:0,&#8221;column4&#8243;:0,&#8221;column5&#8243;:0},&#8221;displayProperties&#8221;:{}},&#8221;children&#8221;:[{&#8220;collection&#8221;:&#8221;features&#8221;,&#8221;type&#8221;:&#8221;@wpmedia\/article-tag-block\/tag&#8221;,&#8221;props&#8221;:{&#8220;collection&#8221;:&#8221;features&#8221;,&#8221;type&#8221;:&#8221;@wpmedia\/article-tag-block\/tag&#8221;,&#8221;id&#8221;:&#8221;f0f8CKxbDMZU36D-3-7-0&#8243;,&#8221;contentConfig&#8221;:{&#8220;contentService&#8221;:&#8221;&#8221;,&#8221;contentConfigValues&#8221;:{},&#8221;inherit&#8221;:true},&#8221;customFields&#8221;:{},&#8221;displayProperties&#8221;:{},&#8221;localEdits&#8221;:{},&#8221;variants&#8221;:{}}},{&#8220;collection&#8221;:&#8221;features&#8221;,&#8221;type&#8221;:&#8221;flex-promo\/default&#8221;,&#8221;props&#8221;:{&#8220;collection&#8221;:&#8221;features&#8221;,&#8221;type&#8221;:&#8221;flex-promo\/default&#8221;,&#8221;id&#8221;:&#8221;f0f476HryJom9Jj-3-7-1&#8243;,&#8221;contentConfig&#8221;:{&#8220;contentService&#8221;:&#8221;&#8221;,&#8221;contentConfigValues&#8221;:{},&#8221;inherit&#8221;:true},&#8221;customFields&#8221;:{&#8220;itemContentConfig&#8221;:{&#8220;contentService&#8221;:&#8221;related-content&#8221;,&#8221;contentConfigValues&#8221;:{&#8220;_id&#8221;:&#8221;2NITWLHHUFF7ZDTRNSJNED6CFI&#8221;,&#8221;feedSize&#8221;:1,&#8221;feedOffset&#8221;:0}},&#8221;sizeOverride&#8221;:6,&#8221;allowSpeechKit&#8221;:false,&#8221;overlineAlignment&#8221;:&#8221;Left&#8221;,&#8221;showCloseButton&#8221;:true,&#8221;fontSize&#8221;:&#8221;Small&#8221;,&#8221;headlineWeight&#8221;:&#8221;Bold&#8221;,&#8221;headlineTextAlignment&#8221;:&#8221;text-align_left&#8221;,&#8221;showHeadline&#8221;:true,&#8221;showOverline&#8221;:false,&#8221;showByline&#8221;:false,&#8221;showDateTime&#8221;:false,&#8221;showLiveStoryTimeline&#8221;:false,&#8221;liveStoryEntriesCount&#8221;:4,&#8221;showImageDesktop&#8221;:false,&#8221;imageRatioDesktop&#8221;:&#8221;1:1&#8243;,&#8221;imagePositionDesktop&#8221;:&#8221;left&#8221;,&#8221;showImageMobile&#8221;:false,&#8221;imageRatioMobile&#8221;:&#8221;1:1&#8243;,&#8221;imagePositionMobile&#8221;:&#8221;left&#8221;,&#8221;paywallStatus&#8221;:&#8221;premium&#8221;,&#8221;lastBottomDividerDesktop&#8221;:false,&#8221;lastBottomDividerTablet&#8221;:false,&#8221;lastBottomDividerMobile&#8221;:false,&#8221;offsetOverride&#8221;:4,&#8221;bottomDividerDesktop&#8221;:true,&#8221;bottomDividerTablet&#8221;:true,&#8221;bottomDividerMobile&#8221;:true,&#8221;pbInternal_clipboardId&#8221;:&#8221;f0fjuGVBiIIF1fb&#8221;,&#8221;pbInternal_cloneId&#8221;:&#8221;f0f476HryJom9Jj&#8221;},&#8221;displayProperties&#8221;:{},&#8221;localEdits&#8221;:{},&#8221;variants&#8221;:{}}},{&#8220;collection&#8221;:&#8221;features&#8221;,&#8221;type&#8221;:&#8221;zephr-target\/default&#8221;,&#8221;props&#8221;:{&#8220;collection&#8221;:&#8221;features&#8221;,&#8221;type&#8221;:&#8221;zephr-target\/default&#8221;,&#8221;id&#8221;:&#8221;f0fncMzClD1S3cU-3-7-2&#8243;,&#8221;contentConfig&#8221;:{&#8220;contentService&#8221;:&#8221;&#8221;,&#8221;contentConfigValues&#8221;:{},&#8221;inherit&#8221;:true},&#8221;customFields&#8221;:{&#8220;targetClass&#8221;:&#8221;floating-subscribe&#8221;},&#8221;displayProperties&#8221;:{},&#8221;localEdits&#8221;:{},&#8221;variants&#8221;:{}}},{&#8220;collection&#8221;:&#8221;features&#8221;,&#8221;type&#8221;:&#8221;global\/ads-block&#8221;,&#8221;props&#8221;:{&#8220;collection&#8221;:&#8221;features&#8221;,&#8221;type&#8221;:&#8221;global\/ads-block&#8221;,&#8221;id&#8221;:&#8221;f0ffxI8BlJi466C-3-7-3&#8243;,&#8221;contentConfig&#8221;:{&#8220;contentService&#8221;:&#8221;&#8221;,&#8221;contentConfigValues&#8221;:{},&#8221;inherit&#8221;:true},&#8221;customFields&#8221;:{&#8220;adType&#8221;:&#8221;728&#215;90|300&#215;250&#8243;,&#8221;lazyLoad&#8221;:true,&#8221;displayAdLabel&#8221;:true,&#8221;reserveSpace&#8221;:false},&#8221;displayProperties&#8221;:{},&#8221;localEdits&#8221;:{},&#8221;variants&#8221;:{}}},{&#8220;collection&#8221;:&#8221;features&#8221;,&#8221;type&#8221;:&#8221;divider\/default&#8221;,&#8221;props&#8221;:{&#8220;collection&#8221;:&#8221;features&#8221;,&#8221;type&#8221;:&#8221;divider\/default&#8221;,&#8221;id&#8221;:&#8221;f0ferEY3Omy838l-3-7-4&#8243;,&#8221;contentConfig&#8221;:{&#8220;contentService&#8221;:&#8221;&#8221;,&#8221;contentConfigValues&#8221;:{},&#8221;inherit&#8221;:true},&#8221;customFields&#8221;:{},&#8221;displayProperties&#8221;:{},&#8221;localEdits&#8221;:{},&#8221;variants&#8221;:{}}},{&#8220;collection&#8221;:&#8221;features&#8221;,&#8221;type&#8221;:&#8221;header\/default&#8221;,&#8221;props&#8221;:{&#8220;collection&#8221;:&#8221;features&#8221;,&#8221;type&#8221;:&#8221;header\/default&#8221;,&#8221;id&#8221;:&#8221;f0fSgg58Omy83Dq-3-7-5&#8243;,&#8221;contentConfig&#8221;:{&#8220;contentService&#8221;:&#8221;&#8221;,&#8221;contentConfigValues&#8221;:{},&#8221;inherit&#8221;:true},&#8221;customFields&#8221;:{&#8220;text&#8221;:&#8221;IN THIS SECTION&#8221;,&#8221;size&#8221;:&#8221;Small&#8221;,&#8221;lightFontWeight&#8221;:true},&#8221;displayProperties&#8221;:{},&#8221;localEdits&#8221;:{},&#8221;variants&#8221;:{}}},{&#8220;collection&#8221;:&#8221;features&#8221;,&#8221;type&#8221;:&#8221;flex-promo\/default&#8221;,&#8221;props&#8221;:{&#8220;collection&#8221;:&#8221;features&#8221;,&#8221;type&#8221;:&#8221;flex-promo\/default&#8221;,&#8221;id&#8221;:&#8221;f0f5uPLiY34AbIG-3-7-6&#8243;,&#8221;contentConfig&#8221;:{&#8220;contentService&#8221;:&#8221;&#8221;,&#8221;contentConfigValues&#8221;:{},&#8221;inherit&#8221;:true},&#8221;customFields&#8221;:{&#8220;itemContentConfig&#8221;:{&#8220;contentService&#8221;:&#8221;story-feed-sections&#8221;,&#8221;contentConfigValues&#8221;:{&#8220;includeSections&#8221;:&#8221;\/world\/middle-east&#8221;,&#8221;excludeSections&#8221;:&#8221;&#8221;,&#8221;feedSize&#8221;:5,&#8221;feedOffset&#8221;:0}},&#8221;sizeOverride&#8221;:5,&#8221;allowSpeechKit&#8221;:false,&#8221;overlineAlignment&#8221;:&#8221;Left&#8221;,&#8221;showCloseButton&#8221;:false,&#8221;fontSize&#8221;:&#8221;Medium Small&#8221;,&#8221;headlineWeight&#8221;:&#8221;Bold&#8221;,&#8221;headlineTextAlignment&#8221;:&#8221;text-align_left&#8221;,&#8221;showHeadline&#8221;:true,&#8221;showOverline&#8221;:false,&#8221;showByline&#8221;:false,&#8221;showDateTime&#8221;:false,&#8221;showImageDesktop&#8221;:true,&#8221;imageRatioDesktop&#8221;:&#8221;16:9&#8243;,&#8221;imagePositionDesktop&#8221;:&#8221;left&#8221;,&#8221;showImageMobile&#8221;:true,&#8221;imageRatioMobile&#8221;:&#8221;3:2&#8243;,&#8221;imagePositionMobile&#8221;:&#8221;right&#8221;,&#8221;paywallStatus&#8221;:&#8221;premium&#8221;,&#8221;lastBottomDividerDesktop&#8221;:true,&#8221;lastBottomDividerTablet&#8221;:true,&#8221;lastBottomDividerMobile&#8221;:true,&#8221;offsetOverride&#8221;:0,&#8221;bottomDividerDesktop&#8221;:true,&#8221;bottomDividerTablet&#8221;:true,&#8221;pbInternal_cloneId&#8221;:&#8221;f0f5uPLiY34AbIG&#8221;,&#8221;bottomDividerMobile&#8221;:true},&#8221;displayProperties&#8221;:{},&#8221;localEdits&#8221;:{},&#8221;variants&#8221;:{}}},{&#8220;collection&#8221;:&#8221;features&#8221;,&#8221;type&#8221;:&#8221;global\/ads-block&#8221;,&#8221;props&#8221;:{&#8220;collection&#8221;:&#8221;features&#8221;,&#8221;type&#8221;:&#8221;global\/ads-block&#8221;,&#8221;id&#8221;:&#8221;f0fVVqvfOmy83uM-3-7-7&#8243;,&#8221;contentConfig&#8221;:{&#8220;contentService&#8221;:&#8221;&#8221;,&#8221;contentConfigValues&#8221;:{},&#8221;inherit&#8221;:true},&#8221;customFields&#8221;:{&#8220;adType&#8221;:&#8221;Fluid&#8221;,&#8221;lazyLoad&#8221;:true,&#8221;displayAdLabel&#8221;:false,&#8221;reserveSpace&#8221;:false},&#8221;displayProperties&#8221;:{},&#8221;localEdits&#8221;:{},&#8221;variants&#8221;:{}}}]}]},{&#8220;collection&#8221;:&#8221;sections&#8221;,&#8221;props&#8221;:{&#8220;collection&#8221;:&#8221;sections&#8221;,&#8221;id&#8221;:4},&#8221;children&#8221;:[]},{&#8220;collection&#8221;:&#8221;sections&#8221;,&#8221;props&#8221;:{&#8220;collection&#8221;:&#8221;sections&#8221;,&#8221;id&#8221;:5},&#8221;children&#8221;:[{&#8220;collection&#8221;:&#8221;chains&#8221;,&#8221;type&#8221;:&#8221;flex-chain&#8221;,&#8221;props&#8221;:{&#8220;collection&#8221;:&#8221;chains&#8221;,&#8221;type&#8221;:&#8221;flex-chain&#8221;,&#8221;id&#8221;:&#8221;c0fRIDuqLx2q3EY&#8221;,&#8221;customFields&#8221;:{&#8220;lazyLoad&#8221;:false,&#8221;layout&#8221;:&#8221;[[12],[],[]]&#8221;,&#8221;column1&#8243;:2,&#8221;column2&#8243;:0,&#8221;column3&#8243;:0,&#8221;column4&#8243;:0,&#8221;column5&#8243;:0},&#8221;displayProperties&#8221;:{}},&#8221;children&#8221;:[{&#8220;collection&#8221;:&#8221;features&#8221;,&#8221;type&#8221;:&#8221;header\/default&#8221;,&#8221;props&#8221;:{&#8220;collection&#8221;:&#8221;features&#8221;,&#8221;type&#8221;:&#8221;header\/default&#8221;,&#8221;id&#8221;:&#8221;f0fsbRYV0R9s2qx-5-0-0&#8243;,&#8221;contentConfig&#8221;:{&#8220;contentService&#8221;:&#8221;&#8221;,&#8221;contentConfigValues&#8221;:{},&#8221;inherit&#8221;:true},&#8221;customFields&#8221;:{&#8220;size&#8221;:&#8221;Small&#8221;,&#8221;text&#8221;:&#8221;MOST READ&#8221;,&#8221;showBorder&#8221;:true,&#8221;link&#8221;:&#8221;https:\/\/www.irishtimes.com\/most-read\/&#8221;,&#8221;lightFontWeight&#8221;:true},&#8221;displayProperties&#8221;:{},&#8221;localEdits&#8221;:{},&#8221;variants&#8221;:{}}},{&#8220;collection&#8221;:&#8221;features&#8221;,&#8221;type&#8221;:&#8221;flex-promo\/default&#8221;,&#8221;props&#8221;:{&#8220;collection&#8221;:&#8221;features&#8221;,&#8221;type&#8221;:&#8221;flex-promo\/default&#8221;,&#8221;id&#8221;:&#8221;f0fcWvV6MWCs2Eg-5-0-1&#8243;,&#8221;contentConfig&#8221;:{&#8220;contentService&#8221;:&#8221;&#8221;,&#8221;contentConfigValues&#8221;:{},&#8221;inherit&#8221;:true},&#8221;customFields&#8221;:{&#8220;itemContentConfig&#8221;:{&#8220;contentService&#8221;:&#8221;most-popular&#8221;,&#8221;contentConfigValues&#8221;:{&#8220;size&#8221;:5,&#8221;section&#8221;:0,&#8221;feedSize&#8221;:5,&#8221;feedOffset&#8221;:0}},&#8221;sizeOverride&#8221;:5,&#8221;allowSpeechKit&#8221;:false,&#8221;overlineAlignment&#8221;:&#8221;Left&#8221;,&#8221;showCloseButton&#8221;:false,&#8221;fontSize&#8221;:&#8221;Medium Small&#8221;,&#8221;headlineWeight&#8221;:&#8221;Bold&#8221;,&#8221;headlineTextAlignment&#8221;:&#8221;text-align_left&#8221;,&#8221;showHeadline&#8221;:true,&#8221;showOverline&#8221;:false,&#8221;showByline&#8221;:false,&#8221;showDateTime&#8221;:false,&#8221;showImageDesktop&#8221;:true,&#8221;imageRatioDesktop&#8221;:&#8221;16:9&#8243;,&#8221;imagePositionDesktop&#8221;:&#8221;left&#8221;,&#8221;showImageMobile&#8221;:true,&#8221;imageRatioMobile&#8221;:&#8221;3:2&#8243;,&#8221;imagePositionMobile&#8221;:&#8221;right&#8221;,&#8221;paywallStatus&#8221;:&#8221;premium&#8221;,&#8221;lastBottomDividerDesktop&#8221;:true,&#8221;lastBottomDividerTablet&#8221;:true,&#8221;lastBottomDividerMobile&#8221;:true,&#8221;offsetOverride&#8221;:0,&#8221;bottomDividerDesktop&#8221;:true,&#8221;bottomDividerTablet&#8221;:true,&#8221;bottomDividerMobile&#8221;:true},&#8221;displayProperties&#8221;:{},&#8221;localEdits&#8221;:{},&#8221;variants&#8221;:{}}}]},{&#8220;collection&#8221;:&#8221;chains&#8221;,&#8221;type&#8221;:&#8221;flex-chain&#8221;,&#8221;props&#8221;:{&#8220;collection&#8221;:&#8221;chains&#8221;,&#8221;type&#8221;:&#8221;flex-chain&#8221;,&#8221;id&#8221;:&#8221;c0f59QxHa5Hq3Dm&#8221;,&#8221;customFields&#8221;:{&#8220;lazyLoad&#8221;:false,&#8221;layout&#8221;:&#8221;[[4,4,4],[],[]]&#8221;,&#8221;column1&#8243;:1,&#8221;column2&#8243;:1,&#8221;column3&#8243;:1,&#8221;column4&#8243;:0,&#8221;column5&#8243;:0,&#8221;showDividersDesktop&#8221;:true,&#8221;showDividersTablet&#8221;:true},&#8221;displayProperties&#8221;:{}},&#8221;children&#8221;:[{&#8220;collection&#8221;:&#8221;features&#8221;,&#8221;type&#8221;:&#8221;global\/ads-block&#8221;,&#8221;props&#8221;:{&#8220;collection&#8221;:&#8221;features&#8221;,&#8221;type&#8221;:&#8221;global\/ads-block&#8221;,&#8221;id&#8221;:&#8221;f0fdR5Cf3u5J8U1-5-1-0&#8243;,&#8221;contentConfig&#8221;:{&#8220;contentService&#8221;:&#8221;&#8221;,&#8221;contentConfigValues&#8221;:{},&#8221;inherit&#8221;:true},&#8221;customFields&#8221;:{&#8220;adType&#8221;:&#8221;Fluid&#8221;,&#8221;lazyLoad&#8221;:true,&#8221;displayAdLabel&#8221;:false,&#8221;reserveSpace&#8221;:false},&#8221;displayProperties&#8221;:{},&#8221;localEdits&#8221;:{},&#8221;variants&#8221;:{}}},{&#8220;collection&#8221;:&#8221;features&#8221;,&#8221;type&#8221;:&#8221;global\/ads-block&#8221;,&#8221;props&#8221;:{&#8220;collection&#8221;:&#8221;features&#8221;,&#8221;type&#8221;:&#8221;global\/ads-block&#8221;,&#8221;id&#8221;:&#8221;f0fUAqtGfnuJ8p2-5-1-1&#8243;,&#8221;contentConfig&#8221;:{&#8220;contentService&#8221;:&#8221;&#8221;,&#8221;contentConfigValues&#8221;:{},&#8221;inherit&#8221;:true},&#8221;customFields&#8221;:{&#8220;adType&#8221;:&#8221;Fluid&#8221;,&#8221;lazyLoad&#8221;:true,&#8221;displayAdLabel&#8221;:false,&#8221;reserveSpace&#8221;:false,&#8221;pbInternal_cloneId&#8221;:&#8221;f0fUAqtGfnuJ8p2&#8243;},&#8221;displayProperties&#8221;:{},&#8221;localEdits&#8221;:{},&#8221;variants&#8221;:{}}},{&#8220;collection&#8221;:&#8221;features&#8221;,&#8221;type&#8221;:&#8221;global\/ads-block&#8221;,&#8221;props&#8221;:{&#8220;collection&#8221;:&#8221;features&#8221;,&#8221;type&#8221;:&#8221;global\/ads-block&#8221;,&#8221;id&#8221;:&#8221;f0fPkgtFCgrJ8KI-5-1-2&#8243;,&#8221;contentConfig&#8221;:{&#8220;contentService&#8221;:&#8221;&#8221;,&#8221;contentConfigValues&#8221;:{},&#8221;inherit&#8221;:true},&#8221;customFields&#8221;:{&#8220;adType&#8221;:&#8221;Fluid&#8221;,&#8221;lazyLoad&#8221;:true,&#8221;displayAdLabel&#8221;:false,&#8221;reserveSpace&#8221;:false,&#8221;pbInternal_cloneId&#8221;:&#8221;f0fPkgtFCgrJ8KI&#8221;},&#8221;displayProperties&#8221;:{},&#8221;localEdits&#8221;:{},&#8221;variants&#8221;:{}}}]}]},{&#8220;collection&#8221;:&#8221;sections&#8221;,&#8221;props&#8221;:{&#8220;collection&#8221;:&#8221;sections&#8221;,&#8221;id&#8221;:6},&#8221;children&#8221;:[{&#8220;collection&#8221;:&#8221;chains&#8221;,&#8221;type&#8221;:&#8221;sticky-chain&#8221;,&#8221;props&#8221;:{&#8220;collection&#8221;:&#8221;chains&#8221;,&#8221;type&#8221;:&#8221;sticky-chain&#8221;,&#8221;id&#8221;:&#8221;c0fgfk5TgQ19392&#8243;,&#8221;customFields&#8221;:{&#8220;stickyItem&#8221;:4},&#8221;displayProperties&#8221;:{}},&#8221;children&#8221;:[{&#8220;collection&#8221;:&#8221;features&#8221;,&#8221;type&#8221;:&#8221;header\/default&#8221;,&#8221;props&#8221;:{&#8220;collection&#8221;:&#8221;features&#8221;,&#8221;type&#8221;:&#8221;header\/default&#8221;,&#8221;id&#8221;:&#8221;f0fL9N16NDIJaep&#8221;,&#8221;contentConfig&#8221;:{&#8220;contentService&#8221;:&#8221;&#8221;,&#8221;contentConfigValues&#8221;:{},&#8221;inherit&#8221;:true},&#8221;customFields&#8221;:{&#8220;size&#8221;:&#8221;Small&#8221;,&#8221;text&#8221;:&#8221;LATEST STORIES&#8221;,&#8221;link&#8221;:&#8221;https:\/\/www.irishtimes.com\/latest\/&#8221;,&#8221;showBorder&#8221;:true,&#8221;lightFontWeight&#8221;:true},&#8221;displayProperties&#8221;:{},&#8221;localEdits&#8221;:{},&#8221;variants&#8221;:{}}},{&#8220;collection&#8221;:&#8221;features&#8221;,&#8221;type&#8221;:&#8221;@wpmedia\/top-table-list-block\/top-table-list&#8221;,&#8221;props&#8221;:{&#8220;collection&#8221;:&#8221;features&#8221;,&#8221;type&#8221;:&#8221;@wpmedia\/top-table-list-block\/top-table-list&#8221;,&#8221;id&#8221;:&#8221;f0f2DPvY5g895iW&#8221;,&#8221;contentConfig&#8221;:{&#8220;contentService&#8221;:&#8221;&#8221;,&#8221;contentConfigValues&#8221;:{},&#8221;inherit&#8221;:true},&#8221;customFields&#8221;:{&#8220;listContentConfig&#8221;:{&#8220;contentService&#8221;:&#8221;story-feed-query&#8221;,&#8221;contentConfigValues&#8221;:{&#8220;query&#8221;:&#8221;(taxonomy.primary_section._id:\\\\\/abroad* OR taxonomy.primary_section._id:\\\\\/business* OR taxonomy.primary_section._id:\\\\\/crime-law* OR taxonomy.primary_section._id:\\\\\/culture* OR taxonomy.primary_section._id:\\\\\/environment* OR taxonomy.primary_section._id:\\\\\/food* OR taxonomy.primary_section._id:\\\\\/health* OR taxonomy.primary_section._id:\\\\\/history* OR taxonomy.primary_section._id:\\\\\/ireland* OR taxonomy.primary_section._id:\\\\\/life-style* OR taxonomy.primary_section._id:\\\\\/media* OR taxonomy.primary_section._id:\\\\\/motors* OR taxonomy.primary_section._id:\\\\\/obituaries* OR taxonomy.primary_section._id:\\\\\/offbeat* OR taxonomy.primary_section._id:\\\\\/opinion* OR taxonomy.primary_section._id:\\\\\/photography* OR taxonomy.primary_section._id:\\\\\/podcasts* OR taxonomy.primary_section._id:\\\\\/politics* OR taxonomy.primary_section._id:\\\\\/property* OR taxonomy.primary_section._id:\\\\\/science* OR taxonomy.primary_section._id:\\\\\/sport* OR taxonomy.primary_section._id:\\\\\/technology* OR taxonomy.primary_section._id:\\\\\/transport* OR taxonomy.primary_section._id:\\\\\/tuarascail* OR taxonomy.primary_section._id:\\\\\/world* OR taxonomy.primary_section._id:\\\\\/your-money* OR taxonomy.primary_section._id:\\\\\/podcasts*) AND (subtype:\\&#8221;default\\&#8221; OR subtype:\\&#8221;analysis\\&#8221; subtype:\\&#8221;feature\\&#8221; OR subtype:\\&#8221;opinion\\&#8221; OR subtype:\\&#8221;showcase\\&#8221; OR subtype:\\&#8221;columnist\\&#8221; OR subtype:\\&#8221;live-story\\&#8221; OR subtype:\\&#8221;podcast\\&#8221; OR subtype:\\&#8221;editors-note\\&#8221;) -(taxonomy.primary_section._id:\\&#8221;\/opinion\/letters\\&#8221; OR subtype:\\&#8221;live-story-writer\\&#8221;)&#8221;,&#8221;size&#8221;:5,&#8221;offset&#8221;:0}},&#8221;showOverlineXL&#8221;:true,&#8221;showHeadlineXL&#8221;:true,&#8221;showImageXL&#8221;:true,&#8221;showDescriptionXL&#8221;:true,&#8221;showBylineXL&#8221;:true,&#8221;showDateXL&#8221;:true,&#8221;imageRatioXL&#8221;:&#8221;4:3&#8243;,&#8221;showBottomBorderXL&#8221;:true,&#8221;shrinkToFitXL&#8221;:true,&#8221;viewportPercentageXL&#8221;:65,&#8221;showOverlineLG&#8221;:true,&#8221;showHeadlineLG&#8221;:true,&#8221;showImageLG&#8221;:true,&#8221;showDescriptionLG&#8221;:true,&#8221;showBylineLG&#8221;:true,&#8221;showDateLG&#8221;:true,&#8221;imageRatioLG&#8221;:&#8221;4:3&#8243;,&#8221;showBottomBorderLG&#8221;:true,&#8221;shrinkToFitLG&#8221;:true,&#8221;viewportPercentageLG&#8221;:65,&#8221;showHeadlineMD&#8221;:true,&#8221;showImageMD&#8221;:true,&#8221;showDescriptionMD&#8221;:true,&#8221;showBylineMD&#8221;:true,&#8221;showDateMD&#8221;:true,&#8221;imageRatioMD&#8221;:&#8221;16:9&#8243;,&#8221;showBottomBorderMD&#8221;:true,&#8221;showHeadlineSM&#8221;:true,&#8221;showImageSM&#8221;:false,&#8221;imageRatioSM&#8221;:&#8221;3:2&#8243;,&#8221;storiesPerRowSM&#8221;:1,&#8221;imagePositionSM&#8221;:&#8221;right&#8221;,&#8221;showBottomBorderSM&#8221;:true,&#8221;offsetOverride&#8221;:0,&#8221;extraLarge&#8221;:0,&#8221;large&#8221;:0,&#8221;medium&#8221;:0,&#8221;small&#8221;:5},&#8221;displayProperties&#8221;:{},&#8221;localEdits&#8221;:{},&#8221;variants&#8221;:{}}},{&#8220;collection&#8221;:&#8221;features&#8221;,&#8221;type&#8221;:&#8221;Newsletter-Signup\/default&#8221;,&#8221;props&#8221;:{&#8220;collection&#8221;:&#8221;features&#8221;,&#8221;type&#8221;:&#8221;Newsletter-Signup\/default&#8221;,&#8221;id&#8221;:&#8221;f0f1Df1mqY2kd24-4-0-0&#8243;,&#8221;contentConfig&#8221;:{&#8220;contentService&#8221;:&#8221;&#8221;,&#8221;contentConfigValues&#8221;:{},&#8221;inherit&#8221;:true},&#8221;customFields&#8221;:{&#8220;inheritGlobalContent&#8221;:true,&#8221;imagePos&#8221;:&#8221;top&#8221;,&#8221;lazyLoad&#8221;:false,&#8221;topDividerDesktop&#8221;:false,&#8221;topDividerTablet&#8221;:false,&#8221;topDividerMobile&#8221;:true,&#8221;bottomDividerDesktop&#8221;:true,&#8221;bottomDividerTablet&#8221;:true,&#8221;bottomDividerMobile&#8221;:true},&#8221;displayProperties&#8221;:{},&#8221;localEdits&#8221;:{},&#8221;variants&#8221;:{}}},{&#8220;collection&#8221;:&#8221;features&#8221;,&#8221;type&#8221;:&#8221;global\/ads-block&#8221;,&#8221;props&#8221;:{&#8220;collection&#8221;:&#8221;features&#8221;,&#8221;type&#8221;:&#8221;global\/ads-block&#8221;,&#8221;id&#8221;:&#8221;f0favy1DqY2kdT9-4-0-1&#8243;,&#8221;contentConfig&#8221;:{&#8220;contentService&#8221;:&#8221;&#8221;,&#8221;contentConfigValues&#8221;:{},&#8221;inherit&#8221;:true},&#8221;customFields&#8221;:{&#8220;adType&#8221;:&#8221;300&#215;250|300&#215;600&#8243;,&#8221;lazyLoad&#8221;:true,&#8221;displayAdLabel&#8221;:true,&#8221;reserveSpace&#8221;:false},&#8221;displayProperties&#8221;:{},&#8221;localEdits&#8221;:{},&#8221;variants&#8221;:{}}}]}]},{&#8220;collection&#8221;:&#8221;sections&#8221;,&#8221;props&#8221;:{&#8220;collection&#8221;:&#8221;sections&#8221;,&#8221;id&#8221;:7},&#8221;children&#8221;:[{&#8220;collection&#8221;:&#8221;features&#8221;,&#8221;type&#8221;:&#8221;@wpmedia\/htmlbox-block\/htmlbox&#8221;,&#8221;props&#8221;:{&#8220;collection&#8221;:&#8221;features&#8221;,&#8221;type&#8221;:&#8221;@wpmedia\/htmlbox-block\/htmlbox&#8221;,&#8221;id&#8221;:&#8221;f0fJTo2vJZduaCd&#8221;,&#8221;contentConfig&#8221;:{&#8220;contentService&#8221;:&#8221;&#8221;,&#8221;contentConfigValues&#8221;:{},&#8221;inherit&#8221;:true},&#8221;customFields&#8221;:{&#8220;HTML&#8221;:&#8221;&#8221;},&#8221;displayProperties&#8221;:{},&#8221;localEdits&#8221;:{},&#8221;variants&#8221;:{}}},{&#8220;collection&#8221;:&#8221;features&#8221;,&#8221;type&#8221;:&#8221;divider\/default&#8221;,&#8221;props&#8221;:{&#8220;collection&#8221;:&#8221;features&#8221;,&#8221;type&#8221;:&#8221;divider\/default&#8221;,&#8221;id&#8221;:&#8221;f0fO5xs7tXTR7E5&#8243;,&#8221;contentConfig&#8221;:{&#8220;contentService&#8221;:&#8221;&#8221;,&#8221;contentConfigValues&#8221;:{},&#8221;inherit&#8221;:true},&#8221;customFields&#8221;:{},&#8221;displayProperties&#8221;:{},&#8221;localEdits&#8221;:{},&#8221;variants&#8221;:{}}}]},{&#8220;collection&#8221;:&#8221;sections&#8221;,&#8221;props&#8221;:{&#8220;collection&#8221;:&#8221;sections&#8221;,&#8221;id&#8221;:8},&#8221;children&#8221;:[{&#8220;collection&#8221;:&#8221;chains&#8221;,&#8221;type&#8221;:&#8221;flex-chain&#8221;,&#8221;props&#8221;:{&#8220;collection&#8221;:&#8221;chains&#8221;,&#8221;type&#8221;:&#8221;flex-chain&#8221;,&#8221;id&#8221;:&#8221;c0fNLj6sV6ys7ht&#8221;,&#8221;customFields&#8221;:{&#8220;layout&#8221;:&#8221;[[12],[12],[]]&#8221;,&#8221;column1&#8243;:4,&#8221;column2&#8243;:1,&#8221;column3&#8243;:1,&#8221;column4&#8243;:1,&#8221;column5&#8243;:1,&#8221;showDividersTablet&#8221;:null,&#8221;showDividersMobile&#8221;:null,&#8221;lazyLoad&#8221;:null,&#8221;lazyLoadApp&#8221;:null,&#8221;linkText&#8221;:null,&#8221;linkUrl&#8221;:null,&#8221;showDividersDesktop&#8221;:null},&#8221;displayProperties&#8221;:{}},&#8221;children&#8221;:[{&#8220;collection&#8221;:&#8221;features&#8221;,&#8221;type&#8221;:&#8221;footer-it\/default&#8221;,&#8221;props&#8221;:{&#8220;collection&#8221;:&#8221;features&#8221;,&#8221;type&#8221;:&#8221;footer-it\/default&#8221;,&#8221;id&#8221;:&#8221;f0f2UzJi3hqZcR5-8-0-0&#8243;,&#8221;contentConfig&#8221;:{&#8220;contentService&#8221;:&#8221;&#8221;,&#8221;contentConfigValues&#8221;:{},&#8221;inherit&#8221;:true},&#8221;customFields&#8221;:{&#8220;displayLogo&#8221;:true,&#8221;navigationConfig&#8221;:{&#8220;contentService&#8221;:&#8221;site-service-hierarchy-it&#8221;,&#8221;contentConfigValues&#8221;:{&#8220;hierarchy&#8221;:&#8221;footer&#8221;}},&#8221;secondaryLinksConfig&#8221;:{&#8220;contentService&#8221;:&#8221;site-service-hierarchy-it&#8221;,&#8221;contentConfigValues&#8221;:{&#8220;hierarchy&#8221;:&#8221;our-partners&#8221;}},&#8221;iOSLink&#8221;:&#8221;https:\/\/apps.apple.com\/ie\/developer\/the-irish-times-ltd\/id365544597&#8243;,&#8221;androidLink&#8221;:&#8221;https:\/\/play.google.com\/store\/apps\/developer?id=The+Irish+Times+Ltd&#8221;,&#8221;secondaryLinksLabel&#8221;:&#8221;OUR PARTNERS:&#8221;},&#8221;displayProperties&#8221;:{},&#8221;localEdits&#8221;:{},&#8221;variants&#8221;:{}}}]}]}]};Fusion.spa=false;Fusion.spaEnabled=false;<\/p>\n","protected":false},"excerpt":{"rendered":"Footage on social media appears to show Israeli far-right security minister Ben Gvir taunting flotilla campaigners detained by&hellip;\n","protected":false},"author":2,"featured_media":101373,"comment_status":"","ping_status":"","sticky":false,"template":"","format":"standard","meta":{"footnotes":""},"categories":[41],"tags":[9,10,13,14,3761,6,6220,3857,11,12,15,16,5,44,7,8,65,66,67],"class_list":{"0":"post-101372","1":"post","2":"type-post","3":"status-publish","4":"format-standard","5":"has-post-thumbnail","7":"category-world","8":"tag-breaking-news","9":"tag-breakingnews","10":"tag-featured-news","11":"tag-featurednews","12":"tag-gaza-strip","13":"tag-headlines","14":"tag-israel-defence-forces","15":"tag-israel-hamas-conflict","16":"tag-latest-news","17":"tag-latestnews","18":"tag-main-news","19":"tag-mainnews","20":"tag-news","21":"tag-simon-harris","22":"tag-top-stories","23":"tag-topstories","24":"tag-world","25":"tag-world-news","26":"tag-worldnews"},"share_on_mastodon":{"url":"","error":""},"_links":{"self":[{"href":"https:\/\/www.europesays.com\/ie\/wp-json\/wp\/v2\/posts\/101372","targetHints":{"allow":["GET"]}}],"collection":[{"href":"https:\/\/www.europesays.com\/ie\/wp-json\/wp\/v2\/posts"}],"about":[{"href":"https:\/\/www.europesays.com\/ie\/wp-json\/wp\/v2\/types\/post"}],"author":[{"embeddable":true,"href":"https:\/\/www.europesays.com\/ie\/wp-json\/wp\/v2\/users\/2"}],"replies":[{"embeddable":true,"href":"https:\/\/www.europesays.com\/ie\/wp-json\/wp\/v2\/comments?post=101372"}],"version-history":[{"count":0,"href":"https:\/\/www.europesays.com\/ie\/wp-json\/wp\/v2\/posts\/101372\/revisions"}],"wp:featuredmedia":[{"embeddable":true,"href":"https:\/\/www.europesays.com\/ie\/wp-json\/wp\/v2\/media\/101373"}],"wp:attachment":[{"href":"https:\/\/www.europesays.com\/ie\/wp-json\/wp\/v2\/media?parent=101372"}],"wp:term":[{"taxonomy":"category","embeddable":true,"href":"https:\/\/www.europesays.com\/ie\/wp-json\/wp\/v2\/categories?post=101372"},{"taxonomy":"post_tag","embeddable":true,"href":"https:\/\/www.europesays.com\/ie\/wp-json\/wp\/v2\/tags?post=101372"}],"curies":[{"name":"wp","href":"https:\/\/api.w.org\/{rel}","templated":true}]}}