{"id":106090,"date":"2025-10-07T02:30:17","date_gmt":"2025-10-07T02:30:17","guid":{"rendered":"https:\/\/www.europesays.com\/ie\/106090\/"},"modified":"2025-10-07T02:30:17","modified_gmt":"2025-10-07T02:30:17","slug":"david-reidy-floored-by-galatasaray-act-as-eire-og-end-clare-famine","status":"publish","type":"post","link":"https:\/\/www.europesays.com\/ie\/106090\/","title":{"rendered":"David Reidy Floored By &#8216;Galatasaray&#8217; Act As \u00c9ire \u00d3g End Clare Famine"},"content":{"rendered":"<p>For thirteen years, David Reidy toiled with \u00c9ire \u00d3g Ennis, through ten quarter-finals, two semi-finals, and a county final defeat.\u00a0 On Sunday, he finally captained his club to the top of Clare hurling, ending a 35-year wait with victory over Clooney-Quin in the county final.<\/p>\n<p>Speaking to Balls on the Monday morning after \u00c9ire \u00d3g sit top of the pile, Reidy was still in high spirits, grinning from ear to ear and still processing the weight of what had happened as his group ushered in a new era of success for the club.<\/p>\n<blockquote>\n<p>I\u2019ve been on the \u00c9ire \u00d3g senior panel for the last thirteen, fourteen years and we\u2019ve gotten to ten quarter-finals, two semi-finals and now two finals and then to get over the line eventually.<\/p>\n<p>We lost in 2022 and the difference between 2022 and yesterday was the subs we brought on. We built a panel.<\/p>\n<p>None of us were born, I think Danny [Russell] was the only person who was born in 1990 when they won it. It\u2019s just been stories being told about a senior county championship and as players that wasn\u2019t the goal when we broke onto the senior team until the last three years.<\/p>\n<p>It\u2019s not built overnight, it\u2019s come over the last twelve, thirteen years so it has been a long time coming and it\u2019s a happy Monday today.<\/p>\n<\/blockquote>\n<p><strong>READ ALSO: <\/strong><a href=\"https:\/\/www.balls.ie\/gaa\/afl-star-return-tyrone-club-641538\" rel=\"nofollow noopener\" target=\"_blank\">Former All-Ireland Winner Makes Shock Return From AFL To Play For Tyrone Club<\/a><\/p>\n<p><strong>READ ALSO:\u00a0<\/strong><a href=\"https:\/\/www.balls.ie\/gaa\/pat-spillane-donegal-michael-murphy-641565\" rel=\"nofollow noopener\" target=\"_blank\">Pat Spillane Hammers Inclusion Of Donegal&#8217;s Michael Murphy On Award Shortlist<\/a><\/p>\n<p><strong>David Reidy Thrilled To Bring Good Times Back To \u00c9ire \u00d3g With Clare Title<\/strong><\/p>\n<p>Of course, this Clare title win does not just belong to the \u00c9ire \u00d3g players. It is also for the volunteers and supporters that have contributed so much in the over three decades since the club last reached this milestone.<\/p>\n<p>For the experienced Clare forward it was the reception back at the club that left the biggest mark.<\/p>\n<blockquote>\n<p>We went and had a quick bite to eat, a couple of pints, nothing too major and then it was back to the club.<\/p>\n<p>The crowds of old and young that greeted us at the club, it was like going back into Istanbul, Galatasaray, one of them places that just has flares going.<\/p>\n<p>Myself and Danny got off the bus lifting the cup and we couldn\u2019t breathe because of the smoke that was coming around us.<\/p>\n<p>The amount of support we had, it was grown men crying. It\u2019s hard to put into words and it probably won\u2019t sink in for another couple of days.<\/p>\n<\/blockquote>\n<p><img decoding=\"async\" loading=\"lazy\" height=\"1164\" width=\"991\" src=\"https:\/\/www.europesays.com\/ie\/wp-content\/uploads\/2025\/10\/039-it-was-like-galatasaray-039-david-reidy-blown-away-by-scenes-after-eacute-ire-oacute-g-end-c.jpg\" alt=\"\" class=\"size-full wp-image-641577 max-w-970 w-full\"\/><\/p>\n<p class=\"caption-text\"> 5 October 2025; \u00c9ire \u00d3g Ennis captain David Reidy lifts the Canon Hamilton Cup after his side&#8217;s victory in the Clare County Senior Club Hurling Championship final match between Clooney Quin and \u00c9ire \u00d3g Ennis at Zimmer Biomet P\u00e1irc Ch\u00edos\u00f3g in Ennis, Clare. Photo by Piaras \u00d3 M\u00eddheach\/Sportsfile<\/p>\n<p>They did manage to find a bit of time for some celebrating and it appears after 35 years of not having the Canon Hamilton cup in their possession, the Ennis people were a bit too keen to get their hands on the trophy.<\/p>\n<blockquote>\n<p>The cup kind of separated last night, we were celebrating hard last night but we found it early this morning. We\u2019re in Aylmers now at the moment, you\u2019re lucky you got me because if you left it another hour you might not have got me!<\/p>\n<p>We\u2019ll go down to PJ\u2019s, there\u2019s a couple of pubs in town, into The Diamond and back into Cruises tonight<\/p>\n<\/blockquote>\n<p>\n        Recommended\n    <\/p>\n<p>                        <a :href=\"https:\/\/www.balls.ie\/gaa\/article.url\" :title=\"article.title\" :aria-label=\"article.title\" class=\"not-prose col-span-2 md:col-span-1 ga-event\" data-category=\"Recommended Article Tracker\" data-action=\"click\" :data-label=\"https:\/\/www.balls.ie\/gaa\/article.url\" :data-value=\"https:\/\/www.balls.ie\/gaa\/article.url\"><\/p>\n<p>                                            <img class=\"aspect-video\" width=\"130\" height=\"73\" :src=\"https:\/\/www.balls.ie\/gaa\/article.image\" :alt=\"'Image for: ' + article.title\" loading=\"lazy\"\/><\/p>\n<p>                        <\/a><\/p>\n<p>This might not be the end of the success for \u00c9ire \u00d3g this season. The club will play in a Clare senior football decider this weekend, going for their fourth title in five seasons in that code.<\/p>\n<p>There\u2019s probably just a small bit more than half the squad there because there\u2019s a football championship that some of the lads have to go compete in next weekend.<\/p>\n<p>There\u2019s 12 between the two panels and obviously if one side of the house is winning it brings something into the other side.<\/p>\n<p>As for Reidy himself, this victory has also put a spanner in the works for his plans over the winter months. The Clare star had planned a holiday to Africa with his partner in November, a trip that will now have to be postponed as the club embark on what they hope will be a lengthy provincial campaign.<\/p>\n<p>Not that he minds all that much.<\/p>\n<blockquote>\n<p>I have to talk to my missus because we\u2019re supposed to be going to Morocco in the middle of November so I\u2019m going to have to cancel that! You can be sure I\u2019ll be playing Munster championship and cancelling the trip.<\/p>\n<p>If you told me at the start of the year that it was going to cost me a couple of grand out of the pocket and a trip gone to Morocco for the Canon Hamilton to stay in Ennis I would have bit your hand off, so that\u2019s only a small sacrifice and it\u2019s not just me sacrificing.<\/p>\n<p>The biggest thing is we\u2019ve five or six weeks before that one so we\u2019ll enjoy this one first.<\/p>\n<\/blockquote>\n<p><img decoding=\"async\" loading=\"lazy\" height=\"600\" width=\"991\" src=\"https:\/\/www.europesays.com\/ie\/wp-content\/uploads\/2025\/10\/1759804217_101_039-it-was-like-galatasaray-039-david-reidy-blown-away-by-scenes-after-eacute-ire-oacute-g-end-c.jpg\" alt=\"\" class=\"size-full wp-image-641581 max-w-970 w-full\"\/><\/p>\n<p class=\"caption-text\"> 5 October 2025; \u00c9ire \u00d3g Ennis celebrate after victory in the Clare County Senior Club Hurling Championship final match between Clooney Quin and \u00c9ire \u00d3g Ennis at Zimmer Biomet P\u00e1irc Ch\u00edos\u00f3g in Ennis, Clare. Photo by Piaras \u00d3 M\u00eddheach\/Sportsfile<\/p>\n<p>Reidy also reflected on the emotional build-up to the final and how the events of the previous weeks shaped what he said when lifting the Canon Hamilton Cup.<\/p>\n<p>\u00c9ire \u00d3g player Darren O&#8217;Brien lost his brother in the buildup to Sunday&#8217;s final, something that added to the emotion around the occasion for everybody involved.<\/p>\n<blockquote>\n<p>We had a media night on the Sunday and on the Monday I wrote the speech. I probably didn\u2019t tell anybody that I wrote it but I had it on the computer.<\/p>\n<p>On the Friday evening before the county final I wrote it out onto a page and I changed it slightly due to the circumstances of the last few weeks, the O\u2019Brien family lost, and Darren especially, lost a brother during the week which was hard to take.<\/p>\n<p>It was emotional for the \u00c9ire \u00d3g community so there was a couple of bits and pieces added into it.<\/p>\n<\/blockquote>\n<p>For David Reidy, it\u2019s more than just a medal or a cup. It\u2019s a moment thirteen years in the making and one that, flares and all, will never be forgotten.<\/p>\n<p>You get the sense that not many people associated with the \u00c9ire \u00d3g club will allow it to slip from their memory.<\/p>\n<p><strong>SEE ALSO: <a href=\"https:\/\/www.balls.ie\/gaa\/six-gaa-stars-failed-political-moves-641558\" rel=\"nofollow noopener\" target=\"_blank\">Seven GAA Stars Who Made Failed Moves Into The World Of Politics<\/a><\/strong><\/p>\n","protected":false},"excerpt":{"rendered":"For thirteen years, David Reidy toiled with \u00c9ire \u00d3g Ennis, through ten quarter-finals, two semi-finals, and a county&hellip;\n","protected":false},"author":2,"featured_media":106091,"comment_status":"","ping_status":"","sticky":false,"template":"","format":"standard","meta":{"footnotes":""},"categories":[3],"tags":[9,10,7486,18,13,14,6,19,17,11,12,15,16,5,7,8],"class_list":{"0":"post-106090","1":"post","2":"type-post","3":"status-publish","4":"format-standard","5":"has-post-thumbnail","7":"category-headlines","8":"tag-breaking-news","9":"tag-breakingnews","10":"tag-clare","11":"tag-eire","12":"tag-featured-news","13":"tag-featurednews","14":"tag-headlines","15":"tag-ie","16":"tag-ireland","17":"tag-latest-news","18":"tag-latestnews","19":"tag-main-news","20":"tag-mainnews","21":"tag-news","22":"tag-top-stories","23":"tag-topstories"},"share_on_mastodon":{"url":"","error":""},"_links":{"self":[{"href":"https:\/\/www.europesays.com\/ie\/wp-json\/wp\/v2\/posts\/106090","targetHints":{"allow":["GET"]}}],"collection":[{"href":"https:\/\/www.europesays.com\/ie\/wp-json\/wp\/v2\/posts"}],"about":[{"href":"https:\/\/www.europesays.com\/ie\/wp-json\/wp\/v2\/types\/post"}],"author":[{"embeddable":true,"href":"https:\/\/www.europesays.com\/ie\/wp-json\/wp\/v2\/users\/2"}],"replies":[{"embeddable":true,"href":"https:\/\/www.europesays.com\/ie\/wp-json\/wp\/v2\/comments?post=106090"}],"version-history":[{"count":0,"href":"https:\/\/www.europesays.com\/ie\/wp-json\/wp\/v2\/posts\/106090\/revisions"}],"wp:featuredmedia":[{"embeddable":true,"href":"https:\/\/www.europesays.com\/ie\/wp-json\/wp\/v2\/media\/106091"}],"wp:attachment":[{"href":"https:\/\/www.europesays.com\/ie\/wp-json\/wp\/v2\/media?parent=106090"}],"wp:term":[{"taxonomy":"category","embeddable":true,"href":"https:\/\/www.europesays.com\/ie\/wp-json\/wp\/v2\/categories?post=106090"},{"taxonomy":"post_tag","embeddable":true,"href":"https:\/\/www.europesays.com\/ie\/wp-json\/wp\/v2\/tags?post=106090"}],"curies":[{"name":"wp","href":"https:\/\/api.w.org\/{rel}","templated":true}]}}