{"id":108342,"date":"2025-10-08T08:06:07","date_gmt":"2025-10-08T08:06:07","guid":{"rendered":"https:\/\/www.europesays.com\/ie\/108342\/"},"modified":"2025-10-08T08:06:07","modified_gmt":"2025-10-08T08:06:07","slug":"maria-steen-calls-for-election-to-be-cancelled-martin-faces-ff-grilling-the-irish-times","status":"publish","type":"post","link":"https:\/\/www.europesays.com\/ie\/108342\/","title":{"rendered":"Maria Steen calls for election to be cancelled; Martin faces FF grilling \u2013 The Irish Times"},"content":{"rendered":"<p>Key Reads <\/p>\n<p>\u00d3rla  Ryan &#8211; 10 minutes ago<\/p>\n<p class=\"c-paragraph free \">In advance of Fianna F\u00e1il\u2019s parliamentary party meeting on Wednesday evening, a party source said Oireachtas members expect \u201ca commitment to a full report on how the vetting process happened, who met Jim Gavin, what was asked, and what answers were provided\u201d. <\/p>\n<p class=\"c-paragraph free b-it-article-body__text--left\">They added that this report <a href=\"https:\/\/www.irishtimes.com\/politics\/2025\/10\/08\/ff-politicians-to-demand-answers-from-micheal-martin-on-jim-gavins-campaign-implosion\/\" target=\"_self\" rel=\"nofollow noopener\" title=\"https:\/\/www.irishtimes.com\/politics\/2025\/10\/08\/ff-politicians-to-demand-answers-from-micheal-martin-on-jim-gavins-campaign-implosion\/\">should be delivered swiftly<\/a>, <b>Cormac McQuinn <\/b>and <b>Ellen Coyne <\/b>write.<\/p>\n<p class=\"c-paragraph free \">Another source said a review could be perceived as the issue being \u201ckicked down the road\u201d and some in the party will want answers tonight.<\/p>\n<p>\u00d3rla  Ryan &#8211; 25 minutes ago<\/p>\n<p class=\"c-paragraph free \">Housing Minister James Browne has told RT\u00c9 Radio 1\u2019s Morning Ireland that Miche\u00e1l Martin\u2019s leadership of Fianna F\u00e1il is \u201cabsolutely not\u201d under threat after Jim Gavin\u2019s failed election campaign. <\/p>\n<p class=\"c-paragraph free \">The disastrous campaign &#8211; which saw Mr Gavin pulling out of the race on Sunday night after it emerged he owed a former tenant \u20ac3,300 &#8211; will be discussed at a Fianna F\u00e1il parliamentary party meeting at Leinster House this evening.<\/p>\n<p>\u00d3rla  Ryan &#8211; 45 minutes ago<\/p>\n<p class=\"c-paragraph free \">What does Jim Gavin\u2019s decision to end his campaign mean for this presidential race \u2013 and future ones? <\/p>\n<p class=\"c-paragraph free b-it-article-body__text--left\">Analysts are debating what the typical Fianna F\u00e1il voter is likely to do and <a href=\"https:\/\/www.irishtimes.com\/politics\/2025\/10\/07\/what-does-jim-gavins-withdrawal-mean-for-this-presidential-race-and-future-ones\/\" target=\"_self\" rel=\"nofollow noopener\" title=\"https:\/\/www.irishtimes.com\/politics\/2025\/10\/07\/what-does-jim-gavins-withdrawal-mean-for-this-presidential-race-and-future-ones\/\">what this all means for the left-right political divide<\/a>, <b>Paul Colgan<\/b> writes.<\/p>\n<p class=\"c-paragraph free \">\u201cThis is good news for Catherine Connolly,\u201d said Eoin O\u2019Malley, associate professor in political science at Dublin City University, of the Independent TD and left-wing candidate, one of only two now running for the \u00c1ras.<\/p>\n<p class=\"c-paragraph free \">\u201cIt is likely to further suppress the vote on the Government side. More Fianna F\u00e1il people are likely to stay at home, there will be fewer votes going around \u2013 and [that will] ultimately make it harder for Heather Humphreys to win.\u201d<\/p>\n<p class=\"c-paragraph free \">Aidan Regan, professor of political economy at University College Dublin, agreed that Connolly has been boosted by Gavin\u2019s decision. He said the Fianna F\u00e1il vote could easily splinter in a number of ways.<\/p>\n<p class=\"c-paragraph free b-it-article-body__text--left\">Maria Steen has called for the presidential election <a href=\"https:\/\/www.irishtimes.com\/politics\/2025\/10\/07\/maria-steen-calls-for-presidential-election-to-be-cancelled-over-jim-gavins-departure\/\" target=\"_self\" rel=\"nofollow noopener\" title=\"https:\/\/www.irishtimes.com\/politics\/2025\/10\/07\/maria-steen-calls-for-presidential-election-to-be-cancelled-over-jim-gavins-departure\/\">to be cancelled and run again<\/a>, claiming its political legitimacy has been \u201cfurther undermined\u201d by Fianna F\u00e1il candidate Jim Gavin ending his campaign,<b> Ellen Coyne<\/b> reports.<\/p>\n<p class=\"c-paragraph free \">Ms Steen, a conservative campaigner who had tried to run as an Independent candidate, missed out on a place on the ballot paper after securing 18 of the required 20 signatures from TDs and Senators before the deadline for nominations.<\/p>\n<p class=\"c-paragraph free \">\u201cDemocracy is supposed to mean that the people get to decide. The political legitimacy of the presidential election was already in doubt due to the closing of ranks by the major parties, which prevented any Independent candidate from making it as far as the ballot,\u201d Ms Steen said.<\/p>\n<p class=\"c-paragraph free \">\u201cIt has now been further undermined by the dramatic implosion of the Fianna F\u00e1il-backed candidacy of Jim Gavin. As a result, the public is left with very little choice, and a large constituency feels totally unrepresented.\u201d<\/p>\n<p class=\"c-paragraph free b-it-article-body__text--left\">If you\u2019re looking to keep up to date with all the latest Budget 2026 developments, we have another <a href=\"https:\/\/www.irishtimes.com\/business\/economy\/2025\/10\/08\/budget-2026-live-little-for-middle-income-earners-without-cash-giveaways-and-tax-changes\/\" target=\"_self\" rel=\"nofollow noopener\" title=\"https:\/\/www.irishtimes.com\/business\/economy\/2025\/10\/08\/budget-2026-live-little-for-middle-income-earners-without-cash-giveaways-and-tax-changes\/\">live story here<\/a>. <\/p>\n<p class=\"c-paragraph free b-it-article-body__text--left\">If you have any questions about how the budget will affect you, our experts are <a href=\"https:\/\/www.irishtimes.com\/your-money\/2025\/10\/06\/your-budget-2026-questions-answered\/\" target=\"_self\" rel=\"nofollow noopener\" title=\"https:\/\/www.irishtimes.com\/your-money\/2025\/10\/06\/your-budget-2026-questions-answered\/\">answering your questions live<\/a>.<\/p>\n<p class=\"c-paragraph free \">Several Fianna F\u00e1il members have made their feelings known about Jim Gavin\u2019s departure from the presidential race.<\/p>\n<p class=\"c-paragraph free b-it-article-body__text--left\">Backbencher TD James O\u2019Connor <a href=\"https:\/\/www.irishtimes.com\/politics\/2025\/10\/07\/fianna-fail-td-harshly-criticises-leadership-for-unceremonious-dumping-of-jim-gavin\/\" target=\"_self\" rel=\"nofollow noopener\" title=\"https:\/\/www.irishtimes.com\/politics\/2025\/10\/07\/fianna-fail-td-harshly-criticises-leadership-for-unceremonious-dumping-of-jim-gavin\/\">accused<\/a> Miche\u00e1l Martin and Minister for Public Expenditure Jack Chambers of \u201cthe most unceremonious dumping on a party candidate in modern Irish political history\u201d.<\/p>\n<p class=\"c-paragraph free \">He said Mr Gavin \u201cshould never have found himself on the ballot paper\u201d.<\/p>\n<p class=\"c-paragraph free b-it-article-body__text--left\">Former minister \u00c9amon \u00d3 Cu\u00edv said it is \u201c<a href=\"https:\/\/www.irishtimes.com\/politics\/2025\/10\/07\/presidential-race-updates-jim-gavin-fallout\/\" target=\"_self\" rel=\"nofollow noopener\" title=\"https:\/\/www.irishtimes.com\/politics\/2025\/10\/07\/presidential-race-updates-jim-gavin-fallout\/\">highly unlikely<\/a>\u201d that Mr Martin will lead the party into the next general election.<\/p>\n<p class=\"c-paragraph free b-it-article-body__text--left\">Fianna F\u00e1il politicians will demand answers from Taoiseach Miche\u00e1l Martin on the implosion of Jim Gavin\u2019s presidential campaign during a tense <a href=\"https:\/\/www.irishtimes.com\/politics\/2025\/10\/08\/ff-politicians-to-demand-answers-from-micheal-martin-on-jim-gavins-campaign-implosion\/\" target=\"_self\" rel=\"nofollow noopener\" title=\"https:\/\/www.irishtimes.com\/politics\/2025\/10\/08\/ff-politicians-to-demand-answers-from-micheal-martin-on-jim-gavins-campaign-implosion\/\">showdown meeting on Wednesday evening<\/a>.<\/p>\n<p class=\"c-paragraph free b-it-article-body__text--left\">There is anger and disappointment within Fianna F\u00e1il that it no longer has a candidate in the race, about how Mr Gavin was selected and about a vetting process that did not uncover a dispute he had with a former tenant, <b>Cormac McQuinn<\/b> and <b>Ellen Coyne<\/b> write.<\/p>\n<p class=\"c-paragraph free \">Former Dublin football manager Mr Gavin ended his presidential campaign on Sunday night amid the controversy over his time as a landlord in the late 2000s.<\/p>\n<p class=\"c-paragraph free \">He was party leader Mr Martin\u2019s preferred choice to be Fianna F\u00e1il\u2019s candidate.<\/p>\n<p class=\"c-paragraph free \">Good morning. <\/p>\n<p class=\"c-paragraph free \">As we enter into another day of the presidential election campaign, here is a round-up of what you need to know this Wednesday: <\/p>\n<ul class=\"c-unordered-list \">\n<li class=\"c-list-item \">The Taoiseach is to <a href=\"https:\/\/www.irishtimes.com\/politics\/2025\/10\/08\/ff-politicians-to-demand-answers-from-micheal-martin-on-jim-gavins-campaign-implosion\/\" target=\"_self\" rel=\"nofollow noopener\" title=\"https:\/\/www.irishtimes.com\/politics\/2025\/10\/08\/ff-politicians-to-demand-answers-from-micheal-martin-on-jim-gavins-campaign-implosion\/\">face questions<\/a> from Fianna F\u00e1il members over Jim Gavin\u2019s failed presidential election campaign.<\/li>\n<li class=\"c-list-item \">Fianna F\u00e1il TD James O\u2019Connor has <a href=\"https:\/\/www.irishtimes.com\/politics\/2025\/10\/07\/fianna-fail-td-harshly-criticises-leadership-for-unceremonious-dumping-of-jim-gavin\/\" target=\"_self\" rel=\"nofollow noopener\" title=\"https:\/\/www.irishtimes.com\/politics\/2025\/10\/07\/fianna-fail-td-harshly-criticises-leadership-for-unceremonious-dumping-of-jim-gavin\/\">accused<\/a> Miche\u00e1l Martin and Minister for Public Expenditure Jack Chambers of \u201cthe most unceremonious dumping on a party candidate in modern Irish political history\u201d.<\/li>\n<li class=\"c-list-item \">\u00c9amon \u00d3 Cu\u00edv said it is \u201c<a href=\"https:\/\/www.irishtimes.com\/politics\/2025\/10\/07\/presidential-race-updates-jim-gavin-fallout\/\" target=\"_self\" rel=\"nofollow noopener\" title=\"https:\/\/www.irishtimes.com\/politics\/2025\/10\/07\/presidential-race-updates-jim-gavin-fallout\/\">highly unlikely<\/a>\u201d that Martin will lead the party into the next general election.<\/li>\n<li class=\"c-list-item \">Maria Steen has called for the presidential election <a href=\"https:\/\/www.irishtimes.com\/politics\/2025\/10\/07\/maria-steen-calls-for-presidential-election-to-be-cancelled-over-jim-gavins-departure\/\" target=\"_self\" rel=\"nofollow noopener\" title=\"https:\/\/www.irishtimes.com\/politics\/2025\/10\/07\/maria-steen-calls-for-presidential-election-to-be-cancelled-over-jim-gavins-departure\/\">to be cancelled<\/a> over Jim Gavin\u2019s departure.<\/li>\n<\/ul>\n","protected":false},"excerpt":{"rendered":"Key Reads \u00d3rla Ryan &#8211; 10 minutes ago In advance of Fianna F\u00e1il\u2019s parliamentary party meeting on Wednesday&hellip;\n","protected":false},"author":2,"featured_media":108343,"comment_status":"","ping_status":"","sticky":false,"template":"","format":"standard","meta":{"footnotes":""},"categories":[40],"tags":[9,10,1921,18,13,14,4771,553,6,555,19,17,19487,11,12,15,16,5765,5,59,7,8],"class_list":{"0":"post-108342","1":"post","2":"type-post","3":"status-publish","4":"format-standard","5":"has-post-thumbnail","7":"category-ireland","8":"tag-breaking-news","9":"tag-breakingnews","10":"tag-catherine-connolly","11":"tag-eire","12":"tag-featured-news","13":"tag-featurednews","14":"tag-fianna-fail","15":"tag-fine-gael","16":"tag-headlines","17":"tag-heather-humphreys","18":"tag-ie","19":"tag-ireland","20":"tag-jim-gavin","21":"tag-latest-news","22":"tag-latestnews","23":"tag-main-news","24":"tag-mainnews","25":"tag-micheal-martin","26":"tag-news","27":"tag-presidential-election","28":"tag-top-stories","29":"tag-topstories"},"share_on_mastodon":{"url":"","error":""},"_links":{"self":[{"href":"https:\/\/www.europesays.com\/ie\/wp-json\/wp\/v2\/posts\/108342","targetHints":{"allow":["GET"]}}],"collection":[{"href":"https:\/\/www.europesays.com\/ie\/wp-json\/wp\/v2\/posts"}],"about":[{"href":"https:\/\/www.europesays.com\/ie\/wp-json\/wp\/v2\/types\/post"}],"author":[{"embeddable":true,"href":"https:\/\/www.europesays.com\/ie\/wp-json\/wp\/v2\/users\/2"}],"replies":[{"embeddable":true,"href":"https:\/\/www.europesays.com\/ie\/wp-json\/wp\/v2\/comments?post=108342"}],"version-history":[{"count":0,"href":"https:\/\/www.europesays.com\/ie\/wp-json\/wp\/v2\/posts\/108342\/revisions"}],"wp:featuredmedia":[{"embeddable":true,"href":"https:\/\/www.europesays.com\/ie\/wp-json\/wp\/v2\/media\/108343"}],"wp:attachment":[{"href":"https:\/\/www.europesays.com\/ie\/wp-json\/wp\/v2\/media?parent=108342"}],"wp:term":[{"taxonomy":"category","embeddable":true,"href":"https:\/\/www.europesays.com\/ie\/wp-json\/wp\/v2\/categories?post=108342"},{"taxonomy":"post_tag","embeddable":true,"href":"https:\/\/www.europesays.com\/ie\/wp-json\/wp\/v2\/tags?post=108342"}],"curies":[{"name":"wp","href":"https:\/\/api.w.org\/{rel}","templated":true}]}}