{"id":10835,"date":"2025-08-20T04:56:12","date_gmt":"2025-08-20T04:56:12","guid":{"rendered":"https:\/\/www.europesays.com\/ie\/10835\/"},"modified":"2025-08-20T04:56:12","modified_gmt":"2025-08-20T04:56:12","slug":"ombudsman-launches-investigation-after-man-51-dies-following-gardai-interaction","status":"publish","type":"post","link":"https:\/\/www.europesays.com\/ie\/10835\/","title":{"rendered":"Ombudsman launches investigation after man, 51, dies following garda\u00ed interaction"},"content":{"rendered":"<p>A 51-year-old man has died after he suffered serious injuries following an interaction with garda\u00ed in Dublin city centre.<\/p>\n<p>Fiosr\u00fa announced this week that it was investigating the incident which took place near the Holiday Inn on O&#8217;Connell Street after the man <a target=\"_blank\" rel=\"noopener noreferrer nofollow\" href=\"https:\/\/www.irishexaminer.com\/news\/arid-41689734.html\">interacted with an on-duty Garda<\/a>.<\/p>\n<p class=\"\">It said the incident involved the serious harm of a 51-year-old man, who has since died.<\/p>\n<p class=\"\">Fiosr\u00fa said in a statement: &#8220;The man has now died and Fiosr\u00fa have been liaising with the Dublin City Coroner and the Office of the State Pathologist in relation to a post mortem.&#8221;<\/p>\n<p class=\"\">The incident was referred to Fiosr\u00fa by An Garda S\u00edoch\u00e1na on Friday, 15 August 2025.\u00a0<\/p>\n<p class=\"\">The police ombudsman said it has commenced a criminal investigation into the incident pursuant to section 208(1)(b) of the Policing, Security and Community Safety Act, 2024.<\/p>\n<p class=\"\">It has also issued a renewed appeal for witnesses to the incident.<\/p>\n<p class=\"\">&#8220;Fiosr\u00fa thanks members of the public who have already provided information on the incident and is again appealing for any witnesses to this incident to come forward,&#8221; it said. &#8220;It is vital to the investigation that any persons who witnessed this serious incident contact Fiosr\u00fa.<\/p>\n<p class=\"\">&#8220;Fiosr\u00fa would like to hear from anyone who was in the vicinity of the Holiday Inn, O\u2019Connell Street, Dublin 1, D01 T2X2 at approximately 4.15am on Friday, 15 August 2025, or any passing vehicles, including taxis that may have dashcam footage from that location and \/or on a mobile device.<\/p>\n<p class=\"\">&#8220;Anyone with information which may be of assistance to this independent investigation is asked to contact Fiosr\u00fa at 0818 600 800 or info@fiosr\u00fa.ie.&#8221;<\/p>\n<p class=\"\">Fiosr\u00fa added that the investigation team and a family liaison officer will continue to liaise directly with the man\u2019s family.<\/p>\n<p class=\"\">The referral of this incident was made by An Garda S\u00edoch\u00e1na and one of Fiosr\u00fa\u2019s on-call team of investigators attended the scene.<\/p>\n","protected":false},"excerpt":{"rendered":"A 51-year-old man has died after he suffered serious injuries following an interaction with garda\u00ed in Dublin city&hellip;\n","protected":false},"author":2,"featured_media":10836,"comment_status":"","ping_status":"","sticky":false,"template":"","format":"standard","meta":{"footnotes":""},"categories":[40],"tags":[9,10,1201,18,13,14,6,19,17,11,12,15,16,5,1202,7,8],"class_list":{"0":"post-10835","1":"post","2":"type-post","3":"status-publish","4":"format-standard","5":"has-post-thumbnail","7":"category-ireland","8":"tag-breaking-news","9":"tag-breakingnews","10":"tag-court-and-crime","11":"tag-eire","12":"tag-featured-news","13":"tag-featurednews","14":"tag-headlines","15":"tag-ie","16":"tag-ireland","17":"tag-latest-news","18":"tag-latestnews","19":"tag-main-news","20":"tag-mainnews","21":"tag-news","22":"tag-politics-and-analysis","23":"tag-top-stories","24":"tag-topstories"},"share_on_mastodon":{"url":"","error":""},"_links":{"self":[{"href":"https:\/\/www.europesays.com\/ie\/wp-json\/wp\/v2\/posts\/10835","targetHints":{"allow":["GET"]}}],"collection":[{"href":"https:\/\/www.europesays.com\/ie\/wp-json\/wp\/v2\/posts"}],"about":[{"href":"https:\/\/www.europesays.com\/ie\/wp-json\/wp\/v2\/types\/post"}],"author":[{"embeddable":true,"href":"https:\/\/www.europesays.com\/ie\/wp-json\/wp\/v2\/users\/2"}],"replies":[{"embeddable":true,"href":"https:\/\/www.europesays.com\/ie\/wp-json\/wp\/v2\/comments?post=10835"}],"version-history":[{"count":0,"href":"https:\/\/www.europesays.com\/ie\/wp-json\/wp\/v2\/posts\/10835\/revisions"}],"wp:featuredmedia":[{"embeddable":true,"href":"https:\/\/www.europesays.com\/ie\/wp-json\/wp\/v2\/media\/10836"}],"wp:attachment":[{"href":"https:\/\/www.europesays.com\/ie\/wp-json\/wp\/v2\/media?parent=10835"}],"wp:term":[{"taxonomy":"category","embeddable":true,"href":"https:\/\/www.europesays.com\/ie\/wp-json\/wp\/v2\/categories?post=10835"},{"taxonomy":"post_tag","embeddable":true,"href":"https:\/\/www.europesays.com\/ie\/wp-json\/wp\/v2\/tags?post=10835"}],"curies":[{"name":"wp","href":"https:\/\/api.w.org\/{rel}","templated":true}]}}