{"id":108626,"date":"2025-10-08T11:07:11","date_gmt":"2025-10-08T11:07:11","guid":{"rendered":"https:\/\/www.europesays.com\/ie\/108626\/"},"modified":"2025-10-08T11:07:11","modified_gmt":"2025-10-08T11:07:11","slug":"manchan-magan-was-a-great-man-for-a-video-message-youd-never-know-what-you-might-get-the-irish-times","status":"publish","type":"post","link":"https:\/\/www.europesays.com\/ie\/108626\/","title":{"rendered":"Manch\u00e1n Magan was a great man for a video message. You\u2019d never know what you might get \u2013 The Irish Times"},"content":{"rendered":"<p class=\"c-paragraph paywall b-it-article-body__text--left\">Two years ago, <a href=\"https:\/\/www.irishtimes.com\/tags\/manchan-magan\/\" target=\"_self\" rel=\"nofollow noopener\" title=\"https:\/\/www.irishtimes.com\/tags\/manchan-magan\/\">Manch\u00e1n Magan<\/a> and I sat on a bench in Merrion Square as he told me about his wish to \u201creanimate\u201d the world. <\/p>\n<p class=\"c-paragraph paywall \">He said he wanted to spend his life reminding people about the energy that connects them to their bodies, their minds and the land. <\/p>\n<p class=\"c-paragraph paywall \">He spoke of \u201canimism\u201d, the idea that every rock and flower and branch and rainbow has a vibrating spirit or energy beyond and above what is human. <\/p>\n<p class=\"c-paragraph paywall \">\u201cI want us to remember that spirit within ourselves and within all things,\u201d he said. \u201cIt makes life so much more enjoyable and rich and magical, and ensures that we treat each other and our environment with more love and respect and care.\u201d<\/p>\n<p class=\"c-paragraph paywall \">I was interviewing Manch\u00e1n for this newspaper on the publication of his latest book. It was another delightful encounter with a man I had admired for years, bumping into him at writing festivals or at the Electric Picnic or around Dublin town. Each meeting was a pleasure. He never minded me trying out my terrible Irish on him. <\/p>\n<p class=\"c-paragraph paywall \">I loved hearing his esoteric stories. He had an innocence, a twinkle. He fairly thrummed with goodness. <\/p>\n<p class=\"c-paragraph paywall b-it-article-body__text--left\">As everybody has been saying since his spirit left his body, there was nobody else like Manch\u00e1n. He was both otherwordly and earthy, a sprite of a man firmly embedded in the here and now. <\/p>\n<p class=\"c-paragraph paywall \">There was nothing preachy about how he imparted his knowledge of folklore, of indigenous cultures, of nature. He was gentle and joyful and unashamedly spiritual. <\/p>\n<p class=\"c-paragraph b-it-article-body__interstitial-link\">[\u00a0<a aria-label=\"Open related story\" class=\"c-link\" href=\"https:\/\/www.irishtimes.com\/culture\/2025\/10\/03\/manchan-magan-president-michael-d-higgins-leads-tributes-to-writer-and-documentary-maker-who-has-died-aged-55\/\" rel=\"noreferrer nofollow noopener\" target=\"_blank\">Manch\u00e1n Magan: Tributes to writer and documentary maker who has died aged 55Opens in new window<\/a>\u00a0]<\/p>\n<p><img decoding=\"async\" data-chromatic=\"ignore\" alt=\"We struck up an intimate friendship that played out in voice notes and video messages and too-rare but always fortifying real-life gatherings. Photograph: Alan Betson\" class=\"c-image\" loading=\"lazy\" src=\"https:\/\/www.europesays.com\/ie\/wp-content\/uploads\/2025\/10\/KCNX22B5WZIXHIGQBP4IJYMX3E.jpg\"   width=\"800\" height=\"532\"\/>We struck up an intimate friendship that played out in voice notes and video messages and too-rare but always fortifying real-life gatherings. Photograph: Alan Betson <\/p>\n<p class=\"c-paragraph paywall \">He was also a dream interviewee. There were no dud sentences when Manch\u00e1n spoke. I remember how enjoyable it was to write up that interview, his eloquence making it so easy. I recall desperately wanting to find the right words to sum him up. In the final paragraph I described him as one of those \u201cbright, rejuvenating people \u2026 a beacon of love, courage and curiosity\u201d. <\/p>\n<p class=\"c-paragraph paywall \">I wrote that after time spent with Manch\u00e1n, you felt better about all that might be ailing you. <\/p>\n<p class=\"c-paragraph paywall \">Neither of us knew as we sat on that bench in Merrion Square that something serious was ailing both of us. We were diagnosed not too long afterwards. I heard of his prostate cancer from a mutual friend, just as I was reeling from news of the breast cancer that had spread to my bones. I texted him in solidarity. We struck up an intimate friendship that played out in voice notes and video messages and too-rare but always fortifying real-life gatherings. <\/p>\n<p class=\"c-paragraph paywall b-it-article-body__text--left\">Manch\u00e1n was a great man for a video message. You\u2019d never know what you might get. There\u2019d be news of the pigs on his <a href=\"https:\/\/www.irishtimes.com\/tags\/westmeath\/\" target=\"_self\" rel=\"nofollow noopener\" title=\"https:\/\/www.irishtimes.com\/tags\/westmeath\/\">Westmeath<\/a> farm or of a thrifted tweed jacket keeping him cosy on a windswept beach and one time, an exciting dispatch from a noisy square in Mexico City. <\/p>\n<p class=\"c-paragraph paywall \">The messages arrived in a lyrical mix of English and Irish. He shared health updates and life happenings. We felt the same about our illnesses. We didn\u2019t want pity or head-tilts or cures or blessings. We wanted to live with our health challenges, not be defined by them.<\/p>\n<p class=\"c-paragraph paywall \">I\u2019ve thought a lot about the gifts that can come with a serious medical diagnosis. One of the most precious gifts cancer has given me is a deep friendship with this extraordinary Irish man. I was keenly aware of how fortunate I was to have him in my life. I\u2019d play Manch\u00e1n\u2019s messages to my husband, who was equally charmed by his wit, generosity, compassion and wisdom. <\/p>\n<p class=\"c-paragraph b-it-article-body__interstitial-link\">[\u00a0<a aria-label=\"Open related story\" class=\"c-link\" href=\"https:\/\/www.irishtimes.com\/life-style\/people\/2025\/10\/03\/tributes-to-manchan-magan-he-arrived-in-this-life-like-a-comet-ablaze-with-purpose\/\" rel=\"noreferrer nofollow noopener\" target=\"_blank\">Manch\u00e1n Magan tributes: \u2018He arrived in this life like a comet, ablaze with purpose\u2019Opens in new window<\/a>\u00a0]<\/p>\n<p><img decoding=\"async\" data-chromatic=\"ignore\" alt=\"He has me fully convinced that we will see him again: reanimated in rocks and flowers and rainbows\" class=\"c-image\" loading=\"lazy\" src=\"https:\/\/www.europesays.com\/ie\/wp-content\/uploads\/2025\/10\/I2NY7R63Z56F4UEJOLKZG5IBJU.jpg\"   width=\"800\" height=\"533\"\/>He has me fully convinced that we will see him again: reanimated in rocks and flowers and rainbows <\/p>\n<p class=\"c-paragraph paywall \">The voice note Manch\u00e1n sent last August to let me know his doctors had found more cancer in more parts of his body came as a shock. As he said in that typically upbeat message, this was not how it was supposed to go. Of the two of us, I was the one that we assumed was more riddled. (It was a relief that we could joke like this. We were not precious about each other\u2019s predicaments.) <\/p>\n<p class=\"c-paragraph paywall \">I\u2019ve cried a lot these past few weeks. But I am so grateful that I got to say goodbye to Manch\u00e1n in person, to laugh with him one last time, to hold his hand and witness the love and care between himself and his brilliant wife Aisling. <\/p>\n<p class=\"c-paragraph paywall \">Since he left, I\u2019ve been going through our messages, remembering how he made me smile and feel and think. I\u2019ve been reading all the beautiful tributes online, in awe of how many lives he touched and his vast cultural legacy.<\/p>\n<p class=\"c-paragraph paywall \">I\u2019ve been listening back to the audio of that Merrion Square interview. Near the end of our conversation, Manch\u00e1n questioned how long his success and popularity, both of which came as a surprise to him, would last. \u201cI\u2019ll probably have a year and a half and then I\u2019ll either move on or be cancelled,\u201d he said.<\/p>\n<p class=\"c-paragraph paywall \">Now Manch\u00e1n has moved on. We will miss him terribly. And yet he has me fully convinced that we will see him again: reanimated in rocks and flowers and rainbows. Vibrating in the wind and in the trees. Eloquently urging us, as he always did, to connect to the true spirit and energy in ourselves and in all things. <\/p>\n<p class=\"c-paragraph paywall \">Go raibh maith agat, Manch\u00e1n, mo chara. Agus gr\u00e1 m\u00f3r.<\/p>\n","protected":false},"excerpt":{"rendered":"Two years ago, Manch\u00e1n Magan and I sat on a bench in Merrion Square as he told me&hellip;\n","protected":false},"author":2,"featured_media":108627,"comment_status":"","ping_status":"","sticky":false,"template":"","format":"standard","meta":{"footnotes":""},"categories":[3],"tags":[9,10,18,13,14,6,19,17,11,12,15,16,49976,5,48012,7,8],"class_list":{"0":"post-108626","1":"post","2":"type-post","3":"status-publish","4":"format-standard","5":"has-post-thumbnail","7":"category-headlines","8":"tag-breaking-news","9":"tag-breakingnews","10":"tag-eire","11":"tag-featured-news","12":"tag-featurednews","13":"tag-headlines","14":"tag-ie","15":"tag-ireland","16":"tag-latest-news","17":"tag-latestnews","18":"tag-main-news","19":"tag-mainnews","20":"tag-manchan-magan","21":"tag-news","22":"tag-roisin-ingle","23":"tag-top-stories","24":"tag-topstories"},"share_on_mastodon":{"url":"","error":""},"_links":{"self":[{"href":"https:\/\/www.europesays.com\/ie\/wp-json\/wp\/v2\/posts\/108626","targetHints":{"allow":["GET"]}}],"collection":[{"href":"https:\/\/www.europesays.com\/ie\/wp-json\/wp\/v2\/posts"}],"about":[{"href":"https:\/\/www.europesays.com\/ie\/wp-json\/wp\/v2\/types\/post"}],"author":[{"embeddable":true,"href":"https:\/\/www.europesays.com\/ie\/wp-json\/wp\/v2\/users\/2"}],"replies":[{"embeddable":true,"href":"https:\/\/www.europesays.com\/ie\/wp-json\/wp\/v2\/comments?post=108626"}],"version-history":[{"count":0,"href":"https:\/\/www.europesays.com\/ie\/wp-json\/wp\/v2\/posts\/108626\/revisions"}],"wp:featuredmedia":[{"embeddable":true,"href":"https:\/\/www.europesays.com\/ie\/wp-json\/wp\/v2\/media\/108627"}],"wp:attachment":[{"href":"https:\/\/www.europesays.com\/ie\/wp-json\/wp\/v2\/media?parent=108626"}],"wp:term":[{"taxonomy":"category","embeddable":true,"href":"https:\/\/www.europesays.com\/ie\/wp-json\/wp\/v2\/categories?post=108626"},{"taxonomy":"post_tag","embeddable":true,"href":"https:\/\/www.europesays.com\/ie\/wp-json\/wp\/v2\/tags?post=108626"}],"curies":[{"name":"wp","href":"https:\/\/api.w.org\/{rel}","templated":true}]}}