{"id":108684,"date":"2025-10-08T11:43:05","date_gmt":"2025-10-08T11:43:05","guid":{"rendered":"https:\/\/www.europesays.com\/ie\/108684\/"},"modified":"2025-10-08T11:43:05","modified_gmt":"2025-10-08T11:43:05","slug":"co-host-of-sunday-world-podcast-speaks-about-being-the-tenant-in-the-jim-gavin-case-the-journal","status":"publish","type":"post","link":"https:\/\/www.europesays.com\/ie\/108684\/","title":{"rendered":"Co-host of Sunday World podcast speaks about being the tenant in the Jim Gavin case &#8211; The Journal"},"content":{"rendered":"<ol>\n<li><a href=\"https:\/\/news.google.com\/rss\/articles\/CBMiswFBVV95cUxPTldkR1JjRHY0Wko5Ti1GeVU3cjRfbE5seXZpWVBzWFFyU2tsX1NCdHFfLW5SenNtYzh6SXlmZnN0ZzlpeEVuLVloQ082aXhJb3ZraFhpOVNPWUw4Zm0tVEJiRzBuSkNiX3dJR0JvM1FrYUFlMlJ4aHpLcGpGdm1FUng3SmVGb2d3Q3pWcjB4ODRWN24wYm1WWVBJUUJGUnMwVml2VHdBNHpGdjgwdlk4VDlzTQ?oc=5\" target=\"_blank\" rel=\"nofollow noopener\">Co-host of Sunday World podcast speaks about being the tenant in the Jim Gavin case<\/a>&nbsp;&nbsp;The Journal<\/li>\n<li><a href=\"https:\/\/news.google.com\/rss\/articles\/CBMiekFVX3lxTE1tSDJRT3pGUTBibGtvM3JtS3NaemdUV3otZHp2dS16aFhaWW9OdTIxOWVqMWstZ3g4YnZ6X0lsSDFZOWNGUHFaSWZVWk8zUHlHMmhtOWgtRU82YzBfUFRyWGpXalBFQmhvY3pkUGhKd2FpWWU3ZWotRnFB?oc=5\" target=\"_blank\" rel=\"nofollow noopener\">Ex-tenant owed \u20ac3,300 by Jim Gavin &#8216;felt sorry for him&#8217;<\/a>&nbsp;&nbsp;RTE.ie<\/li>\n<li><a href=\"https:\/\/news.google.com\/rss\/articles\/CBMitwFBVV95cUxPbjZxNVMzM0VFdkg4b1lnWEh6TXkxY2p4RmRvWWF6SDJvWEt5WExkVW1Ld3g0UTlpYXNzYkFfRVpkV1FrX29LZWhweVVPbTlBTTFjMUlPZERWWnZMaTRRbHAtQzFfU0F0RjJFcXRndVppbUJZM0Q1b2VoeUNzdHRtaTZ0R1JFLUctamQyQ0k3MDV4dHFacG9OU2dVNV9iRzMwMHd0Qmk1bUZ6Wi01aUZ4UUQzdHFtazQ?oc=5\" target=\"_blank\" rel=\"nofollow noopener\">Tuairisc Sp\u00f3irt D\u00e9 C\u00e9adaoin 8 Deireadh F\u00f3mhair 2025<\/a>&nbsp;&nbsp;RTE.ie<\/li>\n<li><a href=\"https:\/\/news.google.com\/rss\/articles\/CBMizgFBVV95cUxOWldfYndkbU9udXNPRTQ3NFdueVpBN1NjTVpTcTEzOF9mYk5yZFZRc0MtMHVEVVZTYWVEX3dRSTBaclllU01seEFlY2ZIRFJLTWZ0SmN0UzUzS0dXaGUxdjVWQmNlOXJ2U2JyOXVVZll6NHRlVE0wbFVHQi1tbm45djQ3bWVqdnZNZG1RUzdmRUF5RWFieDM3VVdnWkRhemRMNVZ1Z2ZLcjJQdm9MR003SkZEZ19XWk9iN2QwTV9jYnhYMnZ2MU1pLWp0OTk0QQ?oc=5\" target=\"_blank\" rel=\"nofollow noopener\">Maria Steen calls for presidential election to be cancelled over Jim Gavin\u2019s departure<\/a>&nbsp;&nbsp;The Irish Times<\/li>\n<li><a href=\"https:\/\/news.google.com\/rss\/articles\/CBMib0FVX3lxTE1XWURpbHY5Q2gxWUdWMkhtYXl1R204OW1qTlFvTlV3bk1MMk5jX3pyT05XcmluZkdSWGJXY2lWS0hIUzR5eEJaRXU4NDd5dWhEVFhKTDVJaHZZSmc5eTkxa0pwajFNQVFRTHduS1dSVQ?oc=5\" target=\"_blank\" rel=\"nofollow noopener\">Tenant issue was raised with Jim Gavin in early September \u2014 Jack Chambers<\/a>&nbsp;&nbsp;Irish Examiner<\/li>\n<\/ol>\n","protected":false},"excerpt":{"rendered":"Co-host of Sunday World podcast speaks about being the tenant in the Jim Gavin case&nbsp;&nbsp;The Journal Ex-tenant owed&hellip;\n","protected":false},"author":2,"featured_media":108685,"comment_status":"","ping_status":"","sticky":false,"template":"","format":"standard","meta":{"footnotes":""},"categories":[3],"tags":[552,1920,9,10,18,13,14,6,19,17,19487,11,12,15,16,5,67861,59,66285,67862,7,8],"class_list":{"0":"post-108684","1":"post","2":"type-post","3":"status-publish","4":"format-standard","5":"has-post-thumbnail","7":"category-headlines","8":"tag-aras-2025","9":"tag-aras25","10":"tag-breaking-news","11":"tag-breakingnews","12":"tag-eire","13":"tag-featured-news","14":"tag-featurednews","15":"tag-headlines","16":"tag-ie","17":"tag-ireland","18":"tag-jim-gavin","19":"tag-latest-news","20":"tag-latestnews","21":"tag-main-news","22":"tag-mainnews","23":"tag-news","24":"tag-niall-donald","25":"tag-presidential-election","26":"tag-rental-case","27":"tag-the-tenant","28":"tag-top-stories","29":"tag-topstories"},"share_on_mastodon":{"url":"","error":""},"_links":{"self":[{"href":"https:\/\/www.europesays.com\/ie\/wp-json\/wp\/v2\/posts\/108684","targetHints":{"allow":["GET"]}}],"collection":[{"href":"https:\/\/www.europesays.com\/ie\/wp-json\/wp\/v2\/posts"}],"about":[{"href":"https:\/\/www.europesays.com\/ie\/wp-json\/wp\/v2\/types\/post"}],"author":[{"embeddable":true,"href":"https:\/\/www.europesays.com\/ie\/wp-json\/wp\/v2\/users\/2"}],"replies":[{"embeddable":true,"href":"https:\/\/www.europesays.com\/ie\/wp-json\/wp\/v2\/comments?post=108684"}],"version-history":[{"count":0,"href":"https:\/\/www.europesays.com\/ie\/wp-json\/wp\/v2\/posts\/108684\/revisions"}],"wp:featuredmedia":[{"embeddable":true,"href":"https:\/\/www.europesays.com\/ie\/wp-json\/wp\/v2\/media\/108685"}],"wp:attachment":[{"href":"https:\/\/www.europesays.com\/ie\/wp-json\/wp\/v2\/media?parent=108684"}],"wp:term":[{"taxonomy":"category","embeddable":true,"href":"https:\/\/www.europesays.com\/ie\/wp-json\/wp\/v2\/categories?post=108684"},{"taxonomy":"post_tag","embeddable":true,"href":"https:\/\/www.europesays.com\/ie\/wp-json\/wp\/v2\/tags?post=108684"}],"curies":[{"name":"wp","href":"https:\/\/api.w.org\/{rel}","templated":true}]}}