{"id":108760,"date":"2025-10-08T12:32:10","date_gmt":"2025-10-08T12:32:10","guid":{"rendered":"https:\/\/www.europesays.com\/ie\/108760\/"},"modified":"2025-10-08T12:32:10","modified_gmt":"2025-10-08T12:32:10","slug":"meghans-makeup-artist-reveals-the-secret-behind-the-juicy-and-glowy-look-he-created-for-duchess-at-paris-fashion-week","status":"publish","type":"post","link":"https:\/\/www.europesays.com\/ie\/108760\/","title":{"rendered":"Meghan&#8217;s makeup artist reveals the secret behind the &#8216;juicy and glowy&#8217; look he created for Duchess at Paris Fashion Week"},"content":{"rendered":"<p class=\"mol-para-with-font\">The <a style=\"font-weight: bold;\" target=\"_self\" href=\"https:\/\/www.dailymail.co.uk\/tvshowbiz\/meghan-markle\/index.html\" id=\"mol-d2c4d090-a38f-11f0-b894-09e2965ad025\" rel=\"nofollow noopener\">Duchess of Sussex<\/a>&#8216;s makeup artist, Daniel Martin, has revealed the secret behind Meghan&#8217;s &#8216;radiant&#8217; <a style=\"font-weight: bold;\" target=\"_self\" href=\"https:\/\/www.dailymail.co.uk\/tvshowbiz\/paris-fashion-week\/index.html\" id=\"mol-d32c9310-a38f-11f0-b894-09e2965ad025\" rel=\"nofollow noopener\">Paris Fashion Week<\/a> look.<\/p>\n<p class=\"mol-para-with-font\">The Montecito-based royal, 44, surprised the fashion community last weekend when she made an appearance at the <a style=\"font-weight: bold;\" target=\"_self\" href=\"https:\/\/www.dailymail.co.uk\/tvshowbiz\/balenciaga\/index.html\" id=\"mol-d28f41a0-a38f-11f0-b894-09e2965ad025\" rel=\"nofollow noopener\">Balenciaga<\/a> show in support of the brand&#8217;s latest creative director, Pierpaolo Piccioli.<\/p>\n<p class=\"mol-para-with-font\">Meghan hired the help of Martin, her longtime friend and makeup artist who completed her 2018 wedding day look to <a style=\"font-weight: bold;\" target=\"_self\" href=\"https:\/\/www.dailymail.co.uk\/news\/prince_harry\/index.html\" id=\"mol-6b0a9120-a393-11f0-b894-09e2965ad025\" rel=\"nofollow noopener\">Prince Harry<\/a>, to master her complexion for the event.<\/p>\n<p class=\"mol-para-with-font\">The artist, who appeared in the duchess&#8217;s <a style=\"font-weight: bold;\" target=\"_self\" href=\"https:\/\/www.dailymail.co.uk\/tvshowbiz\/netflix\/index.html\" id=\"mol-d3236b50-a38f-11f0-b894-09e2965ad025\" rel=\"nofollow noopener\">Netflix<\/a> series, used an unusual technique of combining Meghan&#8217;s foundation with a \u00a383 Longevity serum from luxury Japanese skincare brand Tatcha to create a refreshed look.<\/p>\n<p class=\"mol-para-with-font\">He took to <a style=\"font-weight: bold;\" class=\"\" rel=\"nofollow noreferrer noopener\" target=\"_blank\" href=\"https:\/\/www.instagram.com\/p\/DPe7NcjESUt\/?hl=en\">Instagram <\/a>to break down his technique, but first thanked his followers for their kind words. &#8216;I want to come on and say thank you so much for all the love and support, it&#8217;s been so overwhelming to be honest.&#8217;<\/p>\n<p class=\"mol-para-with-font\">Martin, Tatcha&#8217;s global director of artistry and education, continued, &#8216;I <a style=\"font-weight: bold;\" target=\"_self\" href=\"https:\/\/www.dailymail.co.uk\/femail\/article-10901881\/EDWINA-INGS-CHAMBERS-ready-sleekover.html\" rel=\"nofollow noopener\">did my usual skin prep with her, which was a lot of Tatcha, and I&#8217;m not saying that because I&#8217;m with the brand, but it&#8217;s a skincare ritual that has been in my kit, and I [have] used on all my clients for years<\/a>.&#8217;<\/p>\n<p class=\"mol-para-with-font\">&#8216;The switch up was that I actually mixed the Tatcha Longevity serum in with the foundation, and I think that added another layer of radiance to her makeup, which made her look even more juicy and glowy.<\/p>\n<p class=\"mol-para-with-font\">&#8216;I use foundation a lot with my hands, so when I apply it, I&#8217;m applying it like a massage&#8230; I&#8217;ll go in with a brush to add more coverage, and then I&#8217;ll use a sponge to blend it out.&#8217;<\/p>\n<p>   <img decoding=\"async\" id=\"i-f6b5d52875d16624\" src=\"https:\/\/www.europesays.com\/ie\/wp-content\/uploads\/2025\/10\/102781321-15170333-image-m-11_1759849850652.jpg\" height=\"738\" width=\"634\" alt=\"The Duchess of Sussex's makeup artist, Daniel Martin, has revealed how he created Meghan's 'juicy and glowy' Paris Fashion Week look (pictured)\" class=\"blkBorder img-share\" style=\"max-width:100%\" loading=\"lazy\" \/>   <\/p>\n<p class=\"imageCaption\">The Duchess of Sussex&#8217;s makeup artist, Daniel Martin, has revealed how he created Meghan&#8217;s &#8216;juicy and glowy&#8217; Paris Fashion Week look (pictured)<\/p>\n<p class=\"mol-para-with-font\">He continued, &#8216;Regarding powder, she has powder only in the T-zone of her face. There&#8217;s no loose powder all over. I just wanted to knock out the shine that happens in the middle of her forehead and around her nose, and the powder I used was the Paris Berlin press powder.<\/p>\n<p class=\"mol-para-with-font\">&#8216;They&#8217;re a makeup brand local to Paris, you can only get it in Paris, I believe, and every time I&#8217;m in Paris, I always go there to shop. It&#8217;s like a theatrical industry makeup store, which is awesome.<\/p>\n<p class=\"mol-para-with-font\">&#8216;Her cheek is the Tom Ford contour cream. I only use the contour; I kind of use it like a bronzer, and on top of it was the Tatcha serum stick, so it gave that added radiance to that.<\/p>\n<p class=\"mol-para-with-font\">&#8216;We just wanted to keep everything light, fresh, and radiant. She just flew in, and your skin gets dehydrated from the plane, so I just wanted to bring some hydration back into her skin and just bring some life to it.<\/p>\n<p class=\"mol-para-with-font\">&#8216;Her lipstick, I had several Tom Ford lipstick options, and the one that she chose was iconic nude, which is like this beautiful mauve-y pink, and we use Makeup Forever lip liner, and that was pretty much it.<\/p>\n<p class=\"mol-para-with-font\">&#8216;Her eyeshadow was just browns, I did a halo effect, [and] mascara. I introduced her to this Mac mascara, which she loves. It&#8217;s all about beautiful, structured brows, keeping everything fresh and polished.<\/p>\n<p class=\"mol-para-with-font\">&#8216;When you come from fashion like I do, it&#8217;s not about the makeup, it&#8217;s about just looking beautiful, radiant, polished.&#8217;<\/p>\n<p class=\"mol-para-with-font\">He concluded, &#8216;I would love to get her in a lip one day, Meghan if you&#8217;re watching this, let&#8217;s do a lip, I&#8217;d love to see you in a lip.&#8217;<\/p>\n<p>   <img decoding=\"async\" id=\"i-741dfd45e3120edc\" src=\"https:\/\/www.europesays.com\/ie\/wp-content\/uploads\/2025\/10\/102781309-15170333-image-m-12_1759849872076.jpg\" height=\"515\" width=\"634\" alt=\"Daniel (pictured left in Netflix's With Love, Meghan) has worked Meghan since her days playing Rachel Zane on Suits\" class=\"blkBorder img-share\" style=\"max-width:100%\" loading=\"lazy\" \/>   <\/p>\n<p class=\"imageCaption\">Daniel (pictured left in Netflix&#8217;s With Love, Meghan) has worked Meghan since her days playing Rachel Zane on Suits<\/p>\n<p class=\"mol-para-with-font\">The creative added in the post&#8217;s caption, &#8216;Wow- what an overwhelming reaction you all have had to this look of Meghan&#8217;s last Saturday night for the Balenciaga show!<\/p>\n<p class=\"mol-para-with-font\">&#8216;It&#8217;s been a whirlwind but I wanted to just quickly give a few insights behind the skincare\/makeup approach we took. Hope this helps for anyone who wants to recreate at home! Sending love.&#8217;<\/p>\n<p class=\"mol-para-with-font\">Meghan was seen at the show for luxury fashion line Balenciaga last Saturday, <a style=\"font-weight: bold;\" target=\"_self\" href=\"https:\/\/www.dailymail.co.uk\/news\/article-15163533\/Meghan-Markle-suffers-awkward-greeting-Balenciaga-designer-pair-bash-heads-air-kiss-gone-wrong-Paris-Fashion-week.html\" rel=\"nofollow noopener\">mingling with fellow guests including Vogue&#8217;s global editorial director Anna Wintour, actress Anne Hathaway and film director Baz Luhrmann, with whom she exchanged a kiss<\/a>.<\/p>\n<p class=\"mol-para-with-font\">Cutting an elegant figure in a stylish white oversized button-through ensemble with an incorporated cape, the star had a full style squad &#8211; and a luxury place to reside &#8211; for the fleeting visit.<\/p>\n<p class=\"mol-para-with-font\">Meghan, who resides in Montecito with Prince Harry and their two children, Prince Archie and Princess Lilibet, <a style=\"font-weight: bold;\" target=\"_self\" href=\"https:\/\/www.dailymail.co.uk\/news\/article-5745035\/Meghan-Harry-set-Kensington-Palace-time-royal-wedding.html\" rel=\"nofollow noopener\">checked in with her entourage at the luxurious H\u00f4tel Plaza Ath\u00e9n\u00e9e, part of the Dorchester group, in the city.<\/a><\/p>\n<p class=\"mol-para-with-font\">And the Duchess seemed committed to speaking the local language, sharing a clip of her 100-day streak on learning app Duolingo.<\/p>\n<p class=\"mol-para-with-font\"><a style=\"font-weight: bold;\" target=\"_self\" class=\"\" href=\"https:\/\/www.dailymail.co.uk\/news\/royals\/article-15162549\/Meghan-Markle-cuts-stylish-figure-Paris-Fashion-Week-steps-Balenciaga-show.html\" rel=\"nofollow noopener\">The former Suits star studied French for six years, but said in 2016 she&#8217;d lost her fluency with the language<\/a> and wanted to re-learn it, saying it was on her New Year&#8217;s resolution list &#8216;every year&#8217;.<\/p>\n<p class=\"mol-para-with-font\">On social media on Sunday afternoon, Meghan shared how her glamorous weekend overseas had panned out in a short video montage, showing the moment she arrived in the city to an affectionate note left for her on a hotel notepad ahead of her heading out to the show.<\/p>\n<p class=\"mol-para-with-font\">With three pairs of feet seen perched on the backseat of a luxury car, it seems Meghan arrived in the city on Saturday afternoon, with Paris under blue skies as the car drove past the Arc de Triomphe.<\/p>\n<p class=\"mol-para-with-font\">From there, it was on to the five-star H\u00f4tel Plaza Ath\u00e9n\u00e9e, which is part of the highly luxe Dorchester hotel group and where suites costs thousands of pounds a night.<\/p>\n<p class=\"mol-para-with-font\">Blooms of white hydrangeas were pictured in the suite where the Duchess was staying.<\/p>\n<p class=\"mol-para-with-font\">There were glimpses of the team tasked with making the royal look glamorous just hours after the long flight from LA &#8211; and also fries, omlettes and other snacks to keep the former royal sustained for her moment in the spotlight.<\/p>\n<p class=\"mol-para-with-font\">Meghan wore her chocolate brown tresses in an effortlessly elegant slicked back bun and minimal makeup.<\/p>\n<p class=\"mol-para-with-font\">The Duchess cut an elegant figure in the stylish white oversized button-through ensemble with an incorporated cape and, according to some observers at least, certainly had the strut of a fashionista.<\/p>\n<p class=\"mol-para-with-font\">The mother-of-two paired the look with a black suede Balenciaga bag, glitzy oval diamond earrings and \u00a3745 black Balenciaga Knife heels.<\/p>\n<p class=\"mol-para-with-font\">Appearing amongst high-profile celebrity guests such as Rosie Huntington-Whiteley, FKA Twigs and Anne Hathaway, Meghan had her own catwalk moment as she channelled her inner supermodel in front of numerous cameras while exiting the star-studded show.<\/p>\n<p class=\"mol-para-with-font\">She was previously a regular at New York and Toronto Fashion Weeks whilst working as an actress on US drama series Suits.<\/p>\n<p class=\"mol-para-with-font\">A spokesperson for Meghan told PEOPLE: &#8216;She has long admired [Pierpaolo&#8217;s] craftsmanship and modern elegance, and tonight was no different.<\/p>\n<p class=\"mol-para-with-font\">&#8216;This evening reflects the culmination of many years of artistry and friendship, reflected in her support for his new creative chapter at Balenciaga.&#8217;<\/p>\n<p class=\"mol-para-with-font\">According to the publication, the pair have worked together closely over the years and would often &#8216;collaborate&#8217; on designs for &#8216;key moments&#8217;.<\/p>\n<p><script async src=\"\/\/www.instagram.com\/embed.js\"><\/script><\/p>\n","protected":false},"excerpt":{"rendered":"The Duchess of Sussex&#8216;s makeup artist, Daniel Martin, has revealed the secret behind Meghan&#8217;s &#8216;radiant&#8217; Paris Fashion Week&hellip;\n","protected":false},"author":2,"featured_media":108761,"comment_status":"","ping_status":"","sticky":false,"template":"","format":"standard","meta":{"footnotes":""},"categories":[268],"tags":[53283,434,118,18,117,2930,19,17,5091,32784,8505],"class_list":{"0":"post-108760","1":"post","2":"type-post","3":"status-publish","4":"format-standard","5":"has-post-thumbnail","7":"category-celebrities","8":"tag-balenciaga","9":"tag-celebrities","10":"tag-dailymail","11":"tag-eire","12":"tag-entertainment","13":"tag-femail","14":"tag-ie","15":"tag-ireland","16":"tag-meghan-markle","17":"tag-paris-fashion-week","18":"tag-royals"},"share_on_mastodon":{"url":"","error":""},"_links":{"self":[{"href":"https:\/\/www.europesays.com\/ie\/wp-json\/wp\/v2\/posts\/108760","targetHints":{"allow":["GET"]}}],"collection":[{"href":"https:\/\/www.europesays.com\/ie\/wp-json\/wp\/v2\/posts"}],"about":[{"href":"https:\/\/www.europesays.com\/ie\/wp-json\/wp\/v2\/types\/post"}],"author":[{"embeddable":true,"href":"https:\/\/www.europesays.com\/ie\/wp-json\/wp\/v2\/users\/2"}],"replies":[{"embeddable":true,"href":"https:\/\/www.europesays.com\/ie\/wp-json\/wp\/v2\/comments?post=108760"}],"version-history":[{"count":0,"href":"https:\/\/www.europesays.com\/ie\/wp-json\/wp\/v2\/posts\/108760\/revisions"}],"wp:featuredmedia":[{"embeddable":true,"href":"https:\/\/www.europesays.com\/ie\/wp-json\/wp\/v2\/media\/108761"}],"wp:attachment":[{"href":"https:\/\/www.europesays.com\/ie\/wp-json\/wp\/v2\/media?parent=108760"}],"wp:term":[{"taxonomy":"category","embeddable":true,"href":"https:\/\/www.europesays.com\/ie\/wp-json\/wp\/v2\/categories?post=108760"},{"taxonomy":"post_tag","embeddable":true,"href":"https:\/\/www.europesays.com\/ie\/wp-json\/wp\/v2\/tags?post=108760"}],"curies":[{"name":"wp","href":"https:\/\/api.w.org\/{rel}","templated":true}]}}