{"id":11184,"date":"2025-08-20T08:46:09","date_gmt":"2025-08-20T08:46:09","guid":{"rendered":"https:\/\/www.europesays.com\/ie\/11184\/"},"modified":"2025-08-20T08:46:09","modified_gmt":"2025-08-20T08:46:09","slug":"the-e25000-german-book-prize-issues-its-2025-longlist","status":"publish","type":"post","link":"https:\/\/www.europesays.com\/ie\/11184\/","title":{"rendered":"The \u20ac25,000 German Book Prize Issues Its 2025 Longlist"},"content":{"rendered":"<p id=\"teaser-text\">A jury statement says \u2018the full spectrum of our precarious reality\u2019 is reflected in the German Book Prize\u2019s 20 longlistees.<\/p>\n<p><img loading=\"lazy\" decoding=\"async\" aria-describedby=\"caption-attachment-211190\" class=\"size-full wp-image-211190 lazyload\" src=\"https:\/\/www.europesays.com\/ie\/wp-content\/uploads\/2025\/08\/710-German-Book-Prize-jurors-2025-from-the-Boev-by.jpg\" alt=\"\" width=\"710\" height=\"471\"\/><\/p>\n<p id=\"caption-attachment-211190\" class=\"wp-caption-text\"> The 2025 jurors for the German Book Prize are, from left, Laura de Weck; Kathrin Matern; Friedhelm Marx; Shirin Sojitrawalla; J\u00fcrgen Kaube; Maria Carolina Foi; and Lara Sielmann. Image: B\u00f6rsenverein des Deutschen Buchhandels, Mo W\u00fcstenhagen<\/p>\n<p>By Porter Anderson, Editor-in-Chief | <a href=\"https:\/\/twitter.com\/porter_anderson\" target=\"_blank\" rel=\"noopener noreferrer nofollow\" shape=\"rect\">@Porter_Anderson<\/a><\/p>\n<p>A Winner Is To Be Named on October 13 in Frankfurt<br \/>\nSubmitted by 124 publishers, the original pool of 229 novels vying for the 2025 edition of the \u20ac25,000 (US$29,127) <a href=\"https:\/\/www.deutscher-buchpreis.de\/en\/\" target=\"_blank\" rel=\"noopener noreferrer nofollow\">German Book Prize<\/a> has today (August 19) announced its 2025 longlist.<\/p>\n<p><img loading=\"lazy\" decoding=\"async\" class=\"alignright size-full wp-image-211193 lazyload\" src=\"https:\/\/www.europesays.com\/ie\/wp-content\/uploads\/2025\/08\/German-Book-Prize-2025-logo-lined-ftw.jpg\" alt=\"\" width=\"250\" height=\"212\"\/>Among the world\u2019s longest annual longlists amid the international industry\u2019s myriad <a href=\"https:\/\/publishingperspectives.com\/tag\/book-prize\/\" target=\"_blank\" rel=\"noopener nofollow\">awards programs<\/a> for books and publishing, the 20-title list is expected to be reduced to a six-title shortlist on September 16. Again this year, the winner is to be named near the start of <a href=\"https:\/\/publishingperspectives.com\/tag\/frankfurt-book-fair\/\" target=\"_blank\" rel=\"noopener nofollow\">Frankfurter Buchmesse<\/a> (October 15 to 19) on October 13 during a ceremony in the Kaisersaal of the Frankfurt R\u00f6mer.<\/p>\n<p>In releasing today\u2019s shortlist, the jury chair, Laura de Weck, is quoted, saying, \u201cOur jury discussions in the fragile year of 2025 were guided by creative language, narrative perspective, and the alarming reality of the present.<\/p>\n<p>\u201cUncertainty defines our times. Yet one thing is certain: this year\u2019s longlist brings together 20 outstanding novels that reflect the full spectrum of our precarious reality\u2014through classical storytelling, tapestries of speech, and unruly lists; through historical panoramas, contemporary observations, and dystopias; through autobiographical and fantastical tales.<\/p>\n<p>\u201cThe titles include debuts and established voices\u2014authors who use absurdity to entertain and unsettle us. How in the world did we get to where we are today? And what are these conditions doing to us? We have every reason to be worried about the future, but not about literature.\u201d<\/p>\n<p>The German Book Prize 2025 Longlist<\/p>\n<p>In addition to the \u20ac25,000 winner\u2019s prize, each of the remaining five finalists in this contest receives \u20ac2,500 (US$2,911).<\/p>\n<ul type=\"disc\">\n<li>Kathrin Bach,\u00a0Lebensversicherung\u00a0(Verlag Voland &amp; Quist, February 2025)<\/li>\n<li>Marko Dini\u0107,\u00a0Buch der Gesichter\u00a0(Paul Zsolnay Verlag, August 2025)<\/li>\n<li>Nava Ebrahimi,\u00a0Und Federn \u00fcberall\u00a0(Luchterhand Literaturverlag, September 2025)<\/li>\n<li>Dorothee Elmiger, Die Holl\u00e4nderinnen\u00a0(Carl Hanser Verlag, August 2025)<\/li>\n<li>Kaleb Erdmann,\u00a0Die Ausweichschule\u00a0(park x ullstein, July 2025)<\/li>\n<li>Annett Gr\u00f6schner,\u00a0Schwebende Lasten\u00a0(Verlag C.H.Beck, April 2025)<\/li>\n<li>Dmitrij Kapitelman,\u00a0Russische Spezialit\u00e4ten\u00a0(Hanser Berlin, February 2025)<\/li>\n<li>Jina Khayyer,\u00a0Im Herzen der Katze\u00a0(Suhrkamp Verlag, July 2025)<\/li>\n<li>Jehona Kicaj,\u00a0\u00eb\u00a0(Wallstein Verlag, July 2025)<\/li>\n<li>Michael K\u00f6hlmeier,\u00a0Die Verdorbenen\u00a0(Carl Hanser Verlag, January 2025)<\/li>\n<li>Jonas L\u00fcscher,\u00a0Verzauberte Vorbestimmung\u00a0(Carl Hanser Verlag, January 2025)<\/li>\n<li>Thomas Melle,\u00a0Haus zur Sonne\u00a0(Verlag Kiepenheuer &amp; Witsch, August 2025)<\/li>\n<li>Jacinta Nandi,\u00a0Single Mom Supper Club\u00a0(Rowohlt Hundert Augen, June 2025)<\/li>\n<li>Gesa Olkusz,\u00a0Die Sprache meines Bruders\u00a0(Residenz Verlag, March 2025)<\/li>\n<li>Lena Sch\u00e4tte,\u00a0Das Schwarz an den H\u00e4nden meines Vaters\u00a0(S.\u05b4\u202fFischer Verlag, March 2025)<\/li>\n<li>Lina Schwenk,\u00a0Blinde Geister\u00a0(Verlag C.H.Beck, August 2025)<\/li>\n<li>Fiona Sironic,\u00a0Am Samstag gehen die M\u00e4dchen in den Wald und jagen Sachen in die Luft\u00a0(Ecco Verlag, March 2025)<\/li>\n<li>Peter Wawerzinek,\u00a0Rom sehen und nicht sterben\u00a0(Penguin Verlag, September 2025)<\/li>\n<li>Christine Wunnicke,\u00a0Wachs\u00a0(Berenberg Verlag, March 2025)<\/li>\n<li>Feridun Zaimoglu,\u00a0Sohn ohne Vater\u00a0(Verlag Kiepenheuer &amp; Witsch, February 2025)<\/li>\n<\/ul>\n<p>Last Year\u2019s Winner: Klett-Cotta\u2019s Martina Hefter<\/p>\n<p>The Klett-Cotta author Martina Hefter has won the 20th German Book Prize\u00a0for her novel,\u00a0<a href=\"https:\/\/www.klett-cotta.de\/produkt\/martina-hefter-hey-guten-morgen-wie-geht-es-dir-9783608123531-t-8828\" target=\"_blank\" rel=\"noopener nofollow\">Hey guten Morgen, wie geht es dir?<\/a>\u00a0(Hey, Good Morning, How Are You?). from Klett-Cotta (July 2024).<\/p>\n<p><img loading=\"lazy\" decoding=\"async\" class=\"alignright wp-image-202647 lazyload\" src=\"https:\/\/www.europesays.com\/ie\/wp-content\/uploads\/2025\/08\/Hey-Guten-Morgen-lined-ftw-1.jpg\" alt=\"\" width=\"200\" height=\"315\"\/>The jury\u2019s rationale for its choice of Hefter\u2019s book reads, \u201cThe protagonist in Martina Hefter\u2019s\u00a0Hey, Good Morning, How Are You?\u00a0is in her mid-50s, leads a precarious life as a performance artist in Leipzig, and cares for her husband who suffers from multiple sclerosis.<\/p>\n<p>\u201cDuring sleepless nights she chats with a Nigerian love scammer who is after her money. The question arises as to who is exploiting whom here, and what happens when, contrary to expectations, the boundaries between digital games and real affection become blurred.<\/p>\n<p>\u201cIn a fascinating way, the novel combines grueling everyday life with mythological figures and cosmic dimensions. It navigates between melancholy and euphoria, reflects on trust and on deception. Martina Hefter tells all of this in her cleverly choreographed novel, which exerts a very special attraction.\u201d<\/p>\n<ul>\n<li>Jury chair Laura de Weck is joined on the panel by:<\/li>\n<li>Maria Carolina, Foi University of Trieste<\/li>\n<li>J\u00fcrgen Kaube, Frankfurter Allgemeine Zeitung<\/li>\n<li>Friedhelm Marx, University of Bamberg<\/li>\n<li>Kathrin Matern, Frau Rilke bookshop, Neustrelitz<\/li>\n<li>Lara Sielmann, Deutschlandfunk Kultur<\/li>\n<li>Shirin Sojitrawalla, independent critic<\/li>\n<\/ul>\n<p>The German Book Prize is awarded by the Stiftung Buchkultur und Lesef\u00f6rderung des B\u00f6rsenverein des Deutschen Buchhandels\u2014the Foundation for Book Culture and the Promotion of Reading of the German Publishers and Booksellers Association.<\/p>\n<p>The main sponsor of the prize is the Deutsche Bank Stiftung (Deutsche Bank Foundation). Frankfurter Buchmesse and the city of Frankfurt am Main are also partners.<\/p>\n<p>More from Publishing Perspectives on the German Book Prize is\u00a0<a href=\"https:\/\/publishingperspectives.com\/tag\/german-book-prize\/\" target=\"_blank\" rel=\"noopener noreferrer nofollow\">here<\/a>, more on publishing and book awards in general is <a href=\"https:\/\/publishingperspectives.com\/tag\/book-prize\/\" target=\"_blank\" rel=\"noopener noreferrer nofollow\">here<\/a>, and more on the German book market is <a href=\"https:\/\/publishingperspectives.com\/tag\/germany\/\" target=\"_blank\" rel=\"noopener nofollow\">here<\/a>.<\/p>\n<p>Wherever our international readers are in the world, they <a href=\"https:\/\/publishingperspectives.com\/subscribe\/\" target=\"_blank\" rel=\"noopener nofollow\">use our free daily email<\/a> to be sure they don\u2019t miss a story.\u00a0 <a href=\"https:\/\/publishingperspectives.com\/subscribe\/\" target=\"_blank\" rel=\"noopener nofollow\">Sign up now<\/a>.<\/p>\n<p>About the AuthorPorter Anderson<a href=\"https:\/\/www.facebook.com\/porterandersonmedia\" class=\"x-author-social\" title=\"Visit the Facebook Profile for Porter Anderson\" target=\"_blank\" rel=\"nofollow noopener\"> Facebook<\/a><a href=\"https:\/\/twitter.com\/Porter_Anderson\" class=\"x-author-social\" title=\"Visit the Twitter Profile for Porter Anderson\" target=\"_blank\" rel=\"nofollow noopener\"> Twitter<\/a><\/p>\n<p class=\"p-author mbn\">Porter Anderson has been named International Trade Press Journalist of the Year in London Book Fair&#8217;s International Excellence Awards. He is Editor-in-Chief of Publishing Perspectives. He formerly was Associate Editor for The FutureBook at London&#8217;s The Bookseller. Anderson was for more than a decade a senior producer and anchor with CNN.com, CNN International, and CNN USA. As an arts critic (Fellow, National Critics Institute), he was with The Village Voice, the Dallas Times Herald, and the Tampa Tribune, now the Tampa Bay Times. He co-founded The Hot Sheet, a newsletter for authors, which now is owned and operated by Jane Friedman.<\/p>\n<p><script async src=\"https:\/\/platform.twitter.com\/widgets.js\" charset=\"utf-8\"><\/script><\/p>\n","protected":false},"excerpt":{"rendered":"A jury statement says \u2018the full spectrum of our precarious reality\u2019 is reflected in the German Book Prize\u2019s&hellip;\n","protected":false},"author":2,"featured_media":11185,"comment_status":"","ping_status":"","sticky":false,"template":"","format":"standard","meta":{"footnotes":""},"categories":[266],"tags":[4648,359,10826,18,117,4870,10827,10828,6621,19,17],"class_list":{"0":"post-11184","1":"post","2":"type-post","3":"status-publish","4":"format-standard","5":"has-post-thumbnail","7":"category-books","8":"tag-awards","9":"tag-books","10":"tag-borsenverein-des-deutschen-buchhandels","11":"tag-eire","12":"tag-entertainment","13":"tag-fiction","14":"tag-frankfurt-book-fair","15":"tag-german-book-prize","16":"tag-germany","17":"tag-ie","18":"tag-ireland"},"share_on_mastodon":{"url":"","error":""},"_links":{"self":[{"href":"https:\/\/www.europesays.com\/ie\/wp-json\/wp\/v2\/posts\/11184","targetHints":{"allow":["GET"]}}],"collection":[{"href":"https:\/\/www.europesays.com\/ie\/wp-json\/wp\/v2\/posts"}],"about":[{"href":"https:\/\/www.europesays.com\/ie\/wp-json\/wp\/v2\/types\/post"}],"author":[{"embeddable":true,"href":"https:\/\/www.europesays.com\/ie\/wp-json\/wp\/v2\/users\/2"}],"replies":[{"embeddable":true,"href":"https:\/\/www.europesays.com\/ie\/wp-json\/wp\/v2\/comments?post=11184"}],"version-history":[{"count":0,"href":"https:\/\/www.europesays.com\/ie\/wp-json\/wp\/v2\/posts\/11184\/revisions"}],"wp:featuredmedia":[{"embeddable":true,"href":"https:\/\/www.europesays.com\/ie\/wp-json\/wp\/v2\/media\/11185"}],"wp:attachment":[{"href":"https:\/\/www.europesays.com\/ie\/wp-json\/wp\/v2\/media?parent=11184"}],"wp:term":[{"taxonomy":"category","embeddable":true,"href":"https:\/\/www.europesays.com\/ie\/wp-json\/wp\/v2\/categories?post=11184"},{"taxonomy":"post_tag","embeddable":true,"href":"https:\/\/www.europesays.com\/ie\/wp-json\/wp\/v2\/tags?post=11184"}],"curies":[{"name":"wp","href":"https:\/\/api.w.org\/{rel}","templated":true}]}}