{"id":113243,"date":"2025-10-10T11:31:09","date_gmt":"2025-10-10T11:31:09","guid":{"rendered":"https:\/\/www.europesays.com\/ie\/113243\/"},"modified":"2025-10-10T11:31:09","modified_gmt":"2025-10-10T11:31:09","slug":"kieran-cuddihy-leaves-newstalk-to-host-liveline-as-rte-radio-unveils-new-schedule-the-irish-times","status":"publish","type":"post","link":"https:\/\/www.europesays.com\/ie\/113243\/","title":{"rendered":"Kieran Cuddihy leaves Newstalk to host Liveline as RT\u00c9 Radio unveils new schedule \u2013 The Irish Times"},"content":{"rendered":"<p class=\"c-paragraph paywall b-it-article-body__text--left\"><a href=\"https:\/\/www.irishtimes.com\/tags\/newstalk\" target=\"_blank\" rel=\"noreferrer nofollow noopener\" title=\"https:\/\/www.irishtimes.com\/tags\/newstalk\">Newstalk<\/a> presenter <a href=\"https:\/\/www.irishtimes.com\/tags\/kieran-cuddihy\/\" target=\"_blank\" rel=\"noreferrer nofollow noopener\" title=\"https:\/\/www.irishtimes.com\/tags\/kieran-cuddihy\/\">Kieran Cuddihy<\/a> is set to be the new host of <a href=\"https:\/\/www.irishtimes.com\/tags\/rte\" target=\"_self\" rel=\"nofollow noopener\" title=\"https:\/\/www.irishtimes.com\/tags\/rte\">RT\u00c9 Radio<\/a> 1\u2019s Liveline, the national broadcaster has announced. <\/p>\n<p class=\"c-paragraph paywall \">There was much speculation that Cuddihy would take on the role after Newstalk announced he was leaving the station on Thursday night.<\/p>\n<p class=\"c-paragraph paywall b-it-article-body__text--left\">RT\u00c9 confirmed on Friday morning that Cuddihy would replace <a href=\"https:\/\/www.irishtimes.com\/tags\/joe-duffy\/\" target=\"_blank\" rel=\"noreferrer nofollow noopener\" title=\"https:\/\/www.irishtimes.com\/tags\/joe-duffy\/\">Joe Duffy<\/a> as host of Liveline following the veteran broadcaster\u2019s retirement last June. <\/p>\n<p class=\"c-paragraph paywall b-it-article-body__text--left\">The news of Cuddihy\u2019s move to RT\u00c9 comes after staff at Newstalk were informed on Thursday night of his departure.<\/p>\n<p class=\"c-paragraph paywall b-it-article-body__text--left\">An email sent by senior management at the radio station announcing Cuddihy\u2019s departure stated that his Thursday show was his final time hosting on the station.<\/p>\n<p class=\"c-paragraph paywall b-it-article-body__text--left\">The announcement came just hours after RT\u00c9 announced that broadcaster <a href=\"https:\/\/www.irishtimes.com\/tags\/ray-d-arcy\/\" target=\"_blank\" rel=\"noreferrer nofollow noopener\" title=\"https:\/\/www.irishtimes.com\/tags\/ray-d-arcy\/\">Ray D\u2019Arcy<\/a> is <a href=\"https:\/\/www.irishtimes.com\/ireland\/2025\/10\/09\/ray-darcy-hugely-disappointed-with-how-rte-handled-his-departure\/\" target=\"_blank\" rel=\"noreferrer nofollow noopener\" title=\"https:\/\/www.irishtimes.com\/ireland\/2025\/10\/09\/ray-darcy-hugely-disappointed-with-how-rte-handled-his-departure\/\">leaving RT\u00c9 Radio 1<\/a> after 11 years presenting his daily afternoon show.<\/p>\n<p class=\"c-paragraph paywall \">It is understood that Cuddihy will no longer present The Tonight Show on Virgin Media Television. The Irish Times has contacted Cuddihy and Virgin Media for comment.<\/p>\n<p class=\"c-paragraph paywall \">A number of other changes are being made to the RT\u00c9 Radio 1 schedule including the new Today with David McCullagh show from 9am to 11am, with Oliver Callan moving to a longer time slot of 11am to 1pm.<\/p>\n<p class=\"c-paragraph paywall \">The News at One and Livelive will retain their 1pm and 1.45pm slots, respectively. <\/p>\n<p class=\"c-paragraph paywall \">Louise Duffy will move to a midafternoon slot of 3pm to 4pm.<\/p>\n<p class=\"c-paragraph paywall \">Katie Hannon and Colm \u00d3 Mong\u00e1in will host Drivetime from 4pm to 6pm, taking over from Sarah McInerney and Cormac \u00d3 hEadhra. There will also be a new daily sports show at 6pm.<\/p>\n<p class=\"c-paragraph paywall \">Patricia Monahan, RT\u00c9\u2019s director of audio, said the new schedule \u201cmarks the beginning of an exciting new chapter\u201d and has been \u201cdesigned to meet the changing listening habits of audiences\u201d.<\/p>\n<p class=\"c-paragraph paywall \">She said McInerney and \u00d3 hEadhra will \u201ccontinue to be a regular presence on RT\u00c9 and Radio 1\u2033 with their new roles announced in the coming weeks.<\/p>\n<p class=\"c-paragraph b-it-article-body__interstitial-link\">[\u00a0<a aria-label=\"Open related story\" class=\"c-link\" href=\"https:\/\/www.irishtimes.com\/culture\/tv-radio\/2025\/05\/08\/joe-duffy-retirement-liveline-host-presided-over-irelands-court-of-public-opinion\/\" rel=\"noreferrer nofollow noopener\" target=\"_blank\">Joe Duffy retirement: Liveline host presided over Ireland\u2019s court of public opinionOpens in new window<\/a>\u00a0]<\/p>\n<p class=\"c-paragraph paywall \">Tara Campbell, head of RT\u00c9 Radio 1, said the new schedule \u201cintroduces some new and younger voices while seeing many of our award-winning presenters move into new presenting duties\u201d.<\/p>\n<p class=\"c-paragraph b-it-article-body__interstitial-link\">[\u00a0<a aria-label=\"Open related story\" class=\"c-link\" href=\"https:\/\/www.irishtimes.com\/culture\/tv-radio\/2025\/10\/09\/ray-darcys-parting-outburst-atypical-of-broadcaster-who-shunned-the-limelight\/\" rel=\"noreferrer nofollow noopener\" target=\"_blank\">Ray D\u2019Arcy\u2019s parting outburst atypical of broadcaster who shunned the limelightOpens in new window<\/a>\u00a0]<\/p>\n<p class=\"c-paragraph paywall \">Cuddihy has been working at Newstalk since 2011. He has presented The Hard Shoulder, a daily news and current affairs programme, since 2020.<\/p>\n<p class=\"c-paragraph paywall \">The broadcaster has also been at the helm of the television programme The Tonight Show on Virgin Media since February.<\/p>\n<p class=\"c-paragraph paywall \">He recently moderated the first broadcast presidential debate on Virgin Media last month.<\/p>\n<p class=\"c-paragraph paywall b-it-article-body__text--left\"><b>Who is Kieran Cuddihy? <\/b>Read our recent interview <a href=\"https:\/\/www.irishtimes.com\/life-style\/people\/2025\/03\/15\/kieran-cuddihy-the-fight-for-eyeballs-is-a-hotter-war-than-the-fight-for-ears\/\" target=\"_self\" rel=\"nofollow noopener\" title=\"https:\/\/www.irishtimes.com\/life-style\/people\/2025\/03\/15\/kieran-cuddihy-the-fight-for-eyeballs-is-a-hotter-war-than-the-fight-for-ears\/\">here<\/a>.<\/p>\n","protected":false},"excerpt":{"rendered":"Newstalk presenter Kieran Cuddihy is set to be the new host of RT\u00c9 Radio 1\u2019s Liveline, the national&hellip;\n","protected":false},"author":2,"featured_media":113244,"comment_status":"","ping_status":"","sticky":false,"template":"","format":"standard","meta":{"footnotes":""},"categories":[3],"tags":[9,10,18,13,14,6,19,17,49974,23900,11,12,15,16,5,5287,56911,1181,7,8],"class_list":{"0":"post-113243","1":"post","2":"type-post","3":"status-publish","4":"format-standard","5":"has-post-thumbnail","7":"category-headlines","8":"tag-breaking-news","9":"tag-breakingnews","10":"tag-eire","11":"tag-featured-news","12":"tag-featurednews","13":"tag-headlines","14":"tag-ie","15":"tag-ireland","16":"tag-joe-duffy","17":"tag-kieran-cuddihy","18":"tag-latest-news","19":"tag-latestnews","20":"tag-main-news","21":"tag-mainnews","22":"tag-news","23":"tag-newstalk-radio","24":"tag-ray-d-arcy","25":"tag-rte","26":"tag-top-stories","27":"tag-topstories"},"share_on_mastodon":{"url":"","error":""},"_links":{"self":[{"href":"https:\/\/www.europesays.com\/ie\/wp-json\/wp\/v2\/posts\/113243","targetHints":{"allow":["GET"]}}],"collection":[{"href":"https:\/\/www.europesays.com\/ie\/wp-json\/wp\/v2\/posts"}],"about":[{"href":"https:\/\/www.europesays.com\/ie\/wp-json\/wp\/v2\/types\/post"}],"author":[{"embeddable":true,"href":"https:\/\/www.europesays.com\/ie\/wp-json\/wp\/v2\/users\/2"}],"replies":[{"embeddable":true,"href":"https:\/\/www.europesays.com\/ie\/wp-json\/wp\/v2\/comments?post=113243"}],"version-history":[{"count":0,"href":"https:\/\/www.europesays.com\/ie\/wp-json\/wp\/v2\/posts\/113243\/revisions"}],"wp:featuredmedia":[{"embeddable":true,"href":"https:\/\/www.europesays.com\/ie\/wp-json\/wp\/v2\/media\/113244"}],"wp:attachment":[{"href":"https:\/\/www.europesays.com\/ie\/wp-json\/wp\/v2\/media?parent=113243"}],"wp:term":[{"taxonomy":"category","embeddable":true,"href":"https:\/\/www.europesays.com\/ie\/wp-json\/wp\/v2\/categories?post=113243"},{"taxonomy":"post_tag","embeddable":true,"href":"https:\/\/www.europesays.com\/ie\/wp-json\/wp\/v2\/tags?post=113243"}],"curies":[{"name":"wp","href":"https:\/\/api.w.org\/{rel}","templated":true}]}}