{"id":114974,"date":"2025-10-11T06:33:09","date_gmt":"2025-10-11T06:33:09","guid":{"rendered":"https:\/\/www.europesays.com\/ie\/114974\/"},"modified":"2025-10-11T06:33:09","modified_gmt":"2025-10-11T06:33:09","slug":"sarah-mcinerney-in-line-for-morning-ireland-as-rte-radio-1-shake-up-gathers-pace","status":"publish","type":"post","link":"https:\/\/www.europesays.com\/ie\/114974\/","title":{"rendered":"Sarah McInerney in line for \u2018Morning Ireland\u2019 as RT\u00c9 Radio 1 shake-up gathers pace"},"content":{"rendered":"<p class=\"indo-ebe0ecc6_root indo-ebe0ecc6_paragraph indo-91174671_secondary indo-1d70522a_marginbottom4 indo-1d70522a_marginleft0 indo-1d70522a_marginright0 indo-1d70522a_margintop4\" style=\"color:var(--color-primary-80)\" data-testid=\"title-summary\">Broadcaster forced to reveal schedule shuffle earlier than planned following Ray D\u2019Arcy departure\n<\/p>\n<p><img decoding=\"async\" alt=\"Sarah McInerney currently co-hosts RT\u00c9 Radio 1's 'Drivetime'. Photo: RT\u00c9\" src=\"https:\/\/www.europesays.com\/ie\/wp-content\/uploads\/2025\/10\/0c15abe0-09bd-47f9-bb4e-8278ee2e0d43.jpg\" loading=\"eager\" width=\"100%\" data-testid=\"article-image\"  \/><\/p>\n<p class=\"indo-ebe0ecc6_root indo-ebe0ecc6_caption1 indo-300db776_none indo-91174671_secondary indo-66f0fec7_regular indo-1d70522a_marginbottom0 indo-1d70522a_marginleft0 indo-1d70522a_marginright0 indo-1d70522a_margintop3 indo-b48c4984_left\" style=\"color:var(--color-grey-60)\">Sarah McInerney currently co-hosts RT\u00c9 Radio 1&#8217;s &#8216;Drivetime&#8217;. Photo: RT\u00c9<\/p>\n<p class=\"indo-ebe0ecc6_root indo-ebe0ecc6_paragraph indo-300db776_none indo-91174671_primary indo-1d70522a_marginbottom0 indo-1d70522a_margintop0 indo-b48c4984_inherit\" style=\"color:var(--color-primary-80)\">Sarah McInerney is expected to be named as a permanent presenter of Radio 1\u2019s Morning Ireland in a second set of personnel announcements by RT\u00c9 in the coming weeks.<\/p>\n<p class=\"indo-ebe0ecc6_root indo-ebe0ecc6_paragraph indo-300db776_none indo-91174671_primary indo-1d70522a_marginbottom0 indo-1d70522a_margintop0 indo-b48c4984_inherit\" style=\"color:var(--color-primary-80)\">The station announced that Katie Hannon and Colm \u00d3 Mong\u00e1in would be presenting Drivetime, but said the current line-up of McInerney and Cormac \u00d3 hEadhra would continue to be \u201ca regular presence\u201d.<\/p>\n","protected":false},"excerpt":{"rendered":"Broadcaster forced to reveal schedule shuffle earlier than planned following Ray D\u2019Arcy departure Sarah McInerney currently co-hosts RT\u00c9&hellip;\n","protected":false},"author":2,"featured_media":114975,"comment_status":"","ping_status":"","sticky":false,"template":"","format":"standard","meta":{"footnotes":""},"categories":[3],"tags":[9,10,23898,18,13,14,6,19,17,36069,6501,11,12,15,16,5,24321,1181,24556,7,8],"class_list":{"0":"post-114974","1":"post","2":"type-post","3":"status-publish","4":"format-standard","5":"has-post-thumbnail","7":"category-headlines","8":"tag-breaking-news","9":"tag-breakingnews","10":"tag-claire-byrne","11":"tag-eire","12":"tag-featured-news","13":"tag-featurednews","14":"tag-headlines","15":"tag-ie","16":"tag-ireland","17":"tag-joe-duffy-broadcaster","18":"tag-john-burns","19":"tag-latest-news","20":"tag-latestnews","21":"tag-main-news","22":"tag-mainnews","23":"tag-news","24":"tag-newstalk","25":"tag-rte","26":"tag-rte-radio-1","27":"tag-top-stories","28":"tag-topstories"},"share_on_mastodon":{"url":"","error":""},"_links":{"self":[{"href":"https:\/\/www.europesays.com\/ie\/wp-json\/wp\/v2\/posts\/114974","targetHints":{"allow":["GET"]}}],"collection":[{"href":"https:\/\/www.europesays.com\/ie\/wp-json\/wp\/v2\/posts"}],"about":[{"href":"https:\/\/www.europesays.com\/ie\/wp-json\/wp\/v2\/types\/post"}],"author":[{"embeddable":true,"href":"https:\/\/www.europesays.com\/ie\/wp-json\/wp\/v2\/users\/2"}],"replies":[{"embeddable":true,"href":"https:\/\/www.europesays.com\/ie\/wp-json\/wp\/v2\/comments?post=114974"}],"version-history":[{"count":0,"href":"https:\/\/www.europesays.com\/ie\/wp-json\/wp\/v2\/posts\/114974\/revisions"}],"wp:featuredmedia":[{"embeddable":true,"href":"https:\/\/www.europesays.com\/ie\/wp-json\/wp\/v2\/media\/114975"}],"wp:attachment":[{"href":"https:\/\/www.europesays.com\/ie\/wp-json\/wp\/v2\/media?parent=114974"}],"wp:term":[{"taxonomy":"category","embeddable":true,"href":"https:\/\/www.europesays.com\/ie\/wp-json\/wp\/v2\/categories?post=114974"},{"taxonomy":"post_tag","embeddable":true,"href":"https:\/\/www.europesays.com\/ie\/wp-json\/wp\/v2\/tags?post=114974"}],"curies":[{"name":"wp","href":"https:\/\/api.w.org\/{rel}","templated":true}]}}