{"id":115226,"date":"2025-10-11T09:35:17","date_gmt":"2025-10-11T09:35:17","guid":{"rendered":"https:\/\/www.europesays.com\/ie\/115226\/"},"modified":"2025-10-11T09:35:17","modified_gmt":"2025-10-11T09:35:17","slug":"a-gym-near-bethlehem-offers-a-bridge-between-ireland-and-palestine-the-irish-times","status":"publish","type":"post","link":"https:\/\/www.europesays.com\/ie\/115226\/","title":{"rendered":"A gym near Bethlehem offers a \u2018bridge between Ireland and Palestine\u2019 \u2013 The Irish Times"},"content":{"rendered":"<p class=\"c-paragraph paywall b-it-article-body__text--left\">In the Aida refugee camp, just outside  Bethlehem, murals on the walls make reference to the daily reality for local residents.<\/p>\n<p class=\"c-paragraph paywall \">\u201cHere, only [a] tiger can survive,\u201d reads text beside a painted tiger, its mouth open in a roar. \u201cHere, only butterflies and birds are free,\u201d says another.<\/p>\n<p class=\"c-paragraph paywall b-it-article-body__text--left\">One mural lists the 22 villages from which the camp\u2019s residents were originally displaced  during what is known to Palestinians as the 1948 <a href=\"https:\/\/www.irishtimes.com\/world\/middle-east\/2024\/05\/15\/what-is-the-nakba\/\" target=\"_self\" rel=\"nofollow noopener\" title=\"https:\/\/www.irishtimes.com\/world\/middle-east\/2024\/05\/15\/what-is-the-nakba\/\">Nakba<\/a>, or \u201ccatastrophe\u201d.<\/p>\n<p class=\"c-paragraph paywall b-it-article-body__text--left\">The Irish Tricolour also appears in multiple locations, including a heart-shaped version beside a Palestinian flag heart. A recent addition to the walls is a mural to Northern Irish rap trio <a href=\"https:\/\/www.irishtimes.com\/tags\/kneecap\/\" target=\"_self\" rel=\"nofollow noopener\" title=\"https:\/\/www.irishtimes.com\/tags\/kneecap\/\">Kneecap<\/a>, who have been consistently vocal in their support for <a href=\"https:\/\/www.irishtimes.com\/tags\/palestine\/\" target=\"_self\" rel=\"nofollow noopener\" title=\"https:\/\/www.irishtimes.com\/tags\/palestine\/\">Palestine<\/a>. Kneecap have also helped over the years in other ways, including through their fundraising for the ACLA\u00cd Palestine gym, which opened here in 2020. Its founder is Ainle \u00d3 Caireall\u00e1in (40) \u2013 the brother of Kneecap member Naoise, also known as <a href=\"https:\/\/www.irishtimes.com\/tags\/moglai-bap\/\" target=\"_self\" rel=\"nofollow noopener\" title=\"https:\/\/www.irishtimes.com\/tags\/moglai-bap\/\">M\u00f3gla\u00ed Bap<\/a>.<\/p>\n<p class=\"c-paragraph paywall b-it-article-body__text--left\">\u00d3 Caireall\u00e1in\u2019s first trip to the occupied <a href=\"https:\/\/www.irishtimes.com\/tags\/west-bank\/\" target=\"_self\" rel=\"nofollow noopener\" title=\"https:\/\/www.irishtimes.com\/tags\/west-bank\/\">West Bank<\/a> was in 2018, when he took part in the annual <a href=\"https:\/\/lajee.org\/programs\/activities\/international-summer-camp\/\" rel=\"nofollow noopener\" title=\"https:\/\/lajee.org\/programs\/activities\/international-summer-camp\/\" target=\"_blank\">summer camp<\/a> which the Lajee community centre holds for international visitors interested in volunteering and learning more about the conditions that Palestinians live under.<\/p>\n<p class=\"c-paragraph paywall b-it-article-body__text--left\">He says he felt an immediate \u201cfamiliarity\u201d upon arrival, which he believes came from growing up in west <a href=\"https:\/\/www.irishtimes.com\/tags\/belfast\/\" target=\"_self\" rel=\"nofollow noopener\" title=\"https:\/\/www.irishtimes.com\/tags\/belfast\/\">Belfast<\/a>. One thing he recognised was seeing a community take charge and set things up for themselves \u201cout of necessity\u201d, he says.<\/p>\n<p class=\"c-paragraph paywall \">In Belfast, \u201cthe school I went to, the cultural centre, the theatre, the sports club, were set up by the community because the help wasn\u2019t coming from outside. There was a big emphasis on education &#8230; educating kids in terms of their culture and their identity, giving kids opportunities that they might not have otherwise\u201d.<\/p>\n<p class=\"c-paragraph paywall \">Over the next two years, \u00d3 Caireall\u00e1in \u2013 who ran a gym in Cork for a decade \u2013 fundraised and organised logistics. The ACLA\u00cd gym opened in 2020, in the same building as the Lajee Centre. One coach became six, and the gym is now open from 7am until midnight six days a week. Everything is free of charge, \u00d3 Caireall\u00e1in says, and they cater to many different groups, including women, children, and people with specific health problems, like back pain. A circus school uses the gym too.<\/p>\n<p class=\"c-paragraph paywall b-it-article-body__text--left\">\u00d3 Caireall\u00e1in sees it as \u201ca bridge between Ireland and Palestine\u201d. Fundraisers have continued in Ireland. \u201cPeople have done marathons for us, walked up hills, jumped in the sea,\u201d he said. <a href=\"https:\/\/www.irishtimes.com\/tags\/conradh-na-gaeilge\/\" target=\"_self\" rel=\"nofollow noopener\" title=\"https:\/\/www.irishtimes.com\/tags\/conradh-na-gaeilge\/\">Conradh na Gaeilge<\/a> held a fundraising swim for ACLA\u00cd in May. One-third of the money raised from the historic <a href=\"https:\/\/www.irishtimes.com\/sport\/soccer\/2024\/05\/14\/historic-bohemians-palestine-match-a-show-of-solidarity-in-the-face-of-an-increasingly-hopeless-situation-in-gaza\/\" target=\"_self\" rel=\"nofollow noopener\" title=\"https:\/\/www.irishtimes.com\/sport\/soccer\/2024\/05\/14\/historic-bohemians-palestine-match-a-show-of-solidarity-in-the-face-of-an-increasingly-hopeless-situation-in-gaza\/\">May 2024 soccer match between Bohemian FC\u2019s women\u2019s team and the Palestinian national team<\/a> went to the gym (Daniel Lambert, Bohemian\u2019s chief operating officer, is also Kneecap\u2019s manager). <\/p>\n<p><img decoding=\"async\" data-chromatic=\"ignore\" alt=\"A mural in Aida refugee camp\" class=\"c-image\" loading=\"lazy\" src=\"https:\/\/www.europesays.com\/ie\/wp-content\/uploads\/2025\/10\/RKVCJPSQMRBZZJKRKC5VNHTAVQ.jpg\"   width=\"800\" height=\"533\"\/>A mural in Aida refugee camp <img decoding=\"async\" data-chromatic=\"ignore\" alt=\"Inside ACLA&#xCD; Palestine community gym in Aida refugee camp\" class=\"c-image\" loading=\"lazy\" src=\"https:\/\/www.europesays.com\/ie\/wp-content\/uploads\/2025\/10\/TE47WCFMZZCIBKCDWKOZCOR6XU.jpg\"   width=\"800\" height=\"533\"\/>Inside ACLA\u00cd Palestine community gym in Aida refugee camp <img decoding=\"async\" data-chromatic=\"ignore\" alt=\"ACLA&#xCD; Palestine gym founder Ainle &#xD3; Caireall&#xE1;in (left, front) with gym users in Aida refugee camp\" class=\"c-image\" loading=\"lazy\" src=\"https:\/\/www.europesays.com\/ie\/wp-content\/uploads\/2025\/10\/7BTX652FXRAXFPRFBWNTUPSIQM.jpg\"   width=\"800\" height=\"533\"\/>ACLA\u00cd Palestine gym founder Ainle \u00d3 Caireall\u00e1in (left, front) with gym users in Aida refugee camp <img decoding=\"async\" data-chromatic=\"ignore\" alt=\"Children play football in the grounds of the Lajee Cultural Centre in Aida refugee camp\" class=\"c-image\" loading=\"lazy\" src=\"https:\/\/www.europesays.com\/ie\/wp-content\/uploads\/2025\/10\/LBZ6HB6SJZGKJELAA43LARDX2E.jpg\"   width=\"800\" height=\"533\"\/>Children play football in the grounds of the Lajee Cultural Centre in Aida refugee camp <\/p>\n<p class=\"c-paragraph paywall b-it-article-body__text--left\">About  10 Irish coaches have come to volunteer in ACLA\u00cd Palestine, including Northern Irish boxer Tyrone McKenna, who ran a boxing training camp this year. It was an \u201cunbelievable experience, seeing the kids that have been through so much and still come to boxing every single day with a smile on their face\u201d, McKenna said afterwards. On September 13th, Palestinian men cheered in the gym watching as McKenna won a televised fight in Belfast wearing keffiyeh-patterned shorts with \u201cAIDA\u201d written on them. <\/p>\n<p class=\"c-paragraph paywall b-it-article-body__text--left\">International links are vital at a time when Palestinians face an existential threat, supporters say. In the <a href=\"https:\/\/www.irishtimes.com\/tags\/gaza-strip\/\" target=\"_self\" rel=\"nofollow noopener\" title=\"https:\/\/www.irishtimes.com\/tags\/gaza-strip\/\">Gaza Strip<\/a>, an ever-growing number of international bodies and experts conclude that <a href=\"https:\/\/www.irishtimes.com\/world\/middle-east\/2025\/09\/01\/israel-sends-tanks-deeper-into-gaza-city-more-families-flee\/\" target=\"_self\" rel=\"nofollow noopener\" title=\"https:\/\/www.irishtimes.com\/world\/middle-east\/2025\/09\/01\/israel-sends-tanks-deeper-into-gaza-city-more-families-flee\/\">Israel has carried out a genocide<\/a> \u2013 charges Israeli officials deny. The enclave, East Jerusalem and the West Bank make up the territory that many Palestinians hope will  make up a future Palestinian state. The West Bank\u2019s roughly 3 million Palestinian residents live under a gruelling Israeli military occupation. Increasing numbers are being displaced from their homes, particularly in rural areas, while the number of Israeli settlers is growing. Though the first phase of a ceasefire deal in Gaza was agreed this week, whether it will last &#8211; as well as broader questions around the future of Palestine and Palestinians &#8211; remain unanswered. <\/p>\n<p class=\"c-paragraph paywall b-it-article-body__text--left\">In Aida refugee camp, visual reminders of the Israeli military are inescapable. The 75-year-old camp is set on an area of about 17.5 acres, the UN agency for Palestinians refugees Unrwa says, with its population soaring from 2,000 in the 1960s to more than 7,200 today, and its buildings extending upwards because they cannot spread out.<\/p>\n<p class=\"c-paragraph paywall \">Right in front of the ACLA\u00cd Palestine gym is the Israeli-built West Bank separation barrier, known to locals as the \u201capartheid wall\u201d. It wraps around much of the camp, and is flecked with Israeli watchtowers and security cameras. Drones sometimes fly overhead. Nearby there is also a huge black key on top of an arch, a symbol of the Palestinian belief in the right to return to their families\u2019 former homes and land.<\/p>\n<p><img decoding=\"async\" data-chromatic=\"ignore\" alt=\"A wall mural features a black key &#x2013; a symbol of the Palestinian belief in the right to return to their families&#x2019; former homes and land\" class=\"c-image\" loading=\"lazy\" src=\"https:\/\/www.europesays.com\/ie\/wp-content\/uploads\/2025\/10\/65QJT6E7GZFOZJGJYAO2P6BSFE.jpg\"   width=\"800\" height=\"533\"\/>A wall mural features a black key \u2013 a symbol of the Palestinian belief in the right to return to their families\u2019 former homes and land <img decoding=\"async\" data-chromatic=\"ignore\" alt=\"The names of villages from which the relatives of residents in Aida refugee camp were displaced are painted on a wall\" class=\"c-image\" loading=\"lazy\" src=\"https:\/\/www.europesays.com\/ie\/wp-content\/uploads\/2025\/10\/NUH5LMCAMRB67EECY5B5LPHFTE.jpg\"   width=\"800\" height=\"533\"\/>The names of villages from which the relatives of residents in Aida refugee camp were displaced are painted on a wall <img decoding=\"async\" data-chromatic=\"ignore\" alt=\"A mural on the West Bank separation barrier, or 'apartheid wall', which wraps around Aida refugee camp\" class=\"c-image\" loading=\"lazy\" src=\"https:\/\/www.europesays.com\/ie\/wp-content\/uploads\/2025\/10\/HZU6ZKKQCNFLPDK7Z3DFO2NDVA.jpg\"   width=\"800\" height=\"533\"\/>A mural on the West Bank separation barrier, or &#8216;apartheid wall&#8217;, which wraps around Aida refugee camp <img decoding=\"async\" data-chromatic=\"ignore\" alt=\"A mural inside Aida refugee camp\" class=\"c-image\" loading=\"lazy\" src=\"https:\/\/www.europesays.com\/ie\/wp-content\/uploads\/2025\/10\/PN2CML55UZFW7BWFWLMQWDB34I.jpg\"   width=\"800\" height=\"533\"\/>A mural inside Aida refugee camp <\/p>\n<p class=\"c-paragraph paywall \">\u201cIn the West Bank, one of the biggest problems is how much movement is controlled by the occupation. That [affects] everything from going to the shop to going travelling: from the smallest thing to the biggest thing is difficult,\u201d says \u00d3 Caireall\u00e1in. \u201cTaking a small space and developing it into a community resource is a collective effort in exercising our independence.\u201d<\/p>\n<p class=\"c-paragraph paywall b-it-article-body__text--left\">Inside the gym, women were warming up in advance of a training session. Due to how confined the camp is, \u00d3 Caireall\u00e1in says, it is very important to provide a safe and comfortable area for women to exercise, because there are few \u201copportunities for women to be physically active and less space to do so\u201d.<\/p>\n<p class=\"c-paragraph paywall b-it-article-body__text--left\">\u00d3 Caireall\u00e1in \u2013 who lives in Belfast \u2013 visits each year. In Aida camp, \u201cthe living conditions are way below what we would take for granted at home in terms of access to water and electricity and space &#8230; community amenities like medical care and education. And something that stands out is how much people endure but yet carry on,\u201d he notes.<\/p>\n<p class=\"c-paragraph b-it-article-body__interstitial-link\">[\u00a0<a aria-label=\"Open related story\" class=\"c-link\" href=\"https:\/\/www.irishtimes.com\/politics\/2025\/10\/06\/us-lawmakers-intensify-warnings-to-taoiseach-over-occupied-territories-bill\/\" rel=\"noreferrer nofollow noopener\" target=\"_blank\">US lawmakers intensify warnings to Taoiseach over Occupied Territories BillOpens in new window<\/a>\u00a0]<\/p>\n<p class=\"c-paragraph paywall b-it-article-body__text--left\">The Israeli military carries out raids, including at least three on the camp last January. I spoke to a mother whose three sons were detained during previous raids \u2013 she says soldiers came into the house, \u201cbroke everything\u201d, and traumatised her young daughter.<\/p>\n<p class=\"c-paragraph paywall b-it-article-body__text--left\">In November 2023, teenager Mohammed Ali Ezia \u2013 whom Lajee Centre staff say had taken part in their activities \u2013 was killed by an Israeli sniper in one of the watchtowers while standing on the roof of his family\u2019s building during another raid. In a statement, a spokesperson for the Israeli military accused the teenager of attempting to \u201copen fire\u201d at security forces \u2013 claims that residents of the camp strongly deny. The spokesperson said the military only operates in Aida camp because there are \u201cclear indications of terrorist activity threatening the security of Israeli civilians\u201d, saying, \u201conly those directly involved in terrorist activity are arrested\u201d.<\/p>\n<p><img decoding=\"async\" data-chromatic=\"ignore\" alt=\"Ainle &#xD3; Caireall&#xE1;in inside Aida refugee camp\" class=\"c-image\" loading=\"lazy\" src=\"https:\/\/www.europesays.com\/ie\/wp-content\/uploads\/2025\/10\/7KVMKSLFUZBQLBTWGR5F3OL4LM.jpg\"   width=\"800\" height=\"533\"\/>Ainle \u00d3 Caireall\u00e1in inside Aida refugee camp <img decoding=\"async\" data-chromatic=\"ignore\" alt=\"Irish vocabulary on a whiteboard in the ACLA&#xCD; Palestine community gym\" class=\"c-image\" loading=\"lazy\" src=\"https:\/\/www.europesays.com\/ie\/wp-content\/uploads\/2025\/10\/7WVW556K5ZBJ5DITVL6NBHMLQA.jpg\"   width=\"800\" height=\"533\"\/>Irish vocabulary on a whiteboard in the ACLA\u00cd Palestine community gym <img decoding=\"async\" data-chromatic=\"ignore\" alt=\"A boy on a scooter passes a mural honouring Kneecap in Aida refugee camp\" class=\"c-image\" loading=\"lazy\" src=\"https:\/\/www.europesays.com\/ie\/wp-content\/uploads\/2025\/10\/CEKS5XAG2VFF3KQTH2JCAYDRTE.jpg\"   width=\"800\" height=\"533\"\/>A boy on a scooter passes a mural honouring Kneecap in Aida refugee camp <\/p>\n<p class=\"c-paragraph paywall b-it-article-body__text--left\">The Lajee Centre itself has been broken into repeatedly, with a <a href=\"https:\/\/www.instagram.com\/p\/DPIz0aXDqdZ\/\" target=\"_self\" rel=\"nofollow noopener\" title=\"https:\/\/www.instagram.com\/p\/DPIz0aXDqdZ\/\">video<\/a> posted on ACLA\u00cd Palestine\u2019s Instagram page showing Israeli soldiers inside the gym itself at the end of September. In December 2023, staff say Israeli soldiers used an electric saw to cut down the flagpole on their building\u2019s roof, which was flying a Palestinian flag, and repurposed the same pole to fly the Israeli flag from a nearby military base. Another time, they say, soldiers stole camera equipment. An Israeli military spokesperson denied this. <\/p>\n<p class=\"c-paragraph paywall b-it-article-body__text--left\">\u201cThe occupation forces use the Aida camp like a training ground,\u201d \u00d3 Caireall\u00e1in says. He accuses them of practising \u201chow to use weapons, how to do home invasions, how to fire tear gas, how to arrest people, how to interrogate people\u201d. The Israeli military spokesperson also denied this, saying  Israeli forces only enter the camp \u201cbased on prior intelligence\u201d.<\/p>\n<p class=\"c-paragraph paywall b-it-article-body__text--left\">\u00d3 Caireall\u00e1in notices trauma reactions in children. \u201cThere\u2019s kids that, when they hear the army coming in, they put on their clothes and their shoes because they think they\u2019re going to be taken away &#8230; It\u2019s not a friendly knock on the door, like they blow the door in. And they\u2019re in full combat gear &#8230; you\u2019re talking to  10 soldiers in your house at three o\u2019clock in the morning to arrest a 12-year-old.\u201d<\/p>\n<p class=\"c-paragraph b-it-article-body__interstitial-link\">[\u00a0<a aria-label=\"Open related story\" class=\"c-link\" href=\"https:\/\/www.irishtimes.com\/world\/middle-east\/2025\/07\/07\/we-are-really-in-a-big-cage-palestinians-say-occupied-territories-bill-would-give-them-hope\/\" rel=\"noreferrer nofollow noopener\" target=\"_blank\">Palestinians say Occupied Territories Bill would give them hope: \u2018We are really in a big cage\u2019Opens in new window<\/a>\u00a0]<\/p>\n<p class=\"c-paragraph paywall b-it-article-body__text--left\">\u00d3 Caireall\u00e1in says it feels important not to paint Palestinians as a \u201ckind of perfect victim\u201d: he says those he spends time with are \u201cdefiant in the face of occupation, no matter what\u201d. Instead, he would like to see Ireland and Irish people doing more to address what he terms \u201ccomplicity\u201d.<\/p>\n<p class=\"c-paragraph paywall \">\u201cPeople generally have in Palestine an affinity with Irish people because there\u2019s an understanding that we have kind of a shared experience when it comes to standing against occupation. For us in Ireland it\u2019s our responsibility to live up to that \u2013 it definitely goes beyond empty words from the Government and settling for symbolic gestures.\u201d<\/p>\n<p class=\"c-paragraph paywall b-it-article-body__text--left\">He says \u201cthe depth of complicity that we have in the ongoing genocide in Palestine is something that I think has really come to light\u201d over the past two years. He references US military flights passing through Shannon Airport, and the delay in passing the <a href=\"https:\/\/www.irishtimes.com\/tags\/occupied-territories-bill\/\" target=\"_self\" rel=\"nofollow noopener\" title=\"https:\/\/www.irishtimes.com\/tags\/occupied-territories-bill\/\">Occupied Territories Bill<\/a>. Yet Irish people \u201chave become more politicised in Ireland for sure, become more aware of companies that are maintaining and sustaining the occupation here\u201d. <\/p>\n<p class=\"c-paragraph paywall b-it-article-body__text--left\">This means, \u00d3 Caireall\u00e1in says, \u201cwe all kind of have our part to play. People have different spheres of influence. People have different skills. People have different opportunities to be involved &#8230; We all need to just take stock of where we\u2019re at individually and collectively, figure out what we can do, and then do it.\u201d<\/p>\n<p><script async src=\"\/\/www.instagram.com\/embed.js\"><\/script><\/p>\n","protected":false},"excerpt":{"rendered":"In the Aida refugee camp, just outside Bethlehem, murals on the walls make reference to the daily reality&hellip;\n","protected":false},"author":2,"featured_media":115227,"comment_status":"","ping_status":"","sticky":false,"template":"","format":"standard","meta":{"footnotes":""},"categories":[41],"tags":[663,9,10,13,14,6,4066,11,12,15,16,26161,5,7826,72,7,8,2212,1918,65,66,67],"class_list":{"0":"post-115226","1":"post","2":"type-post","3":"status-publish","4":"format-standard","5":"has-post-thumbnail","7":"category-world","8":"tag-belfast","9":"tag-breaking-news","10":"tag-breakingnews","11":"tag-featured-news","12":"tag-featurednews","13":"tag-headlines","14":"tag-kneecap","15":"tag-latest-news","16":"tag-latestnews","17":"tag-main-news","18":"tag-mainnews","19":"tag-moglai-bap","20":"tag-news","21":"tag-occupied-territories-bill","22":"tag-palestine","23":"tag-top-stories","24":"tag-topstories","25":"tag-weekendreview","26":"tag-west-bank","27":"tag-world","28":"tag-world-news","29":"tag-worldnews"},"share_on_mastodon":{"url":"","error":""},"_links":{"self":[{"href":"https:\/\/www.europesays.com\/ie\/wp-json\/wp\/v2\/posts\/115226","targetHints":{"allow":["GET"]}}],"collection":[{"href":"https:\/\/www.europesays.com\/ie\/wp-json\/wp\/v2\/posts"}],"about":[{"href":"https:\/\/www.europesays.com\/ie\/wp-json\/wp\/v2\/types\/post"}],"author":[{"embeddable":true,"href":"https:\/\/www.europesays.com\/ie\/wp-json\/wp\/v2\/users\/2"}],"replies":[{"embeddable":true,"href":"https:\/\/www.europesays.com\/ie\/wp-json\/wp\/v2\/comments?post=115226"}],"version-history":[{"count":0,"href":"https:\/\/www.europesays.com\/ie\/wp-json\/wp\/v2\/posts\/115226\/revisions"}],"wp:featuredmedia":[{"embeddable":true,"href":"https:\/\/www.europesays.com\/ie\/wp-json\/wp\/v2\/media\/115227"}],"wp:attachment":[{"href":"https:\/\/www.europesays.com\/ie\/wp-json\/wp\/v2\/media?parent=115226"}],"wp:term":[{"taxonomy":"category","embeddable":true,"href":"https:\/\/www.europesays.com\/ie\/wp-json\/wp\/v2\/categories?post=115226"},{"taxonomy":"post_tag","embeddable":true,"href":"https:\/\/www.europesays.com\/ie\/wp-json\/wp\/v2\/tags?post=115226"}],"curies":[{"name":"wp","href":"https:\/\/api.w.org\/{rel}","templated":true}]}}