{"id":118657,"date":"2025-10-13T05:26:10","date_gmt":"2025-10-13T05:26:10","guid":{"rendered":"https:\/\/www.europesays.com\/ie\/118657\/"},"modified":"2025-10-13T05:26:10","modified_gmt":"2025-10-13T05:26:10","slug":"the-last-seven-days-have-been-the-best-ive-had-in-sport-eire-og-crowned-clare-double-champions","status":"publish","type":"post","link":"https:\/\/www.europesays.com\/ie\/118657\/","title":{"rendered":"\u2018The last seven days have been the best I&#8217;ve had in sport\u2019 \u2013 \u00c9ire \u00d3g crowned Clare double champions"},"content":{"rendered":"<p class=\"indo-ebe0ecc6_root indo-ebe0ecc6_paragraph indo-91174671_secondary indo-1d70522a_marginbottom4 indo-1d70522a_marginleft0 indo-1d70522a_marginright0 indo-1d70522a_margintop4\" style=\"color:var(--color-primary-80)\" data-testid=\"title-summary\">\nCLARE SFC FINAL: \u00c9ire \u00d3g 1-16 St Joseph\u2019s Doora-Barefield 2-6\n<\/p>\n<p><img decoding=\"async\" alt=\"The \u00c9ire \u00d3g players celebrate with the Jack Daly Cup at Zimmer Biomet P\u00e1irc Ch\u00edos\u00f3g in Ennis. Photo: John Sheridan\/Sportsfile\" src=\"https:\/\/www.europesays.com\/ie\/wp-content\/uploads\/2025\/10\/d98a9327-4bf5-4997-accf-9801701ee9b0.jpg\" loading=\"eager\" width=\"100%\" data-testid=\"article-image\"  \/><\/p>\n<p class=\"indo-ebe0ecc6_root indo-ebe0ecc6_caption1 indo-300db776_none indo-91174671_secondary indo-66f0fec7_regular indo-1d70522a_marginbottom0 indo-1d70522a_marginleft0 indo-1d70522a_marginright0 indo-1d70522a_margintop3 indo-b48c4984_left\" style=\"color:var(--color-grey-60)\">The \u00c9ire \u00d3g players celebrate with the Jack Daly Cup at Zimmer Biomet P\u00e1irc Ch\u00edos\u00f3g in Ennis. Photo: John Sheridan\/Sportsfile<\/p>\n<p class=\"indo-ebe0ecc6_root indo-ebe0ecc6_paragraph indo-300db776_none indo-91174671_primary indo-1d70522a_marginbottom0 indo-1d70522a_margintop0 indo-b48c4984_inherit\" style=\"color:var(--color-primary-80)\">Aaron Fitzgerald has big hands and maybe it\u2019s just as well, because he had some heavy lifting to do in Zimmer Biomet P\u00e1irc C\u00edos\u00f3g.<\/p>\n<p class=\"indo-ebe0ecc6_root indo-ebe0ecc6_paragraph indo-300db776_none indo-91174671_primary indo-1d70522a_marginbottom0 indo-1d70522a_margintop0 indo-b48c4984_inherit\" style=\"color:var(--color-primary-80)\">As \u00c9ire \u00d3g\u2019s football skipper, the 34-year-old full-back had the honour of lifting the Jack Daly Cup after the Ennis town outfit defended their crown following an event-filled county final that was far more fraught than the seven-point margin might suggest.<\/p>\n","protected":false},"excerpt":{"rendered":"CLARE SFC FINAL: \u00c9ire \u00d3g 1-16 St Joseph\u2019s Doora-Barefield 2-6 The \u00c9ire \u00d3g players celebrate with the Jack&hellip;\n","protected":false},"author":2,"featured_media":118658,"comment_status":"","ping_status":"","sticky":false,"template":"","format":"standard","meta":{"footnotes":""},"categories":[3],"tags":[54829,9,10,18,13,14,31185,6,19,17,11,12,15,16,5,7,8],"class_list":{"0":"post-118657","1":"post","2":"type-post","3":"status-publish","4":"format-standard","5":"has-post-thumbnail","7":"category-headlines","8":"tag-clare-gaa","9":"tag-breaking-news","10":"tag-breakingnews","11":"tag-eire","12":"tag-featured-news","13":"tag-featurednews","14":"tag-frank-roche","15":"tag-headlines","16":"tag-ie","17":"tag-ireland","18":"tag-latest-news","19":"tag-latestnews","20":"tag-main-news","21":"tag-mainnews","22":"tag-news","23":"tag-top-stories","24":"tag-topstories"},"share_on_mastodon":{"url":"","error":""},"_links":{"self":[{"href":"https:\/\/www.europesays.com\/ie\/wp-json\/wp\/v2\/posts\/118657","targetHints":{"allow":["GET"]}}],"collection":[{"href":"https:\/\/www.europesays.com\/ie\/wp-json\/wp\/v2\/posts"}],"about":[{"href":"https:\/\/www.europesays.com\/ie\/wp-json\/wp\/v2\/types\/post"}],"author":[{"embeddable":true,"href":"https:\/\/www.europesays.com\/ie\/wp-json\/wp\/v2\/users\/2"}],"replies":[{"embeddable":true,"href":"https:\/\/www.europesays.com\/ie\/wp-json\/wp\/v2\/comments?post=118657"}],"version-history":[{"count":0,"href":"https:\/\/www.europesays.com\/ie\/wp-json\/wp\/v2\/posts\/118657\/revisions"}],"wp:featuredmedia":[{"embeddable":true,"href":"https:\/\/www.europesays.com\/ie\/wp-json\/wp\/v2\/media\/118658"}],"wp:attachment":[{"href":"https:\/\/www.europesays.com\/ie\/wp-json\/wp\/v2\/media?parent=118657"}],"wp:term":[{"taxonomy":"category","embeddable":true,"href":"https:\/\/www.europesays.com\/ie\/wp-json\/wp\/v2\/categories?post=118657"},{"taxonomy":"post_tag","embeddable":true,"href":"https:\/\/www.europesays.com\/ie\/wp-json\/wp\/v2\/tags?post=118657"}],"curies":[{"name":"wp","href":"https:\/\/api.w.org\/{rel}","templated":true}]}}