{"id":121500,"date":"2025-10-14T13:46:07","date_gmt":"2025-10-14T13:46:07","guid":{"rendered":"https:\/\/www.europesays.com\/ie\/121500\/"},"modified":"2025-10-14T13:46:07","modified_gmt":"2025-10-14T13:46:07","slug":"from-grammy-winner-to-childrens-author-laufeys-new-book-is-mei-mei-the-bunny","status":"publish","type":"post","link":"https:\/\/www.europesays.com\/ie\/121500\/","title":{"rendered":"From Grammy winner to children&#8217;s author: Laufey&#8217;s new book is &#8216;Mei Mei the Bunny&#8217;"},"content":{"rendered":"<p class=\"jxTEW Poyse uieav lqtkC HkWF HfYhe kGyAC \">Laufey, the Grammy-winning artist, is creating a children&#8217;s story inspired by her mascot-alias, Mei Mei The Bunny<\/p>\n<p class=\"EkqkG IGXmU nlgHS yuUao MvWXB TjIXL aGjvy ebVHC \">NEW YORK &#8212; NEW YORK (AP) \u2014 She&#8217;s won a Grammy, collaborated with <a class=\"zZygg UbGlr iFzkS qdXbA WCDhQ DbOXS tqUtK GpWVU iJYzE \" data-testid=\"prism-linkbase\" href=\"https:\/\/apnews.com\/hub\/barbra-streisand\" rel=\"nofollow noopener\" target=\"_blank\">Barbra Streisand<\/a> and performed with the Los Angeles Philharmonic. Now <a class=\"zZygg UbGlr iFzkS qdXbA WCDhQ DbOXS tqUtK GpWVU iJYzE \" data-testid=\"prism-linkbase\" href=\"https:\/\/apnews.com\/article\/laufey-matter-of-time-album-interview-5afe3192e5e78f8aeb2a08827dad4b00\" rel=\"nofollow noopener\" target=\"_blank\">Laufey<\/a> is taking on a new challenge: creating a children&#8217;s story inspired by her mascot-alias, Mei Mei The Bunny.<\/p>\n<p class=\"EkqkG IGXmU nlgHS yuUao lqtkC TjIXL aGjvy \">Penguin Workshop announced Tuesday that Laufey&#8217;s picture book, \u201cMei Mei The Bunny,\u201d will be published April 21. Illustrated by Lauren O&#8217;Hara, the book tells of Mei Mei&#8217;s determination to become a professional musician even as she encounters some initial struggles.<\/p>\n<p class=\"EkqkG IGXmU nlgHS yuUao lqtkC TjIXL aGjvy \">\u201cI\u2019m so excited to now share Mei Mei The Bunny in storybook form!\u201d Laufey said in a statement. \u201cMei Mei has been a part of my life for over the last few years and opening up the world around her has been the most beautiful exploration. I hope that anyone at any age can find something in Mei Mei\u2019s story that inspires them and connects them to the people in their lives.\u201d<\/p>\n<p class=\"EkqkG IGXmU nlgHS yuUao lqtkC eTIW sUzSN \">Born Laufey L\u00edn Bing J\u00f3nsd\u00f3ttir in Iceland, the 26-year-old Laufey is known for her distinctive blend of pop, classical and jazz. Her release from 2023, \u201cBewitched,\u201d won a Grammy for best traditional pop vocal album. Earlier this year, she released the album \u201cA Matter of Time.\u201d<\/p>\n","protected":false},"excerpt":{"rendered":"Laufey, the Grammy-winning artist, is creating a children&#8217;s story inspired by her mascot-alias, Mei Mei The Bunny NEW&hellip;\n","protected":false},"author":2,"featured_media":121501,"comment_status":"","ping_status":"","sticky":false,"template":"","format":"standard","meta":{"footnotes":""},"categories":[266],"tags":[74068,584,359,74067,74066,18,117,10434,19,17,34262,3521,337],"class_list":{"0":"post-121500","1":"post","2":"type-post","3":"status-publish","4":"format-standard","5":"has-post-thumbnail","7":"category-books","8":"tag-74068","9":"tag-article","10":"tag-books","11":"tag-childrens-entertainment","12":"tag-classical-music","13":"tag-eire","14":"tag-entertainment","15":"tag-grammy-awards","16":"tag-ie","17":"tag-ireland","18":"tag-jazz","19":"tag-lifestyle","20":"tag-music"},"share_on_mastodon":{"url":"","error":""},"_links":{"self":[{"href":"https:\/\/www.europesays.com\/ie\/wp-json\/wp\/v2\/posts\/121500","targetHints":{"allow":["GET"]}}],"collection":[{"href":"https:\/\/www.europesays.com\/ie\/wp-json\/wp\/v2\/posts"}],"about":[{"href":"https:\/\/www.europesays.com\/ie\/wp-json\/wp\/v2\/types\/post"}],"author":[{"embeddable":true,"href":"https:\/\/www.europesays.com\/ie\/wp-json\/wp\/v2\/users\/2"}],"replies":[{"embeddable":true,"href":"https:\/\/www.europesays.com\/ie\/wp-json\/wp\/v2\/comments?post=121500"}],"version-history":[{"count":0,"href":"https:\/\/www.europesays.com\/ie\/wp-json\/wp\/v2\/posts\/121500\/revisions"}],"wp:featuredmedia":[{"embeddable":true,"href":"https:\/\/www.europesays.com\/ie\/wp-json\/wp\/v2\/media\/121501"}],"wp:attachment":[{"href":"https:\/\/www.europesays.com\/ie\/wp-json\/wp\/v2\/media?parent=121500"}],"wp:term":[{"taxonomy":"category","embeddable":true,"href":"https:\/\/www.europesays.com\/ie\/wp-json\/wp\/v2\/categories?post=121500"},{"taxonomy":"post_tag","embeddable":true,"href":"https:\/\/www.europesays.com\/ie\/wp-json\/wp\/v2\/tags?post=121500"}],"curies":[{"name":"wp","href":"https:\/\/api.w.org\/{rel}","templated":true}]}}