{"id":122274,"date":"2025-10-14T21:55:25","date_gmt":"2025-10-14T21:55:25","guid":{"rendered":"https:\/\/www.europesays.com\/ie\/122274\/"},"modified":"2025-10-14T21:55:25","modified_gmt":"2025-10-14T21:55:25","slug":"derry-death-notices-tuesday-october-14-2025","status":"publish","type":"post","link":"https:\/\/www.europesays.com\/ie\/122274\/","title":{"rendered":"Derry Death Notices &#8211; Tuesday, October 14, 2025"},"content":{"rendered":"<p>The following deaths have occurred:-<\/p>\n<p><strong>\u2022 <a href=\"#textlink\" target=\"_blank\" rel=\"noopener\">Jean Anderson (n\u00e9e O\u2019Brien),\u00a0Castlewood Avenue, Coleraine<\/a><\/strong><\/p>\n<p><strong>\u2022 <a href=\"#textlink\" target=\"_blank\" rel=\"noopener\">Damien Archibald,\u00a02 Rushie Park, Drumsurn<\/a><\/strong><\/p>\n<p><strong>\u2022 <a href=\"#textlink\" target=\"_blank\" rel=\"noopener\">Robert James (Trevor) Buick,\u00a0Sibster Farm, Halkirk, Scotland<\/a><\/strong><\/p>\n<p><strong>\u2022 <a href=\"#textlink\" target=\"_blank\" rel=\"noopener\">Heather Watson (n\u00e9e Ireland), 5 Eventide Gardens, Limavady\u00a0(Updated Funeral Arrangements)<\/a><\/strong><\/p>\n<p><strong>Jean Anderson (n\u00e9e O\u2019Brien),\u00a0Castlewood Avenue, Coleraine<\/strong><\/p>\n<p>The death has occurred of the late\u00a0Jean Anderson (n\u00e9e O\u2019Brien),\u00a0October 12 2025, peacefully at home Castlewood Avenue, Coleraine. Loving partner of Gordon and wife of the late Willis, deary loved mother of Kenny, Bert, Catherine Mildred, Colin, Raymond, Rhonda and the late Melody, mother-in-law of Jennifer, Dinky, Sharon, Jane and George; dear sister of the late Jack, Madge and May and a much loved granny and great-granny.\u00a0Family and friends are welcome to pay their respects at her son Colin\u2019s home, 57 Ashdale, Coleraine on Tuesday, Wednesday and Thursday.\u00a0Funeral service in Wades Funeral Home on Friday at 11.00am (livestream Hugh Wade &amp; Son &#8211; YouTube ) followed by interment in Coleraine Cemetery.\u00a0Family flowers only please. Donations, if wished, for Dementia N.I. c\/o Hugh Wade and Son, 3 Upper Abbey Street, Coleraine, BT52 1BF or online at <a href=\"http:\/\/www.hughwadefuneraldirectors.com\" target=\"_blank\" rel=\"noopener nofollow\">www.hughwadefuneraldirectors.com<\/a>.\u00a0Lovingly remembered by all her family and friends.<\/p>\n<p><strong>Damien Archibald,\u00a02 Rushie Park, Drumsurn<\/strong><\/p>\n<p>We regret to inform you that the death has taken place of Damien Archibald suddenly on October 12 2025, may he rest in peace.\u00a0Late of 2 Rushie Park, Drumsurn, Co Derry.\u00a0A very much loved father of Miche\u00e1l (Emma), R\u00edcha\u00e9l (Kenny), Aoife and the late Cathal R.I.P.\u00a0Loving partner of Jacinta.\u00a0Devoted grandfather of Sa\u00f3rlaith, Ois\u00edn, Ruair\u00ed, Fintan and Madeline.\u00a0Dear son of Sarah Ann and George R.I.P and very deeply regretted by his sisters and brothers.\u00a0Damien will be waked at 3 Fir Avenue, Drumsurn, Co Derry. You are welcome to call on Wednesday (October 15) and Thursday (October 16) from 2.00pm to 8.00pm. House strictly private at all other times.\u00a0Funeral on Friday, October 17 2025, leaving at 10.10am for 11.00am Requiem Mass in Saint Patrick\u2018s Church Dungiven.\u00a0Interment immediately afterwards in the adjoining cemetery.\u00a0Requiem mass can be viewed via the church website <a href=\"https:\/\/mcn.live\/Camera\/church-of-st-patrick\" target=\"_blank\" rel=\"noopener nofollow\">https:\/\/mcn.live\/Camera\/church-of-st-patrick<\/a>.\u00a0Family flowers only please and donations if desired in lieu to Aware N.I c\/o McLaughlin Funeral Directors.\u00a0Click the link to donate online\u00a0<a href=\"https:\/\/buy.stripe.com\/14A14o0d29ime4y42C04809\" target=\"_blank\" rel=\"noopener nofollow\">https:\/\/buy.stripe.com\/14A14o0d29ime4y42C04809<\/a>.\u00a0Sacred Heart of Jesus intercede for him.\u00a0Enquiries to McLaughlin Funeral Director\u2019s 07747046084 \/ 07840052022.<\/p>\n<p><strong>Robert James (Trevor) Buick,\u00a0Sibster Farm, Halkirk, Scotland<\/strong><\/p>\n<p>It is with deep regret we announce the passing of\u00a0Robert James (Trevor) Buick,\u00a0October 8 2025, peacefully at his home, Sibster Farm, Halkirk, Scotland. Robert James (Trevor), dearly beloved husband of Gladys Sylvia, loved father of David and partner Janet, devoted brother of Rosemary, uncle of Grace and partner William, great-uncle of Robbie and Zach and brother-in-law of Alastair and wife Ismay.\u00a0Funeral Service in Wades Funeral Home on Wednesday, October 15 at 12.30p.m., followed by interment in Macosquin Presbyterian Church Graveyard.\u00a0Family flowers only please. Donations, in lieu, if wished, to New Row Presbyterian Church Building Fund, c\/o Hugh Wade and Son, 3 Upper Abbey Street, Coleraine, BT52 1BF or online at <a href=\"http:\/\/www.hughwadefuneraldirectors.com\" target=\"_blank\" rel=\"noopener nofollow\">www.hughwadefuneraldirectors.com<\/a>.\u00a0Lovingly remembered by all his family and friends.\u00a0\u201cThe Lord Is My Shepherd.\u201d<\/p>\n<p><strong>Heather Watson (n\u00e9e Ireland), 5 Eventide Gardens, Limavady\u00a0(Updated Funeral Arrangements)<\/strong><\/p>\n<p>The death has taken place of\u00a0Heather Watson (n\u00e9e Ireland),\u00a0October 11 2025, peacefully at Altnagelvin Hospital.\u00a0Late of 5 Eventide Gardens, Limavady.\u00a0Loving mother of Sabrina, Bryan, Natasha and Chantel.\u00a0A much loved grandmother and dear sister.\u00a0Deeply regretted by all the family circle. Reposing\u00a0at her daughter\u2019s home, 35 Coolessan Walk, Limavady for family and friends.\u00a0Funeral service in her daughter\u2019s home: 35 Coolessan Walk on Wednesday, October 15 at 10.30am followed by burial in Enagh Cemetery.\u00a0Enquiries to: Brendan or Thomas: O\u2019Brien\u2019s of Limavady Funeral Directors. Telephone 02877764732.\u00a0At Peace.<\/p>\n<p><a href=\"https:\/\/www.derrynow.com\/section\/977\/deaths\" target=\"_blank\" rel=\"noopener nofollow\"><img loading=\"lazy\" decoding=\"async\" src=\"https:\/\/www.europesays.com\/ie\/wp-content\/uploads\/2025\/08\/Click_Here_DN_obits_new-1700067930336.jpg\" width=\"640\" height=\"83\" caption=\"false\"\/><\/a><\/p>\n","protected":false},"excerpt":{"rendered":"The following deaths have occurred:- \u2022 Jean Anderson (n\u00e9e O\u2019Brien),\u00a0Castlewood Avenue, Coleraine \u2022 Damien Archibald,\u00a02 Rushie Park, Drumsurn&hellip;\n","protected":false},"author":2,"featured_media":67323,"comment_status":"","ping_status":"","sticky":false,"template":"","format":"standard","meta":{"footnotes":""},"categories":[41],"tags":[9,10,16249,6020,16250,16252,16251,13,14,6,11,12,15,16,5,7,8,65,66,67],"class_list":{"0":"post-122274","1":"post","2":"type-post","3":"status-publish","4":"format-standard","5":"has-post-thumbnail","7":"category-world","8":"tag-breaking-news","9":"tag-breakingnews","10":"tag-derry-death-notices","11":"tag-derry-news","12":"tag-derry-obituaries","13":"tag-derry-post","14":"tag-derrynow","15":"tag-featured-news","16":"tag-featurednews","17":"tag-headlines","18":"tag-latest-news","19":"tag-latestnews","20":"tag-main-news","21":"tag-mainnews","22":"tag-news","23":"tag-top-stories","24":"tag-topstories","25":"tag-world","26":"tag-world-news","27":"tag-worldnews"},"share_on_mastodon":{"url":"","error":""},"_links":{"self":[{"href":"https:\/\/www.europesays.com\/ie\/wp-json\/wp\/v2\/posts\/122274","targetHints":{"allow":["GET"]}}],"collection":[{"href":"https:\/\/www.europesays.com\/ie\/wp-json\/wp\/v2\/posts"}],"about":[{"href":"https:\/\/www.europesays.com\/ie\/wp-json\/wp\/v2\/types\/post"}],"author":[{"embeddable":true,"href":"https:\/\/www.europesays.com\/ie\/wp-json\/wp\/v2\/users\/2"}],"replies":[{"embeddable":true,"href":"https:\/\/www.europesays.com\/ie\/wp-json\/wp\/v2\/comments?post=122274"}],"version-history":[{"count":0,"href":"https:\/\/www.europesays.com\/ie\/wp-json\/wp\/v2\/posts\/122274\/revisions"}],"wp:featuredmedia":[{"embeddable":true,"href":"https:\/\/www.europesays.com\/ie\/wp-json\/wp\/v2\/media\/67323"}],"wp:attachment":[{"href":"https:\/\/www.europesays.com\/ie\/wp-json\/wp\/v2\/media?parent=122274"}],"wp:term":[{"taxonomy":"category","embeddable":true,"href":"https:\/\/www.europesays.com\/ie\/wp-json\/wp\/v2\/categories?post=122274"},{"taxonomy":"post_tag","embeddable":true,"href":"https:\/\/www.europesays.com\/ie\/wp-json\/wp\/v2\/tags?post=122274"}],"curies":[{"name":"wp","href":"https:\/\/api.w.org\/{rel}","templated":true}]}}