{"id":123316,"date":"2025-10-15T09:21:10","date_gmt":"2025-10-15T09:21:10","guid":{"rendered":"https:\/\/www.europesays.com\/ie\/123316\/"},"modified":"2025-10-15T09:21:10","modified_gmt":"2025-10-15T09:21:10","slug":"government-beats-aontu-to-the-punch-with-confidence-motion-in-tanaiste-set-for-this-afternoon-the-journal","status":"publish","type":"post","link":"https:\/\/www.europesays.com\/ie\/123316\/","title":{"rendered":"Government beats Aont\u00fa to the punch with confidence motion in T\u00e1naiste set for this afternoon &#8211; The Journal"},"content":{"rendered":"<ol>\n<li><a href=\"https:\/\/news.google.com\/rss\/articles\/CBMipAFBVV95cUxPUC16c0ZESXM2MW1zOFoxVzNsMVU1akd4YklwQ0hHOHJGbDc2MkFFY1UwVERKTjlfNG81UVJxVG9oM003QzNXTG54bi1nX0RqMXBOQU1ob2FDREhZUlFCOWwyRkd5NmxNR2hfSFJ3aTBXTUJRcExuRC1nSWN5el9RNy1OeUFTR0NjZGlPWjMwcDcweVA4alFybTRyeGNGV2g3R3dTUw?oc=5\" target=\"_blank\" rel=\"nofollow noopener\">Government beats Aont\u00fa to the punch with confidence motion in T\u00e1naiste set for this afternoon<\/a>&nbsp;&nbsp;The Journal<\/li>\n<li><a href=\"https:\/\/news.google.com\/rss\/articles\/CBMid0FVX3lxTE1OQjAzaVFFNmd6Z0daTzZlUGVQY2pxYktPb3lDeHdfZXNhQ040Q29oYnJ2TFFnckNKOGk1UldEVGh3QlZoajdkVXFZNHFjRmNwTW9DbUZuMl9NN0FPOXdlbEVrYTl1ODJvMWxFcnY2ZGM5eUx2b1VN?oc=5\" target=\"_blank\" rel=\"nofollow noopener\">Govt &#8216;cynical&#8217; to bring forward vote on T\u00e1naiste &#8211; T\u00f3ib\u00edn<\/a>&nbsp;&nbsp;RTE.ie<\/li>\n<li><a href=\"https:\/\/news.google.com\/rss\/articles\/CBMizAFBVV95cUxPazMxY1NJM2ZlTXRxOS1xbW5Gbm9IMzJPTFhLSWVjYWJTV2Zuc2VZRGVIX2NHUkZ2MFp4OTFPQTlTUUg3NUg4U2FuT1BsWGVON1dWY2UzMlExdFZTaTZFSHNOeWFGRHJPSlJNZ2V3NEdpSkF6NjA5bFNqVnZBaDJaTXRza1RlalZTQW50Qk5JX0F3QVM0V1Qtdy1SYWlXMlhBVmhjeEU2WnRLQUVsQ05QOXlJdjVMVXQ2c2pMdU5tN05TREZIdmVsZG1BVnk?oc=5\" target=\"_blank\" rel=\"nofollow noopener\">Confidence vote in Harris to be pushed through to avoid presidential race disruption<\/a>&nbsp;&nbsp;The Irish Times<\/li>\n<li><a href=\"https:\/\/news.google.com\/rss\/articles\/CBMi4gFBVV95cUxPV2RqX0V5NFRDSnZfalBmMzk3V0pNYUxGN3FjNFZxdVJOM2FFbktVN3M5ck8zcGhZSmxGOUd4MmcyRHpFeG5GOWpEYzRFZUdsN3hzc1Qxb2MtbTdPNnFvX0VhV2VNS2pqanVVdldxQjdqcEE2bXowY1k0TnlSUFhqS1NyNjFrYnhvQ19KQUpnVUVjenZwVmhQNFN2Tm9yaXRQYWpwS0t2aE9yaHZoZk0tUVRWTkpFUFJxOTIybDA4RHpLSEVKOThuRjlPQkJreGlzaU53THVRaDQ5WDRsM2xYSEh3?oc=5\" target=\"_blank\" rel=\"nofollow noopener\">Government to table motion of confidence in Simon Harris to counter Aont\u00fa no-confidence motion<\/a>&nbsp;&nbsp;The Irish Independent<\/li>\n<li><a href=\"https:\/\/news.google.com\/rss\/articles\/CBMib0FVX3lxTFBTa182cXVDNmFlQXhtYXVmdXRTbHVrZFB4OTNQbGh6bllwLWNFdVZ6WWRwSGJ4ZW5BeGg4U0t4clczQ05Tay1ZY0JYM0RicU1HOC1sS2U2Vmt1R0FHU2tsdFhMak5uZDJxY2cyXzFsMA?oc=5\" target=\"_blank\" rel=\"nofollow noopener\">Government expected to table motion of confidence in Simon Harris today<\/a>&nbsp;&nbsp;Irish Examiner<\/li>\n<\/ol>\n","protected":false},"excerpt":{"rendered":"Government beats Aont\u00fa to the punch with confidence motion in T\u00e1naiste set for this afternoon&nbsp;&nbsp;The Journal Govt &#8216;cynical&#8217;&hellip;\n","protected":false},"author":2,"featured_media":123317,"comment_status":"","ping_status":"","sticky":false,"template":"","format":"standard","meta":{"footnotes":""},"categories":[40],"tags":[49,9,10,75038,18,13,14,6,19,17,11,12,15,16,5,68069,44,75039,7,8],"class_list":{"0":"post-123316","1":"post","2":"type-post","3":"status-publish","4":"format-standard","5":"has-post-thumbnail","7":"category-ireland","8":"tag-aontu","9":"tag-breaking-news","10":"tag-breakingnews","11":"tag-confidence-motion","12":"tag-eire","13":"tag-featured-news","14":"tag-featurednews","15":"tag-headlines","16":"tag-ie","17":"tag-ireland","18":"tag-latest-news","19":"tag-latestnews","20":"tag-main-news","21":"tag-mainnews","22":"tag-news","23":"tag-not-so-fast","24":"tag-simon-harris","25":"tag-spinal-surgeries","26":"tag-top-stories","27":"tag-topstories"},"share_on_mastodon":{"url":"","error":""},"_links":{"self":[{"href":"https:\/\/www.europesays.com\/ie\/wp-json\/wp\/v2\/posts\/123316","targetHints":{"allow":["GET"]}}],"collection":[{"href":"https:\/\/www.europesays.com\/ie\/wp-json\/wp\/v2\/posts"}],"about":[{"href":"https:\/\/www.europesays.com\/ie\/wp-json\/wp\/v2\/types\/post"}],"author":[{"embeddable":true,"href":"https:\/\/www.europesays.com\/ie\/wp-json\/wp\/v2\/users\/2"}],"replies":[{"embeddable":true,"href":"https:\/\/www.europesays.com\/ie\/wp-json\/wp\/v2\/comments?post=123316"}],"version-history":[{"count":0,"href":"https:\/\/www.europesays.com\/ie\/wp-json\/wp\/v2\/posts\/123316\/revisions"}],"wp:featuredmedia":[{"embeddable":true,"href":"https:\/\/www.europesays.com\/ie\/wp-json\/wp\/v2\/media\/123317"}],"wp:attachment":[{"href":"https:\/\/www.europesays.com\/ie\/wp-json\/wp\/v2\/media?parent=123316"}],"wp:term":[{"taxonomy":"category","embeddable":true,"href":"https:\/\/www.europesays.com\/ie\/wp-json\/wp\/v2\/categories?post=123316"},{"taxonomy":"post_tag","embeddable":true,"href":"https:\/\/www.europesays.com\/ie\/wp-json\/wp\/v2\/tags?post=123316"}],"curies":[{"name":"wp","href":"https:\/\/api.w.org\/{rel}","templated":true}]}}