{"id":132837,"date":"2025-10-19T23:24:12","date_gmt":"2025-10-19T23:24:12","guid":{"rendered":"https:\/\/www.europesays.com\/ie\/132837\/"},"modified":"2025-10-19T23:24:12","modified_gmt":"2025-10-19T23:24:12","slug":"west-cork-island-facing-annual-fight-to-attract-families-amid-fears-for-schools-future","status":"publish","type":"post","link":"https:\/\/www.europesays.com\/ie\/132837\/","title":{"rendered":"West Cork island facing annual fight to attract families amid fears for school\u2019s future"},"content":{"rendered":"<p>One of the country\u2019s last remaining island primary schools faces an annual fight to attract families with children for the \u201cforeseeable future\u201d, say residents.<\/p>\n<p>Just three months ago, Cape Clear\u2019s Scoil N\u00e1isi\u00fanta Inis Chl\u00e9ire\u2019s future seemed assured with the prospect of three new families sending their children there from September.<\/p>\n<p class=\"\">But none of them started as expected, and now only the children of just one family living on the West Cork island make up the school\u2019s four children.<\/p>\n<p class=\"\">A fifth, the daughter of a local woman, was also due to start, but she is now being schooled on the mainland, in Baltimore.<\/p>\n<p class=\"\">Two families with children who had expressed interest in taking up two houses available for rent on the island have not arrived.<\/p>\n<p class=\"\">One of the families, Irish but living in Britain, has pulled out. The second family, who live in another part of the country, are due to arrive by either the end of the year or the start of 2026.<\/p>\n<p class=\"\">Whether or not they intend to send their children to  <a target=\"_blank\" rel=\"noopener noreferrer nofollow\" href=\"https:\/\/www.irishexaminer.com\/news\/munster\/arid-41664590.html\">Scoil N\u00e1isi\u00fanta Inis Chl\u00e9ire<\/a> is not clear.<\/p>\n<p class=\"\">The number of children at the school, which has two teachers, is at one of its lowest ever levels \u2014 down from eight children in 2020 and 15 in 2015.<\/p>\n<p class=\"\">A boy and two girls who joined in September 2020 \u2014just three weeks after their parents first set foot on the island \u2014 have since returned to Kerry.<\/p>\n<p class=\"\">A Syrian family, which had moved to the island under the Irish Refugee Protection Programme, has also relocated to the mainland.<\/p>\n<p class=\"\">Islanders are now \u201cvery worried\u201d the school could again be at risk of closing.<\/p>\n<p class=\"\">As long as the school numbers remain as they are, there is a heightened sense of fear about its future.<\/p>\n<p class=\"\">In a bid to attract families, Cape Clear\u2019s development agency manager Kevin McCann and the board launched a campaign earlier in the year to offer low-cost rental properties for families with school-age children.<\/p>\n<p class=\"\">\u201cThere are two facts of island life that we now have to face up to,\u201d he said.<\/p>\n<p class=\"\">\u201cUntil we are allowed to build housing on the island,  <a target=\"_blank\" rel=\"noopener noreferrer nofollow\" href=\"https:\/\/www.irishexaminer.com\/news\/arid-41682557.html\">we will always have a housing problem,<\/a> and as long as we have one of those, we will have a problem attracting families to the island.<\/p>\n<p class=\"\">\u201cWe now have to accept that every year we are going to have to find ways to attract families with school-age children to the island.<\/p>\n<p class=\"\">\u201cI am confident the second of the two families will be with us by the end of the year or the start of the next. But we have learned that we can never be complacent about anything.\u201d<\/p>\n","protected":false},"excerpt":{"rendered":"One of the country\u2019s last remaining island primary schools faces an annual fight to attract families with children&hellip;\n","protected":false},"author":2,"featured_media":132838,"comment_status":"","ping_status":"","sticky":false,"template":"","format":"standard","meta":{"footnotes":""},"categories":[40],"tags":[781,4488,79521,9,10,18,13,14,6,19,17,11,12,15,16,5,7,8],"class_list":{"0":"post-132837","1":"post","2":"type-post","3":"status-publish","4":"format-standard","5":"has-post-thumbnail","7":"category-ireland","8":"tag-cork-news","9":"tag-irish-examiner-instagram","10":"tag-islands-of-ireland","11":"tag-breaking-news","12":"tag-breakingnews","13":"tag-eire","14":"tag-featured-news","15":"tag-featurednews","16":"tag-headlines","17":"tag-ie","18":"tag-ireland","19":"tag-latest-news","20":"tag-latestnews","21":"tag-main-news","22":"tag-mainnews","23":"tag-news","24":"tag-top-stories","25":"tag-topstories"},"share_on_mastodon":{"url":"","error":""},"_links":{"self":[{"href":"https:\/\/www.europesays.com\/ie\/wp-json\/wp\/v2\/posts\/132837","targetHints":{"allow":["GET"]}}],"collection":[{"href":"https:\/\/www.europesays.com\/ie\/wp-json\/wp\/v2\/posts"}],"about":[{"href":"https:\/\/www.europesays.com\/ie\/wp-json\/wp\/v2\/types\/post"}],"author":[{"embeddable":true,"href":"https:\/\/www.europesays.com\/ie\/wp-json\/wp\/v2\/users\/2"}],"replies":[{"embeddable":true,"href":"https:\/\/www.europesays.com\/ie\/wp-json\/wp\/v2\/comments?post=132837"}],"version-history":[{"count":0,"href":"https:\/\/www.europesays.com\/ie\/wp-json\/wp\/v2\/posts\/132837\/revisions"}],"wp:featuredmedia":[{"embeddable":true,"href":"https:\/\/www.europesays.com\/ie\/wp-json\/wp\/v2\/media\/132838"}],"wp:attachment":[{"href":"https:\/\/www.europesays.com\/ie\/wp-json\/wp\/v2\/media?parent=132837"}],"wp:term":[{"taxonomy":"category","embeddable":true,"href":"https:\/\/www.europesays.com\/ie\/wp-json\/wp\/v2\/categories?post=132837"},{"taxonomy":"post_tag","embeddable":true,"href":"https:\/\/www.europesays.com\/ie\/wp-json\/wp\/v2\/tags?post=132837"}],"curies":[{"name":"wp","href":"https:\/\/api.w.org\/{rel}","templated":true}]}}