{"id":134990,"date":"2025-10-21T00:28:11","date_gmt":"2025-10-21T00:28:11","guid":{"rendered":"https:\/\/www.europesays.com\/ie\/134990\/"},"modified":"2025-10-21T00:28:11","modified_gmt":"2025-10-21T00:28:11","slug":"georgina-rodriguez-sparks-pregnancy-speculation-with-latest-outfit","status":"publish","type":"post","link":"https:\/\/www.europesays.com\/ie\/134990\/","title":{"rendered":"Georgina Rodr\u00edguez sparks pregnancy speculation with latest outfit"},"content":{"rendered":"<p id=\"ewivTditr5\" data-wc=\"24\"><strong>Georgina\u202fRodr\u00edguez<\/strong>, the Argentine-Spanish model, influencer and now fianc\u00e9 of <strong>Cristiano\u202fRonaldo,\u00a0<\/strong>has taken over social media again. But this time, not just for the clothes.<\/p>\n<p id=\"ej8zu2qSGjj\" data-wc=\"33\"><a class=\"hm-link ho-link\" href=\"https:\/\/www.hola.com\/us\/tags\/georgina-rodriguez\/\/\" rel=\"noopener nofollow\" target=\"_blank\" data-mrf-recirculation=\"article-body-link\">Rodr\u00edguez<\/a> recently shared an Instagram post capturing her trip to Paris Fashion Week, where she sat in the front row at Balenciaga\u2019s Spring\/Summer 2026 show, alongside <strong>Lauren\u202fS\u00e1nchez<\/strong>, the wife of billionaire <strong>Jeff Bezos<\/strong>.<\/p>\n<p> <img src=\"https:\/\/www.europesays.com\/ie\/wp-content\/uploads\/2025\/10\/e43d8337e060-87e1b138d934-georgina-lauren-getty.jpg\"   width=\"766\" height=\"1200\" loading=\"lazy\" decoding=\"async\" alt=\"Lauren S\u00e1nchez Bezos and Georgina Rodr\u00edguez, a duel of \u2018queens\u2019 at a diamond-studded dinner in New York\" fetchpriority=\"auto\" class=\"image ho-image\"\/>\u00a9 Getty ImagesLauren S\u00e1nchez Bezos and Georgina Rodr\u00edguez posed together earlier this fall in NYC<\/p>\n<p id=\"elqu6j-SQeK\" data-wc=\"34\">For her Paris getaway, Georgina dressed to impress wearing an all-white set that screamed <a class=\"hm-link ho-link\" href=\"https:\/\/www.hola.com\/us\/celebrities\/20251014861587\/georgina-rodriguez-shares-faith-daughter-bella-esmeralda\/\" rel=\"noopener nofollow\" target=\"_blank\" data-mrf-recirculation=\"article-body-link\">effortless elegance<\/a> featuring a structured white blazer with gold buttons plus a matching pencil-cut midi skirt that hugged her figure.\u00a0<\/p>\n<p>But Wait\u2026 Could She Be Expecting?<\/p>\n<p id=\"ekj-DvLBZY-Z\" data-wc=\"31\">Here\u2019s where things get interesting. Beneath the streamlined outfit, fans noticed a subtle hint. The comment section lit up with questions, with many followers wondering if there&#8217;s a baby on board?\u201d<\/p>\n<p id=\"e9jTZxkdUad_\" data-wc=\"29\">One user stated bluntly: \u201cShe\u2019s pregnant.\u201d Another claimed: \u201cLooks like she is preggooo.\u201d And another simply observed: \u201cShe looks like she is pregnant.\u201d Georgina hasn\u2019t publicly addressed it yet.<\/p>\n<p id=\"e2jB9gjU-3kn\" data-wc=\"56\"><a class=\"hm-link ho-link\" href=\"https:\/\/www.hola.com\/us\/celebrities\/20251006859996\/lauren-sanchez-georgina-rodriguez-flash-diamond-rings\/\" rel=\"noopener nofollow\" target=\"_blank\" data-mrf-recirculation=\"article-body-link\">Rodr\u00edguez and Ronaldo are already parents to five children<\/a> (including his eldest son <strong>Cristiano Jr.<\/strong> and their four younger children together). It\u2019s not out of the realm of possibility that the couple could expand their family again. Their family story is already rich, publicly shared via her Netflix docuseries &#8220;I\u202fAm\u202fGeorgina&#8221; and their joyous, sometimes heartbreaking, journey.<\/p>\n<p> <img src=\"https:\/\/www.europesays.com\/ie\/wp-content\/uploads\/2025\/10\/c4018626b0e0-gettyimages-2233000750.jpg\"   width=\"800\" height=\"1200\" loading=\"lazy\" decoding=\"async\" alt=\"Rodr\u00edguez and Ronaldo are already parents to five children.\" fetchpriority=\"auto\" class=\"image ho-image\"\/>\u00a9 Getty ImagesRodr\u00edguez and Ronaldo are already parents to five children.<\/p>\n<p id=\"eBPENZ5Okaln\" data-wc=\"24\">So when your favourite red-carpet star posts a dazzling white-suit moment and your comment section bubbles over with baby questions, you stop and notice.<\/p>\n<p>What We Don\u2019t Know (Yet)<\/p>\n<p id=\"eHe02XLftnDZ\" data-wc=\"36\">Georgina has not confirmed or denied any pregnancy rumours. <a class=\"hm-link ho-link\" href=\"https:\/\/www.hola.com\/us\/celebrities\/20250912855522\/lauren-sanchez-georgina-rodriguez-diamond-nyc-gala\/\" rel=\"noopener nofollow\" target=\"_blank\" data-mrf-recirculation=\"article-body-link\">The subtle outfit detail<\/a> fans spotted is just speculation, and stylists love minimal silhouette changes to hint at moods, themes, or just chicness, not necessarily baby announcements.<\/p>\n<p> <img src=\"https:\/\/www.europesays.com\/ie\/wp-content\/uploads\/2025\/10\/fcd6d9aa4983-gettyimages-2233046928.jpg\"   width=\"800\" height=\"1200\" loading=\"lazy\" decoding=\"async\" alt=\"Georgina Rodriguez in Italy. \" fetchpriority=\"auto\" class=\"image ho-image\"\/>\u00a9 Getty ImagesGeorgina Rodriguez in Italy. <\/p>\n<p id=\"evapDW0AOzFl\" data-wc=\"29\">The date\/time of the post and her exact caption weren\u2019t broken down in full detail here, so some of the narrative is shaped by what fans think they saw.<\/p>\n<p id=\"ePihlzewhcFS\" data-wc=\"48\">Fashion is storytelling. And in this case, Georgina\u2019s white suit told the story of Paris elegance, while her subtle pose sparked another. Whether or not there\u2019s a baby on board, she\u2019s achieved what many celebs aim for, which is turning a front-row moment into a wider social-media moment.<\/p>\n<p> <img src=\"https:\/\/www.europesays.com\/ie\/wp-content\/uploads\/2025\/10\/3e5d9dea2041-screenshot-2025-10-14-at-52000pm.png\"   width=\"886\" height=\"878\" loading=\"lazy\" decoding=\"async\" alt=\"Even in her previous trips, Georgina has leaned into this spiritual side\" fetchpriority=\"auto\" class=\"image ho-image\"\/>\u00a9 Georgina RodriguezEven in her previous trips, Georgina has leaned into this spiritual side<\/p>\n<p id=\"eWckw9RFl4Mt\" data-wc=\"48\">Her post comes on the heels of her trip to Portugal. For Georgina Rodr\u00edguez<strong>,\u00a0<\/strong>faith is part of her narrative. In a recent visit to the Santuario de Nuestra Se\u00f1ora de F\u00e1tima (Sanctuary of Our Lady of F\u00e1tima), she offered a powerful display of devotion alongside, <strong>Bella Esmeralda.<\/strong><\/p>\n<p data-wc=\"43\" id=\"emQ9A_oR9K_\"><a class=\"hm-link ho-link\" href=\"https:\/\/www.hola.com\/us\/tags\/georgina-rodriguez\/\" rel=\"noopener nofollow\" target=\"_blank\" data-mrf-recirculation=\"article-body-link\">Georgina<\/a> entered the service with Bella Esmeralda perched happily on her shoulders, the little girl giggling and looking down over the sea of faithful. It was a sweet, authentic moment that cuts through the glitz and shows <a class=\"hm-link ho-link\" href=\"https:\/\/www.hola.com\/us\/celebrities\/20250509831003\/georgina-rodriguez-proudly-embraces-latin-roots\/\" rel=\"noopener nofollow\" target=\"_blank\" data-mrf-recirculation=\"article-body-link\">the woman beneath the public persona<\/a>.<\/p>\n","protected":false},"excerpt":{"rendered":"Georgina\u202fRodr\u00edguez, the Argentine-Spanish model, influencer and now fianc\u00e9 of Cristiano\u202fRonaldo,\u00a0has taken over social media again. But this time,&hellip;\n","protected":false},"author":2,"featured_media":134991,"comment_status":"","ping_status":"","sticky":false,"template":"","format":"standard","meta":{"footnotes":""},"categories":[268],"tags":[434,11297,73889,80623,27425,18,117,6444,19,17],"class_list":{"0":"post-134990","1":"post","2":"type-post","3":"status-publish","4":"format-standard","5":"has-post-thumbnail","7":"category-celebrities","8":"tag-celebrities","9":"tag-celebrity-families","10":"tag-celebrity-outfits","11":"tag-celebrity-outings","12":"tag-cristiano-ronaldo","13":"tag-eire","14":"tag-entertainment","15":"tag-georgina-rodriguez","16":"tag-ie","17":"tag-ireland"},"share_on_mastodon":{"url":"","error":""},"_links":{"self":[{"href":"https:\/\/www.europesays.com\/ie\/wp-json\/wp\/v2\/posts\/134990","targetHints":{"allow":["GET"]}}],"collection":[{"href":"https:\/\/www.europesays.com\/ie\/wp-json\/wp\/v2\/posts"}],"about":[{"href":"https:\/\/www.europesays.com\/ie\/wp-json\/wp\/v2\/types\/post"}],"author":[{"embeddable":true,"href":"https:\/\/www.europesays.com\/ie\/wp-json\/wp\/v2\/users\/2"}],"replies":[{"embeddable":true,"href":"https:\/\/www.europesays.com\/ie\/wp-json\/wp\/v2\/comments?post=134990"}],"version-history":[{"count":0,"href":"https:\/\/www.europesays.com\/ie\/wp-json\/wp\/v2\/posts\/134990\/revisions"}],"wp:featuredmedia":[{"embeddable":true,"href":"https:\/\/www.europesays.com\/ie\/wp-json\/wp\/v2\/media\/134991"}],"wp:attachment":[{"href":"https:\/\/www.europesays.com\/ie\/wp-json\/wp\/v2\/media?parent=134990"}],"wp:term":[{"taxonomy":"category","embeddable":true,"href":"https:\/\/www.europesays.com\/ie\/wp-json\/wp\/v2\/categories?post=134990"},{"taxonomy":"post_tag","embeddable":true,"href":"https:\/\/www.europesays.com\/ie\/wp-json\/wp\/v2\/tags?post=134990"}],"curies":[{"name":"wp","href":"https:\/\/api.w.org\/{rel}","templated":true}]}}