{"id":135658,"date":"2025-10-21T08:37:08","date_gmt":"2025-10-21T08:37:08","guid":{"rendered":"https:\/\/www.europesays.com\/ie\/135658\/"},"modified":"2025-10-21T08:37:08","modified_gmt":"2025-10-21T08:37:08","slug":"im-only-a-symbol-of-the-movement-ye-matter","status":"publish","type":"post","link":"https:\/\/www.europesays.com\/ie\/135658\/","title":{"rendered":"\u2018I\u2019m only a symbol of the movement. Ye matter\u2019"},"content":{"rendered":"<p class=\"c-paragraph paywall b-it-article-body__text--left\">While <a href=\"https:\/\/www.irishtimes.com\/tags\/heather-humphreys\/\" target=\"_self\" rel=\"nofollow noopener\" title=\"https:\/\/www.irishtimes.com\/tags\/heather-humphreys\/\">Heather Humphreys<\/a> received the endorsement of Daniel O\u2019Donnell over the weekend, <a href=\"https:\/\/www.irishtimes.com\/tags\/catherine-connolly\/\" target=\"_self\" rel=\"nofollow noopener\" title=\"https:\/\/www.irishtimes.com\/tags\/catherine-connolly\/\">Catherine Connolly<\/a>\u2019s camp knitted together a line-up of buzzy, current Irish acts targeting a young audience on Monday night. <\/p>\n<p class=\"c-paragraph paywall b-it-article-body__text--left\">Tickets for the Vicar Street event sold out in about half an hour, with discounted \u20ac10 passes available to those who signed up for a national youth canvass for Connolly in the afternoon. <\/p>\n<p class=\"c-paragraph paywall b-it-article-body__text--left\">That rallying call was central to the evening\u2019s message \u2013 a focus on youth activism and an appeal to younger voters to <a href=\"https:\/\/www.irishtimes.com\/presidential-election\/\" target=\"_self\" rel=\"nofollow noopener\" title=\"https:\/\/www.irishtimes.com\/presidential-election\/\">turn out on Friday<\/a>.<\/p>\n<p class=\"c-paragraph paywall b-it-article-body__text--left\">Connolly emerged to kick off proceedings, flanked by a slew of party leaders and backers who have committed to her cause \u2013 Sinn F\u00e9in\u2019s <a href=\"https:\/\/www.irishtimes.com\/tags\/mary-lou-mcdonald\/\" target=\"_self\" rel=\"nofollow noopener\" title=\"https:\/\/www.irishtimes.com\/tags\/mary-lou-mcdonald\/\">Mary Lou McDonald<\/a>, the Social Democrats\u2019 <a href=\"https:\/\/www.irishtimes.com\/tags\/holly-cairns\/\" target=\"_self\" rel=\"nofollow noopener\" title=\"https:\/\/www.irishtimes.com\/tags\/holly-cairns\/\">Holly Cairns<\/a>, <a href=\"https:\/\/www.irishtimes.com\/tags\/paul-murphy\/\" target=\"_self\" rel=\"nofollow noopener\" title=\"https:\/\/www.irishtimes.com\/tags\/paul-murphy\/\">Paul Murphy<\/a> of People Before Profit-Solidarity and Labour\u2019s <a href=\"https:\/\/www.irishtimes.com\/tags\/ivana-bacik\/\" target=\"_self\" rel=\"nofollow noopener\" title=\"https:\/\/www.irishtimes.com\/tags\/ivana-bacik\/\">Ivana Bacik<\/a> among them. Emcee Kevin Twomey, of I\u2019m Grand Mam podcast fame, joked that he and McDonald were sharing Baby Guinnesses backstage. <\/p>\n<p class=\"c-paragraph paywall b-it-article-body__text--left\">\u201cThis is a night to celebrate and it\u2019s a night to realise the changes that we have made by coming together,\u201d Connolly said. \u201cI\u2019m only a symbol of the movement. Ye matter.\u201d <\/p>\n<p><img decoding=\"async\" data-chromatic=\"ignore\" alt=\"Catherine Connolly at the concert at Vicar Street on Monday. Photograph: Dan Dennison\" class=\"c-image\" loading=\"lazy\" src=\"https:\/\/www.europesays.com\/ie\/wp-content\/uploads\/2025\/10\/MHSFL2RAIJBI3MGMP7Z4EVSOCI.jpg\"   width=\"800\" height=\"533\"\/>Catherine Connolly at the concert at Vicar Street on Monday. Photograph: Dan Dennison <\/p>\n<p class=\"c-paragraph paywall b-it-article-body__text--left\">Despite the emphasis on youth, it was 80-year-old folk-singing legend <a href=\"https:\/\/www.irishtimes.com\/tags\/christy-moore\/\" target=\"_self\" rel=\"nofollow noopener\" title=\"https:\/\/www.irishtimes.com\/tags\/christy-moore\/\">Christy Moore<\/a> who emerged for the first of many mini-sets. He was dressed for the cold, ripping off a hat and rain jacket before sitting down to play Viva La Quinta Brigada. <\/p>\n<p class=\"c-paragraph paywall b-it-article-body__text--left\">\u201cWhat a woman, what a president she will make,\u201d Moore said, raising his right fist. He spoke of unlikely groups coming together, and the feeling of energy in the room. Appropriately, he included the Dominic Behan song Connolly Was There in his 20 minutes on stage.<\/p>\n<p class=\"c-paragraph paywall b-it-article-body__text--left\">Moore was followed by singer-songwriter Emma Langford and poet Emmet Kirwan. Then came Huartan, a Belfast tradtronica five-piece who sing as Gaeilge and wear horned, Pagan masks. <\/p>\n<p class=\"c-paragraph paywall b-it-article-body__text--left\">Earlier in the day, Huartan\u2019s Stiof\u00e1n \u00d3 Luachr\u00e1in told The Irish Times that the band was supporting Connolly despite not being able to vote in the <a href=\"https:\/\/www.irishtimes.com\/presidential-election\/\" target=\"_self\" rel=\"nofollow noopener\" title=\"https:\/\/www.irishtimes.com\/presidential-election\/\">presidential election<\/a>. To that end, \u201cthis gig represents an opportunity for us to come and weigh in behind Catherine Connolly\u201d, he said. <\/p>\n<p class=\"c-paragraph paywall b-it-article-body__text--left\">Commitment to a \u201cdisenfranchised Irish\u201d population of two million in the North was later affirmed by a member of Youth for Connolly, the division of supporters that had canvassed earlier in the day.<\/p>\n<p class=\"c-paragraph paywall b-it-article-body__text--left\">As well as her vocal opposition to the rise of far-right groups, \u00d3 Luachr\u00e1in said that \u201cto have a president that platforms the <a href=\"https:\/\/www.irishtimes.com\/tags\/irish-language\/\" target=\"_self\" rel=\"nofollow noopener\" title=\"https:\/\/www.irishtimes.com\/tags\/irish-language\/\">Irish language<\/a> is so important to us\u201d. Both sentiments were echoed by many of the acts across the night.<\/p>\n<p class=\"c-paragraph paywall b-it-article-body__text--left\">On top of language, they mentioned a contemporary sense of Irishness they believe Connolly encapsulates. The campaign team seems aware of it \u2013 the event art, and indeed much of Connolly\u2019s promotional material on social media, is built around swirling Celtic crosses. <\/p>\n<p class=\"c-paragraph paywall b-it-article-body__text--left\">Dream-pop outfit Cable Boy called it \u201cneo-trad\u201d. Also speaking earlier in the afternoon, their frontman Semi Olusa said Connolly was \u201ctrying to uphold an Irish identity that is inclusive and not focused on a toxic nationalism. A very inclusive idea of what Ireland is.\u201d<\/p>\n<p class=\"c-paragraph paywall b-it-article-body__text--left\">\u201cNot only the idea of an inclusive Ireland, but also an energetic one,\u201d added his bandmate Corneille Tshibasu. \u201cIf we look at the populists right now, we have a lot more younger people wanting to be involved and wanting to have a say in how the country\u2019s run.\u201d <\/p>\n<p class=\"c-paragraph paywall b-it-article-body__text--left\">Fast-rising folk group Madra Salach followed Cable Boy, thrilled to have commanded the same font size as Moore on the event poster. They teed up The Mary Wallopers, who said it takes an awful lot for a politician to convince them to play a gig on their behalf. <\/p>\n<p class=\"c-paragraph paywall b-it-article-body__text--left\">Finishing the night off, many miles away from its acoustic opener, was DJ and producer C\u00f3il\u00ed Collins, better known by the moniker Shampain. Sporting an ageing Galway United jersey, Collins said he had experienced Connolly\u2019s work on a local level.<\/p>\n<p class=\"c-paragraph paywall b-it-article-body__text--left\">\u201cCatherine\u2019s an Independent, and also on top of that, she\u2019s a very inspiring, honest, forthcoming person that actually backs up her words with actions \u2013 which is something that I\u2019ve seen in Galway.\u201d<\/p>\n<p class=\"c-paragraph paywall b-it-article-body__text--left\">Collins said Connolly was \u201csomeone you can disagree with\u201d on occasion, but that her arguments always have a basis. He sees strong opinions as an important function of presidency. <\/p>\n<p class=\"c-paragraph paywall b-it-article-body__text--left\">\u201cShe said it too \u2013 the president isn\u2019t this person who has no influence,\u201d he said. \u201cShe has a lot of soft power. To have a voice like that \u2013 I love Michael D, but sometimes he was so arts-focused, and I think right now, there\u2019s bigger fish to fry and she seems like she wants to fry them.\u201d<\/p>\n","protected":false},"excerpt":{"rendered":"While Heather Humphreys received the endorsement of Daniel O\u2019Donnell over the weekend, Catherine Connolly\u2019s camp knitted together a&hellip;\n","protected":false},"author":2,"featured_media":135659,"comment_status":"","ping_status":"","sticky":false,"template":"","format":"standard","meta":{"footnotes":""},"categories":[75],"tags":[1921,40651,18,117,19,17,59,15317,60700],"class_list":{"0":"post-135658","1":"post","2":"type-post","3":"status-publish","4":"format-standard","5":"has-post-thumbnail","7":"category-entertainment","8":"tag-catherine-connolly","9":"tag-christy-moore","10":"tag-eire","11":"tag-entertainment","12":"tag-ie","13":"tag-ireland","14":"tag-presidential-election","15":"tag-the-mary-wallopers","16":"tag-vicar-street"},"share_on_mastodon":{"url":"","error":""},"_links":{"self":[{"href":"https:\/\/www.europesays.com\/ie\/wp-json\/wp\/v2\/posts\/135658","targetHints":{"allow":["GET"]}}],"collection":[{"href":"https:\/\/www.europesays.com\/ie\/wp-json\/wp\/v2\/posts"}],"about":[{"href":"https:\/\/www.europesays.com\/ie\/wp-json\/wp\/v2\/types\/post"}],"author":[{"embeddable":true,"href":"https:\/\/www.europesays.com\/ie\/wp-json\/wp\/v2\/users\/2"}],"replies":[{"embeddable":true,"href":"https:\/\/www.europesays.com\/ie\/wp-json\/wp\/v2\/comments?post=135658"}],"version-history":[{"count":0,"href":"https:\/\/www.europesays.com\/ie\/wp-json\/wp\/v2\/posts\/135658\/revisions"}],"wp:featuredmedia":[{"embeddable":true,"href":"https:\/\/www.europesays.com\/ie\/wp-json\/wp\/v2\/media\/135659"}],"wp:attachment":[{"href":"https:\/\/www.europesays.com\/ie\/wp-json\/wp\/v2\/media?parent=135658"}],"wp:term":[{"taxonomy":"category","embeddable":true,"href":"https:\/\/www.europesays.com\/ie\/wp-json\/wp\/v2\/categories?post=135658"},{"taxonomy":"post_tag","embeddable":true,"href":"https:\/\/www.europesays.com\/ie\/wp-json\/wp\/v2\/tags?post=135658"}],"curies":[{"name":"wp","href":"https:\/\/api.w.org\/{rel}","templated":true}]}}