{"id":13940,"date":"2025-08-21T13:34:08","date_gmt":"2025-08-21T13:34:08","guid":{"rendered":"https:\/\/www.europesays.com\/ie\/13940\/"},"modified":"2025-08-21T13:34:08","modified_gmt":"2025-08-21T13:34:08","slug":"garda-suspended-following-death-of-man-in-dublin-city-centre-the-irish-times","status":"publish","type":"post","link":"https:\/\/www.europesays.com\/ie\/13940\/","title":{"rendered":"Garda suspended following death of man in Dublin city centre \u2013 The Irish Times"},"content":{"rendered":"<p class=\"c-paragraph paywall \">A <a href=\"https:\/\/www.irishtimes.com\/crime-law\/2025\/08\/19\/man-involved-in-incident-with-gardai-in-dublin-city-centre-dies-in-hospital\/\" target=\"_self\" rel=\"nofollow noopener\" title=\"https:\/\/www.irishtimes.com\/crime-law\/2025\/08\/19\/man-involved-in-incident-with-gardai-in-dublin-city-centre-dies-in-hospital\/\">garda under investigation<\/a> following the death of a man in <a href=\"https:\/\/www.irishtimes.com\/tags\/dublin\/\" target=\"_self\" rel=\"nofollow noopener\" title=\"https:\/\/www.irishtimes.com\/tags\/dublin\/\">Dublin<\/a> city centre last week has been suspended from duty.<\/p>\n<p class=\"c-paragraph paywall \">The 51-year-old man suffered severe head injuries after hitting his head off the ground in the early hours of last Friday morning outside the Holiday Inn on <a href=\"https:\/\/www.irishtimes.com\/tags\/dublin\/\" rel=\"nofollow noopener\" title=\"https:\/\/www.irishtimes.com\/tags\/dublin\/\" target=\"_blank\">O\u2019Connell Street<\/a>. <\/p>\n<p class=\"c-paragraph paywall \">He died in hospital on Tuesday.<\/p>\n<p class=\"c-paragraph paywall \">The circumstances of the man\u2019s death are being investigated by <a href=\"https:\/\/www.irishtimes.com\/tags\/fiosru\/\" rel=\"nofollow noopener\" title=\"https:\/\/www.irishtimes.com\/tags\/fiosru\/\" target=\"_blank\">Fiosr\u00fa<\/a>, the police ombudsman, as the deceased had interacted with garda\u00ed immediately before the fall.<\/p>\n<p class=\"c-paragraph paywall \">The incident was referred to <a href=\"https:\/\/www.irishtimes.com\/tags\/fiosru\/\" rel=\"nofollow noopener\" title=\"https:\/\/www.irishtimes.com\/tags\/fiosru\/\" target=\"_blank\">Fiosr\u00fa<\/a> by <a href=\"https:\/\/www.irishtimes.com\/tags\/garda-siochana\/\" target=\"_self\" rel=\"nofollow noopener\" title=\"https:\/\/www.irishtimes.com\/tags\/garda-siochana\/\">An Garda S\u00edoch\u00e1na<\/a>. <\/p>\n<p class=\"c-paragraph paywall \">On Wednesday evening, one of the garda\u00ed who was at the scene was informed that he was to be suspended while the investigation takes place.<\/p>\n<p class=\"c-paragraph paywall \">The exact nature of the interaction between the garda and the deceased remains unclear. <\/p>\n<p class=\"c-paragraph paywall \">Neither the <a href=\"https:\/\/www.irishtimes.com\/tags\/fiosru\/\" rel=\"nofollow noopener\" title=\"https:\/\/www.irishtimes.com\/tags\/fiosru\/\" target=\"_blank\">Fiosr\u00fa<\/a> referral or the garda\u2019s suspension means the member is being accused of any offence. <\/p>\n<p class=\"c-paragraph paywall \"><a href=\"https:\/\/www.irishtimes.com\/tags\/fiosru\/\" rel=\"nofollow noopener\" title=\"https:\/\/www.irishtimes.com\/tags\/fiosru\/\" target=\"_blank\">Fiosr\u00fa<\/a> is obliged by law to investigate all instances involving garda\u00ed which result in death or serious injury. <\/p>\n<p class=\"c-paragraph paywall \">It will be up to the Director of Public Prosecutions to determine if there is a criminal case. It is understood the garda has denied any wrongdoing.<\/p>\n<p class=\"c-paragraph paywall \">The garda was in a patrol car with a sergeant on O\u2019Connell Street just after 4am when they spotted the man in what they believed to be an intoxicated state.<\/p>\n<p class=\"c-paragraph paywall \">The garda\u00ed told investigators they approached the man after they saw him at the traffic island in the street. During this interaction, the man fell to the ground.<\/p>\n<p class=\"c-paragraph paywall \">It is not known if the garda had physical contact with the man, who comes from a north Dublin family.<\/p>\n<p class=\"c-paragraph paywall \">The man was taken to hospital and an on-call investigator from <a href=\"https:\/\/www.irishtimes.com\/tags\/fiosru\/\" rel=\"nofollow noopener\" title=\"https:\/\/www.irishtimes.com\/tags\/fiosru\/\" target=\"_blank\">Fiosr\u00fa<\/a> attended the scene.<\/p>\n<p class=\"c-paragraph paywall \">The incident was not captured on the Garda car\u2019s dashcam but investigators were able to obtain CCTV footage from other cameras on the street, sources said.<\/p>\n<p class=\"c-paragraph paywall \">A postmoterm is due to take place, the results of which will likely help determine the course of the investigation, sources said.<\/p>\n<p class=\"c-paragraph paywall \">Garda headquarters said the matter had been referred to Fiosr\u00fa \u201cfollowing an interaction between a member of the public and an on duty Garda member on Friday, August 15th, 2025.<\/p>\n<p class=\"c-paragraph paywall \">Fiosr\u00fa, formerly known as the An Garda S\u00edoch\u00e1na Ombudsman (Gsoc), said it wants to hear from anyone who was near the Holiday Inn on O\u2019Connell Street at about 4.15am on Friday.<\/p>\n<p class=\"c-paragraph paywall \">This includes passing vehicles and taxis that may have dashcam or mobile phone footage from the area.<\/p>\n<p class=\"c-paragraph paywall \">\u201cAnyone with information which may be of assistance to this independent investigation is asked to contact Fiosr\u00fa at 0818 600 800 or info@fiosr\u00fa.ie,\u201d it said.<\/p>\n","protected":false},"excerpt":{"rendered":"A garda under investigation following the death of a man in Dublin city centre last week has been&hellip;\n","protected":false},"author":2,"featured_media":10113,"comment_status":"","ping_status":"","sticky":false,"template":"","format":"standard","meta":{"footnotes":""},"categories":[40],"tags":[956,9,10,52,18,13,14,5650,6,19,17,11,12,15,16,5,12950,7,8],"class_list":{"0":"post-13940","1":"post","2":"type-post","3":"status-publish","4":"format-standard","5":"has-post-thumbnail","7":"category-ireland","8":"tag-an-garda-siochana","9":"tag-breaking-news","10":"tag-breakingnews","11":"tag-dublin","12":"tag-eire","13":"tag-featured-news","14":"tag-featurednews","15":"tag-fiosru","16":"tag-headlines","17":"tag-ie","18":"tag-ireland","19":"tag-latest-news","20":"tag-latestnews","21":"tag-main-news","22":"tag-mainnews","23":"tag-news","24":"tag-o-connell-street","25":"tag-top-stories","26":"tag-topstories"},"share_on_mastodon":{"url":"","error":""},"_links":{"self":[{"href":"https:\/\/www.europesays.com\/ie\/wp-json\/wp\/v2\/posts\/13940","targetHints":{"allow":["GET"]}}],"collection":[{"href":"https:\/\/www.europesays.com\/ie\/wp-json\/wp\/v2\/posts"}],"about":[{"href":"https:\/\/www.europesays.com\/ie\/wp-json\/wp\/v2\/types\/post"}],"author":[{"embeddable":true,"href":"https:\/\/www.europesays.com\/ie\/wp-json\/wp\/v2\/users\/2"}],"replies":[{"embeddable":true,"href":"https:\/\/www.europesays.com\/ie\/wp-json\/wp\/v2\/comments?post=13940"}],"version-history":[{"count":0,"href":"https:\/\/www.europesays.com\/ie\/wp-json\/wp\/v2\/posts\/13940\/revisions"}],"wp:featuredmedia":[{"embeddable":true,"href":"https:\/\/www.europesays.com\/ie\/wp-json\/wp\/v2\/media\/10113"}],"wp:attachment":[{"href":"https:\/\/www.europesays.com\/ie\/wp-json\/wp\/v2\/media?parent=13940"}],"wp:term":[{"taxonomy":"category","embeddable":true,"href":"https:\/\/www.europesays.com\/ie\/wp-json\/wp\/v2\/categories?post=13940"},{"taxonomy":"post_tag","embeddable":true,"href":"https:\/\/www.europesays.com\/ie\/wp-json\/wp\/v2\/tags?post=13940"}],"curies":[{"name":"wp","href":"https:\/\/api.w.org\/{rel}","templated":true}]}}