{"id":140787,"date":"2025-10-23T15:17:11","date_gmt":"2025-10-23T15:17:11","guid":{"rendered":"https:\/\/www.europesays.com\/ie\/140787\/"},"modified":"2025-10-23T15:17:11","modified_gmt":"2025-10-23T15:17:11","slug":"rte-sport-to-show-irelands-historic-u17-world-cup-bow","status":"publish","type":"post","link":"https:\/\/www.europesays.com\/ie\/140787\/","title":{"rendered":"RT\u00c9 Sport to show Ireland&#8217;s historic U17 World Cup bow"},"content":{"rendered":"<p>The Republic of Ireland&#8217;s debut at the Under-17 World Cup will be shown live on RT\u00c92 and the RT\u00c9 Player next month.<\/p>\n<p>The young Boys in Green are set to face Panama, Uzbekistan and Paraguay from 5-11 November in Qatar.<\/p>\n<p>Of the 21 players in the squad, <a href=\"https:\/\/www.rte.ie\/sport\/soccer\/2025\/1021\/1539775-no-club-concerns-as-obrien-names-u-17-world-cup-squad\/\" target=\"_blank\" rel=\"nofollow noopener\">16 have come through the League of Ireland pyramid<\/a>, with 12 currently lining out for LOI sides, with the remainder playing for Benfica, Hoffenheim, Venezia, Southampton, FC Lorient, Newcastle United, UD Almeria, Club Brugge and Burnley.<\/p>\n<p>&#8220;The heat and humidity obviously will be a factor,&#8221; manager Colin O&#8217;Brien told RT\u00c9 Sport this week. &#8220;We&#8217;ve planned for that. We&#8217;ve added performance support staff to the backroom team.<\/p>\n<p>&#8220;We&#8217;ve utilised the international windows. We qualified at the end of March and brought the players away to Croatia to really hot temperatures in June.<\/p>\n<p>&#8220;Then we went to the Czech Republic in September, again, warm conditions. We were recently away in Pinar, in Spain for our final double-header.<\/p>\n<p>&#8220;So they&#8217;ve been exposed to how to prepare to play in the heat.<\/p>\n<p>&#8220;The supports are there for them within the squad and they&#8217;ve also been given plenty of educational tools to look at when they&#8217;re with their club as well, so that they&#8217;ll be prepared for it.&#8221;<\/p>\n<p>Should Ireland qualify for the knockout stages, broadcast details will be confirmed at a later date.<\/p>\n<p><b>Watch Republic of Ireland v Belgium in the UEFA Women&#8217;s Nations League play-offs on Friday from 6.30pm on RT\u00c92 and RT\u00c9 Player. Follow a live blog on the RT\u00c9 News App and on rte.ie\/sport. Listen to live radio commentary on an extended Game On with 2fm<\/b><\/p>\n","protected":false},"excerpt":{"rendered":"The Republic of Ireland&#8217;s debut at the Under-17 World Cup will be shown live on RT\u00c92 and the&hellip;\n","protected":false},"author":2,"featured_media":140788,"comment_status":"","ping_status":"","sticky":false,"template":"","format":"standard","meta":{"footnotes":""},"categories":[76],"tags":[18,19,17,132],"class_list":{"0":"post-140787","1":"post","2":"type-post","3":"status-publish","4":"format-standard","5":"has-post-thumbnail","7":"category-sports","8":"tag-eire","9":"tag-ie","10":"tag-ireland","11":"tag-sports"},"share_on_mastodon":{"url":"https:\/\/pubeurope.com\/@ie\/115424149179357074","error":""},"_links":{"self":[{"href":"https:\/\/www.europesays.com\/ie\/wp-json\/wp\/v2\/posts\/140787","targetHints":{"allow":["GET"]}}],"collection":[{"href":"https:\/\/www.europesays.com\/ie\/wp-json\/wp\/v2\/posts"}],"about":[{"href":"https:\/\/www.europesays.com\/ie\/wp-json\/wp\/v2\/types\/post"}],"author":[{"embeddable":true,"href":"https:\/\/www.europesays.com\/ie\/wp-json\/wp\/v2\/users\/2"}],"replies":[{"embeddable":true,"href":"https:\/\/www.europesays.com\/ie\/wp-json\/wp\/v2\/comments?post=140787"}],"version-history":[{"count":0,"href":"https:\/\/www.europesays.com\/ie\/wp-json\/wp\/v2\/posts\/140787\/revisions"}],"wp:featuredmedia":[{"embeddable":true,"href":"https:\/\/www.europesays.com\/ie\/wp-json\/wp\/v2\/media\/140788"}],"wp:attachment":[{"href":"https:\/\/www.europesays.com\/ie\/wp-json\/wp\/v2\/media?parent=140787"}],"wp:term":[{"taxonomy":"category","embeddable":true,"href":"https:\/\/www.europesays.com\/ie\/wp-json\/wp\/v2\/categories?post=140787"},{"taxonomy":"post_tag","embeddable":true,"href":"https:\/\/www.europesays.com\/ie\/wp-json\/wp\/v2\/tags?post=140787"}],"curies":[{"name":"wp","href":"https:\/\/api.w.org\/{rel}","templated":true}]}}