{"id":141150,"date":"2025-10-23T19:09:08","date_gmt":"2025-10-23T19:09:08","guid":{"rendered":"https:\/\/www.europesays.com\/ie\/141150\/"},"modified":"2025-10-23T19:09:08","modified_gmt":"2025-10-23T19:09:08","slug":"gardai-issue-rte-crimecall-appeal-for-information-on-man-who-robbed-car-in-limerick-city","status":"publish","type":"post","link":"https:\/\/www.europesays.com\/ie\/141150\/","title":{"rendered":"Garda\u00ed issue RT\u00c9 Crimecall appeal for information on man who robbed car in Limerick City"},"content":{"rendered":"<p>Garda\u00ed that appeared on Monday night&#8217;s Crimecall on RT\u00c9 are appealing for information on a car stolen from <a href=\"https:\/\/www.limerickleader.ie\/section\/131\/news\" target=\"_blank\" rel=\"noopener nofollow\">Limerick City.<\/a>\u00a0<\/p>\n<p>The incident happened last year but no specific date was given during the programme.\u00a0<\/p>\n<p>A man who is between 5ft 6 and 5ft 8 and was wearing a baseball cap hopped into the car and reversed it out of the spot that it was in.\u00a0<\/p>\n<p>He then drove off and was nowhere to be found.<\/p>\n<p>Six weeks later the car was spotted in Mallow in county Cork.<\/p>\n<p><strong>READ NEXT:\u00a0<\/strong><a href=\"https:\/\/www.limerickleader.ie\/news\/politics\/1923798\/limerick-councillors-back-scheme-for-pet-friendly-businesses.html\" target=\"_blank\" rel=\"noopener nofollow\">Limerick councillors back scheme for pet-friendly businesses<\/a><\/p>\n<p>The man was also wearing a short navy jacket and grey tracksuit bottoms.<\/p>\n<p>He has some facial stubble.\u00a0<\/p>\n<p>Garda\u00ed are asking anyone with any information to come forward and get in touch.\u00a0<\/p>\n<p>You can do so by freephoning 1800 40 50 60 or texting &#8216;crime&#8217; followed by info to 57765.<\/p>\n<p>Alternatively you can email crimecall@garda.ie.<\/p>\n<p>ADVERTISEMENT &#8211; CONTINUE READING BELOW<\/p>\n<p>ADVERTISEMENT &#8211; CONTINUE READING BELOW<\/p>\n<p>ADVERTISEMENT &#8211; CONTINUE READING BELOW<\/p>\n<p>ADVERTISEMENT &#8211; CONTINUE READING BELOW<\/p>\n<p>ADVERTISEMENT &#8211; CONTINUE READING BELOW<\/p>\n<p>ADVERTISEMENT &#8211; CONTINUE READING BELOW<\/p>\n<p>ADVERTISEMENT &#8211; CONTINUE READING BELOW<\/p>\n<p>ADVERTISEMENT &#8211; CONTINUE READING BELOW<\/p>\n<p>ADVERTISEMENT &#8211; CONTINUE READING BELOW<\/p>\n","protected":false},"excerpt":{"rendered":"Garda\u00ed that appeared on Monday night&#8217;s Crimecall on RT\u00c9 are appealing for information on a car stolen from&hellip;\n","protected":false},"author":2,"featured_media":141151,"comment_status":"","ping_status":"","sticky":false,"template":"","format":"standard","meta":{"footnotes":""},"categories":[75],"tags":[83533,18,117,19,17,1844,7587,1181],"class_list":{"0":"post-141150","1":"post","2":"type-post","3":"status-publish","4":"format-standard","5":"has-post-thumbnail","7":"category-entertainment","8":"tag-crimecall","9":"tag-eire","10":"tag-entertainment","11":"tag-ie","12":"tag-ireland","13":"tag-limerick","14":"tag-limerick-city","15":"tag-rte"},"share_on_mastodon":{"url":"https:\/\/pubeurope.com\/@ie\/115425061472069086","error":""},"_links":{"self":[{"href":"https:\/\/www.europesays.com\/ie\/wp-json\/wp\/v2\/posts\/141150","targetHints":{"allow":["GET"]}}],"collection":[{"href":"https:\/\/www.europesays.com\/ie\/wp-json\/wp\/v2\/posts"}],"about":[{"href":"https:\/\/www.europesays.com\/ie\/wp-json\/wp\/v2\/types\/post"}],"author":[{"embeddable":true,"href":"https:\/\/www.europesays.com\/ie\/wp-json\/wp\/v2\/users\/2"}],"replies":[{"embeddable":true,"href":"https:\/\/www.europesays.com\/ie\/wp-json\/wp\/v2\/comments?post=141150"}],"version-history":[{"count":0,"href":"https:\/\/www.europesays.com\/ie\/wp-json\/wp\/v2\/posts\/141150\/revisions"}],"wp:featuredmedia":[{"embeddable":true,"href":"https:\/\/www.europesays.com\/ie\/wp-json\/wp\/v2\/media\/141151"}],"wp:attachment":[{"href":"https:\/\/www.europesays.com\/ie\/wp-json\/wp\/v2\/media?parent=141150"}],"wp:term":[{"taxonomy":"category","embeddable":true,"href":"https:\/\/www.europesays.com\/ie\/wp-json\/wp\/v2\/categories?post=141150"},{"taxonomy":"post_tag","embeddable":true,"href":"https:\/\/www.europesays.com\/ie\/wp-json\/wp\/v2\/tags?post=141150"}],"curies":[{"name":"wp","href":"https:\/\/api.w.org\/{rel}","templated":true}]}}