{"id":142448,"date":"2025-10-24T09:47:07","date_gmt":"2025-10-24T09:47:07","guid":{"rendered":"https:\/\/www.europesays.com\/ie\/142448\/"},"modified":"2025-10-24T09:47:07","modified_gmt":"2025-10-24T09:47:07","slug":"john-twin-mcnamara-midwest-radio","status":"publish","type":"post","link":"https:\/\/www.europesays.com\/ie\/142448\/","title":{"rendered":"John (Twin) McNamara &#8211; Midwest Radio"},"content":{"rendered":"<p>C\u00fa Mara, Keelwest, Dooagh, Achill Island \u2013 in his 91st year, peacefully at home surrounded by his loving family on Thursday 23rd October 2025.<\/p>\n<p>Predeceased by his beloved son Se\u00e1n, parents Anthony and Catherine, twin brother Pat and sister N\u00f3ra.<\/p>\n<p>He will be dearly and lovingly missed by his wife Mary, sons Eoin and Brian, grandchildren Se\u00e1n, Cathal and Keila, sister Mary Teresa, daughters-in-law Catherine and Claudia, sisters-in-law Teresa, Maura and Anne, brother-in-law John Stephen, nieces, nephews and all his extended family, neighbours and many good friends.<\/p>\n<p>Suaimhneas S\u00edora\u00ed D\u00e1 Anam D\u00edlis<\/p>\n<p>John will repose at Lavelle\u2019s Funeral Home, Cashel, Achill (F28 Y0H9) on Saturday, 25th October from 4.30pm until 7pm.<\/p>\n<p>Removal from his residence on Sunday morning to St. Patricks Church, Pollagh for Requiem Mass 11.30.<\/p>\n<p>Burial afterwards in Slievemore cemetery.<\/p>\n<p>House Private Please<\/p>\n<p>John\u2019s family appreciate all your support and understanding at this difficult time. Those who would like to leave a message of sympathy for the family may do so in the condolences section below.<\/p>\n","protected":false},"excerpt":{"rendered":"C\u00fa Mara, Keelwest, Dooagh, Achill Island \u2013 in his 91st year, peacefully at home surrounded by his loving&hellip;\n","protected":false},"author":2,"featured_media":142449,"comment_status":"","ping_status":"","sticky":false,"template":"","format":"standard","meta":{"footnotes":""},"categories":[40],"tags":[9,10,18,13,14,6,19,17,11,12,15,16,5,7,8],"class_list":{"0":"post-142448","1":"post","2":"type-post","3":"status-publish","4":"format-standard","5":"has-post-thumbnail","7":"category-ireland","8":"tag-breaking-news","9":"tag-breakingnews","10":"tag-eire","11":"tag-featured-news","12":"tag-featurednews","13":"tag-headlines","14":"tag-ie","15":"tag-ireland","16":"tag-latest-news","17":"tag-latestnews","18":"tag-main-news","19":"tag-mainnews","20":"tag-news","21":"tag-top-stories","22":"tag-topstories"},"share_on_mastodon":{"url":"","error":""},"_links":{"self":[{"href":"https:\/\/www.europesays.com\/ie\/wp-json\/wp\/v2\/posts\/142448","targetHints":{"allow":["GET"]}}],"collection":[{"href":"https:\/\/www.europesays.com\/ie\/wp-json\/wp\/v2\/posts"}],"about":[{"href":"https:\/\/www.europesays.com\/ie\/wp-json\/wp\/v2\/types\/post"}],"author":[{"embeddable":true,"href":"https:\/\/www.europesays.com\/ie\/wp-json\/wp\/v2\/users\/2"}],"replies":[{"embeddable":true,"href":"https:\/\/www.europesays.com\/ie\/wp-json\/wp\/v2\/comments?post=142448"}],"version-history":[{"count":0,"href":"https:\/\/www.europesays.com\/ie\/wp-json\/wp\/v2\/posts\/142448\/revisions"}],"wp:featuredmedia":[{"embeddable":true,"href":"https:\/\/www.europesays.com\/ie\/wp-json\/wp\/v2\/media\/142449"}],"wp:attachment":[{"href":"https:\/\/www.europesays.com\/ie\/wp-json\/wp\/v2\/media?parent=142448"}],"wp:term":[{"taxonomy":"category","embeddable":true,"href":"https:\/\/www.europesays.com\/ie\/wp-json\/wp\/v2\/categories?post=142448"},{"taxonomy":"post_tag","embeddable":true,"href":"https:\/\/www.europesays.com\/ie\/wp-json\/wp\/v2\/tags?post=142448"}],"curies":[{"name":"wp","href":"https:\/\/api.w.org\/{rel}","templated":true}]}}