{"id":142644,"date":"2025-10-24T11:48:25","date_gmt":"2025-10-24T11:48:25","guid":{"rendered":"https:\/\/www.europesays.com\/ie\/142644\/"},"modified":"2025-10-24T11:48:25","modified_gmt":"2025-10-24T11:48:25","slug":"sustainability-to-shape-the-eus-first-ever-tourism-strategy","status":"publish","type":"post","link":"https:\/\/www.europesays.com\/ie\/142644\/","title":{"rendered":"Sustainability to shape the EU\u2019s first-ever tourism strategy"},"content":{"rendered":"<p>Sustainability will be the guiding principle behind the EU\u2019s first-ever tourism strategy, European Commissioner <a href=\"https:\/\/www.euronews.com\/my-europe\/2025\/02\/06\/tourism-commissioner-to-consult-widely-on-hotspot-sustainability\" rel=\"nofollow noopener\" target=\"_blank\">Apostolos Tzitzikostas<\/a> told the audience at the Global Tourism Forum in Brussels.<\/p>\n<p>\u201cSustainability means reducing emissions, including from travel to and within destinations. But it also means managing resources wisely, protecting cultural and natural assets, and ensuring that tourism contributes to balanced regional development across Europe,\u201d the Commissioner for Sustainable Transport and Tourism said during the two-day event on Monday and Tuesday.<\/p>\n<p>Europe remains the world\u2019s top tourist destination, welcoming 758 million visitors in 2024 \u2014 a sector that generated over 20 million jobs and contributed about 7% of the EU\u2019s Gross Value Added, roughly \u20ac807 billion.<\/p>\n<p>Yet the <a href=\"https:\/\/www.euronews.com\/travel\/2024\/12\/31\/we-need-tourism-to-decrease-will-there-be-more-anti-tourist-protests-in-europe-in-2025\" rel=\"nofollow noopener\" target=\"_blank\">growing number of tourists <\/a>is raising concerns, particularly in Spain, France, Germany and Italy \u2014 the four countries accounting for more than 60% of overnight stays in Europe.<\/p>\n<p>The uneven distribution of visitors and the seasonality of tourism are also putting pressure on infrastructure, housing, natural resources, and local communities.<\/p>\n<p>\u201cSuch pressures risk undermining tourism&#8217;s long-term competitiveness and even its acceptance by local residents,\u201d the Greek commissioner warned.<\/p>\n<p>Tzitzikostas also called for stronger adaptation to climate change, shifting geopolitics, and rapid technological transformation \u2014 key challenges that European cities and regions must prioritise.<\/p>\n<p>\u201cThe adjustments we make today will ensure that the benefits of tourism to local communities and economies will be even greater tomorrow,\u201d he stressed.<\/p>\n<p>In fact, Europe is warming twice as fast as the rest of the planet. As temperatures rise, so do the risks \u2014 threatening energy infrastructure, food security, ecosystems, and public health.<\/p>\n<p>Some European cities are already responding to these challenges. Barcelona is planting more trees to combat rising heat. Copenhagen is developing flood-control systems to manage heavy rainfall. And along the Dutch coast, natural barriers are being built to protect against rising sea levels.<\/p>\n<p>Still, experts say much more investment will be needed to prepare cities for the impacts of climate change.<\/p>\n<p>\u201cWe need to work harder, better, and faster,\u201d Luca Arbau, a climate resilience and adaptation expert at ICLEI Europe, told Euronews.<\/p>\n<p>Although the European Commission does not hold direct competence over tourism, the second von der Leyen Commission has, for the first time, appointed a commissioner responsible for transport and tourism \u2014 signalling the EU\u2019s growing commitment to tackling the challenges of mass tourism.<\/p>\n<p>The EU executive recently concluded consultations with citizens, industry representatives, and other stakeholders for its upcoming 2026 European Tourism Strategy, which aims to address \u201cunbalanced tourism\u201d and promote sustainable growth across the bloc.<\/p>\n<p>While the EU cannot directly legislate in tourism, it exerts influence over many areas that shape travel and hospitality.<\/p>\n<p>\u201cIt is important to understand how decisions that do not formally fall within the scope of tourism policy can nonetheless have a direct impact on the sector, on tourists, and on the final price of destinations,\u201d Jos\u00e9 Ram\u00f3n Bauz\u00e1, founder and chairman of the Aviation and Tourism Forum and former MEP, told Euronews.<\/p>\n<p>Bauz\u00e1, who led Parliament\u2019s negotiations on the ReFuelEU Aviation Regulation, pointed to sustainable aviation fuel rules as one example of EU legislation indirectly shaping the sector.<\/p>\n<p>Another is the upcoming <a href=\"https:\/\/www.euronews.com\/my-europe\/2025\/10\/12\/eus-digital-border-entry-and-exit-system-comes-into-effect-across-member-states\" rel=\"nofollow noopener\" target=\"_blank\"><strong>Entry\/Exit System<\/strong><\/a>, which will introduce new requirements for non-EU citizens entering European borders \u2014 a change expected to influence travel patterns and costs across the continent.<\/p>\n","protected":false},"excerpt":{"rendered":"Sustainability will be the guiding principle behind the EU\u2019s first-ever tourism strategy, European Commissioner Apostolos Tzitzikostas told the&hellip;\n","protected":false},"author":2,"featured_media":142645,"comment_status":"","ping_status":"","sticky":false,"template":"","format":"standard","meta":{"footnotes":""},"categories":[269],"tags":[84478,18,440,31568,5766,19,17,133,84477,5986],"class_list":{"0":"post-142644","1":"post","2":"type-post","3":"status-publish","4":"format-standard","5":"has-post-thumbnail","7":"category-environment","8":"tag-apostolos-tzitzikostas","9":"tag-eire","10":"tag-environment","11":"tag-eu-policy","12":"tag-european-commission","13":"tag-ie","14":"tag-ireland","15":"tag-science","16":"tag-sustainable-tourism","17":"tag-tourism"},"share_on_mastodon":{"url":"https:\/\/pubeurope.com\/@ie\/115428989582011209","error":""},"_links":{"self":[{"href":"https:\/\/www.europesays.com\/ie\/wp-json\/wp\/v2\/posts\/142644","targetHints":{"allow":["GET"]}}],"collection":[{"href":"https:\/\/www.europesays.com\/ie\/wp-json\/wp\/v2\/posts"}],"about":[{"href":"https:\/\/www.europesays.com\/ie\/wp-json\/wp\/v2\/types\/post"}],"author":[{"embeddable":true,"href":"https:\/\/www.europesays.com\/ie\/wp-json\/wp\/v2\/users\/2"}],"replies":[{"embeddable":true,"href":"https:\/\/www.europesays.com\/ie\/wp-json\/wp\/v2\/comments?post=142644"}],"version-history":[{"count":0,"href":"https:\/\/www.europesays.com\/ie\/wp-json\/wp\/v2\/posts\/142644\/revisions"}],"wp:featuredmedia":[{"embeddable":true,"href":"https:\/\/www.europesays.com\/ie\/wp-json\/wp\/v2\/media\/142645"}],"wp:attachment":[{"href":"https:\/\/www.europesays.com\/ie\/wp-json\/wp\/v2\/media?parent=142644"}],"wp:term":[{"taxonomy":"category","embeddable":true,"href":"https:\/\/www.europesays.com\/ie\/wp-json\/wp\/v2\/categories?post=142644"},{"taxonomy":"post_tag","embeddable":true,"href":"https:\/\/www.europesays.com\/ie\/wp-json\/wp\/v2\/tags?post=142644"}],"curies":[{"name":"wp","href":"https:\/\/api.w.org\/{rel}","templated":true}]}}