{"id":143412,"date":"2025-10-24T20:20:14","date_gmt":"2025-10-24T20:20:14","guid":{"rendered":"https:\/\/www.europesays.com\/ie\/143412\/"},"modified":"2025-10-24T20:20:14","modified_gmt":"2025-10-24T20:20:14","slug":"one-month-until-closing-10-must-see-national-pavilions-at-the-2025-venice-architecture-biennale","status":"publish","type":"post","link":"https:\/\/www.europesays.com\/ie\/143412\/","title":{"rendered":"One Month Until Closing: 10 Must-See National Pavilions at the 2025 Venice Architecture Biennale"},"content":{"rendered":"<p><a class=\"js-image-size__link \" href=\"https:\/\/www.archdaily.com\/1035374\/one-month-until-closing-10-must-see-national-pavilions-at-the-2025-venice-architecture-biennale\/68fb5c909662412fbda68a5f-one-month-until-closing-10-must-see-national-pavilions-at-the-2025-venice-architecture-biennale-photo\" rel=\"attachment nofollow noopener\" style=\"width: 100%; height: 100%;\" target=\"_blank\"><img decoding=\"async\" alt=\"One Month Until Closing: 10 Must-See National Pavilions at the 2025 Venice Architecture Biennale - Image 1 of 11\" data-nr-picture-id=\"68fb5c909662412fbda68a5f\" fetchpriority=\"high\" height=\"428\" itemprop=\"image\" loading=\"eager\" longdesc=\"https:\/\/www.archdaily.com\/1035374\/one-month-until-closing-10-must-see-national-pavilions-at-the-2025-venice-architecture-biennale\/68fb5c909662412fbda68a5f-one-month-until-closing-10-must-see-national-pavilions-at-the-2025-venice-architecture-biennale-photo\" src=\"https:\/\/www.europesays.com\/ie\/wp-content\/uploads\/2025\/10\/one-month-until-closing-10-must-see-national-pavilions-at-the-2025-venice-architecture-biennale_12.j.jpeg\" style=\"min-height: var(--featured-height, auto); aspect-ratio: auto 640 \/ 428\" width=\"640\"\/><\/a>Venice Architecture Biennale. Image \u00a9 l&#8217;arki via Shutterstock<\/p>\n<p>    Share<\/p>\n<p>Share<\/p>\n<ul class=\"afd-share__networks clearfix\">\n<li class=\"afd-share__social\"><a aria-label=\"Facebook\" class=\"afd-share__button\" data-insights-category=\"share\" data-insights-label=\"facebook_sharing_options\" data-insights-value=\"1035374\" data-social=\"facebook\" href=\"https:\/\/www.facebook.com\/sharer\/sharer.php?u=https:\/\/www.archdaily.com\/1035374\/one-month-until-closing-10-must-see-national-pavilions-at-the-2025-venice-architecture-biennale\" rel=\"nofollow noopener\" target=\"_blank\"><\/a>\n<p>Facebook<\/p>\n<\/li>\n<li class=\"afd-share__social\"><a aria-label=\"Twitter\" class=\"afd-share__button\" data-insights-category=\"share\" data-insights-label=\"twitter_sharing_options\" data-insights-value=\"1035374\" data-social=\"twitter\" href=\"https:\/\/twitter.com\/intent\/tweet?text=One%20Month%20Until%20Closing%3A%2010%20Must-See%20National%20Pavilions%20at%20the%202025%20Venice%20Architecture%20Biennale&amp;url=https:\/\/www.archdaily.com\/1035374\/one-month-until-closing-10-must-see-national-pavilions-at-the-2025-venice-architecture-biennale&amp;via=archdaily\" rel=\"nofollow noopener\" target=\"_blank\"><\/a>\n<p>Twitter<\/p>\n<\/li>\n<li class=\"afd-share__social\"><a class=\"afd-share__button\" data-insights-category=\"share\" data-insights-label=\"email_sharing_options\" data-insights-value=\"1035374\" data-social=\"email\" href=\"mailto:?subject=One Month Until Closing: 10 Must-See National Pavilions at the 2025 Venice Architecture Biennale&amp;body=https:\/\/www.archdaily.com\/1035374\/one-month-until-closing-10-must-see-national-pavilions-at-the-2025-venice-architecture-biennale\"><\/a>\n<p>Mail<\/p>\n<\/li>\n<li class=\"afd-share__social\"><a aria-label=\"Pinterest\" class=\"afd-share__button\" data-insights-category=\"share\" data-insights-label=\"pinterest_sharing_options\" data-insights-value=\"1035374\" data-social=\"pinterest\" href=\"https:\/\/pinterest.com\/pin\/create\/button\/?url=https%3A%2F%2Fwww.archdaily.com%2F1035374%2Fone-month-until-closing-10-must-see-national-pavilions-at-the-2025-venice-architecture-biennale&amp;media=https%3A%2F%2Fimages.adsttc.com%2Fmedia%2Fimages%2F68fb%2F5c90%2F9662%2F412f%2Fbda6%2F8a5f%2Flarge_jpg%2Fone-month-until-closing-10-must-see-national-pavilions-at-the-2025-venice-architecture-biennale_12.jpg%3F1761303723&amp;description=One%20Month%20Until%20Closing%3A%2010%20Must-See%20National%20Pavilions%20at%20the%202025%20Venice%20Architecture%20Biennale\" rel=\"nofollow noopener\" target=\"_blank\"><\/a>\n<p>Pinterest<\/p>\n<\/li>\n<li class=\"afd-share__social\"><a aria-label=\"Whatsapp\" class=\"afd-share__button\" data-action=\"share\/whatsapp\/share\" data-insights-category=\"share\" data-insights-label=\"whatsapp_sharing_options\" data-insights-value=\"1035374\" data-social=\"whatsapp\" href=\"whatsapp:\/\/send?text=One+Month+Until+Closing%3A+10+Must-See+National+Pavilions+at+the+2025+Venice+Architecture+Biennale+%7C+https%3A%2F%2Fwww.archdaily.com%2F1035374%2Fone-month-until-closing-10-must-see-national-pavilions-at-the-2025-venice-architecture-biennale%3Futm_source%3DWhatsapp%26utm_medium%3DIM%26utm_campaign%3Dshare-button\" rel=\"nofollow\"><\/a>\n<p>Whatsapp<\/p>\n<\/li>\n<\/ul>\n<p>Or<\/p>\n<p>https:\/\/www.archdaily.com\/1035374\/one-month-until-closing-10-must-see-national-pavilions-at-the-2025-venice-architecture-biennale<\/p>\n<p>As <a href=\"https:\/\/www.archdaily.com\/tag\/venice-architecture-biennale-2025\" rel=\"nofollow noopener\" target=\"_blank\">the 19th International Architecture Exhibition<\/a> enters its final month before closing on November 23, <a href=\"https:\/\/www.archdaily.com\/tag\/venice-architecture-biennale-2025\" rel=\"nofollow noopener\" target=\"_blank\">the 2025 Venice Architecture Biennale<\/a> continues to reaffirm its position as one of the most influential global platforms for <a href=\"https:\/\/www.archdaily.com\/tag\/contemporary-architecture\" rel=\"nofollow noopener\" target=\"_blank\">contemporary architectural discourse<\/a>. Opened to the public on May 10 under the curatorship of Italian architect <a href=\"https:\/\/www.archdaily.com\/tag\/carlo-ratti\" rel=\"nofollow noopener\" target=\"_blank\">Carlo Ratti<\/a>, this edition, titled <a href=\"https:\/\/www.archdaily.com\/1016290\/natural-artifical-and-collective-intelligence-carlo-ratti-announces-theme-and-title-for-2025-venice-architecture-biennale\" rel=\"nofollow noopener\" target=\"_blank\">&#8220;Intelligens. Natural. Artificial. Collective.&#8221;<\/a> brings together over <a href=\"https:\/\/www.archdaily.com\/1029630\/meet-the-full-list-of-the-65-national-pavilions-at-the-2025-venice-architecture-biennale?ad_campaign=special-tag\" rel=\"nofollow noopener\" target=\"_blank\">750 participants across 65 national pavilions, 11 collateral events<\/a>, and numerous parallel initiatives throughout the city. Structured around the themes of Natural, <a href=\"https:\/\/www.archdaily.com\/tag\/artificial\" rel=\"nofollow noopener\" target=\"_blank\">Artificial<\/a>, and Collective Intelligence, the <a href=\"https:\/\/www.archdaily.com\/tag\/biennale\/page\/1\" rel=\"nofollow noopener\" target=\"_blank\">Biennale<\/a> examines how <a href=\"https:\/\/www.archdaily.com\/tag\/architecture\" rel=\"nofollow noopener\" target=\"_blank\">architecture<\/a> can respond to the intertwined challenges of <a href=\"https:\/\/www.archdaily.com\/tag\/climate\" rel=\"nofollow noopener\" target=\"_blank\">climate adaptation<\/a>, technological transformation, and social collaboration.<\/p>\n<p class=\"thumbs afd-desktop-e clearfix\"><a class=\"thumbs__link\" data-nr-picture-id=\"68fb4ced9662412fbda68a3a\" href=\"https:\/\/www.archdaily.com\/1035374\/one-month-until-closing-10-must-see-national-pavilions-at-the-2025-venice-architecture-biennale\/68fb4ced9662412fbda68a3a-one-month-until-closing-10-must-see-national-pavilions-at-the-2025-venice-architecture-biennale-photo\" rel=\"attachment nofollow noopener\" target=\"_blank\"><img loading=\"lazy\" decoding=\"async\" alt=\"One Month Until Closing: 10 Must-See National Pavilions at the 2025 Venice Architecture Biennale - Image 2 of 11\" class=\"thumbs__img b-lazy\" data-nr-picture-id=\"68fb4ced9662412fbda68a3a\" data-pin-nopin=\"true\" src=\"https:\/\/www.europesays.com\/ie\/wp-content\/uploads\/2025\/10\/one-month-until-closing-10-must-see-national-pavilions-at-the-2025-venice-architecture-biennale_1.jp.jpeg\" height=\"125\" longdesc=\"https:\/\/www.archdaily.com\/1035374\/one-month-until-closing-10-must-see-national-pavilions-at-the-2025-venice-architecture-biennale\/68fb4ced9662412fbda68a3a-one-month-until-closing-10-must-see-national-pavilions-at-the-2025-venice-architecture-biennale-photo\" title=\"Heatwave. Pavilion of the Kingdom of Bahrain at the 19th Venice Architecture Biennale. Image \u00a9 Andrea Avezz\u00f9, Courtesy of la Biennale di Venezia\" width=\"125\"\/><\/a><a class=\"thumbs__link\" data-nr-picture-id=\"68fb4ebb9662412fbda68a41\" href=\"https:\/\/www.archdaily.com\/1035374\/one-month-until-closing-10-must-see-national-pavilions-at-the-2025-venice-architecture-biennale\/68fb4ebb9662412fbda68a41-one-month-until-closing-10-must-see-national-pavilions-at-the-2025-venice-architecture-biennale-photo\" rel=\"attachment nofollow noopener\" target=\"_blank\"><img loading=\"lazy\" decoding=\"async\" alt=\"One Month Until Closing: 10 Must-See National Pavilions at the 2025 Venice Architecture Biennale - Image 3 of 11\" class=\"thumbs__img b-lazy\" data-nr-picture-id=\"68fb4ebb9662412fbda68a41\" data-pin-nopin=\"true\" src=\"https:\/\/www.europesays.com\/ie\/wp-content\/uploads\/2025\/10\/one-month-until-closing-10-must-see-national-pavilions-at-the-2025-venice-architecture-biennale_9.jp.jpeg\" height=\"125\" longdesc=\"https:\/\/www.archdaily.com\/1035374\/one-month-until-closing-10-must-see-national-pavilions-at-the-2025-venice-architecture-biennale\/68fb4ebb9662412fbda68a41-one-month-until-closing-10-must-see-national-pavilions-at-the-2025-venice-architecture-biennale-photo\" title=\"Exhibici\u00f3n &quot;Internatilities: Architectures for Territorial Equilibrium&quot;. Pabell\u00f3n de Espa\u00f1a en la Bienal de Arquitectura de Venecia, 2025. Image \u00a9 Luis Diaz Diaz\" width=\"125\"\/><\/a><a class=\"thumbs__link\" data-nr-picture-id=\"68fb4d964d7957017eb0b506\" href=\"https:\/\/www.archdaily.com\/1035374\/one-month-until-closing-10-must-see-national-pavilions-at-the-2025-venice-architecture-biennale\/68fb4d964d7957017eb0b506-one-month-until-closing-10-must-see-national-pavilions-at-the-2025-venice-architecture-biennale-photo\" rel=\"attachment nofollow noopener\" target=\"_blank\"><img loading=\"lazy\" decoding=\"async\" alt=\"One Month Until Closing: 10 Must-See National Pavilions at the 2025 Venice Architecture Biennale - Image 4 of 11\" class=\"thumbs__img b-lazy\" data-nr-picture-id=\"68fb4d964d7957017eb0b506\" data-pin-nopin=\"true\" src=\"https:\/\/www.europesays.com\/ie\/wp-content\/uploads\/2025\/10\/one-month-until-closing-10-must-see-national-pavilions-at-the-2025-venice-architecture-biennale_4.jp.jpeg\" height=\"125\" longdesc=\"https:\/\/www.archdaily.com\/1035374\/one-month-until-closing-10-must-see-national-pavilions-at-the-2025-venice-architecture-biennale\/68fb4d964d7957017eb0b506-one-month-until-closing-10-must-see-national-pavilions-at-the-2025-venice-architecture-biennale-photo\" title=\"Living Room Collective: Picoplanktonics, Canada Pavilion at the Venice Biennale, 2025. Image \u00a9 Valentina Mori\" width=\"125\"\/><\/a><a class=\"thumbs__link\" data-nr-picture-id=\"68fb4eee9662412fbda68a43\" href=\"https:\/\/www.archdaily.com\/1035374\/one-month-until-closing-10-must-see-national-pavilions-at-the-2025-venice-architecture-biennale\/68fb4eee9662412fbda68a43-one-month-until-closing-10-must-see-national-pavilions-at-the-2025-venice-architecture-biennale-photo\" rel=\"attachment nofollow noopener\" target=\"_blank\"><img loading=\"lazy\" decoding=\"async\" alt=\"One Month Until Closing: 10 Must-See National Pavilions at the 2025 Venice Architecture Biennale - Image 5 of 11\" class=\"thumbs__img b-lazy\" data-nr-picture-id=\"68fb4eee9662412fbda68a43\" data-pin-nopin=\"true\" src=\"https:\/\/www.europesays.com\/ie\/wp-content\/uploads\/2025\/10\/one-month-until-closing-10-must-see-national-pavilions-at-the-2025-venice-architecture-biennale_10.j.jpeg\" height=\"125\" longdesc=\"https:\/\/www.archdaily.com\/1035374\/one-month-until-closing-10-must-see-national-pavilions-at-the-2025-venice-architecture-biennale\/68fb4eee9662412fbda68a43-one-month-until-closing-10-must-see-national-pavilions-at-the-2025-venice-architecture-biennale-photo\" title=\"Unraveling: New Spaces. Serbian Exhibition at the 19th Venice Architecture Biennale. Image \u00a9 ReportArch - Andrea Ferro Photography\" width=\"125\"\/><\/a><a class=\"gallery-link afd-desktop-e\" href=\"https:\/\/www.archdaily.com\/1035374\/one-month-until-closing-10-must-see-national-pavilions-at-the-2025-venice-architecture-biennale\/68fb5c909662412fbda68a5f-one-month-until-closing-10-must-see-national-pavilions-at-the-2025-venice-architecture-biennale-photo\" rel=\"nofollow noopener\" target=\"_blank\"><img decoding=\"async\" alt=\"One Month Until Closing: 10 Must-See National Pavilions at the 2025 Venice Architecture Biennale - More Images\" class=\"thumbs__img b-lazy\" src=\"https:\/\/www.europesays.com\/ie\/wp-content\/uploads\/2025\/10\/one-month-until-closing-10-must-see-national-pavilions-at-the-2025-venice-architecture-biennale_12.j.jpeg\" itemprop=\"image\" bad-src=\"data:image\/gif;base64,R0lGODlhAQABAIAAAAUEBAAAACwAAAAAAQABAAACAkQBADs=\"\/>+ 6<\/a><\/p>\n<p>This year marks the largest <a href=\"https:\/\/www.archdaily.com\/tag\/architecture-biennale\/page\/1\" rel=\"nofollow noopener\" target=\"_blank\">Architecture Biennale<\/a> to date. Expanding beyond the traditional venues of the <a href=\"https:\/\/www.archdaily.com\/tag\/giardini\/page\/1\" rel=\"nofollow noopener\" target=\"_blank\">Giardini<\/a> and <a href=\"https:\/\/www.archdaily.com\/tag\/arsenale\" rel=\"nofollow noopener\" target=\"_blank\">Arsenale<\/a> into <a href=\"https:\/\/www.archdaily.com\/tag\/venice\" rel=\"nofollow noopener\" target=\"_blank\">Venice<\/a>&#8216;s broader urban fabric, the <a href=\"https:\/\/www.archdaily.com\/tag\/exhibition\" rel=\"nofollow noopener\" target=\"_blank\">exhibition<\/a> encourages a city-wide dialogue on <a href=\"https:\/\/www.archdaily.com\/tag\/innovation\" rel=\"nofollow noopener\" target=\"_blank\">innovation<\/a> and <a href=\"https:\/\/www.archdaily.com\/tag\/sustainability\" rel=\"nofollow noopener\" target=\"_blank\">sustainability<\/a>. <a href=\"https:\/\/www.archdaily.com\/tag\/carlo-ratti\" rel=\"nofollow noopener\" target=\"_blank\">Ratti<\/a>&#8216;s curatorial direction highlights architecture&#8217;s potential to bridge natural and artificial systems, promoting principles of <a href=\"https:\/\/www.archdaily.com\/tag\/circular-design\" rel=\"nofollow noopener\" target=\"_blank\">circular design<\/a>. Among the national participants, the <a href=\"https:\/\/www.archdaily.com\/country\/bahrain\/page\/1\" rel=\"nofollow noopener\" target=\"_blank\">Kingdom of Bahrain<\/a>&#8216;s <a href=\"https:\/\/www.archdaily.com\/1029758\/bahrains-2025-venice-biennale-pavilion-addresses-the-global-issue-of-extreme-heat\" rel=\"nofollow noopener\" target=\"_blank\">Heatwave exhibition<\/a>, curated by <a href=\"https:\/\/www.archdaily.com\/tag\/andrea-faraguna\/page\/1\" rel=\"nofollow noopener\" target=\"_blank\">Andrea Faraguna<\/a>, <a href=\"https:\/\/www.archdaily.com\/1030022\/bahrain-wins-the-golden-lion-for-best-national-participation-at-the-2024-venice-architecture-biennale\" rel=\"nofollow noopener\" target=\"_blank\">was awarded the Golden Lion for Best National Participation<\/a> for its passive cooling strategies rooted in local climate and culture. <a href=\"https:\/\/www.archdaily.com\/1030022\/bahrain-wins-the-golden-lion-for-best-national-participation-at-the-2024-venice-architecture-biennale\" rel=\"nofollow noopener\" target=\"_blank\">Special mentions<\/a> went to the <a href=\"https:\/\/www.archdaily.com\/1030449\/the-holy-see-pavilion-presents-a-living-practice-of-restoration-opera-aperta-at-the-venice-architecture-biennale-2025\" rel=\"nofollow noopener\" target=\"_blank\">Holy See&#8217;s Opera Aperta<\/a> and <a href=\"https:\/\/www.archdaily.com\/1015261\/repair-restitution-and-renewal-british-council-announces-team-for-british-pavilion-at-la-biennale-di-venezia-2025?ad_campaign=normal-tag\" rel=\"nofollow noopener\" target=\"_blank\">the British Pavilion&#8217;s GBR: Geology of Britannic Repair<\/a>. With new participants including <a href=\"https:\/\/www.archdaily.com\/tag\/Azerbaijan\" rel=\"nofollow noopener\" target=\"_blank\">Azerbaijan<\/a>, <a href=\"https:\/\/www.archdaily.com\/country\/oman\/page\/1\" rel=\"nofollow noopener\" target=\"_blank\">Oman<\/a>, <a href=\"https:\/\/www.archdaily.com\/country\/qatar\/page\/1\" rel=\"nofollow noopener\" target=\"_blank\">Qatar<\/a>, and <a href=\"https:\/\/www.archdaily.com\/country\/togo\/page\/1\" rel=\"nofollow noopener\" target=\"_blank\">Togo<\/a>, and an increasing integration of <a href=\"https:\/\/www.archdaily.com\/tag\/ai\/page\/1\" rel=\"nofollow noopener\" target=\"_blank\">AI<\/a> and <a href=\"https:\/\/www.archdaily.com\/tag\/digital\" rel=\"nofollow noopener\" target=\"_blank\">digital technologies<\/a> in architectural practices, the 2025 edition positions itself as a critical reflection on design&#8217;s capacity to adapt, collaborate, and evolve.<\/p>\n<p>Read on to discover ten national pavilions that stand out for their architectural approaches and curatorial responses to this year&#8217;s theme.<\/p>\n<p>  Related Article <a class=\"rel-article__link\" data-insights-category=\"related-article\" data-insights-label=\"3\" data-insights-value=\"1035374\" href=\"https:\/\/www.archdaily.com\/1029630\/meet-the-full-list-of-the-65-national-pavilions-at-the-2025-venice-architecture-biennale?ad_campaign=special-tag?ad_medium=widget&amp;ad_name=related-article&amp;ad_content=1035374\" rel=\"nofollow noopener\" target=\"_blank\">Meet the Full List of the 65 National Pavilions at the 2025 Venice Architecture Biennale<\/a>   <a href=\"https:\/\/www.archdaily.com\/1029758\/bahrains-2025-venice-biennale-pavilion-addresses-the-global-issue-of-extreme-heat\" rel=\"nofollow noopener\" target=\"_blank\"><strong>Bahrain Pavilion<\/strong><\/a><strong> \/ <\/strong><a href=\"https:\/\/www.archdaily.com\/tag\/andrea-faraguna\/page\/1\" rel=\"nofollow noopener\" target=\"_blank\"><strong>Andrea Faraguna<\/strong><\/a> <a class=\"js-image-size__link lazy-anchor\" href=\"https:\/\/www.archdaily.com\/1035374\/one-month-until-closing-10-must-see-national-pavilions-at-the-2025-venice-architecture-biennale\/68fb4ced9662412fbda68a3a-one-month-until-closing-10-must-see-national-pavilions-at-the-2025-venice-architecture-biennale-photo\" rel=\"nofollow noopener\" target=\"_blank\"><img decoding=\"async\" alt=\"One Month Until Closing: 10 Must-See National Pavilions at the 2025 Venice Architecture Biennale - Image 2 of 11\" data-nr-picture-id=\"68fb4ced9662412fbda68a3a\" height=\"427\" itemprop=\"image\" loading=\"lazy\" longdesc=\"https:\/\/www.archdaily.com\/1035374\/one-month-until-closing-10-must-see-national-pavilions-at-the-2025-venice-architecture-biennale\/68fb4ced9662412fbda68a3a-one-month-until-closing-10-must-see-national-pavilions-at-the-2025-venice-architecture-biennale-photo\" src=\"https:\/\/www.europesays.com\/ie\/wp-content\/uploads\/2025\/10\/1761337212_137_one-month-until-closing-10-must-see-national-pavilions-at-the-2025-venice-architecture-biennale_1.jp.jpeg\" width=\"640\"\/>Heatwave. Pavilion of the Kingdom of Bahrain at the 19th Venice Architecture Biennale. Image \u00a9 Andrea Avezz\u00f9, Courtesy of la Biennale di Venezia<\/a><\/p>\n<p><a href=\"https:\/\/www.archdaily.com\/1029758\/bahrains-2025-venice-biennale-pavilion-addresses-the-global-issue-of-extreme-heat\" rel=\"nofollow noopener\" target=\"_blank\">Titled Heatwave<\/a> and curated by architect <a href=\"https:\/\/www.archdaily.com\/tag\/andrea-faraguna\/page\/1\" rel=\"nofollow noopener\" target=\"_blank\">Andrea Faraguna<\/a>, the <a href=\"https:\/\/www.archdaily.com\/country\/bahrain\/page\/1\" rel=\"nofollow noopener\" target=\"_blank\">Kingdom of Bahrain<\/a>&#8216;s pavilion at <a href=\"https:\/\/www.archdaily.com\/tag\/venice-architecture-biennale-2025\" rel=\"nofollow noopener\" target=\"_blank\">the 19th Venice Architecture Biennale<\/a> explores <a href=\"https:\/\/www.archdaily.com\/tag\/passive-cooling\" rel=\"nofollow noopener\" target=\"_blank\">passive cooling<\/a> strategies rooted in the country&#8217;s climatic and cultural context. Installed in <a href=\"https:\/\/www.archdaily.com\/tag\/arsenale\" rel=\"nofollow noopener\" target=\"_blank\">the Artiglierie of the Arsenale<\/a>, the project integrates geothermal wells and solar chimneys through a thermo-hygrometric axis, forming a modular structure defined by a suspended ceiling and raised floor supported by a single column. Developed in collaboration with engineer Mario Monotti and thermomechanical expert Alexander Puzrin, the system adapts to <a href=\"https:\/\/www.archdaily.com\/tag\/venice\" rel=\"nofollow noopener\" target=\"_blank\">Venice<\/a> through mechanical <a href=\"https:\/\/www.archdaily.com\/tag\/ventilation\" rel=\"nofollow noopener\" target=\"_blank\">ventilation<\/a>, demonstrating flexibility across various contexts. By addressing the pressing issue of extreme heat with a blend of technical precision and architectural sensitivity, the <a href=\"https:\/\/www.archdaily.com\/tag\/pavilion\" rel=\"nofollow noopener\" target=\"_blank\">pavilion<\/a> received<a href=\"https:\/\/www.archdaily.com\/1030022\/bahrain-wins-the-golden-lion-for-best-national-participation-at-the-2024-venice-architecture-biennale\" rel=\"nofollow noopener\" target=\"_blank\"> this year&#8217;s Golden Lion for Best National Participation<\/a>, recognized by the international jury for offering &#8220;viable proposals for extreme heat conditions.&#8221;<\/p>\n<p> <a href=\"https:\/\/www.archdaily.com\/1030449\/the-holy-see-pavilion-presents-a-living-practice-of-restoration-opera-aperta-at-the-venice-architecture-biennale-2025\" rel=\"nofollow noopener\" target=\"_blank\"><strong>Holy See Pavilion<\/strong><\/a><strong> \/ <\/strong><strong> <\/strong><a href=\"https:\/\/www.archdaily.com\/tag\/marina-otero-verzier\" rel=\"nofollow noopener\" target=\"_blank\"><strong>Marina Otero Verzier<\/strong><\/a><strong> and <\/strong><a href=\"https:\/\/www.archdaily.com\/tag\/giovanna-zabotti\" rel=\"nofollow noopener\" target=\"_blank\"><strong>Giovanna Zabotti<\/strong><\/a> <a class=\"js-image-size__link lazy-anchor\" href=\"https:\/\/www.archdaily.com\/1035374\/one-month-until-closing-10-must-see-national-pavilions-at-the-2025-venice-architecture-biennale\/68fb4d274d7957017eb0b503-one-month-until-closing-10-must-see-national-pavilions-at-the-2025-venice-architecture-biennale-photo\" rel=\"nofollow noopener\" target=\"_blank\"><img decoding=\"async\" alt=\"One Month Until Closing: 10 Must-See National Pavilions at the 2025 Venice Architecture Biennale - Image 6 of 11\" data-nr-picture-id=\"68fb4d274d7957017eb0b503\" height=\"427\" itemprop=\"image\" loading=\"lazy\" longdesc=\"https:\/\/www.archdaily.com\/1035374\/one-month-until-closing-10-must-see-national-pavilions-at-the-2025-venice-architecture-biennale\/68fb4d274d7957017eb0b503-one-month-until-closing-10-must-see-national-pavilions-at-the-2025-venice-architecture-biennale-photo\" src=\"https:\/\/www.europesays.com\/ie\/wp-content\/uploads\/2025\/10\/one-month-until-closing-10-must-see-national-pavilions-at-the-2025-venice-architecture-biennale_2.jp.jpeg\" width=\"640\"\/>Padiglione della Santa Sede, Opera Aperta, installation views. Image \u00a9 Marco Cremascoli<\/a><\/p>\n<p><a href=\"https:\/\/www.archdaily.com\/1030449\/the-holy-see-pavilion-presents-a-living-practice-of-restoration-opera-aperta-at-the-venice-architecture-biennale-2025\" rel=\"nofollow noopener\" target=\"_blank\">Titled Opera Aperta, the Holy See Pavilion<\/a> at <a href=\"https:\/\/www.archdaily.com\/tag\/venice-architecture-biennale-2025\" rel=\"nofollow noopener\" target=\"_blank\">the 19th Venice Architecture Biennale <\/a>positions architecture as an act of collective care and shared responsibility. Curated by <a href=\"https:\/\/www.archdaily.com\/tag\/marina-otero-verzier\" rel=\"nofollow noopener\" target=\"_blank\">Marina Otero Verzier<\/a> and <a href=\"https:\/\/www.archdaily.com\/tag\/giovanna-zabotti\" rel=\"nofollow noopener\" target=\"_blank\">Giovanna Zabotti<\/a>, and designed by <a href=\"https:\/\/www.archdaily.com\/tag\/tatiana-bilbao-estudio\/page\/1\" rel=\"nofollow noopener\" target=\"_blank\">Tatiana Bilbao ESTUDIO<\/a> and <a href=\"https:\/\/www.archdaily.com\/office\/marco-maio-architects?ad_source=search&amp;ad_medium=search_result_professionals\" rel=\"nofollow noopener\" target=\"_blank\">MAIO Architects<\/a>, the project transforms the 500-square-meter Santa Maria Ausiliatrice Complex in Venice&#8217;s Castello district into a site for <a href=\"https:\/\/www.archdaily.com\/tag\/restoration\" rel=\"nofollow noopener\" target=\"_blank\">restoration<\/a>, collaboration, and public engagement. Conceived as an open, evolving process rather than a completed work, <a href=\"https:\/\/www.archdaily.com\/1030449\/the-holy-see-pavilion-presents-a-living-practice-of-restoration-opera-aperta-at-the-venice-architecture-biennale-2025\" rel=\"nofollow noopener\" target=\"_blank\">Opera Aperta<\/a> invites local associations, artisans, and civic groups to participate in the rehabilitation of the historic complex. <a href=\"https:\/\/www.archdaily.com\/1030022\/bahrain-wins-the-golden-lion-for-best-national-participation-at-the-2024-venice-architecture-biennale\" rel=\"nofollow noopener\" target=\"_blank\">The pavilion was awarded the Golden Lion&#8217;s Special Mention for National Participation<\/a> for its inclusive, process-oriented approach that redefines architecture as an ongoing dialogue between preservation, community, and context.<\/p>\n<p> <a href=\"https:\/\/www.archdaily.com\/1029140\/the-estonian-pavilion-at-the-2025-venice-biennale-questions-massive-insulation-projects-through-a-facade-installation?ad_campaign=normal-tag\" rel=\"nofollow noopener\" target=\"_blank\"><strong>Estonian Pavilion<\/strong><\/a><strong> \/ Keiti Lige, Elina Liiva, and Helena M\u00e4nna<\/strong> <a class=\"js-image-size__link lazy-anchor\" href=\"https:\/\/www.archdaily.com\/1035374\/one-month-until-closing-10-must-see-national-pavilions-at-the-2025-venice-architecture-biennale\/68fb4d639662412fbda68a3c-one-month-until-closing-10-must-see-national-pavilions-at-the-2025-venice-architecture-biennale-photo\" rel=\"nofollow noopener\" target=\"_blank\"><img decoding=\"async\" alt=\"One Month Until Closing: 10 Must-See National Pavilions at the 2025 Venice Architecture Biennale - Image 7 of 11\" data-nr-picture-id=\"68fb4d639662412fbda68a3c\" height=\"427\" itemprop=\"image\" loading=\"lazy\" longdesc=\"https:\/\/www.archdaily.com\/1035374\/one-month-until-closing-10-must-see-national-pavilions-at-the-2025-venice-architecture-biennale\/68fb4d639662412fbda68a3c-one-month-until-closing-10-must-see-national-pavilions-at-the-2025-venice-architecture-biennale-photo\" src=\"https:\/\/www.europesays.com\/ie\/wp-content\/uploads\/2025\/10\/one-month-until-closing-10-must-see-national-pavilions-at-the-2025-venice-architecture-biennale_3.jp.jpeg\" width=\"640\"\/>Estonian Pavilion &#8220;Let me warm you&#8221;. Image \u00a9 Joosep Kivim\u00e4e<\/a><\/p>\n<p><a href=\"https:\/\/www.archdaily.com\/1029140\/the-estonian-pavilion-at-the-2025-venice-biennale-questions-massive-insulation-projects-through-a-facade-installation?ad_campaign=normal-tag\" rel=\"nofollow noopener\" target=\"_blank\">Titled Let Me Warm You<\/a>, the Estonian Pavilion is curated by Keiti Lige, Elina Liiva, and Helena M\u00e4nna. The exhibition investigates the social and spatial implications of <a href=\"https:\/\/www.archdaily.com\/country\/estonia\/page\/1\" rel=\"nofollow noopener\" target=\"_blank\">Estonia<\/a>&#8216;s large-scale <a href=\"https:\/\/www.archdaily.com\/tag\/insulation\" rel=\"nofollow noopener\" target=\"_blank\">insulation<\/a>-driven renovations, questioning whether they serve merely to meet <a href=\"https:\/\/www.archdaily.com\/tag\/europe\/page\/1\" rel=\"nofollow noopener\" target=\"_blank\">European<\/a> energy targets or can also enhance the quality of mass housing districts. The <a href=\"https:\/\/www.archdaily.com\/tag\/installation\" rel=\"nofollow noopener\" target=\"_blank\">installation<\/a> covers a Venetian palazzetto fa\u00e7ade with <a href=\"https:\/\/www.archdaily.com\/tag\/insulation\" rel=\"nofollow noopener\" target=\"_blank\">insulation<\/a> panels typical of <a href=\"https:\/\/www.archdaily.com\/country\/estonia\/page\/1\" rel=\"nofollow noopener\" target=\"_blank\">Estonian<\/a> <a href=\"https:\/\/www.archdaily.com\/tag\/housing\" rel=\"nofollow noopener\" target=\"_blank\">housing<\/a> upgrades, creating a visual and conceptual contrast that highlights the tension between technical interventions and lived experience. Inside, an <a href=\"https:\/\/www.archdaily.com\/tag\/exhibition\" rel=\"nofollow noopener\" target=\"_blank\">exhibition<\/a> space wrapped in plastic film presents models and narratives that explore the social dynamics, collective decision-making, and challenges behind <a href=\"https:\/\/www.archdaily.com\/tag\/renovation\" rel=\"nofollow noopener\" target=\"_blank\">renovation<\/a> projects. By combining architectural critique with social observation, Let Me Warm You reflects on how energy-driven policies intersect with everyday life, emphasizing the potential of inclusive, context-sensitive approaches to shaping <a href=\"https:\/\/www.archdaily.com\/tag\/sustainable\" rel=\"nofollow noopener\" target=\"_blank\">sustainable<\/a> and socially responsive housing.<\/p>\n<p> <a href=\"https:\/\/www.archdaily.com\/1030289\/canada-pavilion-presents-picoplanktonics-a-living-experiment-in-regenerative-architecture-at-the-2025-venice-biennale\" rel=\"nofollow noopener\" target=\"_blank\"><strong>Canada Pavilion<\/strong><\/a><strong> \/ Living Room Collective (<\/strong><a href=\"https:\/\/www.archdaily.com\/tag\/andrea-shin-ling\" rel=\"nofollow noopener\" target=\"_blank\"><strong>Andrea Shin Ling<\/strong><\/a><strong>, <\/strong><a href=\"https:\/\/www.archdaily.com\/tag\/nicholas-hoban\/page\/1\" rel=\"nofollow noopener\" target=\"_blank\"><strong>Nicholas Hoban<\/strong><\/a><strong>, <\/strong><a href=\"https:\/\/www.archdaily.com\/tag\/vincent-hui\/page\/1\" rel=\"nofollow noopener\" target=\"_blank\"><strong>Vincent Hui<\/strong><\/a><strong>, and <\/strong><a href=\"https:\/\/www.archdaily.com\/tag\/clayton-lee\/page\/1\" rel=\"nofollow noopener\" target=\"_blank\"><strong>Clayton Lee<\/strong><\/a><strong>)<\/strong> <a class=\"js-image-size__link lazy-anchor\" href=\"https:\/\/www.archdaily.com\/1035374\/one-month-until-closing-10-must-see-national-pavilions-at-the-2025-venice-architecture-biennale\/68fb4d964d7957017eb0b506-one-month-until-closing-10-must-see-national-pavilions-at-the-2025-venice-architecture-biennale-photo\" rel=\"nofollow noopener\" target=\"_blank\"><img decoding=\"async\" alt=\"One Month Until Closing: 10 Must-See National Pavilions at the 2025 Venice Architecture Biennale - Image 4 of 11\" data-nr-picture-id=\"68fb4d964d7957017eb0b506\" height=\"427\" itemprop=\"image\" loading=\"lazy\" longdesc=\"https:\/\/www.archdaily.com\/1035374\/one-month-until-closing-10-must-see-national-pavilions-at-the-2025-venice-architecture-biennale\/68fb4d964d7957017eb0b506-one-month-until-closing-10-must-see-national-pavilions-at-the-2025-venice-architecture-biennale-photo\" src=\"https:\/\/www.europesays.com\/ie\/wp-content\/uploads\/2025\/10\/1761337213_317_one-month-until-closing-10-must-see-national-pavilions-at-the-2025-venice-architecture-biennale_4.jp.jpeg\" width=\"640\"\/>Living Room Collective: Picoplanktonics, Canada Pavilion at the Venice Biennale, 2025. Image \u00a9 Valentina Mori<\/a><\/p>\n<p><a href=\"https:\/\/www.archdaily.com\/1030289\/canada-pavilion-presents-picoplanktonics-a-living-experiment-in-regenerative-architecture-at-the-2025-venice-biennale\" rel=\"nofollow noopener\" target=\"_blank\">Titled Picoplanktonics<\/a>, the <a href=\"https:\/\/www.archdaily.com\/country\/canada\/page\/1\" rel=\"nofollow noopener\" target=\"_blank\">Canada<\/a> Pavilion at <a href=\"https:\/\/www.archdaily.com\/tag\/venice-architecture-biennale-2025\" rel=\"nofollow noopener\" target=\"_blank\">the 19th Venice Architecture Biennale<\/a> presents a research-based exploration of architecture&#8217;s relationship with living systems. Developed by the Living Room Collective and led by architect and biodesigner <a href=\"https:\/\/www.archdaily.com\/tag\/andrea-shin-ling\" rel=\"nofollow noopener\" target=\"_blank\">Andrea Shin Ling<\/a>, the <a href=\"https:\/\/www.archdaily.com\/tag\/installations\" rel=\"nofollow noopener\" target=\"_blank\">installation<\/a> features <a href=\"https:\/\/www.archdaily.com\/tag\/3d-printing\" rel=\"nofollow noopener\" target=\"_blank\">3D-printed<\/a> structures embedded with cyanobacteria capable of carbon sequestration, positioning biological collaboration as a tool for ecological <a href=\"https:\/\/www.archdaily.com\/tag\/repair\" rel=\"nofollow noopener\" target=\"_blank\">repair<\/a>. Created through a four-year interdisciplinary partnership, the project combines <a href=\"https:\/\/www.archdaily.com\/tag\/architecture\" rel=\"nofollow noopener\" target=\"_blank\">architecture<\/a>, <a href=\"https:\/\/www.archdaily.com\/tag\/biology\" rel=\"nofollow noopener\" target=\"_blank\">biology<\/a>, and digital fabrication to propose regenerative construction methods grounded in natural processes. Within the <a href=\"https:\/\/www.archdaily.com\/tag\/pavilion\" rel=\"nofollow noopener\" target=\"_blank\">pavilion<\/a>, controlled light, humidity, and temperature conditions sustain the living material throughout the exhibition, transforming the space into a functioning bio-environment.<\/p>\n<p> <a href=\"https:\/\/www.archdaily.com\/1026012\/denmark-presents-build-of-site-by-soren-pihlmann-at-la-biennale-di-venezia-2025\" rel=\"nofollow noopener\" target=\"_blank\"><strong>Denmark Pavilion<\/strong><\/a><strong> \/ <\/strong><strong> <\/strong><a href=\"https:\/\/www.archdaily.com\/tag\/soren-pihlmann\" rel=\"nofollow noopener\" target=\"_blank\"><strong>S\u00f8ren Pihlmann<\/strong><\/a> <a class=\"js-image-size__link lazy-anchor\" href=\"https:\/\/www.archdaily.com\/1035374\/one-month-until-closing-10-must-see-national-pavilions-at-the-2025-venice-architecture-biennale\/68fb4db84d7957017eb0b507-one-month-until-closing-10-must-see-national-pavilions-at-the-2025-venice-architecture-biennale-photo\" rel=\"nofollow noopener\" target=\"_blank\"><img decoding=\"async\" alt=\"One Month Until Closing: 10 Must-See National Pavilions at the 2025 Venice Architecture Biennale - Image 8 of 11\" data-nr-picture-id=\"68fb4db84d7957017eb0b507\" height=\"427\" itemprop=\"image\" loading=\"lazy\" longdesc=\"https:\/\/www.archdaily.com\/1035374\/one-month-until-closing-10-must-see-national-pavilions-at-the-2025-venice-architecture-biennale\/68fb4db84d7957017eb0b507-one-month-until-closing-10-must-see-national-pavilions-at-the-2025-venice-architecture-biennale-photo\" src=\"https:\/\/www.europesays.com\/ie\/wp-content\/uploads\/2025\/10\/one-month-until-closing-10-must-see-national-pavilions-at-the-2025-venice-architecture-biennale_5.jp.jpeg\" width=\"640\"\/>&#8216;Build of Site&#8217; exhibition. Danish pavilion at the 19th Venice Architecture Biennale. Image \u00a9 Marco Zorzanello, Courtesy of La Biennale di Venezia<\/a><\/p>\n<p><a href=\"https:\/\/www.archdaily.com\/1026012\/denmark-presents-build-of-site-by-soren-pihlmann-at-la-biennale-di-venezia-2025\" rel=\"nofollow noopener\" target=\"_blank\">Titled Build of Site<\/a>, the Danish Pavilion explores how <a href=\"https:\/\/www.archdaily.com\/tag\/reuse\" rel=\"nofollow noopener\" target=\"_blank\">reuse<\/a> and resource-conscious design can address pressing architectural challenges. Curated by <a href=\"https:\/\/www.archdaily.com\/tag\/soren-pihlmann\" rel=\"nofollow noopener\" target=\"_blank\">S\u00f8ren Pihlmann<\/a> and commissioned by the <a href=\"https:\/\/www.archdaily.com\/tag\/danish-architecture-center\/page\/1\" rel=\"nofollow noopener\" target=\"_blank\">Danish Architecture Center<\/a>, the <a href=\"https:\/\/www.archdaily.com\/tag\/exhibition\" rel=\"nofollow noopener\" target=\"_blank\">exhibition<\/a> transforms a historic building complex, combining Carl Brummer&#8217;s 1932 structure and Peter Koch&#8217;s 1958 extension, into a living laboratory for sustainable practices. Through hyper-local methods for reclaiming and repurposing <a href=\"https:\/\/www.archdaily.com\/tag\/materials\" rel=\"nofollow noopener\" target=\"_blank\">materials<\/a>, the pavilion demonstrates how existing structures and surplus elements can be creatively integrated with bio-based binders, offering a tangible model for resource-aware architecture. Documented in the film Make Materials Matter, produced in collaboration with <a href=\"https:\/\/www.archdaily.com\/tag\/louisiana-channel\/page\/1\" rel=\"nofollow noopener\" target=\"_blank\">Louisiana Channel<\/a>, Build of Site presents an ongoing, full-scale experiment that merges <a href=\"https:\/\/www.archdaily.com\/tag\/traditional\" rel=\"nofollow noopener\" target=\"_blank\">traditional<\/a> <a href=\"https:\/\/www.archdaily.com\/tag\/craftsmanship\/page\/1\" rel=\"nofollow noopener\" target=\"_blank\">craftsmanship<\/a> with contemporary techniques, inviting visitors to reconsider the value of materials and envision new pathways toward <a href=\"https:\/\/www.archdaily.com\/tag\/sustainable-construction\" rel=\"nofollow noopener\" target=\"_blank\">sustainable construction<\/a>.<\/p>\n<p> <a href=\"https:\/\/www.archdaily.com\/1015261\/repair-restitution-and-renewal-british-council-announces-team-for-british-pavilion-at-la-biennale-di-venezia-2025?ad_campaign=normal-tag\" rel=\"nofollow noopener\" target=\"_blank\"><strong>Great Britain Pavilion<\/strong><\/a><strong> \/ <\/strong><a href=\"https:\/\/www.archdaily.com\/tag\/owen-hopkins\" rel=\"nofollow noopener\" target=\"_blank\"><strong>Owen Hopkins<\/strong><\/a><strong>, <\/strong><a href=\"https:\/\/www.archdaily.com\/tag\/kathryn-yusoff\" rel=\"nofollow noopener\" target=\"_blank\"><strong>Kathryn Yusoff<\/strong><\/a><strong>, Kabage Karanja, Stella Mutegi<\/strong> <a class=\"js-image-size__link lazy-anchor\" href=\"https:\/\/www.archdaily.com\/1035374\/one-month-until-closing-10-must-see-national-pavilions-at-the-2025-venice-architecture-biennale\/68fb4df54d7957017eb0b509-one-month-until-closing-10-must-see-national-pavilions-at-the-2025-venice-architecture-biennale-photo\" rel=\"nofollow noopener\" target=\"_blank\"><img decoding=\"async\" alt=\"One Month Until Closing: 10 Must-See National Pavilions at the 2025 Venice Architecture Biennale - Image 9 of 11\" data-nr-picture-id=\"68fb4df54d7957017eb0b509\" height=\"427\" itemprop=\"image\" loading=\"lazy\" longdesc=\"https:\/\/www.archdaily.com\/1035374\/one-month-until-closing-10-must-see-national-pavilions-at-the-2025-venice-architecture-biennale\/68fb4df54d7957017eb0b509-one-month-until-closing-10-must-see-national-pavilions-at-the-2025-venice-architecture-biennale-photo\" src=\"https:\/\/www.europesays.com\/ie\/wp-content\/uploads\/2025\/10\/one-month-until-closing-10-must-see-national-pavilions-at-the-2025-venice-architecture-biennale_6.jp.jpeg\" width=\"640\"\/>British Pavilion, 19th International Architecture Exhibition of La Biennale di Venezia, 2025. Image \u00a9 Chris Lane, Courtesy of British Council<\/a><\/p>\n<p><a href=\"https:\/\/www.archdaily.com\/1015261\/repair-restitution-and-renewal-british-council-announces-team-for-british-pavilion-at-la-biennale-di-venezia-2025?ad_campaign=normal-tag\" rel=\"nofollow noopener\" target=\"_blank\">Titled GBR &#8211; Geology of Britannic Repair<\/a>, the British Pavilion explores the intertwined geological, cultural, and political histories of <a href=\"https:\/\/www.archdaily.com\/tag\/great-britain\/page\/1\" rel=\"nofollow noopener\" target=\"_blank\">Great Britain<\/a> and <a href=\"https:\/\/www.archdaily.com\/country\/kenya\/page\/1\" rel=\"nofollow noopener\" target=\"_blank\">Kenya<\/a>. Commissioned by the <a href=\"https:\/\/www.archdaily.com\/tag\/british-council\/page\/1\" rel=\"nofollow noopener\" target=\"_blank\">British Council<\/a> and curated by Kabage Karanja and Stella Mutegi of Nairobi-based <a href=\"https:\/\/www.archdaily.com\/tag\/cave-bureau\" rel=\"nofollow noopener\" target=\"_blank\">Cave_bureau<\/a>, alongside <a href=\"https:\/\/www.archdaily.com\/tag\/owen-hopkins\" rel=\"nofollow noopener\" target=\"_blank\">Owen Hopkins<\/a> and <a href=\"https:\/\/www.archdaily.com\/tag\/kathryn-yusoff\" rel=\"nofollow noopener\" target=\"_blank\">Kathryn Yusoff<\/a>, the <a href=\"https:\/\/www.archdaily.com\/tag\/exhibition\" rel=\"nofollow noopener\" target=\"_blank\">exhibition<\/a> examines themes of reparation, renewal, and shared histories through a series of spatial and material investigations. Centered on the Rift Valley as both a geological and metaphorical axis, the <a href=\"https:\/\/www.archdaily.com\/tag\/pavilion\" rel=\"nofollow noopener\" target=\"_blank\">pavilion<\/a> brings together <a href=\"https:\/\/www.archdaily.com\/tag\/installations\" rel=\"nofollow noopener\" target=\"_blank\">installations<\/a> and commissioned works by international contributors addressing the legacies of extraction, colonialism, and resilience. <a href=\"https:\/\/www.archdaily.com\/1030022\/bahrain-wins-the-golden-lion-for-best-national-participation-at-the-2024-venice-architecture-biennale\" rel=\"nofollow noopener\" target=\"_blank\">Awarded the Special Mention for National Participation<\/a>, the project was recognized for its collaborative and critical approach, framing architecture as a medium for <a href=\"https:\/\/www.archdaily.com\/tag\/repair\" rel=\"nofollow noopener\" target=\"_blank\">repair<\/a> and dialogue across geographies, materials, and historical narratives.<\/p>\n<p> <a href=\"https:\/\/www.archdaily.com\/1029950\/ma-yansong-curates-chinas-pavilion-at-the-venice-architecture-biennale-2025-exploring-coexistence-through-nature-and-technology?ad_campaign=normal-tag\" rel=\"nofollow noopener\" target=\"_blank\"><strong>China Pavilion<\/strong><\/a><strong> \/ <\/strong><a href=\"https:\/\/www.archdaily.com\/tag\/ma-yansong\" rel=\"nofollow noopener\" target=\"_blank\"><strong>Ma Yansong<\/strong><\/a> <a class=\"js-image-size__link lazy-anchor\" href=\"https:\/\/www.archdaily.com\/1035374\/one-month-until-closing-10-must-see-national-pavilions-at-the-2025-venice-architecture-biennale\/68fb4e674d7957017eb0b50f-one-month-until-closing-10-must-see-national-pavilions-at-the-2025-venice-architecture-biennale-photo\" rel=\"nofollow noopener\" target=\"_blank\"><img decoding=\"async\" alt=\"One Month Until Closing: 10 Must-See National Pavilions at the 2025 Venice Architecture Biennale - Image 10 of 11\" data-nr-picture-id=\"68fb4e674d7957017eb0b50f\" height=\"427\" itemprop=\"image\" loading=\"lazy\" longdesc=\"https:\/\/www.archdaily.com\/1035374\/one-month-until-closing-10-must-see-national-pavilions-at-the-2025-venice-architecture-biennale\/68fb4e674d7957017eb0b50f-one-month-until-closing-10-must-see-national-pavilions-at-the-2025-venice-architecture-biennale-photo\" src=\"https:\/\/www.europesays.com\/ie\/wp-content\/uploads\/2025\/10\/one-month-until-closing-10-must-see-national-pavilions-at-the-2025-venice-architecture-biennale_7.jp.jpeg\" width=\"640\"\/>Pavilion of China, 12 Rhythms in Liangzhu. Image \u00a9 demone<\/a><\/p>\n<p><a href=\"https:\/\/www.archdaily.com\/1029950\/ma-yansong-curates-chinas-pavilion-at-the-venice-architecture-biennale-2025-exploring-coexistence-through-nature-and-technology?ad_campaign=normal-tag\" rel=\"nofollow noopener\" target=\"_blank\">Titled CO-EXIST, the China Pavilion<\/a> at <a href=\"https:\/\/www.archdaily.com\/tag\/venice-architecture-biennale-2025\" rel=\"nofollow noopener\" target=\"_blank\">the 19th Venice Architecture Biennale<\/a> is curated by <a href=\"https:\/\/www.archdaily.com\/tag\/ma-yansong\" rel=\"nofollow noopener\" target=\"_blank\">Ma Yansong<\/a>, founder of <a href=\"https:\/\/www.archdaily.com\/tag\/mad-architects\" rel=\"nofollow noopener\" target=\"_blank\">MAD Architects<\/a>, and organized by the Ministry of Culture and Tourism of the People&#8217;s Republic of <a href=\"https:\/\/www.archdaily.com\/country\/china\/page\/1\" rel=\"nofollow noopener\" target=\"_blank\">China<\/a>. Located at the <a href=\"https:\/\/www.archdaily.com\/tag\/arsenale\" rel=\"nofollow noopener\" target=\"_blank\">Arsenale<\/a>, the <a href=\"https:\/\/www.archdaily.com\/tag\/exhibition\" rel=\"nofollow noopener\" target=\"_blank\">exhibition<\/a> explores how traditional Chinese philosophical thought can inform architectural responses in the age of advanced <a href=\"https:\/\/www.archdaily.com\/tag\/technology\" rel=\"nofollow noopener\" target=\"_blank\">technology<\/a> and <a href=\"https:\/\/www.archdaily.com\/tag\/artificial-intelligence\" rel=\"nofollow noopener\" target=\"_blank\">artificial intelligence<\/a>. Featuring ten works by twelve interdisciplinary teams, CO-EXIST reflects on the relationship between humanity, <a href=\"https:\/\/www.archdaily.com\/tag\/nature\" rel=\"nofollow noopener\" target=\"_blank\">nature<\/a>, and the <a href=\"https:\/\/www.archdaily.com\/tag\/built-environment\" rel=\"nofollow noopener\" target=\"_blank\">built environment<\/a>, drawing on the classical concept of harmony. Through site-specific <a href=\"https:\/\/www.archdaily.com\/tag\/installations\" rel=\"nofollow noopener\" target=\"_blank\">installations<\/a>, the pavilion presents <a href=\"https:\/\/www.archdaily.com\/tag\/architecture\" rel=\"nofollow noopener\" target=\"_blank\">architecture<\/a> as a cultural medium that accommodates diverse temporalities, identities, and methods, linking local conditions to broader questions of coexistence, adaptability, and imagination. <\/p>\n<p> <a href=\"https:\/\/www.archdaily.com\/1029577\/togos-first-participation-in-the-venice-architecture-biennale-presents-a-curated-view-of-its-national-heritage?ad_campaign=normal-tag\" rel=\"nofollow noopener\" target=\"_blank\"><strong>Togo Pavilion<\/strong><\/a><strong> \/ <\/strong><a href=\"https:\/\/www.archdaily.com\/tag\/studio-neida\" rel=\"nofollow noopener\" target=\"_blank\"><strong>Studio NEiDA<\/strong><\/a><strong> (<\/strong><a href=\"https:\/\/www.archdaily.com\/tag\/jeanne-autran-edorh\" rel=\"nofollow noopener\" target=\"_blank\"><strong>Jeanne Autran-Edorh<\/strong><\/a><strong> and <\/strong><a href=\"https:\/\/www.archdaily.com\/tag\/fabiola-buchele\" rel=\"nofollow noopener\" target=\"_blank\"><strong>Fabiola B\u00fcchele<\/strong><\/a><strong>)<\/strong> <a class=\"js-image-size__link lazy-anchor\" href=\"https:\/\/www.archdaily.com\/1035374\/one-month-until-closing-10-must-see-national-pavilions-at-the-2025-venice-architecture-biennale\/68fb4e914d7957017eb0b511-one-month-until-closing-10-must-see-national-pavilions-at-the-2025-venice-architecture-biennale-photo\" rel=\"nofollow noopener\" target=\"_blank\"><img decoding=\"async\" alt=\"One Month Until Closing: 10 Must-See National Pavilions at the 2025 Venice Architecture Biennale - Image 11 of 11\" data-nr-picture-id=\"68fb4e914d7957017eb0b511\" height=\"427\" itemprop=\"image\" loading=\"lazy\" longdesc=\"https:\/\/www.archdaily.com\/1035374\/one-month-until-closing-10-must-see-national-pavilions-at-the-2025-venice-architecture-biennale\/68fb4e914d7957017eb0b511-one-month-until-closing-10-must-see-national-pavilions-at-the-2025-venice-architecture-biennale-photo\" src=\"https:\/\/www.europesays.com\/ie\/wp-content\/uploads\/2025\/10\/one-month-until-closing-10-must-see-national-pavilions-at-the-2025-venice-architecture-biennale_8.jp.jpeg\" width=\"640\"\/>Togo Pavilion at the Venice Biennale 2025. Image \u00a9 Matteo Losurdo<\/a><\/p>\n<p><a href=\"https:\/\/www.archdaily.com\/1029577\/togos-first-participation-in-the-venice-architecture-biennale-presents-a-curated-view-of-its-national-heritage?ad_campaign=normal-tag\" rel=\"nofollow noopener\" target=\"_blank\">Titled Considering Togo&#8217;s Architectural Heritage<\/a>, the <a href=\"https:\/\/www.archdaily.com\/country\/togo\/page\/1\" rel=\"nofollow noopener\" target=\"_blank\">Republic of Togo<\/a>&#8216;s inaugural pavilion at <a href=\"https:\/\/www.archdaily.com\/tag\/venice-architecture-biennale-2025\" rel=\"nofollow noopener\" target=\"_blank\">the 19th Venice Architecture Biennale<\/a> is curated by <a href=\"https:\/\/www.archdaily.com\/tag\/studio-neida\" rel=\"nofollow noopener\" target=\"_blank\">Studio NEiDA<\/a>, co-founded by architect <a href=\"https:\/\/www.archdaily.com\/tag\/jeanne-autran-edorh\" rel=\"nofollow noopener\" target=\"_blank\">Jeanne Autran-Edorh<\/a> and curator <a href=\"https:\/\/www.archdaily.com\/tag\/fabiola-buchele\" rel=\"nofollow noopener\" target=\"_blank\">Fabiola B\u00fcchele<\/a>. Located at Venice&#8217;s Squero Castello, the <a href=\"https:\/\/www.archdaily.com\/tag\/exhibition\" rel=\"nofollow noopener\" target=\"_blank\">exhibition<\/a> explores <a href=\"https:\/\/www.archdaily.com\/country\/togo\/page\/1\" rel=\"nofollow noopener\" target=\"_blank\">Togo<\/a>&#8216;s architectural narratives from the early 20th century, highlighting <a href=\"https:\/\/www.archdaily.com\/tag\/conservation\" rel=\"nofollow noopener\" target=\"_blank\">conservation<\/a>, <a href=\"https:\/\/www.archdaily.com\/tag\/transformation\" rel=\"nofollow noopener\" target=\"_blank\">transformation<\/a>, and the dialogue between <a href=\"https:\/\/www.archdaily.com\/tag\/traditional\" rel=\"nofollow noopener\" target=\"_blank\">traditional<\/a> and <a href=\"https:\/\/www.archdaily.com\/tag\/modernist\" rel=\"nofollow noopener\" target=\"_blank\">modernist<\/a> practices. Featuring examples from N\u00f4k cave dwellings and Tatas Tamberma to Afro-Brazilian and post-independence <a href=\"https:\/\/www.archdaily.com\/tag\/modernist\" rel=\"nofollow noopener\" target=\"_blank\">modernist<\/a> buildings, the pavilion documents both structures in use and those in disrepair, alongside notable restoration efforts. By applying an Afrocentric lens to these <a href=\"https:\/\/www.archdaily.com\/tag\/built-environment\" rel=\"nofollow noopener\" target=\"_blank\">built environments<\/a>, considering <a href=\"https:\/\/www.archdaily.com\/country\/togo\/page\/1\" rel=\"nofollow noopener\" target=\"_blank\">Togo<\/a>&#8216;s <a href=\"https:\/\/www.archdaily.com\/tag\/heritage\" rel=\"nofollow noopener\" target=\"_blank\">Architectural Heritage<\/a> emphasizes the cultural richness and enduring relevance of <a href=\"https:\/\/www.archdaily.com\/country\/togo\/page\/1\" rel=\"nofollow noopener\" target=\"_blank\">Togo<\/a>&#8216;s architectural legacy, offering insights into equitable design practices and the intersection of <a href=\"https:\/\/www.archdaily.com\/tag\/history\" rel=\"nofollow noopener\" target=\"_blank\">history<\/a>, materiality, and contemporary architectural discourse.<\/p>\n<p> <a href=\"https:\/\/www.archdaily.com\/1025586\/architectures-for-territorial-equilibrium-discover-the-spanish-pavilion-proposal-at-the-2025-venice-architecture-biennale?ad_campaign=special-tag\" rel=\"nofollow noopener\" target=\"_blank\"><strong>Spain Pavilion<\/strong><\/a><strong> \/ <\/strong><a href=\"https:\/\/www.archdaily.com\/tag\/roi-salgueiro-barrio\/page\/1\" rel=\"nofollow noopener\" target=\"_blank\"><strong>Roi Salgueiro Barrio<\/strong><\/a><strong> and <\/strong><a href=\"https:\/\/www.archdaily.com\/tag\/manuel-bouzas-barcala\/page\/1\" rel=\"nofollow noopener\" target=\"_blank\"><strong>Manuel Bouzas Barcala<\/strong><\/a> <a class=\"js-image-size__link lazy-anchor\" href=\"https:\/\/www.archdaily.com\/1035374\/one-month-until-closing-10-must-see-national-pavilions-at-the-2025-venice-architecture-biennale\/68fb4ebb9662412fbda68a41-one-month-until-closing-10-must-see-national-pavilions-at-the-2025-venice-architecture-biennale-photo\" rel=\"nofollow noopener\" target=\"_blank\"><img decoding=\"async\" alt=\"One Month Until Closing: 10 Must-See National Pavilions at the 2025 Venice Architecture Biennale - Image 3 of 11\" data-nr-picture-id=\"68fb4ebb9662412fbda68a41\" height=\"427\" itemprop=\"image\" loading=\"lazy\" longdesc=\"https:\/\/www.archdaily.com\/1035374\/one-month-until-closing-10-must-see-national-pavilions-at-the-2025-venice-architecture-biennale\/68fb4ebb9662412fbda68a41-one-month-until-closing-10-must-see-national-pavilions-at-the-2025-venice-architecture-biennale-photo\" src=\"https:\/\/www.europesays.com\/ie\/wp-content\/uploads\/2025\/10\/1761337214_956_one-month-until-closing-10-must-see-national-pavilions-at-the-2025-venice-architecture-biennale_9.jp.jpeg\" width=\"640\"\/>Exhibici\u00f3n &#8220;Internatilities: Architectures for Territorial Equilibrium&#8221;. Pabell\u00f3n de Espa\u00f1a en la Bienal de Arquitectura de Venecia, 2025. Image \u00a9 Luis Diaz Diaz<\/a><\/p>\n<p><a href=\"https:\/\/www.archdaily.com\/1025586\/architectures-for-territorial-equilibrium-discover-the-spanish-pavilion-proposal-at-the-2025-venice-architecture-biennale?ad_campaign=special-tag\" rel=\"nofollow noopener\" target=\"_blank\">Titled Internalities: Architectures for Territorial Equilibrium<\/a>, the Spanish Pavilion is curated by Galician architects <a href=\"https:\/\/www.archdaily.com\/tag\/roi-salgueiro-barrio\/page\/1\" rel=\"nofollow noopener\" target=\"_blank\">Roi Salgueiro Barrio<\/a> and <a href=\"https:\/\/www.archdaily.com\/tag\/manuel-bouzas-barcala\/page\/1\" rel=\"nofollow noopener\" target=\"_blank\">Manuel Bouzas Barcala<\/a>. Organized by <a href=\"https:\/\/www.archdaily.com\/country\/spain\/page\/1\" rel=\"nofollow noopener\" target=\"_blank\">Spain<\/a>&#8216;s Ministry of Transport, Mobility and Urban Agenda (MIVAU), Acci\u00f3n Cultural Espa\u00f1ola (AC\/E), and the Spanish Agency for International Cooperation for Development (AECID), the <a href=\"https:\/\/www.archdaily.com\/tag\/exhibition\" rel=\"nofollow noopener\" target=\"_blank\">exhibition<\/a> highlights strategies for decarbonizing <a href=\"https:\/\/www.archdaily.com\/tag\/architecture\" rel=\"nofollow noopener\" target=\"_blank\">architecture<\/a> in <a href=\"https:\/\/www.archdaily.com\/country\/spain\/page\/1\" rel=\"nofollow noopener\" target=\"_blank\">Spain<\/a>. Through 16 selected projects from an open call of 171 submissions, Internalities showcases emerging studios that emphasize ecological, environmental, and economic considerations in construction. Focusing on <a href=\"https:\/\/www.archdaily.com\/tag\/materials\" rel=\"nofollow noopener\" target=\"_blank\">materials<\/a> such as <a href=\"https:\/\/www.archdaily.com\/tag\/wood\" rel=\"nofollow noopener\" target=\"_blank\">wood<\/a>, <a href=\"https:\/\/www.archdaily.com\/tag\/stone\" rel=\"nofollow noopener\" target=\"_blank\">stone<\/a>, <a href=\"https:\/\/www.archdaily.com\/tag\/ceramics\" rel=\"nofollow noopener\" target=\"_blank\">ceramics<\/a>, <a href=\"https:\/\/www.archdaily.com\/tag\/earth\" rel=\"nofollow noopener\" target=\"_blank\">earth<\/a>, clays, and natural fibers, the <a href=\"https:\/\/www.archdaily.com\/tag\/pavilion\" rel=\"nofollow noopener\" target=\"_blank\">pavilion<\/a> demonstrates a close connection between <a href=\"https:\/\/www.archdaily.com\/tag\/architecture\" rel=\"nofollow noopener\" target=\"_blank\">architecture<\/a> and <a href=\"https:\/\/www.archdaily.com\/tag\/territory\" rel=\"nofollow noopener\" target=\"_blank\">territory<\/a>. <\/p>\n<p> <a href=\"https:\/\/www.archdaily.com\/1030501\/serbias-wool-installation-explores-circular-design-at-venice-architecture-biennale-2025\" rel=\"nofollow noopener\" target=\"_blank\"><strong>Serbian Pavilion<\/strong><\/a><strong> \/ <\/strong><a href=\"https:\/\/www.archdaily.com\/tag\/slobodan-jovic\" rel=\"nofollow noopener\" target=\"_blank\"><strong>Slobodan Jovi\u0107<\/strong><\/a> <a class=\"js-image-size__link lazy-anchor\" href=\"https:\/\/www.archdaily.com\/1035374\/one-month-until-closing-10-must-see-national-pavilions-at-the-2025-venice-architecture-biennale\/68fb4eee9662412fbda68a43-one-month-until-closing-10-must-see-national-pavilions-at-the-2025-venice-architecture-biennale-photo\" rel=\"nofollow noopener\" target=\"_blank\"><img decoding=\"async\" alt=\"One Month Until Closing: 10 Must-See National Pavilions at the 2025 Venice Architecture Biennale - Image 5 of 11\" data-nr-picture-id=\"68fb4eee9662412fbda68a43\" height=\"427\" itemprop=\"image\" loading=\"lazy\" longdesc=\"https:\/\/www.archdaily.com\/1035374\/one-month-until-closing-10-must-see-national-pavilions-at-the-2025-venice-architecture-biennale\/68fb4eee9662412fbda68a43-one-month-until-closing-10-must-see-national-pavilions-at-the-2025-venice-architecture-biennale-photo\" src=\"https:\/\/www.europesays.com\/ie\/wp-content\/uploads\/2025\/10\/1761337214_915_one-month-until-closing-10-must-see-national-pavilions-at-the-2025-venice-architecture-biennale_10.j.jpeg\" width=\"640\"\/>Unraveling: New Spaces. Serbian Exhibition at the 19th Venice Architecture Biennale. Image \u00a9 ReportArch &#8211; Andrea Ferro Photography<\/a><\/p>\n<p><a href=\"https:\/\/www.archdaily.com\/1030501\/serbias-wool-installation-explores-circular-design-at-venice-architecture-biennale-2025\" rel=\"nofollow noopener\" target=\"_blank\">Titled Unraveling: New Spaces<\/a>, the <a href=\"https:\/\/www.archdaily.com\/tag\/Serbia\" rel=\"nofollow noopener\" target=\"_blank\">Serbian<\/a> Pavilion presents an immersive, wool-based installation that explores impermanence, adaptability, and circular design. Curated by <a href=\"https:\/\/www.archdaily.com\/tag\/slobodan-jovic\" rel=\"nofollow noopener\" target=\"_blank\">Slobodan Jovi\u0107<\/a> and realized by an interdisciplinary team including Davor Ere\u0161, Jelena Mitrovi\u0107, <a href=\"https:\/\/www.archdaily.com\/office\/igor-pantic\/page\/1\" rel=\"nofollow noopener\" target=\"_blank\">Igor Panti\u0107<\/a>, Sonja Krsti\u0107, Ivana Najdanovi\u0107, and Petar Lau\u0161evi\u0107, the project transforms the <a href=\"https:\/\/www.archdaily.com\/tag\/pavilion\" rel=\"nofollow noopener\" target=\"_blank\">pavilion<\/a> in the <a href=\"https:\/\/www.archdaily.com\/tag\/giardini\/page\/1\" rel=\"nofollow noopener\" target=\"_blank\">Giardini<\/a> into a dynamic space where knitted wool segments gradually unknit through algorithmically guided movement. Powered by <a href=\"https:\/\/www.archdaily.com\/tag\/solar-panels\" rel=\"nofollow noopener\" target=\"_blank\">solar panels<\/a>, the <a href=\"https:\/\/www.archdaily.com\/tag\/structure\" rel=\"nofollow noopener\" target=\"_blank\">structure<\/a> evolves over six months, producing no waste as the <a href=\"https:\/\/www.archdaily.com\/tag\/wool\" rel=\"nofollow noopener\" target=\"_blank\">wool<\/a> is returned to yarn at the exhibition&#8217;s conclusion. By combining <a href=\"https:\/\/www.archdaily.com\/tag\/Serbia\" rel=\"nofollow noopener\" target=\"_blank\">Serbian<\/a> knitting traditions with <a href=\"https:\/\/www.archdaily.com\/tag\/contemporary\" rel=\"nofollow noopener\" target=\"_blank\">contemporary<\/a> architectural strategies, Unraveling: New Spaces invites visitors to engage with architecture as a process of cyclical <a href=\"https:\/\/www.archdaily.com\/tag\/transformation\" rel=\"nofollow noopener\" target=\"_blank\">transformation<\/a>, highlighting the potential of <a href=\"https:\/\/www.archdaily.com\/tag\/materials\" rel=\"nofollow noopener\" target=\"_blank\">materials<\/a>, computational design, and interdisciplinary collaboration in creating responsive and <a href=\"https:\/\/www.archdaily.com\/tag\/sustainable\" rel=\"nofollow noopener\" target=\"_blank\">sustainable<\/a> environments.<\/p>\n<p><script async src=\"https:\/\/platform.twitter.com\/widgets.js\" charset=\"utf-8\"><\/script><\/p>\n","protected":false},"excerpt":{"rendered":"Venice Architecture Biennale. Image \u00a9 l&#8217;arki via Shutterstock Share Share Facebook Twitter Mail Pinterest Whatsapp Or https:\/\/www.archdaily.com\/1035374\/one-month-until-closing-10-must-see-national-pavilions-at-the-2025-venice-architecture-biennale As&hellip;\n","protected":false},"author":2,"featured_media":143413,"comment_status":"","ping_status":"","sticky":false,"template":"","format":"standard","meta":{"footnotes":""},"categories":[267],"tags":[84794,367,33541,365,362,363,364,84784,995,381,382,366,18,117,37809,84793,63656,19,375,17,84790,61091,15390,84786,84792,84789,10758,84785,11654,84787,84791,383,84788,31890,12876,9422],"class_list":{"0":"post-143412","1":"post","2":"type-post","3":"status-publish","4":"format-standard","5":"has-post-thumbnail","7":"category-arts-and-design","8":"tag-andrea-faraguna","9":"tag-architecture","10":"tag-architecture-exhibitions","11":"tag-arts","12":"tag-arts-and-design","13":"tag-artsanddesign","14":"tag-artsdesign","15":"tag-bahrain","16":"tag-canada","17":"tag-china","18":"tag-denmark","19":"tag-design","20":"tag-eire","21":"tag-entertainment","22":"tag-estonia","23":"tag-giovanna-zabotti","24":"tag-great-britain","25":"tag-ie","26":"tag-installations","27":"tag-ireland","28":"tag-kathryn-yusoff","29":"tag-ma-yansong","30":"tag-mad-architects","31":"tag-manuel-bouzas-barcala","32":"tag-marina-otero-verzier","33":"tag-owen-hopkins","34":"tag-pavilions","35":"tag-roi-salgueiro-barrio","36":"tag-serbia","37":"tag-slobodan-jovic","38":"tag-soren-pihlmann","39":"tag-spain","40":"tag-studio-neida","41":"tag-togo","42":"tag-venice","43":"tag-venice-architecture-biennale-2025"},"share_on_mastodon":{"url":"","error":"Validation failed: Text character limit of 500 exceeded"},"_links":{"self":[{"href":"https:\/\/www.europesays.com\/ie\/wp-json\/wp\/v2\/posts\/143412","targetHints":{"allow":["GET"]}}],"collection":[{"href":"https:\/\/www.europesays.com\/ie\/wp-json\/wp\/v2\/posts"}],"about":[{"href":"https:\/\/www.europesays.com\/ie\/wp-json\/wp\/v2\/types\/post"}],"author":[{"embeddable":true,"href":"https:\/\/www.europesays.com\/ie\/wp-json\/wp\/v2\/users\/2"}],"replies":[{"embeddable":true,"href":"https:\/\/www.europesays.com\/ie\/wp-json\/wp\/v2\/comments?post=143412"}],"version-history":[{"count":0,"href":"https:\/\/www.europesays.com\/ie\/wp-json\/wp\/v2\/posts\/143412\/revisions"}],"wp:featuredmedia":[{"embeddable":true,"href":"https:\/\/www.europesays.com\/ie\/wp-json\/wp\/v2\/media\/143413"}],"wp:attachment":[{"href":"https:\/\/www.europesays.com\/ie\/wp-json\/wp\/v2\/media?parent=143412"}],"wp:term":[{"taxonomy":"category","embeddable":true,"href":"https:\/\/www.europesays.com\/ie\/wp-json\/wp\/v2\/categories?post=143412"},{"taxonomy":"post_tag","embeddable":true,"href":"https:\/\/www.europesays.com\/ie\/wp-json\/wp\/v2\/tags?post=143412"}],"curies":[{"name":"wp","href":"https:\/\/api.w.org\/{rel}","templated":true}]}}