{"id":147807,"date":"2025-10-27T13:06:17","date_gmt":"2025-10-27T13:06:17","guid":{"rendered":"https:\/\/www.europesays.com\/ie\/147807\/"},"modified":"2025-10-27T13:06:17","modified_gmt":"2025-10-27T13:06:17","slug":"funeral-of-letterkenny-teacher-to-take-place-today-in-derry","status":"publish","type":"post","link":"https:\/\/www.europesays.com\/ie\/147807\/","title":{"rendered":"Funeral of Letterkenny teacher to take place today in Derry"},"content":{"rendered":"<p><strong>Communities across Derry and Donegal will come together today to say goodbye to popular Letterkenny schoolteacher Seamus Quinn.<\/strong><\/p>\n<p>Mr Quinn passed suddenly last week at the age of 63.<\/p>\n<p>Mr Quinn, who taught Spanish at Loreto Secondary School in Letterkenny, was a passionate and dedicated teacher.<\/p>\n<p>\u201cSeamus was an exceptional teacher and a really supportive colleague to all. He was a man who had time for everyone and he will be dearly missed. He leaves behind a legacy of academic excellence and kindness,\u201d said a tribute from the school.<\/p>\n<p>Mr Quinn also previously taught at Crana College in Buncrana, where he is remembered as a man whose \u201ckindness, good humour, and warm welcome were felt by everyone who had the privilege of knowing him\u201d.<\/p>\n<p>Requiem Mass for Seamus Quinn, late of 18 Mansefield Grove, will take place this morning, Monday, at St Patrick\u2019s Church, Pennyburn at 10:00am. Followed by private cremation.<\/p>\n<p>He was the beloved husband of Jacqueline and loving father of Caitl\u00edn, Seamus, M\u00edche\u00e1l, Rois\u00edn and Diarmuid. Dear son of the late James and Sheila. Dear Brother of Gerard, Dermot, Aileen, Oonagh and the late Siobhan.<\/p>\n<p>The family have asked that instead of Mass cards and flowers, donations can be made via the link below or via a cash bucket at the home to Men\u2019s Action Network in memory of Seamus: <a href=\"https:\/\/gofund.me\/716f03a85\" target=\"_blank\" rel=\"noopener nofollow\">https:\/\/gofund.me\/716f03a85<\/a><\/p>\n<p>Funeral of Letterkenny teacher to take place today in Derry was last modified:  October 27th, 2025 by Staff Writer<\/p>\n","protected":false},"excerpt":{"rendered":"Communities across Derry and Donegal will come together today to say goodbye to popular Letterkenny schoolteacher Seamus Quinn.&hellip;\n","protected":false},"author":2,"featured_media":147808,"comment_status":"","ping_status":"","sticky":false,"template":"","format":"standard","meta":{"footnotes":""},"categories":[3],"tags":[9,10,18,13,14,6,19,17,11,12,15,16,5,7,8],"class_list":{"0":"post-147807","1":"post","2":"type-post","3":"status-publish","4":"format-standard","5":"has-post-thumbnail","7":"category-headlines","8":"tag-breaking-news","9":"tag-breakingnews","10":"tag-eire","11":"tag-featured-news","12":"tag-featurednews","13":"tag-headlines","14":"tag-ie","15":"tag-ireland","16":"tag-latest-news","17":"tag-latestnews","18":"tag-main-news","19":"tag-mainnews","20":"tag-news","21":"tag-top-stories","22":"tag-topstories"},"share_on_mastodon":{"url":"https:\/\/pubeurope.com\/@ie\/115446283290347646","error":""},"_links":{"self":[{"href":"https:\/\/www.europesays.com\/ie\/wp-json\/wp\/v2\/posts\/147807","targetHints":{"allow":["GET"]}}],"collection":[{"href":"https:\/\/www.europesays.com\/ie\/wp-json\/wp\/v2\/posts"}],"about":[{"href":"https:\/\/www.europesays.com\/ie\/wp-json\/wp\/v2\/types\/post"}],"author":[{"embeddable":true,"href":"https:\/\/www.europesays.com\/ie\/wp-json\/wp\/v2\/users\/2"}],"replies":[{"embeddable":true,"href":"https:\/\/www.europesays.com\/ie\/wp-json\/wp\/v2\/comments?post=147807"}],"version-history":[{"count":0,"href":"https:\/\/www.europesays.com\/ie\/wp-json\/wp\/v2\/posts\/147807\/revisions"}],"wp:featuredmedia":[{"embeddable":true,"href":"https:\/\/www.europesays.com\/ie\/wp-json\/wp\/v2\/media\/147808"}],"wp:attachment":[{"href":"https:\/\/www.europesays.com\/ie\/wp-json\/wp\/v2\/media?parent=147807"}],"wp:term":[{"taxonomy":"category","embeddable":true,"href":"https:\/\/www.europesays.com\/ie\/wp-json\/wp\/v2\/categories?post=147807"},{"taxonomy":"post_tag","embeddable":true,"href":"https:\/\/www.europesays.com\/ie\/wp-json\/wp\/v2\/tags?post=147807"}],"curies":[{"name":"wp","href":"https:\/\/api.w.org\/{rel}","templated":true}]}}