{"id":150860,"date":"2025-10-29T04:58:16","date_gmt":"2025-10-29T04:58:16","guid":{"rendered":"https:\/\/www.europesays.com\/ie\/150860\/"},"modified":"2025-10-29T04:58:16","modified_gmt":"2025-10-29T04:58:16","slug":"i-feel-invisible-to-the-irish-political-classes-the-irish-times","status":"publish","type":"post","link":"https:\/\/www.europesays.com\/ie\/150860\/","title":{"rendered":"\u2018I feel invisible to the Irish political classes\u2019 \u2013 The Irish Times"},"content":{"rendered":"<p class=\"c-paragraph paywall b-it-article-body__text--left\">A record number of people spoiled their vote in the <a href=\"https:\/\/www.irishtimes.com\/tags\/presidential-election\" target=\"_self\" rel=\"nofollow noopener\" title=\"https:\/\/www.irishtimes.com\/tags\/presidential-election\">presidential election<\/a>, with close to 13 per cent of the total ballot deemed invalid.<\/p>\n<p class=\"c-paragraph paywall b-it-article-body__text--left\">There were 213,738 invalid votes, the <a href=\"https:\/\/www.irishtimes.com\/politics\/2025\/10\/25\/spoiled-presidential-votes-could-reach-unprecedented-levels-early-tallies-indicate\/\" target=\"_self\" rel=\"nofollow noopener\" title=\"https:\/\/www.irishtimes.com\/politics\/2025\/10\/25\/spoiled-presidential-votes-could-reach-unprecedented-levels-early-tallies-indicate\/\">highest number in a modern Irish election<\/a>, as many voters expressed anger and frustration at the choice of candidates on the ballot and the exclusion of others.<\/p>\n<p class=\"c-paragraph paywall b-it-article-body__text--left\"><a href=\"https:\/\/www.irishtimes.com\/presidential-election\/\" target=\"_blank\" rel=\"noreferrer nofollow noopener\" title=\"https:\/\/www.irishtimes.com\/presidential-election\/\">The Irish Times <\/a>conducted a call-out to hear from readers who had spoiled their vote, chosen not to vote or had voted for Jim Gavin as a \u201cprotest\u201d vote. <\/p>\n<p class=\"c-paragraph paywall \"><b>Denis, Co Meath <\/b><\/p>\n<p class=\"c-paragraph paywall b-it-article-body__text--left\">I am a lifelong Fianna F\u00e1il voter but was disgusted when the leadership imposed [the] candidacy of <a href=\"https:\/\/www.irishtimes.com\/tags\/jim-gavin\/\" target=\"_self\" rel=\"nofollow noopener\" title=\"https:\/\/www.irishtimes.com\/tags\/jim-gavin\/\">Jim Gavin<\/a>, who was not a Fianna F\u00e1iler and the centralisation of power in Miche\u00e1l Martin has disrespected Fianna F\u00e1il voters totally and its elected reps. <\/p>\n<p class=\"c-paragraph paywall b-it-article-body__text--left\">I also disliked elected councillors\/Oireachtas members blocking genuine candidates like Gareth Sheridan or Maria Steen. It didn\u2019t feel like a choice for me \u2026 so for the first time in my life in any election, whether political, students union, trade union or even local community committee, I spoiled my vote as a protest. I\u2019m beginning to feel like elected representatives have stopped listening to the people.<\/p>\n<p class=\"c-paragraph paywall \"><b>Helen Duignan, Dublin, an Aont\u00fa member who ran in last year\u2019s local elections<\/b><\/p>\n<p class=\"c-paragraph paywall \">Along with the rest of the country, I waited for the presidential nominations to come in. I was totally underwhelmed by most, if not all, candidates seeking election \u2026 I wasn\u2019t particularly a backer of Maria Steen, as I didn\u2019t get a chance to see what she was about, but I certainly thought the electorate should be given the opportunity to hear what she had to say. <\/p>\n<p class=\"c-paragraph paywall \">I took a very dim view of the Independents who either refused to nominate an independent candidate or who tactically nominated her too late. It\u2019s not something I\u2019ll forget come the next Seanad elections. <\/p>\n<p class=\"c-paragraph paywall b-it-article-body__text--left\">When we were reduced to just two establishment candidates, I watched the first televised interview and completely lost interest in following the campaign. My algorithms, however, had other plans and I couldn\u2019t open a screen without seeing <a href=\"https:\/\/www.irishtimes.com\/tags\/catherine-connolly\/\" target=\"_self\" rel=\"nofollow noopener\" title=\"https:\/\/www.irishtimes.com\/tags\/catherine-connolly\/\">Catherine Connolly<\/a> doing keepie-uppies or shooting baskets or walking arm-in-arm with earnest young people singing Imagine on the streets of Galway. <\/p>\n<p><img decoding=\"async\" alt=\"\" class=\"c-image audio_image\" src=\"https:\/\/www.europesays.com\/ie\/wp-content\/uploads\/2025\/10\/1760543005451-ca7fbadb-4050-4645-b529-1cd8dcf49dbf.jpeg\"\/>How outspoken will Connolly be as president? <\/p>\n<p class=\"c-paragraph paywall b-it-article-body__text--left\">It all felt too orchestrated, too cynical, too in-my-face. She wasn\u2019t getting my vote. <a href=\"https:\/\/www.irishtimes.com\/tags\/heather-humphreys\/\" target=\"_self\" rel=\"nofollow noopener\" title=\"https:\/\/www.irishtimes.com\/tags\/heather-humphreys\/\">Heather Humphreys<\/a> was briefly a consideration, but only because she wasn\u2019t Catherine Connolly. However, I couldn\u2019t in good conscience back a Fine Gael candidate when the party had used the whip to deny us any real choice at all. In the polling booth on Friday, I still hesitated to spoil my vote. It didn\u2019t feel like the right thing to do \u2013 but nothing Government or most of the Opposition parties did was right either \u2013 so Maria Steen got my number 1.<\/p>\n<p class=\"c-paragraph paywall \"><b>Anthony Kenny, Co Wicklow<\/b><\/p>\n<p class=\"c-paragraph paywall b-it-article-body__text--left\">Simon Harris\u2019s diktat to Fine Gael county councillors to block any Independent candidates to get on the \u00c1ras ticket was the reason I spoiled my vote. It was a cynical move and denied the electorate a broader choice of candidate. I will never vote for Fine Gael again after this stroke and I am surprised he is not in the firing line for such a spectacularly foolish decision as leader of one of the main parties.<\/p>\n<p class=\"c-paragraph paywall \"><b>Se\u00e1n Healy, Dublin<\/b><\/p>\n<p class=\"c-paragraph paywall \">I chose to spoil my vote for a number of reasons. I made the decision to spoil [it] as soon as the threshold passed and Maria Steen would not be on the ballot. I felt that both Fianna F\u00e1il and Fine Gael, while understandably promoting their own candidates, did a disservice to the public by gatekeeping the nomination process. <\/p>\n<p class=\"c-paragraph paywall \">Furthermore, to have three candidates on the ballot, one of whom had withdrawn, while over 20 per cent of the public had expressed that they would have voted for Steen really accentuated the farcical nature of this process. <\/p>\n<p class=\"c-paragraph paywall b-it-article-body__text--left\">I am 36 years old and I have never missed, nor spoiled, a vote before. I see my vote as a way to be heard, rather than a means to choose somebody, and given that I felt neither candidate was my cup of tea, spoiling felt right. <\/p>\n<p class=\"c-paragraph paywall \">I wanted to be part of the electoral process while staying true to my own values, which in this instance were to express my dissatisfaction with the process by which candidates get on the ballot, and to express an overall dissatisfaction with the performance of the Government of late. <\/p>\n<p class=\"c-paragraph paywall \"><b>Josephine Phelan, Co Laois<\/b><\/p>\n<p class=\"c-paragraph paywall \">I could not vote for the Fine Gael candidate because Simon Harris actively blocked anybody else getting on to the ballot paper. He acted as the leader of a political party and not as deputy prime minister. Heather would have got my second preference if Maria Steen had been on the ballot paper. I couldn\u2019t vote for Catherine as her views don\u2019t align with mine. <\/p>\n<p class=\"c-paragraph paywall \"><b>Miriam, Dublin\/London<\/b><\/p>\n<p class=\"c-paragraph paywall \">Currently living in London, I still retain my vote, and I flew back to \u201cspoil the vote\u201d. I, among many, don\u2019t believe the Irish people are truly represented by the political parties and have become embarrassingly woke with anti-Christian values. The presidential candidates did not represent all people or the Catholic values our grandparents and ancestors fought so hard for \u2013 to retain a faith life, now more important than ever. <\/p>\n<p>Pat Leahy takes us through his top three points on the presidential election and the outcome of the vote. Video: Dan Dennison. <\/p>\n<p class=\"c-paragraph paywall \">Hence, my family would have voted for Maria Steen, writing her name on the ballot, or maybe another nominee, but we were similarly not given the choice of candidates who stand up for family and common-sense values. Ireland was once held as a beacon of light and hope for all nations, yet it has fallen so far, thanks to our politicians and promotion of secular popular culture.<\/p>\n<p class=\"c-paragraph paywall \"><b>Derek Reed, Dublin <\/b><\/p>\n<p class=\"c-paragraph paywall b-it-article-body__text--left\">It was my first chance to vote in a presidential election since becoming an Irish citizen, so I desperately wanted to cast my vote. As a socialist and member of the Green Party, there was no question that of the names on the ballot paper, Catherine Connolly would be my only choice. But I was incensed by her absurd, ahistorical comparison of German defence spending with Nazi Germany\u2019s militarisation \u2026 attitude to Russia and the USA; and her Euro-scepticism. So, after much soul-searching, and for the first time in over 50 years of voting, I regretfully spoiled my ballot. <\/p>\n<p class=\"c-paragraph paywall \"><b>Greg, Dublin <\/b><\/p>\n<p class=\"c-paragraph paywall \">I wrote \u201cnone of the above\u201d on my ballot in Dublin Northwest. I was traditionally a left\/centre-left voter, but I have been pushed to the centre by the highly eccentric identity politics of the left. There was no suitable centrist candidate. I never vote for the parachuted celebrity\/media\/sports candidate. I only vote for those with records of speaking and writing about and doing at least politics-adjacent things.<\/p>\n<p class=\"c-paragraph paywall \"><b>M\u00edche\u00e1l \u00d3 Flaithearta, Galway<\/b><\/p>\n<p class=\"c-paragraph paywall b-it-article-body__text--left\">I thought that the main political parties blocked potentially good candidates from being added to the ballot. I did not feel my political views were in any way at all represented on the ballot. As I could not get myself to vote for either Catherine Connolly or Heather Humphreys and as Jim Gavin was a lame duck anyway, I had two choices: either 1) not vote or 2) spoil my vote. I chose the latter. <\/p>\n<p class=\"c-paragraph paywall \"><b>Brighid, Dublin<\/b><\/p>\n<p class=\"c-paragraph paywall \">I feel, and have felt, for quite some time as if I am invisible to the Irish political classes as a single middle-aged, middle-class woman. Neither candidate has anything in common with me or my friends, and neither espouses my ideal of working hard and looking forward to an easy retirement. Connolly is far too socialist in her thinking and Humphreys does not speak convincingly. So I exercised my democratic right to spoil my vote for the first and, hopefully, last time ever.<\/p>\n<p class=\"c-paragraph paywall \"><b>Declan Roche, Dublin <\/b><\/p>\n<p class=\"c-paragraph paywall \">Government are out of touch. We should have had a bigger field of candidates. The Government stopped this happening. That is not democracy. [Miche\u00e1l] Martin must go, his choice in Gavin was a disastrous mistake. Fianna F\u00e1il and Fine Gael are out of touch. Immigration, housing and cost of living is what occupies a lot of people. When are we going to have an honest discussion on these matters?<\/p>\n","protected":false},"excerpt":{"rendered":"A record number of people spoiled their vote in the presidential election, with close to 13 per cent&hellip;\n","protected":false},"author":2,"featured_media":150861,"comment_status":"","ping_status":"","sticky":false,"template":"","format":"standard","meta":{"footnotes":""},"categories":[3],"tags":[9,10,1921,18,13,14,4771,553,6,555,19,17,11,12,15,16,30253,5765,5,59,44,7,8],"class_list":{"0":"post-150860","1":"post","2":"type-post","3":"status-publish","4":"format-standard","5":"has-post-thumbnail","7":"category-headlines","8":"tag-breaking-news","9":"tag-breakingnews","10":"tag-catherine-connolly","11":"tag-eire","12":"tag-featured-news","13":"tag-featurednews","14":"tag-fianna-fail","15":"tag-fine-gael","16":"tag-headlines","17":"tag-heather-humphreys","18":"tag-ie","19":"tag-ireland","20":"tag-latest-news","21":"tag-latestnews","22":"tag-main-news","23":"tag-mainnews","24":"tag-maria-steen","25":"tag-micheal-martin","26":"tag-news","27":"tag-presidential-election","28":"tag-simon-harris","29":"tag-top-stories","30":"tag-topstories"},"share_on_mastodon":{"url":"https:\/\/pubeurope.com\/@ie\/115455689014858194","error":""},"_links":{"self":[{"href":"https:\/\/www.europesays.com\/ie\/wp-json\/wp\/v2\/posts\/150860","targetHints":{"allow":["GET"]}}],"collection":[{"href":"https:\/\/www.europesays.com\/ie\/wp-json\/wp\/v2\/posts"}],"about":[{"href":"https:\/\/www.europesays.com\/ie\/wp-json\/wp\/v2\/types\/post"}],"author":[{"embeddable":true,"href":"https:\/\/www.europesays.com\/ie\/wp-json\/wp\/v2\/users\/2"}],"replies":[{"embeddable":true,"href":"https:\/\/www.europesays.com\/ie\/wp-json\/wp\/v2\/comments?post=150860"}],"version-history":[{"count":0,"href":"https:\/\/www.europesays.com\/ie\/wp-json\/wp\/v2\/posts\/150860\/revisions"}],"wp:featuredmedia":[{"embeddable":true,"href":"https:\/\/www.europesays.com\/ie\/wp-json\/wp\/v2\/media\/150861"}],"wp:attachment":[{"href":"https:\/\/www.europesays.com\/ie\/wp-json\/wp\/v2\/media?parent=150860"}],"wp:term":[{"taxonomy":"category","embeddable":true,"href":"https:\/\/www.europesays.com\/ie\/wp-json\/wp\/v2\/categories?post=150860"},{"taxonomy":"post_tag","embeddable":true,"href":"https:\/\/www.europesays.com\/ie\/wp-json\/wp\/v2\/tags?post=150860"}],"curies":[{"name":"wp","href":"https:\/\/api.w.org\/{rel}","templated":true}]}}