{"id":151791,"date":"2025-10-29T16:56:11","date_gmt":"2025-10-29T16:56:11","guid":{"rendered":"https:\/\/www.europesays.com\/ie\/151791\/"},"modified":"2025-10-29T16:56:11","modified_gmt":"2025-10-29T16:56:11","slug":"carlow-politician-bumps-into-pamela-anderson-onboard-flight-to-canada","status":"publish","type":"post","link":"https:\/\/www.europesays.com\/ie\/151791\/","title":{"rendered":"Carlow politician bumps into Pamela Anderson onboard flight to Canada"},"content":{"rendered":"<p class=\"indo-ebe0ecc6_root indo-ebe0ecc6_paragraph indo-91174671_secondary indo-1d70522a_marginbottom4 indo-1d70522a_marginleft0 indo-1d70522a_marginright0 indo-1d70522a_margintop4\" style=\"color:var(--color-primary-80)\" data-testid=\"title-summary\">Carlow\u2019s Cynthia N\u00ed Mhurch\u00fa was shocked to find out that she was on the same flight as Hollywood legend, Pamela Anderson\n<\/p>\n<p><img decoding=\"async\" alt=\"Ireland South MEP Cynthia N\u00ed Mhurch\u00fa bumped into Pamela Anderson onboard a flight to Canada. Photo credit: Cynthia N\u00ed Mhurch\u00fa\" src=\"https:\/\/www.europesays.com\/ie\/wp-content\/uploads\/2025\/10\/cb94d900-fc6f-4cbd-829d-21bdd9c03367.jpg\" loading=\"eager\" width=\"100%\" data-testid=\"article-image\"  \/><\/p>\n<p class=\"indo-ebe0ecc6_root indo-ebe0ecc6_caption1 indo-300db776_none indo-91174671_secondary indo-66f0fec7_regular indo-1d70522a_marginbottom0 indo-1d70522a_marginleft0 indo-1d70522a_marginright0 indo-1d70522a_margintop3 indo-b48c4984_left\" style=\"color:var(--color-grey-60)\">Ireland South MEP Cynthia N\u00ed Mhurch\u00fa bumped into Pamela Anderson onboard a flight to Canada. Photo credit: Cynthia N\u00ed Mhurch\u00fa<\/p>\n<p class=\"indo-ebe0ecc6_root indo-ebe0ecc6_paragraph indo-300db776_none indo-91174671_primary indo-1d70522a_marginbottom0 indo-1d70522a_margintop0 indo-b48c4984_inherit\" style=\"color:var(--color-primary-80)\">An Ireland South MEP has been rubbing shoulders with one of Hollywood\u2019s biggest stars.<\/p>\n<p class=\"indo-ebe0ecc6_root indo-ebe0ecc6_paragraph indo-300db776_none indo-91174671_primary indo-1d70522a_marginbottom0 indo-1d70522a_margintop0 indo-b48c4984_inherit\" style=\"color:var(--color-primary-80)\">Carlow\u2019s Cynthia N\u00ed Mhurch\u00fa was left star struck when she bumped into actress, model and media personality, Pamela Anderson, onboard a flight from America to Canada.<\/p>\n","protected":false},"excerpt":{"rendered":"Carlow\u2019s Cynthia N\u00ed Mhurch\u00fa was shocked to find out that she was on the same flight as Hollywood&hellip;\n","protected":false},"author":2,"featured_media":151792,"comment_status":"","ping_status":"","sticky":false,"template":"","format":"standard","meta":{"footnotes":""},"categories":[75],"tags":[15381,18,117,19,17],"class_list":{"0":"post-151791","1":"post","2":"type-post","3":"status-publish","4":"format-standard","5":"has-post-thumbnail","7":"category-entertainment","8":"tag-aisling-bolton-dowling","9":"tag-eire","10":"tag-entertainment","11":"tag-ie","12":"tag-ireland"},"share_on_mastodon":{"url":"https:\/\/pubeurope.com\/@ie\/115458512488456148","error":""},"_links":{"self":[{"href":"https:\/\/www.europesays.com\/ie\/wp-json\/wp\/v2\/posts\/151791","targetHints":{"allow":["GET"]}}],"collection":[{"href":"https:\/\/www.europesays.com\/ie\/wp-json\/wp\/v2\/posts"}],"about":[{"href":"https:\/\/www.europesays.com\/ie\/wp-json\/wp\/v2\/types\/post"}],"author":[{"embeddable":true,"href":"https:\/\/www.europesays.com\/ie\/wp-json\/wp\/v2\/users\/2"}],"replies":[{"embeddable":true,"href":"https:\/\/www.europesays.com\/ie\/wp-json\/wp\/v2\/comments?post=151791"}],"version-history":[{"count":0,"href":"https:\/\/www.europesays.com\/ie\/wp-json\/wp\/v2\/posts\/151791\/revisions"}],"wp:featuredmedia":[{"embeddable":true,"href":"https:\/\/www.europesays.com\/ie\/wp-json\/wp\/v2\/media\/151792"}],"wp:attachment":[{"href":"https:\/\/www.europesays.com\/ie\/wp-json\/wp\/v2\/media?parent=151791"}],"wp:term":[{"taxonomy":"category","embeddable":true,"href":"https:\/\/www.europesays.com\/ie\/wp-json\/wp\/v2\/categories?post=151791"},{"taxonomy":"post_tag","embeddable":true,"href":"https:\/\/www.europesays.com\/ie\/wp-json\/wp\/v2\/tags?post=151791"}],"curies":[{"name":"wp","href":"https:\/\/api.w.org\/{rel}","templated":true}]}}