{"id":153281,"date":"2025-10-30T12:15:08","date_gmt":"2025-10-30T12:15:08","guid":{"rendered":"https:\/\/www.europesays.com\/ie\/153281\/"},"modified":"2025-10-30T12:15:08","modified_gmt":"2025-10-30T12:15:08","slug":"teresa-tess-glynn-midwest-radio","status":"publish","type":"post","link":"https:\/\/www.europesays.com\/ie\/153281\/","title":{"rendered":"Teresa (Tess) Glynn &#8211; Midwest Radio"},"content":{"rendered":"<p>Glynn\u2019s Bar, The Square, Dunmore and formerly of Stonepark House, Stonepark, Glenamaddy Co. Galway.<\/p>\n<p>Predeceased by her husband Frank, sister Bell &amp; her brothers Pat, Al &amp; Brendan &amp; niece Bl\u00e1thnaid.<\/p>\n<p>Tess will be sadly missed by her loving family, sons, Jim, Francis &amp; David, daughter Noelle, sister Chrissie, daughters in law Adrienne &amp; Barbara, son in law Michael, grandchildren Sean, Sarah, Marcus, Robert, Davey, Beth, Jamie, Juliet &amp; Matthew, brothers in law, sisters in law, nephews nieces relatives, neighbours &amp; friends.<\/p>\n<p>Rest In Peace.<\/p>\n<p>Reposing at Glynn\u2019s Funeral Home, Dunmore, H54 NY61 this Friday evening, October 31st from 6pm with removal at 8pm to The Church of Our Lady &amp; St. Nicholas, Dunmore.<\/p>\n<p>Funeral Mass on Saturday at 11.30am with burial afterwards in Dunmore cemetery.<\/p>\n<p>Condolences can be left on the online book below.<\/p>\n<p>Ar dheis D\u00e9 go raibh a h-anam d\u00edl\u00eds.<\/p>\n","protected":false},"excerpt":{"rendered":"Glynn\u2019s Bar, The Square, Dunmore and formerly of Stonepark House, Stonepark, Glenamaddy Co. Galway. Predeceased by her husband&hellip;\n","protected":false},"author":2,"featured_media":153282,"comment_status":"","ping_status":"","sticky":false,"template":"","format":"standard","meta":{"footnotes":""},"categories":[40],"tags":[9,10,18,13,14,6,19,17,11,12,15,16,5,7,8],"class_list":{"0":"post-153281","1":"post","2":"type-post","3":"status-publish","4":"format-standard","5":"has-post-thumbnail","7":"category-ireland","8":"tag-breaking-news","9":"tag-breakingnews","10":"tag-eire","11":"tag-featured-news","12":"tag-featurednews","13":"tag-headlines","14":"tag-ie","15":"tag-ireland","16":"tag-latest-news","17":"tag-latestnews","18":"tag-main-news","19":"tag-mainnews","20":"tag-news","21":"tag-top-stories","22":"tag-topstories"},"share_on_mastodon":{"url":"https:\/\/pubeurope.com\/@ie\/115463069642302365","error":""},"_links":{"self":[{"href":"https:\/\/www.europesays.com\/ie\/wp-json\/wp\/v2\/posts\/153281","targetHints":{"allow":["GET"]}}],"collection":[{"href":"https:\/\/www.europesays.com\/ie\/wp-json\/wp\/v2\/posts"}],"about":[{"href":"https:\/\/www.europesays.com\/ie\/wp-json\/wp\/v2\/types\/post"}],"author":[{"embeddable":true,"href":"https:\/\/www.europesays.com\/ie\/wp-json\/wp\/v2\/users\/2"}],"replies":[{"embeddable":true,"href":"https:\/\/www.europesays.com\/ie\/wp-json\/wp\/v2\/comments?post=153281"}],"version-history":[{"count":0,"href":"https:\/\/www.europesays.com\/ie\/wp-json\/wp\/v2\/posts\/153281\/revisions"}],"wp:featuredmedia":[{"embeddable":true,"href":"https:\/\/www.europesays.com\/ie\/wp-json\/wp\/v2\/media\/153282"}],"wp:attachment":[{"href":"https:\/\/www.europesays.com\/ie\/wp-json\/wp\/v2\/media?parent=153281"}],"wp:term":[{"taxonomy":"category","embeddable":true,"href":"https:\/\/www.europesays.com\/ie\/wp-json\/wp\/v2\/categories?post=153281"},{"taxonomy":"post_tag","embeddable":true,"href":"https:\/\/www.europesays.com\/ie\/wp-json\/wp\/v2\/tags?post=153281"}],"curies":[{"name":"wp","href":"https:\/\/api.w.org\/{rel}","templated":true}]}}