{"id":15428,"date":"2025-08-22T04:48:08","date_gmt":"2025-08-22T04:48:08","guid":{"rendered":"https:\/\/www.europesays.com\/ie\/15428\/"},"modified":"2025-08-22T04:48:08","modified_gmt":"2025-08-22T04:48:08","slug":"nasa-invites-media-to-joint-launch-of-sun-space-weather-missions","status":"publish","type":"post","link":"https:\/\/www.europesays.com\/ie\/15428\/","title":{"rendered":"NASA Invites Media to Joint Launch of Sun, Space Weather Missions"},"content":{"rendered":"<p>Lee esta nota de prensa en espa\u00f1ol\u00a0<a href=\"https:\/\/www.nasa.gov\/news-release\/la-nasa-invita-a-los-medios-al-lanzamiento-conjunto-de-misiones-sobre-el-sol-y-la-meteorologia-espacial\/\" data-type=\"link\" data-id=\"https:\/\/www.nasa.gov\/news-release\/la-nasa-invita-a-los-medios-al-lanzamiento-conjunto-de-misiones-sobre-el-sol-y-la-meteorologia-espacial\/\" rel=\"nofollow noopener\" target=\"_blank\">aqu\u00ed<\/a>.<\/p>\n<p>Media accreditation is open for the launch of three observatories that will study the Sun and enhance the ability to make accurate space weather forecasts, helping protect technology systems that affect life on Earth.<\/p>\n<p>NASA is targeting no earlier than Tuesday, Sept. 23, for the launch of the agency\u2019s IMAP (<a href=\"https:\/\/science.nasa.gov\/mission\/imap\/\" rel=\"noopener nofollow\" target=\"_blank\">Interstellar Mapping and Acceleration Probe<\/a>), the <a href=\"https:\/\/science.nasa.gov\/mission\/carruthers-geocorona-observatory\/\" rel=\"noopener nofollow\" target=\"_blank\">Carruthers Geocorona Observatory<\/a>, and National Oceanic and Atmospheric Administration\u2019s (NOAA) Space Weather Follow On\u2013Lagrange 1 (<a href=\"https:\/\/www.nesdis.noaa.gov\/news-events\/swfo-l1-launch\" rel=\"noopener nofollow\" target=\"_blank\">SWFO-L1<\/a>) observatory. The observatories will launch aboard a SpaceX Falcon 9 rocket from Launch Complex 39A at NASA\u2019s Kennedy Space Center in Florida.<\/p>\n<p>Accredited media will have the opportunity to participate in prelaunch briefings and interviews with key mission personnel prior to launch, as well as cover the launch. NASA will communicate additional details regarding the media event schedule as the launch date approaches.<\/p>\n<p>Media accreditation deadlines for the launch are as follows:<\/p>\n<ul class=\"wp-block-list\">\n<li>International media without U.S. citizenship must apply by 11:59 p.m. EDT on Sunday, Aug. 31.<\/li>\n<li>U.S. media and U.S. citizens representing international media organizations must apply by 11:59 p.m. on Thursday, Sept. 4.<\/li>\n<\/ul>\n<p>All accreditation requests must be submitted online at:<\/p>\n<p class=\"has-text-align-center\"><a href=\"https:\/\/media.ksc.nasa.gov\" rel=\"noopener nofollow\" target=\"_blank\">https:\/\/media.ksc.nasa.gov<\/a><\/p>\n<p>NASA\u2019s <a href=\"https:\/\/www.nasa.gov\/general\/nasa-agencywide-media-accreditation-policy\/\" rel=\"nofollow noopener\" target=\"_blank\">media accreditation policy<\/a> is available online. For questions about accreditation, please email: <a href=\"https:\/\/www.nasa.gov\/news-release\/nasa-invites-media-to-joint-launch-of-sun-space-weather-missions\/mailto:ksc-media-accreditat@mail.nasa.gov\" rel=\"nofollow noopener\" target=\"_blank\">ksc-media-accreditat@mail.nasa.gov<\/a>. For other mission questions, please contact the NASA Kennedy newsroom at 321-867-2468.<\/p>\n<p>Para obtener informaci\u00f3n en espa\u00f1ol en sobre el Centro Espacial Kennedy, comun\u00edquese con Antonia Jaramillo: 321-501-8425. Si desea solicitar entrevistas en espa\u00f1ol sobre IMAP, p\u00f3ngase en contacto con Mar\u00eda-Jos\u00e9 Vi\u00f1as: <a href=\"https:\/\/www.nasa.gov\/news-release\/nasa-invites-media-to-joint-launch-of-sun-space-weather-missions\/mailto:maria-jose.vinasgarcia@nasa.gov\" rel=\"nofollow noopener\" target=\"_blank\">maria-jose.vinasgarcia@nasa.gov<\/a>.\u00a0<\/p>\n<p>NASA\u2019s <a href=\"https:\/\/science.nasa.gov\/mission\/imap\/\" rel=\"noopener nofollow\" target=\"_blank\">IMAP<\/a> will use 10 science instruments to study and map the heliosphere, a vast magnetic bubble surrounding the Sun protecting our solar system from radiation incoming from interstellar space. This mission and its two rideshares will orbit the Sun near Lagrange point 1, about one million miles from Earth, where it will scan the heliosphere, analyze the composition of charged particles, and investigate how those particles move through the solar system. This will provide information on how the Sun accelerates charged particles, filling in essential puzzle pieces to understand the space weather environment across the solar system. The IMAP spacecraft also will continuously monitor solar wind and cosmic radiation. Scientists can use this information to evaluate new and improved capabilities for space weather prediction tools and models, which are vital for the health of human space explorers and the longevity of technological systems, like satellites and power grids, that can affect life on Earth.<\/p>\n<p>The agency\u2019s Carruthers Geocorona Observatory is a small satellite set to study the exosphere, the outermost part of Earth\u2019s atmosphere. Using ultraviolet cameras, it will monitor how space weather from the Sun impacts the exosphere, which plays a crucial role in protecting Earth from space weather events that can affect satellites, communications, and power lines. The exosphere, a cloud of neutral hydrogen extending to the Moon and possibly beyond, is created by the breakdown of water and methane by ultraviolet light from the Sun, and its glow, known as the geocorona, has been observed globally only four times before this mission.<\/p>\n<p>The SWFO-L1 mission, managed by NOAA and developed with NASA\u2019s Goddard Space Flight Center in Greenbelt, Maryland, and commercial partners, will use a suite of instruments to provide real-time measurements of solar wind, along with a compact coronagraph to detect coronal mass ejections from the Sun. The observatory, serving as an early warning beacon for potentially destructive space weather events, will enable faster and more accurate forecasts. Its 24\/7 data will support NOAA\u2019s Space Weather Prediction Center in protecting vital infrastructure, economic interests, and national security, both on Earth and in space.<\/p>\n<p>David McComas, professor, Princeton University, leads the IMAP mission with an international team of 25 partner institutions. The Johns Hopkins Applied Physics Laboratory in Laurel, Maryland, built the spacecraft and operates the mission. NASA\u2019s IMAP is the fifth mission in NASA\u2019s Solar Terrestrial Probes program portfolio. The Explorers and Heliophysics Project Division at NASA Goddard manages the program for the agency\u2019s Heliophysics Division of NASA\u2019s Science Mission Directorate.<\/p>\n<p>NASA\u2019s <a href=\"https:\/\/www.nasa.gov\/kennedy\/launch-services-program\/\" rel=\"nofollow noopener\" target=\"_blank\">Launch Services Program<\/a>, based at NASA Kennedy, manages the launch service for the mission.<\/p>\n<p>For more details about the IMAP mission and updates on launch preparations, visit:<\/p>\n<p class=\"has-text-align-center\"><a href=\"https:\/\/science.nasa.gov\/mission\/imap\/\" rel=\"noopener nofollow\" target=\"_blank\"><strong>https:\/\/science.nasa.gov\/mission\/imap\/<\/strong><\/a><\/p>\n<p class=\"has-text-align-center\">-end-<\/p>\n<p>Abbey Interrante<br \/>Headquarters, Washington<br \/>301-201-0124<br \/><a href=\"https:\/\/www.nasa.gov\/news-release\/nasa-invites-media-to-joint-launch-of-sun-space-weather-missions\/mailto:abbey.a.interrante@nasa.gov\" rel=\"nofollow noopener\" target=\"_blank\">abbey.a.interrante@nasa.gov<\/a><\/p>\n<p>Sarah Frazier<br \/>Goddard Space Flight Center, Greenbelt, Md.<br \/>202-853-7191<br \/><a href=\"https:\/\/www.nasa.gov\/news-release\/nasa-invites-media-to-joint-launch-of-sun-space-weather-missions\/mailto:sarah.frazier@nasa.gov\" rel=\"nofollow noopener\" target=\"_blank\">sarah.frazier@nasa.gov<\/a><\/p>\n<p>Leejay Lockhart<br \/>Kennedy Space Center, Fla.<br \/>321-747-8310<br \/><a href=\"https:\/\/www.nasa.gov\/news-release\/nasa-invites-media-to-joint-launch-of-sun-space-weather-missions\/mailto:leejay.lockhart@nasa.gov\" rel=\"nofollow noopener\" target=\"_blank\">leejay.lockhart@nasa.gov<\/a><\/p>\n<p>John Jones-Bateman<br \/>NOAA\u2019s Satellite and Information Service, Silver Spring, Md.<br \/>202-242-0929<br \/><a href=\"https:\/\/www.nasa.gov\/news-release\/nasa-invites-media-to-joint-launch-of-sun-space-weather-missions\/mailto:john.jones-bateman@noaa.gov\" rel=\"nofollow noopener\" target=\"_blank\">john.jones-bateman@noaa.gov<\/a><\/p>\n","protected":false},"excerpt":{"rendered":"Lee esta nota de prensa en espa\u00f1ol\u00a0aqu\u00ed. Media accreditation is open for the launch of three observatories that&hellip;\n","protected":false},"author":2,"featured_media":15429,"comment_status":"","ping_status":"","sticky":false,"template":"","format":"standard","meta":{"footnotes":""},"categories":[270],"tags":[13997,18,5198,11511,13998,19,13999,17,7966,14000,133,6126,13390,451,14001],"class_list":{"0":"post-15428","1":"post","2":"type-post","3":"status-publish","4":"format-standard","5":"has-post-thumbnail","7":"category-space","8":"tag-carruthers-geocorona-observatory-glide","9":"tag-eire","10":"tag-goddard-space-flight-center","11":"tag-heliophysics","12":"tag-heliophysics-division","13":"tag-ie","14":"tag-imap-interstellar-mapping-and-acceleration-probe","15":"tag-ireland","16":"tag-kennedy-space-center","17":"tag-launch-services-program","18":"tag-science","19":"tag-science-research","20":"tag-science-mission-directorate","21":"tag-space","22":"tag-space-weather"},"share_on_mastodon":{"url":"","error":""},"_links":{"self":[{"href":"https:\/\/www.europesays.com\/ie\/wp-json\/wp\/v2\/posts\/15428","targetHints":{"allow":["GET"]}}],"collection":[{"href":"https:\/\/www.europesays.com\/ie\/wp-json\/wp\/v2\/posts"}],"about":[{"href":"https:\/\/www.europesays.com\/ie\/wp-json\/wp\/v2\/types\/post"}],"author":[{"embeddable":true,"href":"https:\/\/www.europesays.com\/ie\/wp-json\/wp\/v2\/users\/2"}],"replies":[{"embeddable":true,"href":"https:\/\/www.europesays.com\/ie\/wp-json\/wp\/v2\/comments?post=15428"}],"version-history":[{"count":0,"href":"https:\/\/www.europesays.com\/ie\/wp-json\/wp\/v2\/posts\/15428\/revisions"}],"wp:featuredmedia":[{"embeddable":true,"href":"https:\/\/www.europesays.com\/ie\/wp-json\/wp\/v2\/media\/15429"}],"wp:attachment":[{"href":"https:\/\/www.europesays.com\/ie\/wp-json\/wp\/v2\/media?parent=15428"}],"wp:term":[{"taxonomy":"category","embeddable":true,"href":"https:\/\/www.europesays.com\/ie\/wp-json\/wp\/v2\/categories?post=15428"},{"taxonomy":"post_tag","embeddable":true,"href":"https:\/\/www.europesays.com\/ie\/wp-json\/wp\/v2\/tags?post=15428"}],"curies":[{"name":"wp","href":"https:\/\/api.w.org\/{rel}","templated":true}]}}