{"id":157129,"date":"2025-11-01T13:03:14","date_gmt":"2025-11-01T13:03:14","guid":{"rendered":"https:\/\/www.europesays.com\/ie\/157129\/"},"modified":"2025-11-01T13:03:14","modified_gmt":"2025-11-01T13:03:14","slug":"the-eu-wants-to-help-fix-europes-housing-crisis-can-it-the-irish-times","status":"publish","type":"post","link":"https:\/\/www.europesays.com\/ie\/157129\/","title":{"rendered":"The EU wants to help fix Europe\u2019s housing crisis, can it? \u2013 The Irish Times"},"content":{"rendered":"<p class=\"c-paragraph paywall \">You don\u2019t expect to see a picture of <a href=\"https:\/\/www.irishtimes.com\/tags\/margaret-thatcher\/\" target=\"_self\" rel=\"nofollow noopener\" title=\"https:\/\/www.irishtimes.com\/tags\/margaret-thatcher\/\">Margaret Thatcher<\/a> on the wall when you walk into the office of the European commissioner for housing, given Dan Jorgensen is a Danish social democrat. <\/p>\n<p class=\"c-paragraph paywall \">The photo shows the former right-wing UK prime minister meeting Denmark\u2019s first EU commissioner, Finn Olav Gundelach, after the two countries joined the union in the 1970s. The chic green couch the pair are sitting on in the photo is still in the Berlaymont, where the <a href=\"https:\/\/www.irishtimes.com\/tags\/european-union\/\" target=\"_self\" rel=\"nofollow noopener\" title=\"https:\/\/www.irishtimes.com\/tags\/european-union\/\">EU<\/a>\u2019s executive body is based, all these years later. <\/p>\n<p class=\"c-paragraph paywall \">\u201cShe seems to be admired for how strong she was, probably I don\u2019t agree with that many of her policies,\u201d Jorgensen says, after drawing attention to the photo of Thatcher. <\/p>\n<p class=\"c-paragraph paywall \">From Athens to Dublin, national governments are struggling to reverse a chronic shortage of housing supply, that has left many unable to buy a home and paying higher and higher rents in the meantime. <\/p>\n<p class=\"c-paragraph paywall \">The European Commission has no real powers &#8211; known as competences &#8211; to legislate in the area of housing, so it was not a topic that  featured in the discussions of those working inside the EU lawmaking machine. <\/p>\n<p class=\"c-paragraph paywall \">That has changed in the last year. Finding ways to help governments address a continent-wide housing crisis is suddenly high on the agenda of commission president Ursula von der Leyen and MEPs in the European Parliament. <\/p>\n<p><img decoding=\"async\" data-chromatic=\"ignore\" alt=\"European Commissioner for Energy and Housing Dan Jorgensen. Photograph: Ronald Wittek\/EPA\" class=\"c-image\" loading=\"lazy\" src=\"https:\/\/www.europesays.com\/ie\/wp-content\/uploads\/2025\/11\/RDUKUF5XIXIWLQKB73GD7PS74Y.jpg\"   width=\"800\" height=\"528\"\/>European Commissioner for Energy and Housing Dan Jorgensen. Photograph: Ronald Wittek\/EPA <\/p>\n<p class=\"c-paragraph paywall \">Jorgensen is the first EU commissioner whose portfolio covers housing (he also looks after energy policy, where the union plays a bigger role). <\/p>\n<p class=\"c-paragraph paywall \">\u201cFor decades the common understanding has been that this is really an area where the EU competence is extremely limited and I would like to challenge that,\u201d the centre-left Danish politician says. <\/p>\n<p class=\"c-paragraph paywall \">Jorgensen draws a parallel with health policy, another area where the EU\u2019s powerful executive body has limited scope to propose laws or reforms. <\/p>\n<p class=\"c-paragraph paywall \">\u201cWhen Covid came I think we were all very, very happy that we had the European Union to help us in that very hard crisis,\u201d Jorgensen says, a reference to the commission\u2019s role negotiating the purchase of vaccines for the entire 27-state bloc.<\/p>\n<p class=\"c-paragraph b-it-article-body__interstitial-link\">[\u00a0<a aria-label=\"Open related story\" class=\"c-link\" href=\"https:\/\/www.irishtimes.com\/opinion\/2025\/10\/29\/ben-tonra-ireland-is-riding-two-horses-that-are-now-galloping-in-different-directions\/\" rel=\"noreferrer nofollow noopener\" target=\"_blank\">Ireland is riding two horses galloping in different directions across the AtlanticOpens in new window<\/a>\u00a0]<\/p>\n<p class=\"c-paragraph paywall \">So what can the EU do to help solve the housing crisis? <\/p>\n<p class=\"c-paragraph paywall \">An affordable housing plan, which is expected to propose easing certain EU-level restrictions on governments subsidising housing projects, will be published by Jorgensen in December. <\/p>\n<p class=\"c-paragraph paywall \">The commission\u2019s state-aid rules are meant to stop governments from pumping money into national industries or individual companies, giving them an unfair advantage in the EU market. <\/p>\n<p class=\"c-paragraph paywall \">There are exemptions to those competition rules, to allow states to finance public and social housing. <\/p>\n<p class=\"c-paragraph paywall \">State intervention for affordable housing is more of a grey area. Such projects typically involve governments subsidising developments where houses or apartments are reserved for buyers on lower incomes, who would not qualify for social housing. <\/p>\n<p class=\"c-paragraph paywall \">There is a valid perception the existing EU rules were \u201crestrictive\u201d, says Christopher McMahon, an adjunct assistant professor in Trinity College Dublin, who specialises in state aid law.<\/p>\n<p class=\"c-paragraph paywall \">\u201cThe EU isn\u2019t in the business of providing housing itself, that\u2019s what national governments do,\u201d he says. <\/p>\n<p class=\"c-paragraph paywall \">The Berlaymont was shaping up to shift its stance on state aid, an acceptance competition rules were getting in the way, he says. \u201cIt\u2019s an example of the commission responding to the fact that they are the blockage,\u201d McMahon says. <\/p>\n<p><img decoding=\"async\" data-chromatic=\"ignore\" alt=\"Members of the Catalan regional police forces, Mossos d'Esquadra, stand guard outside La Ruina and El Kubo squat houses in Barcelona. Photograph: Josep Lago\/AFP via Getty Images\" class=\"c-image\" loading=\"lazy\" src=\"https:\/\/www.europesays.com\/ie\/wp-content\/uploads\/2025\/11\/QUFMZTJGL6KSS3TJGA3CKIETZY.jpg\"   width=\"800\" height=\"533\"\/>Members of the Catalan regional police forces, Mossos d&#8217;Esquadra, stand guard outside La Ruina and El Kubo squat houses in Barcelona. Photograph: Josep Lago\/AFP via Getty Images <\/p>\n<p class=\"c-paragraph paywall \">Loosening those restrictions on state-subsidised housing will only fix a small part of the problem. <\/p>\n<p class=\"c-paragraph paywall \">An EU report studying the housing crisis, published last month, pointed to rising construction costs as one of the main factors holding up building. <\/p>\n<p class=\"c-paragraph paywall \">Europe\u2019s construction industry, in Ireland and other states, is still carrying a hangover from the financial crash. There are the shortages of skilled tradesmen and financing problems. Then energy costs and the price of building materials shot up after Russia\u2019s full-scale invasion of Ukraine. <\/p>\n<p class=\"c-paragraph paywall \">Europe-wide research shows house and apartment prices have increased by about 60 per cent over the last  10 years, the report said. The cost of building homes  increased by almost the same rate during that period. <\/p>\n<p class=\"c-paragraph paywall \">The report, written by EU officials tasked with policy research, said the residential construction sector had \u201cnever fully recovered\u201d from the huge drop in home building after the global financial crash. <\/p>\n<p class=\"c-paragraph paywall \">Into that gap stepped institutional investors and property funds, who now play a much greater role in the housing market. <\/p>\n<p class=\"c-paragraph paywall \">While those institutional investors brought an injection of money into the sector, a lot of that went into building luxury apartments, student accommodation and co-living housing for young professionals, the research said.<\/p>\n<p class=\"c-paragraph paywall \">The report concluded the prospect of institutional investors and their private capital addressing the shortage of affordable homes \u201cseems limited at best\u201d. <\/p>\n<p class=\"c-paragraph paywall \">Predictably, differing opinions about how to get shovels in the ground divide along political lines. <\/p>\n<p class=\"c-paragraph paywall \">Those on the left believe a big pot of EU money needs to be sourced to kick-start building. Their rivals to the right want to see the time it takes developers to secure planning permission and permits sped up, environmental rules scaled back, and taxes paid by builders lowered. <\/p>\n<p class=\"c-paragraph paywall \">Borja Gim\u00e9nez Larraz, a centre-right Spanish MEP, says the focus  should be on boosting construction by paring back \u201cexcessive regulations and bureaucracy\u201d. <\/p>\n<p class=\"c-paragraph paywall \">Gim\u00e9nez Larraz, a member of a new European Parliament committee on the housing crisis, says it has been taking too long to approve planning applications and permits. <\/p>\n<p class=\"c-paragraph paywall \">The EU should consider revising a range of its laws, such as the Habitats Directive protecting wild species, the Nature Restoration law reversing biodiversity loss, and new energy efficiency regulations, he says. <\/p>\n<p class=\"c-paragraph paywall \">Tougher anti-squatting laws &#8211; a live issue in Spanish politics &#8211; are also needed, he says. A  very low tax rate for property developers building public or affordable housing would help too, Gim\u00e9nez Larraz says. <\/p>\n<p class=\"c-paragraph paywall \">\u201cThis will just complement the measures that have to be taken at national level,\u201d he adds. <\/p>\n<p class=\"c-paragraph paywall \">Labour\u2019s Dublin MEP Aodh\u00e1n \u00d3 R\u00edord\u00e1in favours loosening state aid rules and central bank debt restrictions on local authorities. <\/p>\n<p class=\"c-paragraph paywall \">Something needs to be done about the \u201cbizarre situation\u201d where homeless families were forced to live in hotels in Dublin, at the same time tourists were staying in homes let out on Airbnb or similar platforms, \u00d3 R\u00edord\u00e1in says. <\/p>\n<p class=\"c-paragraph paywall \">Authorities in Barcelona plan to effectively ban Airbnb and other short-term stay platforms from operating in the city by 2028, though \u00d3 R\u00edord\u00e1in says that may be a step too far. The Brussels political system  should  help governments boost housing supply, even if that meant \u201ctesting the boundaries\u201d of the EU\u2019s remit in the field, he says. \u201cIf we\u2019re not talking about housing then we could be seen as not being attuned to the needs of European citizens,\u201d he says. <\/p>\n<p class=\"c-paragraph paywall \">A recent European Council summit of the 27 national leaders discussed the housing crisis, the first time the issue has been on the agenda of the union\u2019s highest decision making forum. <\/p>\n<p class=\"c-paragraph paywall \">Speaking on his way in to the summit, Spain\u2019s left-wing prime minister Pedro S\u00e1nchez floated the idea of a legal freeze to stop housing being bought up for \u201cnon-residential\u201d purposes. <\/p>\n<p class=\"c-paragraph paywall \">EU states should be given \u201clevers\u201d to pull in a scenario where tourism was massively driving up property prices in certain cities and regions, S\u00e1nchez said. <\/p>\n<p class=\"c-paragraph paywall \">\u201cHousing is not a competence of the EU, but it is important that we talk about it,\u201d says one senior Brussels-based diplomat. The source predicted plenty of the focus at EU level would be on cutting red tape seen as holding up development. <\/p>\n<p class=\"c-paragraph paywall \">Jorgensen has actively been canvassing national governments for their thoughts, correspondence shows. In a March 18th letter to all housing ministers, the EU commissioner asked for \u201csolutions\u201d they could put forward to address the housing crisis. <\/p>\n<p class=\"c-paragraph paywall \">European and national politicians need to work together to take on the structural causes of the problem, Jorgensen wrote. <\/p>\n<p class=\"c-paragraph paywall \">The correspondence, released in response to a Freedom of Information Act request, proposed housing ministers and the commissioner meet regularly to discuss areas of possible co-operation. <\/p>\n<p class=\"c-paragraph paywall \">In a recent interview with The Irish Times and other European media outlets, Jorgensen said the current moment was a chance to \u201credefine\u201d the role the EU played in housing. <\/p>\n<p class=\"c-paragraph paywall \">Thatcher, an opponent of deeper European integration who fiercely resisted efforts to hand any extra powers to officials in Brussels, would have had a lot to say about that. Jorgensen is lucky the photo on his office wall can\u2019t talk. <\/p>\n<p class=\"c-paragraph b-it-article-body__interstitial-link\">[\u00a0<a aria-label=\"Open related story\" class=\"c-link\" href=\"https:\/\/www.irishtimes.com\/technology\/big-tech\/2025\/10\/30\/data-protection-rules-completely-out-of-control-meta-tells-government\/\" rel=\"noreferrer nofollow noopener\" target=\"_blank\">Data protection rules \u2018completely out of control\u2019, Meta tells GovernmentOpens in new window<\/a>\u00a0]<\/p>\n","protected":false},"excerpt":{"rendered":"You don\u2019t expect to see a picture of Margaret Thatcher on the wall when you walk into the&hellip;\n","protected":false},"author":2,"featured_media":157130,"comment_status":"","ping_status":"","sticky":false,"template":"","format":"standard","meta":{"footnotes":""},"categories":[41],"tags":[9,10,4893,13,14,6,8752,21681,11,12,15,16,91650,5,7,8,65,66,67],"class_list":{"0":"post-157129","1":"post","2":"type-post","3":"status-publish","4":"format-standard","5":"has-post-thumbnail","7":"category-world","8":"tag-breaking-news","9":"tag-breakingnews","10":"tag-eu","11":"tag-featured-news","12":"tag-featurednews","13":"tag-headlines","14":"tag-housing-crisis","15":"tag-housing-demand","16":"tag-latest-news","17":"tag-latestnews","18":"tag-main-news","19":"tag-mainnews","20":"tag-margaret-thatcher","21":"tag-news","22":"tag-top-stories","23":"tag-topstories","24":"tag-world","25":"tag-world-news","26":"tag-worldnews"},"share_on_mastodon":{"url":"https:\/\/pubeurope.com\/@ie\/115474583246810806","error":""},"_links":{"self":[{"href":"https:\/\/www.europesays.com\/ie\/wp-json\/wp\/v2\/posts\/157129","targetHints":{"allow":["GET"]}}],"collection":[{"href":"https:\/\/www.europesays.com\/ie\/wp-json\/wp\/v2\/posts"}],"about":[{"href":"https:\/\/www.europesays.com\/ie\/wp-json\/wp\/v2\/types\/post"}],"author":[{"embeddable":true,"href":"https:\/\/www.europesays.com\/ie\/wp-json\/wp\/v2\/users\/2"}],"replies":[{"embeddable":true,"href":"https:\/\/www.europesays.com\/ie\/wp-json\/wp\/v2\/comments?post=157129"}],"version-history":[{"count":0,"href":"https:\/\/www.europesays.com\/ie\/wp-json\/wp\/v2\/posts\/157129\/revisions"}],"wp:featuredmedia":[{"embeddable":true,"href":"https:\/\/www.europesays.com\/ie\/wp-json\/wp\/v2\/media\/157130"}],"wp:attachment":[{"href":"https:\/\/www.europesays.com\/ie\/wp-json\/wp\/v2\/media?parent=157129"}],"wp:term":[{"taxonomy":"category","embeddable":true,"href":"https:\/\/www.europesays.com\/ie\/wp-json\/wp\/v2\/categories?post=157129"},{"taxonomy":"post_tag","embeddable":true,"href":"https:\/\/www.europesays.com\/ie\/wp-json\/wp\/v2\/tags?post=157129"}],"curies":[{"name":"wp","href":"https:\/\/api.w.org\/{rel}","templated":true}]}}