{"id":158031,"date":"2025-11-02T01:43:11","date_gmt":"2025-11-02T01:43:11","guid":{"rendered":"https:\/\/www.europesays.com\/ie\/158031\/"},"modified":"2025-11-02T01:43:11","modified_gmt":"2025-11-02T01:43:11","slug":"a-true-everlasting-love-tributes-pour-in-as-husband-and-wife-who-died-just-hours-apart-are-laid-to-rest","status":"publish","type":"post","link":"https:\/\/www.europesays.com\/ie\/158031\/","title":{"rendered":"&#8216;A true everlasting love&#8217;: Tributes pour in as husband and wife who died just hours apart are laid to rest"},"content":{"rendered":"<p>There has been a huge outpouring of sympathy for the family circle since news of the double loss emerged<\/p>\n<p>18:52, 01 Nov 2025Updated 00:16, 02 Nov 2025<\/p>\n<p><img decoding=\"async\" src=\"https:\/\/www.europesays.com\/ie\/wp-content\/uploads\/2025\/11\/571800271_1666503737971526_7675524419501591479_n-1.jpg\" alt=\"Eileen and Henry Lavery\" loading=\"eager\"  \/>Eileen and Henry Lavery<\/p>\n<p class=\"Paragraph_paragraph-text__PVKlh \" data-tmdatatrack=\"content-unit\" data-tmdatatrack-type=\"paragraph\" publication=\"irishmirror\">Tributes have poured in for a husband and wife from <a class=\"TextLink_text-link__dBSS0 TextLink_enabled__dJF3l\" href=\"https:\/\/www.irishmirror.ie\/all-about\/antrim\" target=\"_blank\" aria-label=\"Co AntrimLink opens in a new tab.\" tabindex=\"0\" rel=\"nofollow noopener\">Co Antrim<\/a> who died just hours apart as they were laid to rest on Saturday.<\/p>\n<p class=\"Paragraph_paragraph-text__PVKlh \" data-tmdatatrack=\"content-unit\" data-tmdatatrack-type=\"paragraph\" publication=\"irishmirror\">Eileen (nee Hannon) and her husband Henry Lavery passed away peacefully at Craigavon Area Hospital this week surrounded by their family.<\/p>\n<p class=\"Paragraph_paragraph-text__PVKlh \" data-tmdatatrack=\"content-unit\" data-tmdatatrack-type=\"paragraph\" publication=\"irishmirror\">Eileen, 90, passed away on Tuesday, October 28 while Henry, 88, died the following day on Wednesday, October 29.<\/p>\n<p class=\"Paragraph_paragraph-text__PVKlh \" data-tmdatatrack=\"content-unit\" data-tmdatatrack-type=\"paragraph\" publication=\"irishmirror\">Late of Orken Lane, Aghalee, a death notice shared by the couple&#8217;s family stated: &#8220;Deeply regretted by sons Aidan, Gerard, Andrew and Barry. Daughters-in-law Rosemary, Martina, Patrina and Jeanie. Proud grandparents of Ryan, Niall, Ciaran, Cormac, Coilin, Owen, Ronan, Laura and Clodagh.<\/p>\n<p class=\"Paragraph_paragraph-text__PVKlh \" data-tmdatatrack=\"content-unit\" data-tmdatatrack-type=\"paragraph\" publication=\"irishmirror\">&#8220;Eileen is predeceased by her brother Josie and sister Phyllis. Lovingly remembered by siblings Betty, Angela, Bernie, Teresa, Eamon and Seamus.<\/p>\n<p class=\"Paragraph_paragraph-text__PVKlh \" data-tmdatatrack=\"content-unit\" data-tmdatatrack-type=\"paragraph\" publication=\"irishmirror\">&#8220;Henry is predeceased by his brothers Willie-John, Patrick, Peter, Malachy and sisters Mary, Cecilia and Sarah.&#8221;<\/p>\n<p><img decoding=\"async\" src=\"https:\/\/www.europesays.com\/ie\/wp-content\/uploads\/2025\/09\/0_Screenshot-2025-07-31-at-190436.png\" alt=\"\"  \/>Join Irish Mirror&#8217;s crime and court group on WhatsApp <\/p>\n<p class=\"Paragraph_paragraph-text__PVKlh \" data-tmdatatrack=\"content-unit\" data-tmdatatrack-type=\"paragraph\">Get all the big crime and court stories direct to your phone on our new WhatsApp service.<strong class=\"Strong_strong__e2x35\"> <\/strong><a class=\"TextLink_text-link__dBSS0 TextLink_enabled__dJF3l\" href=\"https:\/\/chat.whatsapp.com\/L5Vs1ax39uZ8yz1STVB9aD\" target=\"_blank\" aria-label=\"[object Object]Link opens in a new tab.\" tabindex=\"0\" rel=\"nofollow noopener\"><strong class=\"Strong_strong__e2x35\">Sign up here<\/strong><\/a>. If you don&#8217;t like our group you can leave it at any time<\/p>\n<p class=\"Paragraph_paragraph-text__PVKlh \" data-tmdatatrack=\"content-unit\" data-tmdatatrack-type=\"paragraph\" publication=\"irishmirror\">Tributes have been paid to the couple, who were married for decades, with Eileen&#8217;s niece writing in a message shared online: &#8220;Hours apart \u2026. my lovely auntie &amp; godmother Eileen Lavery and her devoted husband Henry. Thank you both for all the wonderful childhood memories. Rest in Eternal Peace.&#8221;<\/p>\n<p class=\"Paragraph_paragraph-text__PVKlh \" data-tmdatatrack=\"content-unit\" data-tmdatatrack-type=\"paragraph\" publication=\"irishmirror\">Another family member said: &#8220;May Uncle Henry &amp; Auntie Eileen\u2019s beautiful souls now forever be at Peace with the Prince of Peace &amp; as they are laid to rest today may they be reunited in Heaven with all their cherished family &amp; friends who have gone before. Sending all our love &amp; heartfelt sympathies to Aidan &amp; Rosemary, Gerard &amp; Martina, Andy &amp; Patrina, Barry &amp; Jeanie and all their families &amp; family circle. May the fond memories you hold dear bring a little solace &amp; comfort in the days &amp; months ahead. T\u00e1 t\u00fa in\u00e1r gcuid smaointe agus paidreacha. Ar dheis D\u00e9 go raibh a n-anamacha d\u00edlse.&#8221;<\/p>\n<p class=\"Paragraph_paragraph-text__PVKlh \" data-tmdatatrack=\"content-unit\" data-tmdatatrack-type=\"paragraph\" publication=\"irishmirror\">Another mourner added: &#8220;So sorry to hear this sad news tonight thinking of all the family at this time such a lovely couple.&#8221;<\/p>\n<p class=\"Paragraph_paragraph-text__PVKlh \" data-tmdatatrack=\"content-unit\" data-tmdatatrack-type=\"paragraph\" publication=\"irishmirror\">A nurse who cared for Eileen said: &#8220;The sweetest lady with the biggest heart and a pleasure to nurse in ramone. The love she had for her family was unmeasurable . She only ever looked forward to getting home to her hubby! May they both rest together in peace.&#8221;<\/p>\n<p class=\"Paragraph_paragraph-text__PVKlh \" data-tmdatatrack=\"content-unit\" data-tmdatatrack-type=\"paragraph\" publication=\"irishmirror\">While another person said: &#8220;How beautiful! One will not know life without the other! A true everlasting love and bond ! So very hard for the family, but take comfort that are at eternal rest together.&#8221;<\/p>\n<p class=\"Paragraph_paragraph-text__PVKlh \" data-tmdatatrack=\"content-unit\" data-tmdatatrack-type=\"paragraph\" publication=\"irishmirror\">A joint funeral for Eileen and Henry was held on Saturday at St Patrick\u2019s Church, Aghagallon, with the couple buried alongside one another in the adjoining cemetery.<\/p>\n<p class=\"Paragraph_paragraph-text__PVKlh \" data-tmdatatrack=\"content-unit\" data-tmdatatrack-type=\"paragraph\" publication=\"irishmirror\">Donations have been requested for Marie Curie in lieu of flowers.<\/p>\n<p class=\"Paragraph_paragraph-text__PVKlh \" data-tmdatatrack=\"content-unit\" data-tmdatatrack-type=\"paragraph\" publication=\"irishmirror\"><strong class=\"Strong_strong__e2x35\">Subscribe to our newsletter for the latest news from the Irish Mirror direct to your inbox: <\/strong><strong class=\"Strong_strong__e2x35\"><a class=\"TextLink_text-link__dBSS0 TextLink_enabled__dJF3l\" href=\"https:\/\/www.irishmirror.ie\/newsletter-preference-centre\/?view=Solus&amp;mailingListId=39e53cb8-b266-4e33-8d00-e9f7a38f420c&amp;utm_source=solusarticle\" target=\"_blank\" aria-label=\"Sign up hereLink opens in a new tab.\" tabindex=\"0\" rel=\"nofollow noopener\">Sign up here<\/a>.<\/strong><\/p>\n","protected":false},"excerpt":{"rendered":"There has been a huge outpouring of sympathy for the family circle since news of the double loss&hellip;\n","protected":false},"author":2,"featured_media":158032,"comment_status":"","ping_status":"","sticky":false,"template":"","format":"standard","meta":{"footnotes":""},"categories":[41],"tags":[17296,9,10,13,14,6,11,12,15,16,5,7,8,55236,65,66,67],"class_list":{"0":"post-158031","1":"post","2":"type-post","3":"status-publish","4":"format-standard","5":"has-post-thumbnail","7":"category-world","8":"tag-antrim","9":"tag-breaking-news","10":"tag-breakingnews","11":"tag-featured-news","12":"tag-featurednews","13":"tag-headlines","14":"tag-latest-news","15":"tag-latestnews","16":"tag-main-news","17":"tag-mainnews","18":"tag-news","19":"tag-top-stories","20":"tag-topstories","21":"tag-tributes","22":"tag-world","23":"tag-world-news","24":"tag-worldnews"},"share_on_mastodon":{"url":"https:\/\/pubeurope.com\/@ie\/115477571594775332","error":""},"_links":{"self":[{"href":"https:\/\/www.europesays.com\/ie\/wp-json\/wp\/v2\/posts\/158031","targetHints":{"allow":["GET"]}}],"collection":[{"href":"https:\/\/www.europesays.com\/ie\/wp-json\/wp\/v2\/posts"}],"about":[{"href":"https:\/\/www.europesays.com\/ie\/wp-json\/wp\/v2\/types\/post"}],"author":[{"embeddable":true,"href":"https:\/\/www.europesays.com\/ie\/wp-json\/wp\/v2\/users\/2"}],"replies":[{"embeddable":true,"href":"https:\/\/www.europesays.com\/ie\/wp-json\/wp\/v2\/comments?post=158031"}],"version-history":[{"count":0,"href":"https:\/\/www.europesays.com\/ie\/wp-json\/wp\/v2\/posts\/158031\/revisions"}],"wp:featuredmedia":[{"embeddable":true,"href":"https:\/\/www.europesays.com\/ie\/wp-json\/wp\/v2\/media\/158032"}],"wp:attachment":[{"href":"https:\/\/www.europesays.com\/ie\/wp-json\/wp\/v2\/media?parent=158031"}],"wp:term":[{"taxonomy":"category","embeddable":true,"href":"https:\/\/www.europesays.com\/ie\/wp-json\/wp\/v2\/categories?post=158031"},{"taxonomy":"post_tag","embeddable":true,"href":"https:\/\/www.europesays.com\/ie\/wp-json\/wp\/v2\/tags?post=158031"}],"curies":[{"name":"wp","href":"https:\/\/api.w.org\/{rel}","templated":true}]}}