{"id":160942,"date":"2025-11-03T19:01:17","date_gmt":"2025-11-03T19:01:17","guid":{"rendered":"https:\/\/www.europesays.com\/ie\/160942\/"},"modified":"2025-11-03T19:01:17","modified_gmt":"2025-11-03T19:01:17","slug":"8-albums-most-likely-to-receive-2026-grammy-nods-for-album-of-the-year","status":"publish","type":"post","link":"https:\/\/www.europesays.com\/ie\/160942\/","title":{"rendered":"8 Albums Most Likely to Receive 2026 Grammy Nods for Album of the Year"},"content":{"rendered":"<p class=\"paragraph larva \/\/ lrv-u-margin-lr-auto  lrv-a-font-body-m   \">\n\tA couple of recent news items from the Recording Academy may give us some hints about what to expect when the Grammy nominations are announced on Friday Nov. 7.<\/p>\n<p class=\"paragraph larva \/\/ lrv-u-margin-lr-auto  lrv-a-font-body-m   \">\n\tOn Monday (Nov. 3), the academy announced that they have added approximately 2,900 new voting members this year as part of their years-long effort to diversify the voting body. Of the newly-admitted members, 49% are age 39 and under, 60% are people of color and 30% identify as women.<\/p>\n<p class=\"paragraph larva \/\/ lrv-u-margin-lr-auto  lrv-a-font-body-m   \">\n\tAlso, for the first time, invitations to join the Recording Academy were extended to all voting members of the Latin Recording Academy. Many accepted the offer. That\u2019s a strong indicator that <a href=\"https:\/\/www.billboard.com\/artist\/bad-bunny\/\" data-type=\"link\" data-id=\"https:\/\/www.billboard.com\/artist\/bad-bunny\/\" rel=\"nofollow noopener\" target=\"_blank\">Bad Bunny<\/a> could be headed for his second album of the year nod for Deb\u00ed Tirar M\u00e1s Fotos. He was already a likely nominee in that category, especially since Sept. 28, when he was announced as next year\u2019s Super Bowl halftime headliner. Now, he seemingly can\u2019t miss. The influx of Latin Recording Academy members also puts Karol G, who is entered with Tropicoqueta, in the album of the year conversation.<\/p>\n<p class=\"paragraph larva \/\/ lrv-u-margin-lr-auto  lrv-a-font-body-m   \">\n\tLast Thursday, the academy <a data-id=\"https:\/\/www.billboard.com\/music\/awards\/sabrina-carpenter-chappell-roan-2026-grammy-nominations-1236102085\/\" data-type=\"link\" href=\"https:\/\/www.billboard.com\/music\/awards\/sabrina-carpenter-chappell-roan-2026-grammy-nominations-1236102085\/\" rel=\"nofollow noopener\" target=\"_blank\">announced the names<\/a> of the celebrities who will participate in Friday\u2019s nominations livestream, including several artists who are vying for nods \u2013 <a data-id=\"https:\/\/www.billboard.com\/artist\/sabrina-carpenter\/\" data-type=\"link\" href=\"https:\/\/www.billboard.com\/artist\/sabrina-carpenter\/\" rel=\"nofollow noopener\" target=\"_blank\">Sabrina Carpenter<\/a>, Chappell Roan,<a data-id=\"https:\/\/www.billboard.com\/artist\/brandi-carlile\/\" data-type=\"link\" href=\"https:\/\/www.billboard.com\/artist\/brandi-carlile\/\" rel=\"nofollow noopener\" target=\"_blank\"> Brandi Carlile<\/a>, Doechii, Jon Batiste and the aforementioned Karol G. Just because someone has been invited to announce some nominees on the livestream doesn\u2019t automatically mean they\u2019re going to be nominated, but if you\u2019re looking for every conceivable hint and clue (and we are!), it\u2019s a positive sign. Would the academy really ask an A-lister like Carpenter to participate in their livestream if she was shut out in the nominations? (That would be \u201cManchild\u201d behavior.)<\/p>\n<p class=\"paragraph larva \/\/ lrv-u-margin-lr-auto  lrv-a-font-body-m   \">\n\t<a href=\"https:\/\/www.billboard.com\/artist\/kendrick-lamar\/\" data-type=\"link\" data-id=\"https:\/\/www.billboard.com\/artist\/kendrick-lamar\/\" rel=\"nofollow noopener\" target=\"_blank\">Kendrick Lamar<\/a> (GNX) and <a href=\"https:\/\/www.billboard.com\/artist\/lady-gaga\/\" data-type=\"link\" data-id=\"https:\/\/www.billboard.com\/artist\/lady-gaga\/\" rel=\"nofollow noopener\" target=\"_blank\">Lady Gaga<\/a> (MAYHEM) are probably this year\u2019s surest bets for album of the year nods. It would be the fifth nomination in the category as lead (or co-lead) artists for both artists. Neither has ever won in the category. If Lamar is nominated, he\u2019ll become the first solo artist in Grammy history to receive album of the year nods for five consecutive studio albums.<\/p>\n<p class=\"paragraph larva \/\/ lrv-u-margin-lr-auto  lrv-a-font-body-m   \">\n\t<a href=\"https:\/\/www.billboard.com\/artist\/elton-john\/\" data-type=\"link\" data-id=\"https:\/\/www.billboard.com\/artist\/elton-john\/\" rel=\"nofollow noopener\" target=\"_blank\">Elton John<\/a> and Coldplay could be headed for their fourth nods in the category \u2013 John for his collab with Carlile, Who Believes in Angels?; Coldplay for Moon Music. Carlile, Batiste (Big Money) and Justin Bieber (Swag) could be headed for their third nods in the category.<\/p>\n<p class=\"paragraph larva \/\/ lrv-u-margin-lr-auto  lrv-a-font-body-m   \">\n\tWe could see history made on Friday, if three rap albums are nominated for album of the year. There have never been more than two rap albums nominated in any one year. Lamar\u2019s GNX seems a lock for a nomination. <a href=\"https:\/\/www.billboard.com\/artist\/clipse\/\" data-type=\"link\" data-id=\"https:\/\/www.billboard.com\/artist\/clipse\/\" rel=\"nofollow noopener\" target=\"_blank\">Clipse<\/a>\u2019s Let God Sort Em Out and <a href=\"https:\/\/www.billboard.com\/artist\/tyler-the-creator\/\" data-type=\"link\" data-id=\"https:\/\/www.billboard.com\/artist\/tyler-the-creator\/\" rel=\"nofollow noopener\" target=\"_blank\">Tyler, the Creator<\/a>\u2019s CHROMAKOPIA also have a good shot.<\/p>\n<p class=\"paragraph larva \/\/ lrv-u-margin-lr-auto  lrv-a-font-body-m   \">\n\tTwo soundtracks are strong contenders \u2013 KPop Demon Hunters, which has been an inescapable pop-culture phenomenon, and Wicked, which stars a major pop star (Ariana Grande) as well as a near-EGOT (Cynthia Erivo). But in the last 30 years, just three soundtracks have been nominated for album of the year \u2013 and all three were linked to a top-name producer \u2013 Waiting to Exhale (Babyface), O Brother, Where Art Thou? (T Bone Burnett) and Black Panther (Kendrick Lamar).<\/p>\n<p class=\"paragraph larva \/\/ lrv-u-margin-lr-auto  lrv-a-font-body-m   \">\n\tDebut or breakthrough albums often make the album of the year finals. Leon Thomas\u2019 second album, Mutt, and debut releases by Alex Warren (You\u2019ll Be Alright, Kid) and sombr (I Barely Know Her) are contenders this year. Olivia Dean\u2019s breakthrough album, The Art of Loving, was released after the end of the eligibility period (Aug. 31, 2024, to Aug. 30, 2025). It will be eligible here next year, though Dean is eligible for best new artist this year, and is among the front-runners in that category.<\/p>\n<p class=\"paragraph larva \/\/ lrv-u-margin-lr-auto  lrv-a-font-body-m   \">\n\tOther albums, not already mentioned, that are strong contenders include <a href=\"https:\/\/www.billboard.com\/artist\/the-weeknd\/\" data-type=\"link\" data-id=\"https:\/\/www.billboard.com\/artist\/the-weeknd\/\" rel=\"nofollow noopener\" target=\"_blank\">The Weeknd<\/a>\u2018s Hurry Up Tomorrow, Tate McRae\u2019s So Close to What, Laufey\u2019s A Matter of Time, Bon Iver\u2019s SABLE, fABLE, Jelly Roll\u2019s Beautifully Broken, HAIM\u2019s I Quit, Lorde\u2019s Virgin and Kali Uchis\u2019 Sincerely.<\/p>\n<p class=\"paragraph larva \/\/ lrv-u-margin-lr-auto  lrv-a-font-body-m   \">\n\tHere are the eight albums most likely to be nominated for album of the year. They are listed in alphabetical order by artist, as they will appear on the official Grammy nominations list. We show you how many album of the year nominations the artist has previously received as a lead artist and how high this album placed on the Billboard 200.<\/p>\n<p><a href=\"https:\/\/ubpass.co\/billboard\" target=\"_blank\" rel=\"noopener noreferrer nofollow\"><br \/><img decoding=\"async\" src=\"https:\/\/www.europesays.com\/ie\/wp-content\/uploads\/2025\/09\/2HpFicp.png\" alt=\"Billboard VIP Pass\" style=\"max-width: 100%;height: auto\"\/><br \/><\/a><\/p>\n<ul class=\"pmc-fallback-list-items lrv-a-unstyle-list lrv-u-margin-t-2\">\n<li class=\"pmc-fallback-list-item-wrap lrv-u-margin-b-2\">\n<p>\t<strong>Bad Bunny, Deb\u00ed Tirar M\u00e1s Fotos<\/strong><\/p>\n<p>\t\t\t<img loading=\"lazy\" decoding=\"async\" width=\"300\" height=\"200\" src=\"https:\/\/www.europesays.com\/ie\/wp-content\/uploads\/2025\/11\/Bad-Bunny-cr-Eric-Rojas2025-billboard-1800.jpg\" class=\"attachment-medium size-medium\" alt=\"Bad Bunny\"  \/><br \/>\n\t\t\t\t\tImage Credit: Eric Rojas\t\t\t\t<\/p>\n<p>\t\t\tTrending on Billboard\t\t<\/p>\n<p>\t\t\tif ( !window.pmc.harmony?.isEventAdScheduledTime() ) {<br \/>\n\t\t\t\tpmcCnx.cmd.push(function() {<br \/>\n\t\t\t\t\tpmcCnx({<br \/>\n\t\t\t\t\t\tsettings: {<br \/>\n\t\t\t\t\t\t\tplugins: {<br \/>\n\t\t\t\t\t\t\t\tpmcAtlasMG: {<br \/>\n\t\t\t\t\t\t\t\t\tiabPlcmt: 2,<br \/>\n\t\t\t\t\t\t\t\t}<br \/>\n\t\t\t\t\t\t\t}<br \/>\n\t\t\t\t\t\t},<br \/>\n\t\t\t\t\t\tplayerId: &#8216;4057afa6-846b-4276-bc63-a9cf3a8aa1ed&#8217;,<br \/>\n\t\t\t\t\t\t\t\t\t\t\t\tplaylistId: &#8216;b7dab6e5-7a62-4df1-b1f4-3cfa99eea709&#8217;,<br \/>\n\t\t\t\t\t\t\t\t\t\t\t}).render(&#8220;connatix_contextual_player_div&#8221;);<br \/>\n\t\t\t\t});<br \/>\n\t\t\t} else {<br \/>\n\t\t\t\t\/\/ This should only be get called when page cache is not cleared and it&#8217;s event time.<br \/>\n\t\t\t\twindow.pmc.harmony?.switchToHarmonyPlayer();<br \/>\n\t\t\t}<\/p>\n<p class=\"paragraph larva \/\/ lrv-u-margin-lr-auto  lrv-a-font-body-m   \">\n\t<strong>Previous album of the year nods:<\/strong> 1<\/p>\n<p class=\"paragraph larva \/\/ lrv-u-margin-lr-auto  lrv-a-font-body-m   \">\n\t<strong>Billboard 200 peak:<\/strong> No. 1 (four weeks)<\/p>\n<p class=\"paragraph larva \/\/ lrv-u-margin-lr-auto  lrv-a-font-body-m   \">\n\t<strong>Notes: <\/strong>Three years ago, Bunny\u2019s Un Verano Sin Ti became the first Spanish-language album to receive an album of the year nod. His follow-up album, Nadie Sabe Lo Que Va a Pasar Ma\u00f1ana, wasn\u2019t nominated in this category, but his latest may put him back on track, and make him the only artist with two Spanish-language albums nominated in the top category.<\/p>\n<p class=\"paragraph larva \/\/ lrv-u-margin-lr-auto  lrv-a-font-body-m   \">\n\tDeb\u00ed Tirar M\u00e1s Fotos drew stronger reviews and had a more extended chart presence than Nadie Sabe\u2026 Also, Bunny\u2019s upcoming Super Bowl gig is putting him top-of-mind (and demonstrating a greater American mainstream embrace) right during Grammy voting season. Finally, the racist backlash to Bunny\u2019s selection will stir a \u201cbacklash to the backlash\u201d among many Grammy voters, who will want to show their support.\u00a0<\/p>\n<p>If Bunny is nominated, he\u2019ll become the first artist to be an album of the year contender in the same year that he was a Super Bowl halftime headliner since Justin Timberlake achieved both feats in 2004. JT was up for album of the year with his solo debut, Justified, and co-headlined the Super Bowl show with Janet Jackson (which gave us the phrase \u201cwardrobe malfunction\u201d), P. Diddy, Nelly, Kid Rock and Jessica Simpson. Bunny would be the first sole headliner (not part of a multiartist show) who was nominated for album of the year in the same year that they headlined the Super Bowl show since U2 in 2002, which was up for the top Grammy with All That You Can\u2019t Leave Behind.<\/p>\n<p class=\"paragraph larva \/\/ lrv-u-margin-lr-auto  lrv-a-font-body-m   \">\n\tDeb\u00ed Tirar M\u00e1s Fotosis also competing for a nod for best m\u00fasica urbana album, a category in which Bunny has won twice.<\/p>\n<\/li>\n<li class=\"pmc-fallback-list-item-wrap lrv-u-margin-b-2\">\n<p>\t<strong>Sabrina Carpenter, Man\u2019s Best Friend<\/strong><\/p>\n<p>\t\t\t<img loading=\"lazy\" decoding=\"async\" width=\"300\" height=\"200\" src=\"https:\/\/www.europesays.com\/ie\/wp-content\/uploads\/2025\/11\/sabrina-carpenter-press-credit-Bryce-Anderson-2025-billboard-1800.jpg\" class=\"attachment-medium size-medium\" alt=\"Sabrina Carpenter\"  \/><br \/>\n\t\t\t\t\tImage Credit: Bryce Anderson\t\t\t\t<\/p>\n<p>\t\t\tTrending on Billboard\t\t<\/p>\n<p>\t\t\tif ( !window.pmc.harmony?.isEventAdScheduledTime() ) {<br \/>\n\t\t\t\tpmcCnx.cmd.push(function() {<br \/>\n\t\t\t\t\tpmcCnx({<br \/>\n\t\t\t\t\t\tsettings: {<br \/>\n\t\t\t\t\t\t\tplugins: {<br \/>\n\t\t\t\t\t\t\t\tpmcAtlasMG: {<br \/>\n\t\t\t\t\t\t\t\t\tiabPlcmt: 2,<br \/>\n\t\t\t\t\t\t\t\t}<br \/>\n\t\t\t\t\t\t\t}<br \/>\n\t\t\t\t\t\t},<br \/>\n\t\t\t\t\t\tplayerId: &#8216;4057afa6-846b-4276-bc63-a9cf3a8aa1ed&#8217;,<br \/>\n\t\t\t\t\t\t\t\t\t\t\t\tplaylistId: &#8216;b7dab6e5-7a62-4df1-b1f4-3cfa99eea709&#8217;,<br \/>\n\t\t\t\t\t\t\t\t\t\t\t}).render(&#8220;connatix_contextual_player_div&#8221;);<br \/>\n\t\t\t\t});<br \/>\n\t\t\t} else {<br \/>\n\t\t\t\t\/\/ This should only be get called when page cache is not cleared and it&#8217;s event time.<br \/>\n\t\t\t\twindow.pmc.harmony?.switchToHarmonyPlayer();<br \/>\n\t\t\t}<\/p>\n<p class=\"paragraph larva \/\/ lrv-u-margin-lr-auto  lrv-a-font-body-m   \">\n\t<strong>Previous album of the year nods:<\/strong> 1<\/p>\n<p class=\"paragraph larva \/\/ lrv-u-margin-lr-auto  lrv-a-font-body-m   \">\n\t<strong>Billboard 200 peak: <\/strong>No. 1 (one week)<\/p>\n<p class=\"paragraph larva \/\/ lrv-u-margin-lr-auto  lrv-a-font-body-m   \">\n\t<strong>Notes:<\/strong> Carpenter was nominated in this category last year for Short n\u2019 Sweet. She is vying to become just the third artist in the past decade \u2013 following H.E.R. and Taylor Swift \u2013 to be nominated in this category in back-to-back years. H.E.R. was nominated with the compilation albums H.E.R. and I Used to Know Her in 2018 and 2019, respectively. Swift was nominated with the studio albums Folklore (which won) and Evermore in 2021 and 2022, respectively.<\/p>\n<p class=\"paragraph larva \/\/ lrv-u-margin-lr-auto  lrv-a-font-body-m   \">\n\tMore Grammy Trivia: If she\u2019s nominated, Carpenter will match the Carpenters (no relation), who had back-to-back album of the year nods in 1971-72.<\/p>\n<p class=\"paragraph larva \/\/ lrv-u-margin-lr-auto  lrv-a-font-body-m   \">\n\tMan\u2019s Best Friend is also competing for a nod for best pop vocal album, an award Carpenter won last year with Short n\u2019 Sweet. If she wins again in February, she\u2019ll become the first artist to win in the category in back-to-back years.<\/p>\n<\/li>\n<li class=\"pmc-fallback-list-item-wrap lrv-u-margin-b-2\">\n<p>\t<strong>Clipse, Pusha T, Malice, Let God Sort Em Out<\/strong><\/p>\n<p>\t\t\t<img loading=\"lazy\" decoding=\"async\" width=\"300\" height=\"200\" src=\"https:\/\/www.europesays.com\/ie\/wp-content\/uploads\/2025\/11\/Clipse-press-2025-billboard-1800.jpg\" class=\"attachment-medium size-medium\" alt=\"Clipse\"  \/><br \/>\n\t\t\t\t\tImage Credit: CIAN MOORE\t\t\t\t<\/p>\n<p>\t\t\tTrending on Billboard\t\t<\/p>\n<p>\t\t\tif ( !window.pmc.harmony?.isEventAdScheduledTime() ) {<br \/>\n\t\t\t\tpmcCnx.cmd.push(function() {<br \/>\n\t\t\t\t\tpmcCnx({<br \/>\n\t\t\t\t\t\tsettings: {<br \/>\n\t\t\t\t\t\t\tplugins: {<br \/>\n\t\t\t\t\t\t\t\tpmcAtlasMG: {<br \/>\n\t\t\t\t\t\t\t\t\tiabPlcmt: 2,<br \/>\n\t\t\t\t\t\t\t\t}<br \/>\n\t\t\t\t\t\t\t}<br \/>\n\t\t\t\t\t\t},<br \/>\n\t\t\t\t\t\tplayerId: &#8216;4057afa6-846b-4276-bc63-a9cf3a8aa1ed&#8217;,<br \/>\n\t\t\t\t\t\t\t\t\t\t\t\tplaylistId: &#8216;b7dab6e5-7a62-4df1-b1f4-3cfa99eea709&#8217;,<br \/>\n\t\t\t\t\t\t\t\t\t\t\t}).render(&#8220;connatix_contextual_player_div&#8221;);<br \/>\n\t\t\t\t});<br \/>\n\t\t\t} else {<br \/>\n\t\t\t\t\/\/ This should only be get called when page cache is not cleared and it&#8217;s event time.<br \/>\n\t\t\t\twindow.pmc.harmony?.switchToHarmonyPlayer();<br \/>\n\t\t\t}<\/p>\n<p class=\"paragraph larva \/\/ lrv-u-margin-lr-auto  lrv-a-font-body-m   \">\n\t<strong>Previous album of the year nods:<\/strong> 0<\/p>\n<p class=\"paragraph larva \/\/ lrv-u-margin-lr-auto  lrv-a-font-body-m   \">\n\t<strong>Billboard 200 peak:<\/strong> No. 4 (one week)<\/p>\n<p class=\"paragraph larva \/\/ lrv-u-margin-lr-auto  lrv-a-font-body-m   \">\n\t<strong>Notes: <\/strong>The members of Clipse, Pusha T and Malice, were listed alongside the duo\u2019s name on the Grammy entry list and will presumably be listed that way on the final ballot as well, should they make it. Pharrell Williams, who has won producer of the year, non-classical three times, produced the set, which is also vying for a best rap album nod.<\/p>\n<p class=\"paragraph larva \/\/ lrv-u-margin-lr-auto  lrv-a-font-body-m   \">\n\tThis is Clipse\u2019s fourth album; its first in nearly 16 years. Clipse\u2019s Grammy track record is scant but Let God\u00a0drew the best first-week numbers of the duo\u2019s career and drew considerable praise from media and fans for the strength of its material, all to a degree rarely seen for a veteran rap act.\u00a0If Let God is nominated, it would honor this particular album, but it would also be something of a lifetime achievement award.<\/p>\n<\/li>\n<li class=\"pmc-fallback-list-item-wrap lrv-u-margin-b-2\">\n<p>\t<strong>Elton John &amp; Brandi Carlile, Who Believes in Angels?<\/strong><\/p>\n<p>\t\t\t<img loading=\"lazy\" decoding=\"async\" width=\"300\" height=\"198\" src=\"https:\/\/www.europesays.com\/ie\/wp-content\/uploads\/2025\/11\/Elton-John-and-Brandi-Carlile-cr-Peggy-Sirota-press-2025-billboard-1548.jpg\" class=\"attachment-medium size-medium\" alt=\"Elton John and Brandi Carlile\"  \/><br \/>\n\t\t\t\t\tImage Credit: Peggy Sirota\t\t\t\t<\/p>\n<p>\t\t\tTrending on Billboard\t\t<\/p>\n<p>\t\t\tif ( !window.pmc.harmony?.isEventAdScheduledTime() ) {<br \/>\n\t\t\t\tpmcCnx.cmd.push(function() {<br \/>\n\t\t\t\t\tpmcCnx({<br \/>\n\t\t\t\t\t\tsettings: {<br \/>\n\t\t\t\t\t\t\tplugins: {<br \/>\n\t\t\t\t\t\t\t\tpmcAtlasMG: {<br \/>\n\t\t\t\t\t\t\t\t\tiabPlcmt: 2,<br \/>\n\t\t\t\t\t\t\t\t}<br \/>\n\t\t\t\t\t\t\t}<br \/>\n\t\t\t\t\t\t},<br \/>\n\t\t\t\t\t\tplayerId: &#8216;4057afa6-846b-4276-bc63-a9cf3a8aa1ed&#8217;,<br \/>\n\t\t\t\t\t\t\t\t\t\t\t\tplaylistId: &#8216;b7dab6e5-7a62-4df1-b1f4-3cfa99eea709&#8217;,<br \/>\n\t\t\t\t\t\t\t\t\t\t\t}).render(&#8220;connatix_contextual_player_div&#8221;);<br \/>\n\t\t\t\t});<br \/>\n\t\t\t} else {<br \/>\n\t\t\t\t\/\/ This should only be get called when page cache is not cleared and it&#8217;s event time.<br \/>\n\t\t\t\twindow.pmc.harmony?.switchToHarmonyPlayer();<br \/>\n\t\t\t}<\/p>\n<p class=\"paragraph larva \/\/ lrv-u-margin-lr-auto  lrv-a-font-body-m   \">\n\t<strong>Previous album of the year nods:<\/strong> 3 for John, 2 for Carlile<\/p>\n<p class=\"paragraph larva \/\/ lrv-u-margin-lr-auto  lrv-a-font-body-m   \">\n\t<strong>Billboard 200 peak:<\/strong> No. 9 (one week)<\/p>\n<p class=\"paragraph larva \/\/ lrv-u-margin-lr-auto  lrv-a-font-body-m   \">\n\t<strong>Notes:<\/strong> This would be John\u2019s fourth nod in this category, following Elton John (1971), Caribou (1975) and Captain Fantastic and the Brown Dirt Cowboy (1976). This would give John a 55-year span of album of the year nominations, a record topped only by\u00a0Tony Bennett, whose nods spanned 59 years.\u00a0Andrew Watt, who won producer of the year, non-classical in 2021, produced the album.<\/p>\n<p class=\"paragraph larva \/\/ lrv-u-margin-lr-auto  lrv-a-font-body-m   \">\n\tThe album is also vying for a nod for best traditional pop vocal album. If it wins, this would be the fourth album category in which Carlile has prevailed. She won best Americana album twice for her albums By the Way, I Forgive You and In These Silent Days, best country album as a producer of Tanya Tucker\u2019s While I\u2019m Livin\u2019 and best folk album as a producer of Joni Mitchell Live at Newport (Live).<\/p>\n<p class=\"paragraph larva \/\/ lrv-u-margin-lr-auto  lrv-a-font-body-m   \">\n\tWho Believes in Angels? didn\u2019t really have legs commercially \u2013 it spent just two weeks on the Billboard 200 \u2013 and a CBS TV special based on the album, An Evening With Elton John and Brandi Carlile, received just one Primetime Emmy nomination (in a technical category). But the artists are revered, and the story of their collaboration \u2013 a hot current artist teaming with a legend \u2013 is compelling.<\/p>\n<\/li>\n<li class=\"pmc-fallback-list-item-wrap lrv-u-margin-b-2\">\n<p>\t<strong>Lady Gaga, Mayhem<\/strong><\/p>\n<p>\t\t\tTrending on Billboard\t\t<\/p>\n<p>\t\t\tif ( !window.pmc.harmony?.isEventAdScheduledTime() ) {<br \/>\n\t\t\t\tpmcCnx.cmd.push(function() {<br \/>\n\t\t\t\t\tpmcCnx({<br \/>\n\t\t\t\t\t\tsettings: {<br \/>\n\t\t\t\t\t\t\tplugins: {<br \/>\n\t\t\t\t\t\t\t\tpmcAtlasMG: {<br \/>\n\t\t\t\t\t\t\t\t\tiabPlcmt: 2,<br \/>\n\t\t\t\t\t\t\t\t}<br \/>\n\t\t\t\t\t\t\t}<br \/>\n\t\t\t\t\t\t},<br \/>\n\t\t\t\t\t\tplayerId: &#8216;4057afa6-846b-4276-bc63-a9cf3a8aa1ed&#8217;,<br \/>\n\t\t\t\t\t\t\t\t\t\t\t\tplaylistId: &#8216;b7dab6e5-7a62-4df1-b1f4-3cfa99eea709&#8217;,<br \/>\n\t\t\t\t\t\t\t\t\t\t\t}).render(&#8220;connatix_contextual_player_div&#8221;);<br \/>\n\t\t\t\t});<br \/>\n\t\t\t} else {<br \/>\n\t\t\t\t\/\/ This should only be get called when page cache is not cleared and it&#8217;s event time.<br \/>\n\t\t\t\twindow.pmc.harmony?.switchToHarmonyPlayer();<br \/>\n\t\t\t}<\/p>\n<p class=\"paragraph larva \/\/ lrv-u-margin-lr-auto  lrv-a-font-body-m   \">\n\t<strong>Previous album of the year nods:<\/strong> 4<\/p>\n<p class=\"paragraph larva \/\/ lrv-u-margin-lr-auto  lrv-a-font-body-m   \">\n\t<strong>Billboard 200 peak:<\/strong> No. 1 (one week)<\/p>\n<p class=\"paragraph larva \/\/ lrv-u-margin-lr-auto  lrv-a-font-body-m   \">\n\t<strong>Notes:<\/strong> This would be Gaga\u2019s fifth nomination in this category; her first for a contemporary pop album since Born This Way in 2012. Her other nods are for The Fame (2010), The Fame Monster (2011) and Love for Sale (a collab with Tony Bennettt, 2022).<\/p>\n<p class=\"paragraph larva \/\/ lrv-u-margin-lr-auto  lrv-a-font-body-m   \">\n\tGaga has amassed 14 Grammys, but she has yet to win in a Big Four category \u2013 album, record and song of the year plus best new artist. That\u2019s rather mind-boggling after all this time. Let\u2019s hope that changes.<\/p>\n<p class=\"paragraph larva \/\/ lrv-u-margin-lr-auto  lrv-a-font-body-m   \">\n\tGaga and Bruno Mars memorably performed \u201cCalifornia Dreamin\u2019\u201d to boost Los Angeles wildfire relief on the 2025 Grammys. In April, she headlined the first night of Coachella.<\/p>\n<p class=\"paragraph larva \/\/ lrv-u-margin-lr-auto  lrv-a-font-body-m   \">\n\tMayhem is also vying for a nod for best pop vocal album, a category in which Gaga won in 2011 with The Fame Monster. If she wins again in February, she\u2019ll tie Adele, Kelly Clarkson and Taylor Swift for the most wins in the category.<\/p>\n<\/li>\n<li class=\"pmc-fallback-list-item-wrap lrv-u-margin-b-2\">\n<p>\t<strong>Kendrick Lamar, GNX<\/strong><\/p>\n<p>\t\t\tTrending on Billboard\t\t<\/p>\n<p>\t\t\tif ( !window.pmc.harmony?.isEventAdScheduledTime() ) {<br \/>\n\t\t\t\tpmcCnx.cmd.push(function() {<br \/>\n\t\t\t\t\tpmcCnx({<br \/>\n\t\t\t\t\t\tsettings: {<br \/>\n\t\t\t\t\t\t\tplugins: {<br \/>\n\t\t\t\t\t\t\t\tpmcAtlasMG: {<br \/>\n\t\t\t\t\t\t\t\t\tiabPlcmt: 2,<br \/>\n\t\t\t\t\t\t\t\t}<br \/>\n\t\t\t\t\t\t\t}<br \/>\n\t\t\t\t\t\t},<br \/>\n\t\t\t\t\t\tplayerId: &#8216;4057afa6-846b-4276-bc63-a9cf3a8aa1ed&#8217;,<br \/>\n\t\t\t\t\t\t\t\t\t\t\t\tplaylistId: &#8216;b7dab6e5-7a62-4df1-b1f4-3cfa99eea709&#8217;,<br \/>\n\t\t\t\t\t\t\t\t\t\t\t}).render(&#8220;connatix_contextual_player_div&#8221;);<br \/>\n\t\t\t\t});<br \/>\n\t\t\t} else {<br \/>\n\t\t\t\t\/\/ This should only be get called when page cache is not cleared and it&#8217;s event time.<br \/>\n\t\t\t\twindow.pmc.harmony?.switchToHarmonyPlayer();<br \/>\n\t\t\t}<\/p>\n<p class=\"paragraph larva \/\/ lrv-u-margin-lr-auto  lrv-a-font-body-m   \">\n\t<strong>Previous album of the year nods:<\/strong> 4<\/p>\n<p class=\"paragraph larva \/\/ lrv-u-margin-lr-auto  lrv-a-font-body-m   \">\n\t<strong>Billboard 200 peak:<\/strong> No. 1 (three weeks)<\/p>\n<p class=\"paragraph larva \/\/ lrv-u-margin-lr-auto  lrv-a-font-body-m   \">\n\t<strong>Notes:<\/strong> Lamar is vying to become the first rapper to receive five nominations in this category as a lead artist. He\u2019s currently tied with Ye, formerly known as Kanye West, with four album of the year nods. Lamar\u2019s nods are for good kid, m.A.A.d. city (2014), To Pimp a Butterfly (2016), DAMN. (2018) and Mr. Morale &amp; the Big Steppers (2023). Lamar was also nominated for the Black Panther soundtrack (2019), but not as a lead artist. He was nominated as a featured artist, producer and songwriter.<\/p>\n<p class=\"paragraph larva \/\/ lrv-u-margin-lr-auto  lrv-a-font-body-m   \">\n\tAs noted above, he would also become the first solo artist from any genre to be nominated in this category with five consecutive studio albums. Donald Fagen was nominated with five consecutive studio albums, but that combines solo and Steely Dan projects. The impressive run began with Steely Dan\u2019s Aja and Gaucho, continued with Fagen\u2019s first two solo albums, The Nightfly and Kamakiriad and culminated with Steely Dan\u2019s album Two Against Nature, which won.<\/p>\n<p class=\"paragraph larva \/\/ lrv-u-margin-lr-auto  lrv-a-font-body-m   \">\n\tGNX also vying for a nod for best rap album, a category in which Lamar has won three times. If he wins in February for a fourth time, he\u2019ll tie Ye as the runner-up to all-time category champ Eminem (six wins).<\/p>\n<\/li>\n<li class=\"pmc-fallback-list-item-wrap lrv-u-margin-b-2\">\n<p>\t<strong>Tyler, The Creator, CHROMAKOPIA<\/strong><\/p>\n<p>\t\t\t<img loading=\"lazy\" decoding=\"async\" width=\"300\" height=\"198\" src=\"https:\/\/www.europesays.com\/ie\/wp-content\/uploads\/2025\/11\/Tyler-The-Creator-DONT-TAP-THE-GLASS-billboard-1548.jpg\" class=\"attachment-medium size-medium\" alt=\"Tyler, The Creator 'DON'T TAP THE GLASS'\"  \/><br \/>\n\t\t\t\t\tImage Credit: Courtesy Photo\t\t\t\t<\/p>\n<p>\t\t\tTrending on Billboard\t\t<\/p>\n<p>\t\t\tif ( !window.pmc.harmony?.isEventAdScheduledTime() ) {<br \/>\n\t\t\t\tpmcCnx.cmd.push(function() {<br \/>\n\t\t\t\t\tpmcCnx({<br \/>\n\t\t\t\t\t\tsettings: {<br \/>\n\t\t\t\t\t\t\tplugins: {<br \/>\n\t\t\t\t\t\t\t\tpmcAtlasMG: {<br \/>\n\t\t\t\t\t\t\t\t\tiabPlcmt: 2,<br \/>\n\t\t\t\t\t\t\t\t}<br \/>\n\t\t\t\t\t\t\t}<br \/>\n\t\t\t\t\t\t},<br \/>\n\t\t\t\t\t\tplayerId: &#8216;4057afa6-846b-4276-bc63-a9cf3a8aa1ed&#8217;,<br \/>\n\t\t\t\t\t\t\t\t\t\t\t\tplaylistId: &#8216;b7dab6e5-7a62-4df1-b1f4-3cfa99eea709&#8217;,<br \/>\n\t\t\t\t\t\t\t\t\t\t\t}).render(&#8220;connatix_contextual_player_div&#8221;);<br \/>\n\t\t\t\t});<br \/>\n\t\t\t} else {<br \/>\n\t\t\t\t\/\/ This should only be get called when page cache is not cleared and it&#8217;s event time.<br \/>\n\t\t\t\twindow.pmc.harmony?.switchToHarmonyPlayer();<br \/>\n\t\t\t}<\/p>\n<p class=\"paragraph larva \/\/ lrv-u-margin-lr-auto  lrv-a-font-body-m   \">\n\t<strong>Previous album of the year nods: <\/strong>0<\/p>\n<p class=\"paragraph larva \/\/ lrv-u-margin-lr-auto  lrv-a-font-body-m   \">\n\t<strong>Billboard 200 peak:<\/strong> No. 1 (three weeks)<\/p>\n<p class=\"paragraph larva \/\/ lrv-u-margin-lr-auto  lrv-a-font-body-m   \">\n\t<strong>Notes:<\/strong> The rapper was nominated in this category 13 years ago as a featured artist on Frank Ocean\u2019s debut studio album, Channel Orange, but this would be his first nod in the category as a lead artist.<\/p>\n<p class=\"paragraph larva \/\/ lrv-u-margin-lr-auto  lrv-a-font-body-m   \">\n\tCHROMAKOPIA\u00a0has ridden a slowly-cresting wave for Tyler, the Creator as with each release he posts better numbers while moving away from the shock-rap of his early material, consistently proving himself one of the most exciting and thoughtful artists in popular music, and one now celebrated both by critics and streaming audiences.\u00a0<\/p>\n<p class=\"paragraph larva \/\/ lrv-u-margin-lr-auto  lrv-a-font-body-m   \">\n\tThe LP, which set a personal best for Tyler, the Creator for most weeks atop the Billboard 200, is also vying for a nod as best rap album. Tyler has won twice in the category for Igor and Call Me If You Get Lost. It\u2019s hard to imagine him beating Lamar in that category, but if he does, they\u2019ll be tied with three wins each.<\/p>\n<\/li>\n<li class=\"pmc-fallback-list-item-wrap lrv-u-margin-b-2\">\n<p>\t<strong>The Weeknd, Hurry Up Tomorrow<\/strong><\/p>\n<p>\t\t\t<img loading=\"lazy\" decoding=\"async\" width=\"300\" height=\"198\" src=\"https:\/\/www.europesays.com\/ie\/wp-content\/uploads\/2025\/11\/The-Weeknd-blue-Press-Photo-2025-billboard-1548.jpg\" class=\"attachment-medium size-medium\" alt=\"The Weeknd\"  \/><br \/>\n\t\t\t\t\tImage Credit: Courtesy Photo\t\t\t\t<\/p>\n<p>\t\t\tTrending on Billboard\t\t<\/p>\n<p>\t\t\tif ( !window.pmc.harmony?.isEventAdScheduledTime() ) {<br \/>\n\t\t\t\tpmcCnx.cmd.push(function() {<br \/>\n\t\t\t\t\tpmcCnx({<br \/>\n\t\t\t\t\t\tsettings: {<br \/>\n\t\t\t\t\t\t\tplugins: {<br \/>\n\t\t\t\t\t\t\t\tpmcAtlasMG: {<br \/>\n\t\t\t\t\t\t\t\t\tiabPlcmt: 2,<br \/>\n\t\t\t\t\t\t\t\t}<br \/>\n\t\t\t\t\t\t\t}<br \/>\n\t\t\t\t\t\t},<br \/>\n\t\t\t\t\t\tplayerId: &#8216;4057afa6-846b-4276-bc63-a9cf3a8aa1ed&#8217;,<br \/>\n\t\t\t\t\t\t\t\t\t\t\t\tplaylistId: &#8216;b7dab6e5-7a62-4df1-b1f4-3cfa99eea709&#8217;,<br \/>\n\t\t\t\t\t\t\t\t\t\t\t}).render(&#8220;connatix_contextual_player_div&#8221;);<br \/>\n\t\t\t\t});<br \/>\n\t\t\t} else {<br \/>\n\t\t\t\t\/\/ This should only be get called when page cache is not cleared and it&#8217;s event time.<br \/>\n\t\t\t\twindow.pmc.harmony?.switchToHarmonyPlayer();<br \/>\n\t\t\t}<\/p>\n<p class=\"paragraph larva \/\/ lrv-u-margin-lr-auto  lrv-a-font-body-m   \">\n\t<strong>Previous album of the year nods: <\/strong>1<\/p>\n<p class=\"paragraph larva \/\/ lrv-u-margin-lr-auto  lrv-a-font-body-m   \">\n\t<strong>Billboard 200 peak:<\/strong> No. 1 (one week)<\/p>\n<p class=\"paragraph larva \/\/ lrv-u-margin-lr-auto  lrv-a-font-body-m   \">\n\t<strong>Notes:<\/strong> The crossover star was nominated for album of the year 10 years ago with Beauty Behind the Madness, but was passed over in this category with his next three studio albums \u2013 Starboy, After Hours and Dawn FM. When he wasn\u2019t nominated in any categories at the 2021 ceremony for his megahit \u201cBlinding Lights,\u201d he announced a Grammy boycott. He made a surprise, bury-the-hatchet appearance on the Grammys in February, where he performed two songs from his just-released album Hurry Up Tomorrow, \u201cCry for Me\u201d and \u201cTimeless.\u201d Will Grammy voters extend the rapprochement with a nod here?<\/p>\n<p class=\"paragraph larva \/\/ lrv-u-margin-lr-auto  lrv-a-font-body-m   \">\n\tHurry Up Tomorrow is also vying for a nod for best pop vocal album. It would be The Weeknd\u2019s first win in that category. He won twice for best urban contemporary album for Beauty Behind the Madness and Starboy.<\/p>\n<\/li>\n<\/ul>\n","protected":false},"excerpt":{"rendered":"A couple of recent news items from the Recording Academy may give us some hints about what to&hellip;\n","protected":false},"author":2,"featured_media":160943,"comment_status":"","ping_status":"","sticky":false,"template":"","format":"standard","meta":{"footnotes":""},"categories":[264],"tags":[76749,4648,18,117,47813,11555,19,17,337],"class_list":{"0":"post-160942","1":"post","2":"type-post","3":"status-publish","4":"format-standard","5":"has-post-thumbnail","7":"category-music","8":"tag-album-of-the-year","9":"tag-awards","10":"tag-eire","11":"tag-entertainment","12":"tag-grammy-award-for-album-of-the-year","13":"tag-grammys","14":"tag-ie","15":"tag-ireland","16":"tag-music"},"share_on_mastodon":{"url":"https:\/\/pubeurope.com\/@ie\/115487316405495990","error":""},"_links":{"self":[{"href":"https:\/\/www.europesays.com\/ie\/wp-json\/wp\/v2\/posts\/160942","targetHints":{"allow":["GET"]}}],"collection":[{"href":"https:\/\/www.europesays.com\/ie\/wp-json\/wp\/v2\/posts"}],"about":[{"href":"https:\/\/www.europesays.com\/ie\/wp-json\/wp\/v2\/types\/post"}],"author":[{"embeddable":true,"href":"https:\/\/www.europesays.com\/ie\/wp-json\/wp\/v2\/users\/2"}],"replies":[{"embeddable":true,"href":"https:\/\/www.europesays.com\/ie\/wp-json\/wp\/v2\/comments?post=160942"}],"version-history":[{"count":0,"href":"https:\/\/www.europesays.com\/ie\/wp-json\/wp\/v2\/posts\/160942\/revisions"}],"wp:featuredmedia":[{"embeddable":true,"href":"https:\/\/www.europesays.com\/ie\/wp-json\/wp\/v2\/media\/160943"}],"wp:attachment":[{"href":"https:\/\/www.europesays.com\/ie\/wp-json\/wp\/v2\/media?parent=160942"}],"wp:term":[{"taxonomy":"category","embeddable":true,"href":"https:\/\/www.europesays.com\/ie\/wp-json\/wp\/v2\/categories?post=160942"},{"taxonomy":"post_tag","embeddable":true,"href":"https:\/\/www.europesays.com\/ie\/wp-json\/wp\/v2\/tags?post=160942"}],"curies":[{"name":"wp","href":"https:\/\/api.w.org\/{rel}","templated":true}]}}