{"id":163041,"date":"2025-11-04T21:19:09","date_gmt":"2025-11-04T21:19:09","guid":{"rendered":"https:\/\/www.europesays.com\/ie\/163041\/"},"modified":"2025-11-04T21:19:09","modified_gmt":"2025-11-04T21:19:09","slug":"mary-walsh-nee-gillard-midwest-radio","status":"publish","type":"post","link":"https:\/\/www.europesays.com\/ie\/163041\/","title":{"rendered":"Mary Walsh n\u00e9e Gillard &#8211; Midwest Radio"},"content":{"rendered":"<p>Rathreedane, Bonniconlon, Ballina, Co. Mayo \u2013 died on the 3rd November 2025 \u2013 peacefully surrounded by her loving family \u2013 at Mayo University Hospital .<\/p>\n<p>Predeceased by her beloved husband Tony, adored son Fergal and cherished grandson baby Adam.<\/p>\n<p>Mary was dearly loved and will be very sadly missed by her heartbroken daughters Esther and Dervla, sons-in-law John and Brendan, cherished grandchildren Ben, Cillian, Aisling, Noah and Jake, her loving sister Anne (New Jersey), sister in law Madeline, nieces, nephews, relatives, neighbours and many friends.<\/p>\n<p>Go nd\u00e9ana Dia tr\u00f3caire ar anam cine\u00e1lta agus s\u00e9imh Mh\u00e1ire. Go maire s\u00ed i suaimhneas s\u00edora\u00ed.<\/p>\n<p>Reposing at her residence, Rathreedane Bonniconlon (F26 H6N1) on Thursday 6th November from 5pm to 9pm. Funeral Mass on Friday 7th November, at 12 noon in the Church of the Immaculate Heart of Mary, Bonniconlon with burial afterwards in Bonniconlon Cemetery. House private on Friday morning please.<\/p>\n<p>Family flowers only please. Donations in lieu, if desired, to a charity of your choice c\/o Gallagher Funeral Directors, Bonniconlon.<\/p>\n","protected":false},"excerpt":{"rendered":"Rathreedane, Bonniconlon, Ballina, Co. Mayo \u2013 died on the 3rd November 2025 \u2013 peacefully surrounded by her loving&hellip;\n","protected":false},"author":2,"featured_media":163042,"comment_status":"","ping_status":"","sticky":false,"template":"","format":"standard","meta":{"footnotes":""},"categories":[40],"tags":[9,10,18,13,14,6,19,17,11,12,15,16,5,7,8],"class_list":{"0":"post-163041","1":"post","2":"type-post","3":"status-publish","4":"format-standard","5":"has-post-thumbnail","7":"category-ireland","8":"tag-breaking-news","9":"tag-breakingnews","10":"tag-eire","11":"tag-featured-news","12":"tag-featurednews","13":"tag-headlines","14":"tag-ie","15":"tag-ireland","16":"tag-latest-news","17":"tag-latestnews","18":"tag-main-news","19":"tag-mainnews","20":"tag-news","21":"tag-top-stories","22":"tag-topstories"},"share_on_mastodon":{"url":"https:\/\/pubeurope.com\/@ie\/115493520242935189","error":""},"_links":{"self":[{"href":"https:\/\/www.europesays.com\/ie\/wp-json\/wp\/v2\/posts\/163041","targetHints":{"allow":["GET"]}}],"collection":[{"href":"https:\/\/www.europesays.com\/ie\/wp-json\/wp\/v2\/posts"}],"about":[{"href":"https:\/\/www.europesays.com\/ie\/wp-json\/wp\/v2\/types\/post"}],"author":[{"embeddable":true,"href":"https:\/\/www.europesays.com\/ie\/wp-json\/wp\/v2\/users\/2"}],"replies":[{"embeddable":true,"href":"https:\/\/www.europesays.com\/ie\/wp-json\/wp\/v2\/comments?post=163041"}],"version-history":[{"count":0,"href":"https:\/\/www.europesays.com\/ie\/wp-json\/wp\/v2\/posts\/163041\/revisions"}],"wp:featuredmedia":[{"embeddable":true,"href":"https:\/\/www.europesays.com\/ie\/wp-json\/wp\/v2\/media\/163042"}],"wp:attachment":[{"href":"https:\/\/www.europesays.com\/ie\/wp-json\/wp\/v2\/media?parent=163041"}],"wp:term":[{"taxonomy":"category","embeddable":true,"href":"https:\/\/www.europesays.com\/ie\/wp-json\/wp\/v2\/categories?post=163041"},{"taxonomy":"post_tag","embeddable":true,"href":"https:\/\/www.europesays.com\/ie\/wp-json\/wp\/v2\/tags?post=163041"}],"curies":[{"name":"wp","href":"https:\/\/api.w.org\/{rel}","templated":true}]}}