{"id":164496,"date":"2025-11-05T16:15:13","date_gmt":"2025-11-05T16:15:13","guid":{"rendered":"https:\/\/www.europesays.com\/ie\/164496\/"},"modified":"2025-11-05T16:15:13","modified_gmt":"2025-11-05T16:15:13","slug":"rte-radio-1-officially-unveils-new-schedule-with-sports-show-headed-up-by-jacqui-hurley-and-marie-crowe","status":"publish","type":"post","link":"https:\/\/www.europesays.com\/ie\/164496\/","title":{"rendered":"RT\u00c9 Radio 1 officially unveils new schedule, with sports show headed up by Jacqui Hurley and Marie Crowe"},"content":{"rendered":"<p class=\"indo-ebe0ecc6_root indo-ebe0ecc6_paragraph indo-300db776_none indo-91174671_primary indo-1d70522a_marginbottom5 indo-1d70522a_margintop0 indo-b48c4984_inherit\" style=\"color:var(--color-primary-80)\">The new schedule is set to kick off from next Monday, November 10. Morning Ireland remains in place from 7am to 9am, with the first change coming from 9am when Today with David McCullagh takes up a new 9am-11am slot.<\/p>\n<p class=\"indo-ebe0ecc6_root indo-ebe0ecc6_paragraph indo-300db776_none indo-91174671_primary indo-1d70522a_marginbottom5 indo-1d70522a_margintop0 indo-b48c4984_inherit\" style=\"color:var(--color-primary-80)\">McCullagh is taking on presenting duties for the Today programme following the departure of Claire Byrne, who is set to make the move over to Newstalk and replace Pat Kenny on the commercial station\u2019s mid-morning show.<\/p>\n<p class=\"indo-ebe0ecc6_root indo-ebe0ecc6_paragraph indo-300db776_none indo-91174671_primary indo-1d70522a_marginbottom5 indo-1d70522a_margintop0 indo-b48c4984_inherit\" style=\"color:var(--color-primary-80)\">Oliver Callan moves to a new 11am to 1pm slot, while the News At One will stay where it is, running from 1pm to 1.45pm.<\/p>\n<p><img decoding=\"async\" alt=\"Kieran Cuddihy\" src=\"https:\/\/www.europesays.com\/ie\/wp-content\/uploads\/2025\/11\/SN Kieran Cuddihy.jpg\" loading=\"lazy\" width=\"100%\" data-testid=\"article-image\"  \/><\/p>\n<p class=\"indo-ebe0ecc6_root indo-ebe0ecc6_caption1 indo-300db776_none indo-91174671_secondary indo-66f0fec7_regular indo-1d70522a_marginbottom0 indo-1d70522a_marginleft0 indo-1d70522a_marginright0 indo-1d70522a_margintop3 indo-b48c4984_left\" style=\"color:var(--color-grey-60)\">Kieran Cuddihy<\/p>\n<p class=\"indo-ebe0ecc6_root indo-ebe0ecc6_paragraph indo-300db776_none indo-91174671_primary indo-1d70522a_marginbottom5 indo-1d70522a_margintop0 indo-b48c4984_inherit\" style=\"color:var(--color-primary-80)\">Kieran Cuddihy will be taking over from Joe Duffy on Liveline from 1.45pm to 3pm. Louise Duffy will then take over in the afternoon in a new 3pm to 4pm slot.<\/p>\n<p class=\"indo-ebe0ecc6_root indo-ebe0ecc6_paragraph indo-300db776_none indo-91174671_primary indo-1d70522a_marginbottom5 indo-1d70522a_margintop0 indo-b48c4984_inherit\" style=\"color:var(--color-primary-80)\">Drivetime will have a pair of new hosts in Katie Hannon and Colm \u00d3 Mong\u00e1in, who will co-present the show from 4pm to 6pm. The programme was previously presented by Sarah McInerney and Cormac \u00d3 hEadhra.<\/p>\n<p class=\"indo-ebe0ecc6_root indo-ebe0ecc6_paragraph indo-300db776_none indo-91174671_primary indo-1d70522a_marginbottom5 indo-1d70522a_margintop0 indo-b48c4984_inherit\" style=\"color:var(--color-primary-80)\">The new sport show, Inside Sport, will air from 6pm to 7pm. As exclusively revealed by the Irish Independent, it will be hosted by Jacqui Hurley and Marie Crowe.<\/p>\n<p class=\"indo-ebe0ecc6_root indo-ebe0ecc6_paragraph indo-300db776_none indo-91174671_primary indo-1d70522a_marginbottom5 indo-1d70522a_margintop0 indo-b48c4984_inherit\" style=\"color:var(--color-primary-80)\">Radio 1\u2019s evening schedule will be familiar to listeners, with Arena and The John Creedon Show continuing.<\/p>\n<p class=\"indo-ebe0ecc6_root indo-ebe0ecc6_paragraph indo-300db776_none indo-91174671_primary indo-1d70522a_marginbottom5 indo-1d70522a_margintop0 indo-b48c4984_inherit\" style=\"color:var(--color-primary-80)\">Following the death of long-time Arena presenter Se\u00e1n Rocks earlier this year, a new presenter will be announced for the programme \u201cat a later date\u201d.<\/p>\n<p><img decoding=\"async\" alt=\"RT\u00c9 Radio 1's new lineup sees David McCullagh take over from Claire Byrne, and a new sports show presented by Jacqui Hurley and Marie Crowe. Photo: RT\u00c9\" src=\"https:\/\/www.europesays.com\/ie\/wp-content\/uploads\/2025\/11\/9d991963-bf07-42bf-a0b6-d066c0c4b408.jpg\" loading=\"eager\" width=\"100%\" data-testid=\"article-image\"  \/><\/p>\n<p class=\"indo-ebe0ecc6_root indo-ebe0ecc6_caption1 indo-300db776_none indo-91174671_secondary indo-66f0fec7_regular indo-1d70522a_marginbottom0 indo-1d70522a_marginleft0 indo-1d70522a_marginright0 indo-1d70522a_margintop3 indo-b48c4984_left\" style=\"color:var(--color-grey-60)\">RT\u00c9 Radio 1&#8217;s new lineup sees David McCullagh take over from Claire Byrne, and a new sports show presented by Jacqui Hurley and Marie Crowe. Photo: RT\u00c9<\/p>\n<p class=\"indo-ebe0ecc6_root indo-ebe0ecc6_caption1 indo-300db776_none indo-91174671_secondary indo-66f0fec7_regular indo-1d70522a_marginbottom0 indo-1d70522a_marginleft0 indo-1d70522a_marginright0 indo-1d70522a_margintop3 indo-b48c4984_left\" style=\"color:var(--color-grey-60)\">Today&#8217;s News in 90 Seconds &#8211; Wednesday, November 5        <\/p>\n<p class=\"indo-ebe0ecc6_root indo-ebe0ecc6_paragraph indo-300db776_none indo-91174671_primary indo-1d70522a_marginbottom5 indo-1d70522a_margintop0 indo-b48c4984_inherit\" style=\"color:var(--color-primary-80)\">The Late Debate, now hosted by \u00d3 hEadhra, will also remain in place, with the daily schedule being closed out by Late Date, \u201cbringing night owls a blend of music and good company\u201d.<\/p>\n<p class=\"indo-ebe0ecc6_root indo-ebe0ecc6_paragraph indo-300db776_none indo-91174671_primary indo-1d70522a_marginbottom5 indo-1d70522a_margintop0 indo-b48c4984_inherit\" style=\"color:var(--color-primary-80)\">RT\u00c9 has said new presenters for Morning Ireland, the country\u2019s most popular radio programme, will be announced \u201cin the coming weeks\u201d.<\/p>\n<p class=\"indo-ebe0ecc6_root indo-ebe0ecc6_paragraph indo-300db776_none indo-91174671_primary indo-1d70522a_marginbottom5 indo-1d70522a_margintop0 indo-b48c4984_inherit\" style=\"color:var(--color-primary-80)\">\u201cThe schedule brings fresh voices and sharp conversation in a vibrant new line-up,\u201d head of RT\u00c9 Radio 1 Tara Campbell said.<\/p>\n<p class=\"indo-ebe0ecc6_root indo-ebe0ecc6_paragraph indo-300db776_none indo-91174671_primary indo-1d70522a_marginbottom5 indo-1d70522a_margintop0 indo-b48c4984_inherit\" style=\"color:var(--color-primary-80)\">\u201cThere are new presenters, new programmes and revised timeslots, all while maintaining RT\u00c9 Radio 1\u2019s known focus on reliable journalism and first-class entertainment.\u201d<\/p>\n","protected":false},"excerpt":{"rendered":"The new schedule is set to kick off from next Monday, November 10. Morning Ireland remains in place&hellip;\n","protected":false},"author":2,"featured_media":164497,"comment_status":"","ping_status":"","sticky":false,"template":"","format":"standard","meta":{"footnotes":""},"categories":[264],"tags":[8335,18,117,19,17,337,1181,24556],"class_list":{"0":"post-164496","1":"post","2":"type-post","3":"status-publish","4":"format-standard","5":"has-post-thumbnail","7":"category-music","8":"tag-darragh-nolan","9":"tag-eire","10":"tag-entertainment","11":"tag-ie","12":"tag-ireland","13":"tag-music","14":"tag-rte","15":"tag-rte-radio-1"},"share_on_mastodon":{"url":"https:\/\/pubeurope.com\/@ie\/115497987442012908","error":""},"_links":{"self":[{"href":"https:\/\/www.europesays.com\/ie\/wp-json\/wp\/v2\/posts\/164496","targetHints":{"allow":["GET"]}}],"collection":[{"href":"https:\/\/www.europesays.com\/ie\/wp-json\/wp\/v2\/posts"}],"about":[{"href":"https:\/\/www.europesays.com\/ie\/wp-json\/wp\/v2\/types\/post"}],"author":[{"embeddable":true,"href":"https:\/\/www.europesays.com\/ie\/wp-json\/wp\/v2\/users\/2"}],"replies":[{"embeddable":true,"href":"https:\/\/www.europesays.com\/ie\/wp-json\/wp\/v2\/comments?post=164496"}],"version-history":[{"count":0,"href":"https:\/\/www.europesays.com\/ie\/wp-json\/wp\/v2\/posts\/164496\/revisions"}],"wp:featuredmedia":[{"embeddable":true,"href":"https:\/\/www.europesays.com\/ie\/wp-json\/wp\/v2\/media\/164497"}],"wp:attachment":[{"href":"https:\/\/www.europesays.com\/ie\/wp-json\/wp\/v2\/media?parent=164496"}],"wp:term":[{"taxonomy":"category","embeddable":true,"href":"https:\/\/www.europesays.com\/ie\/wp-json\/wp\/v2\/categories?post=164496"},{"taxonomy":"post_tag","embeddable":true,"href":"https:\/\/www.europesays.com\/ie\/wp-json\/wp\/v2\/tags?post=164496"}],"curies":[{"name":"wp","href":"https:\/\/api.w.org\/{rel}","templated":true}]}}