{"id":165204,"date":"2025-11-06T01:41:11","date_gmt":"2025-11-06T01:41:11","guid":{"rendered":"https:\/\/www.europesays.com\/ie\/165204\/"},"modified":"2025-11-06T01:41:11","modified_gmt":"2025-11-06T01:41:11","slug":"party-members-share-anger-over-so-called-naughty-list-at-fianna-fail-parliamentary-party-meeting","status":"publish","type":"post","link":"https:\/\/www.europesays.com\/ie\/165204\/","title":{"rendered":"Party members share anger over so-called &#8216;naughty list&#8217; at Fianna F\u00e1il parliamentary party meeting\u00a0"},"content":{"rendered":"<p> Fianna F\u00e1il TDs named on a circulated list of so-called rebels have criticised the party leadership at a private meeting on Wednesday.<\/p>\n<p>The meeting, the first of the Fianna F\u00e1il parliamentary party since the presidential election, saw \u201cangry contributions\u201d from individuals listed on what has been described as a \u201cnaughty list\u201d, one source said.<\/p>\n<p class=\"\">However, Taoiseach Miche\u00e1l Martin was not present at the meeting on Wednesday evening, as he is in Brazil for COP30.<\/p>\n<p class=\"\">One source at the meeting said there was \u201cdisappointment and anger\u201d over the sharing of the list, with criticism over it coming from sources in Government Buildings.<\/p>\n<p class=\"\">The anger erupted last week after the list became public, with the so-called rebels including Cork TDs James O\u2019Connor, Seamus McGrath, and P\u00e1draig O\u2019Sullivan, as well as Erin McGreehan, John McGuinness, John Lahart, Peter \u2018Chap\u2019 Cleere, and Senator Anne Rabbitte.<\/p>\n<p class=\"\">It also named several TDs \u2014 part of the \u201cold guard\u201d \u2014 who would welcome change, including Willie O\u2019Dea, Pat \u2018The Cope\u2019 Gallagher, and former Ceann Comhairle Se\u00e1n \u00d3 Feargha\u00edl.<\/p>\n<p class=\"\">One TD named on the list, Mr Cleere, told the meeting that he was offended at being labelled a rebel, given that he comes from Kilkenny.<\/p>\n<p class=\"\">\n            It\u2019s bad enough to be on a naughty list, but as a proud Kilkenny hurling man to be called a rebel is a step too far.\n        <\/p>\n<p class=\"\">Multiple sources said that party chair, Brendan Smith, criticised the sharing of a list, saying it was \u201cdisrespectful\u201d to TDs.<\/p>\n<p class=\"\">Former Ceann Comhairle, Sean \u00d3 Feargha\u00edl, was said to have joked at the meeting about being considered the \u201cold guard\u201d, while being the same age as Mr Martin.<\/p>\n<p class=\"\">There were calls for Mr Martin to address the issue surrounding the list, sources said.<\/p>\n<p class=\"\">However, chief whip Mary Butler told the meeting that she was not aware of any list.<\/p>\n<p class=\"\">It is understood she suggested that it would be \u201ceasy for a journalist\u201d to put a list together and argued that journalists can gauge from members of the party\u2019s public media appearances who is on what side.<\/p>\n<p class=\"\">Meanwhile, Fianna F\u00e1il MEP Barry Cowen made a rare in-person appearance at the meeting to demand action on the nitrates derogation for farmers.<\/p>\n<p class=\"\">Mr Cowen is understood to have been well received, telling members that the discussions on the derogation are &#8220;too important to sit out&#8221;.<\/p>\n<p class=\"\">Mr Cowen told the meeting that the Irish State could take a &#8220;short-sighted&#8221; approach to a European-wide deal on the derogation, which he believes could hurt farmers. He said he has asked for a meeting with the Taoiseach and that Mr Martin should address the parliamentary party.<\/p>\n<p class=\"\">The former minister, who is now a member of the European Parliament&#8217;s Agriculture committee, said that while he understands the challenge of improving water standards, European demands that dairy farms also be subject to the EU&#8217;s Habitats Directive would &#8220;paralyse&#8221; agriculture.<\/p>\n<p class=\"\">Mr Cowen said he believes that a deal could be announced when European Agriculture Commissioner Jessika Roswall visits Ireland this week. He said he feared Fianna F\u00e1il could damage itself by celebrating a deal which does damage to its &#8220;rural base&#8221;.<\/p>\n","protected":false},"excerpt":{"rendered":"Fianna F\u00e1il TDs named on a circulated list of so-called rebels have criticised the party leadership at a&hellip;\n","protected":false},"author":2,"featured_media":165205,"comment_status":"","ping_status":"","sticky":false,"template":"","format":"standard","meta":{"footnotes":""},"categories":[40],"tags":[9,10,18,13,14,4771,6,19,17,11,12,15,16,5,7,8],"class_list":{"0":"post-165204","1":"post","2":"type-post","3":"status-publish","4":"format-standard","5":"has-post-thumbnail","7":"category-ireland","8":"tag-breaking-news","9":"tag-breakingnews","10":"tag-eire","11":"tag-featured-news","12":"tag-featurednews","13":"tag-fianna-fail","14":"tag-headlines","15":"tag-ie","16":"tag-ireland","17":"tag-latest-news","18":"tag-latestnews","19":"tag-main-news","20":"tag-mainnews","21":"tag-news","22":"tag-top-stories","23":"tag-topstories"},"share_on_mastodon":{"url":"https:\/\/pubeurope.com\/@ie\/115500212846508844","error":""},"_links":{"self":[{"href":"https:\/\/www.europesays.com\/ie\/wp-json\/wp\/v2\/posts\/165204","targetHints":{"allow":["GET"]}}],"collection":[{"href":"https:\/\/www.europesays.com\/ie\/wp-json\/wp\/v2\/posts"}],"about":[{"href":"https:\/\/www.europesays.com\/ie\/wp-json\/wp\/v2\/types\/post"}],"author":[{"embeddable":true,"href":"https:\/\/www.europesays.com\/ie\/wp-json\/wp\/v2\/users\/2"}],"replies":[{"embeddable":true,"href":"https:\/\/www.europesays.com\/ie\/wp-json\/wp\/v2\/comments?post=165204"}],"version-history":[{"count":0,"href":"https:\/\/www.europesays.com\/ie\/wp-json\/wp\/v2\/posts\/165204\/revisions"}],"wp:featuredmedia":[{"embeddable":true,"href":"https:\/\/www.europesays.com\/ie\/wp-json\/wp\/v2\/media\/165205"}],"wp:attachment":[{"href":"https:\/\/www.europesays.com\/ie\/wp-json\/wp\/v2\/media?parent=165204"}],"wp:term":[{"taxonomy":"category","embeddable":true,"href":"https:\/\/www.europesays.com\/ie\/wp-json\/wp\/v2\/categories?post=165204"},{"taxonomy":"post_tag","embeddable":true,"href":"https:\/\/www.europesays.com\/ie\/wp-json\/wp\/v2\/tags?post=165204"}],"curies":[{"name":"wp","href":"https:\/\/api.w.org\/{rel}","templated":true}]}}