{"id":1679,"date":"2025-08-16T05:53:07","date_gmt":"2025-08-16T05:53:07","guid":{"rendered":"https:\/\/www.europesays.com\/ie\/1679\/"},"modified":"2025-08-16T05:53:07","modified_gmt":"2025-08-16T05:53:07","slug":"toi-tu-toi-ora-reframed-doco-reveals-auckland-art-gallery-politics-of-landmark-maori-exhibition","status":"publish","type":"post","link":"https:\/\/www.europesays.com\/ie\/1679\/","title":{"rendered":"Toi T\u016b Toi Ora reframed: Doco reveals Auckland Art Gallery politics of landmark M\u0101ori exhibition"},"content":{"rendered":"<p class=\"\">The artists are all here tonight. The always-too-small foyer of SkyCity Theatre is bursting with a sold-out crowd for the premiere of Toi T\u016b: Visual Sovereignty, Chelsea Winstanley\u2019s documentary about what happened five years ago and a kilometre away at Auckland City Art Gallery Toi o T\u0101maki.<\/p>\n<p class=\"\">\n         There had been<br \/>\n         a crowd back in 2020, too, with many of the same people in it, for the opening of Toi T\u016b Toi Ora, which was not only the largest show in the gallery\u2019s history, but also the largest exhibition of contemporary M\u0101ori art there had ever been. Yet, amid the celebration, there was a whisper that something had gone wrong, that even as Toi T\u016b opened its doors, its curator, Nigel Borell, had resigned.\n        <\/p>\n<p class=\"VlRjDBdOEhcqBVAb\" style=\"display:none\">A cover story in the NZ Herald\u2019s Canvas magazine a few weeks later finally told the public what the artists knew \u2013 that Borell and the gallery\u2019s director, Kirsten Lacy, had fallen out over what he described as \u201cdifferent ways of viewing aspirations for M\u0101ori\u201d.<\/p>\n<p class=\"VlRjDBdOEhcqBVAb\" style=\"display:none\">Winstanley had been on the inside of it all, filming what she had imagined would be a celebratory film that would accompany Toi T\u016b as it toured internationally. The show never toured, and she wound up with a different story to tell.<\/p>\n<p><img  alt=\"Curator Nigel Borell: \u201cYou have a moment to\u00a0make some change.\u201d Photo \/ Auckland Art Gallery Toi o T\u0101maki\" class=\"article-media__image responsively-lazy\" data-test-ui=\"article-media__image\"\/>Curator Nigel Borell: \u201cYou have a moment to\u00a0make some change.\u201d Photo \/ Auckland Art Gallery Toi o T\u0101maki<\/p>\n<p class=\"VlRjDBdOEhcqBVAb\" style=\"display:none\">This is an audience that knows the story. It\u2019s also an extraordinarily engaged crowd. The next 100 minutes are dotted with swirls of applause, knowing laughter and even cheers as one artist or another comes up in the tale.<\/p>\n<p class=\"VlRjDBdOEhcqBVAb\" style=\"display:none\">What had originally seemed like an obstacle to the production \u2013 the pandemic \u2013 turned out to be something of a gift. The lockdown Zoom meetings with Borell, the gallery\u2019s longstanding artists\u2019 advisory board Haerewa, and Lacy and the gallery\u2019s senior management, all tiled across the screen, are rich documents in retrospect.<\/p>\n<p class=\"VlRjDBdOEhcqBVAb\" style=\"display:none\">There are murmurs and an audible gasp when Lacy, an Australian appointed to run the gallery in 2019, just as Borell\u2019s five-year dream for the exhibition was becoming a reality, is shown announcing her intention to go off on her own to conduct \u201cinformal meet and greets\u201d with iwi about how they would like to engage with the exhibition \u2013 effectively over the heads of Borell and Haerewa. Borell, sitting at home on Zoom, simply gets up and leaves the frame, to laughter from the audience.<\/p>\n<p class=\"VlRjDBdOEhcqBVAb\" style=\"display:none\">\u201cShe\u2019s got to go with someone,\u201d says painter and Haerewa\u2019s chair and founding member Elizabeth Ellis at a follow-up hui without Lacy. \u201cShe\u2019s going to be discussing M\u0101ori stuff. We can\u2019t send her off, this young Australian woman, to carry our message.\u201d<\/p>\n<p>Advertisement<a class=\"ad__link\" data-test-ui=\"ad__link\" href=\"https:\/\/advertising.nzme.co.nz\/\" data-ad-env=\"both\" rel=\"nofollow noopener\" target=\"_blank\">Advertise with NZME.<\/a><\/p>\n<p class=\"VlRjDBdOEhcqBVAb\" style=\"display:none\">Ellis and five other Haerewa members would eventually follow Borell in resigning.<\/p>\n<p class=\"VlRjDBdOEhcqBVAb\" style=\"display:none\">The film turns on an understanding of mana \u2013 translated on screen as \u201cauthority to lead\u201d \u2013 that will be familiar to many New Zealanders, but was not evident to Lacy. The gallery director arrived with an admirable record of working with indigenous artists in Australia but, it seems, an incomplete sense of the moment she was entering here.<\/p>\n<p class=\"VlRjDBdOEhcqBVAb\" style=\"display:none\">\u201cYou have a moment to make some change,\u201d says Borell at one point in the film. \u201cAnd if you don\u2019t use it in that way, then you\u2019re just taking up space.\u201d<\/p>\n<p class=\"VlRjDBdOEhcqBVAb\" style=\"display:none\">Winstanley has gone out of her way not to be inflammatory, to the extent that some viewers could even wonder what all the fuss was about. She\u2019s after a teachable moment rather than a pile-on.<\/p>\n<p><img  alt=\"Former Auckland Art Gallery Toi o T\u0101maki director Kirsten Lacy.  Photo \/ Auckland City Art Gallery Toi o T\u0101maki\" class=\"article-media__image responsively-lazy\" data-test-ui=\"article-media__image\"\/>Former Auckland Art Gallery Toi o T\u0101maki director Kirsten Lacy.  Photo \/ Auckland City Art Gallery Toi o T\u0101maki<\/p>\n<p class=\"VlRjDBdOEhcqBVAb\" style=\"display:none\">\u201cI don\u2019t think she\u2019s a villain,\u201d Winstanley says of Lacy the following morning. \u201cI think she is someone who \u2026 She\u2019s not M\u0101ori, she doesn\u2019t have the experience of having lived in this country, she doesn\u2019t understand or know that, and I think that\u2019s what comes across. And there\u2019s an opportunity, I think, for people in these positions. You can do what the beautiful Dr Maya Angelou says: \u2018Do the best you can until you know better \u2013 and when you know better, do better.\u2019\u201d<\/p>\n<p class=\"VlRjDBdOEhcqBVAb\" style=\"display:none\">Winstanley\u2019s original, more celebratory film survives through the twists of the story. We\u2019re taken straight from a troubled Zoom meeting to Reuben Paterson working out the lighting for Guide Kai\u0101rahi, the crystalline waka taua that was Toi T\u016b Toi Ora\u2019s most prominent commissioned work, by virtue of its position at the gallery entrance. As commissions from Shane Cotton and Mataaho Collective take shape, we get a glimpse of the artists as purposeful engineers.<\/p>\n<p class=\"VlRjDBdOEhcqBVAb\" style=\"display:none\">The film, also commissioned by the gallery, provides an enriching context for the exhibition that will make viewers wish for a chance to see the art again with it all in mind. Indeed, that was the role it would have played had the exhibition toured as planned. Those plans were let go after Borell\u2019s departure \u2013 but the artists travelled even if the show did not.<\/p>\n<p class=\"VlRjDBdOEhcqBVAb\" style=\"display:none\">Eight New Zealand artists were invited to present at the Venice Biennale last year; all were M\u0101ori and all had been part of Toi T\u016b Toi Ora. An investment from the barrister Kahungunu Barron-Afeaki allowed Winstanley to fly there to capture the event, where Mataaho Collective claimed the Biennale\u2019s Golden Lion prize.<\/p>\n<p><img  alt=\"Mataaho Collective won the Golden Lion award at the 60th Venice Biennale for their installation Takapau. Photo \/ Creative NZ\" class=\"article-media__image responsively-lazy\" data-test-ui=\"article-media__image\"\/>Mataaho Collective won the Golden Lion award at the 60th Venice Biennale for their installation Takapau. Photo \/ Creative NZ<\/p>\n<p class=\"VlRjDBdOEhcqBVAb\" style=\"display:none\">Although Toi T\u016b Toi Ora had made its case by breaking gallery attendance records \u2013 at least since the return of the landmark Te M\u0101ori exhibition from New York in 1987, to which it is consciously connected in the film \u2013 following the story to Venice meant, says Winstanley, that \u201cwe were able to truly celebrate what having that kind of sovereignty meant and that\u2019s what I\u2019d envisioned in the beginning. Because if the whole point of Toi T\u016b Toi Ora was to enable our art to live and thrive through a M\u0101ori lens, it didn\u2019t feel like it was able to do that fully, opening the way it did and with what happened.\u201d<\/p>\n<p class=\"VlRjDBdOEhcqBVAb\" style=\"display:none\">Lacy, who resigned in April and left in June, saw a rough cut of the film before she departed. By that time, she had received the recommendations of an independent review of the gallery\u2019s relationship with M\u0101ori and appointed Ng\u0101ti Wh\u0101tua \u014cr\u0101kei chief executive Tom Irvine as her deputy director. The move had the effect of further stirring debate about Lacy\u2019s personal cultivation of mana whenua at the expense of the mana of Haerewa. Ng\u0101ti Wh\u0101tua seems like a missing voice in the film.<\/p>\n<p class=\"VlRjDBdOEhcqBVAb\" style=\"display:none\">Irvine is currently acting director. Whoever is permanently appointed to the role will find plenty to think about and much to respond to in Toi T\u016b: Visual Sovereignty. A day after the premiere, the friends I went with were still exchanging messages about what it meant. Perhaps that\u2019s what teachable moments are meant to do. <\/p>\n<p class=\"VlRjDBdOEhcqBVAb\" style=\"display:none\"><b>After selling out its screenings at the Auckland leg of the NZ International Film Festival, <\/b><b>Toi T\u016b: Visual Sovereignty<\/b><b> has screenings in Wellington (Aug 17, 23), Dunedin (Aug 24) and Christchurch (Aug 17, 21), see<\/b><a href=\"http:\/\/nziff.co.nz\" rel=\"nofollow noopener\" title=\"http:\/\/nziff.co.nz\/\" target=\"_blank\"><b> nziff.co.nz<\/b><\/a><b> for more. Plans are underway for screenings beyond the festival. To request a screening go to <\/b><a href=\"https:\/\/www.thistooshallpass.nz\/toitu\" rel=\"nofollow noopener\" title=\"https:\/\/www.thistooshallpass.nz\/toitu\" target=\"_blank\"><b>https:\/\/www.thistooshallpass.nz\/toitu<\/b><\/a><\/p>\n<p><img  alt=\"Director Chelsea Winstanley: \u201cI\u2019m not putting words in people\u2019s mouths.\u201d Photo \/ Supplied\" class=\"article-media__image responsively-lazy\" data-test-ui=\"article-media__image\"\/>Director Chelsea Winstanley: \u201cI\u2019m not putting words in people\u2019s mouths.\u201d Photo \/ Supplied<\/p>\n<p>Things Fall Apart<\/p>\n<p class=\"VlRjDBdOEhcqBVAb\" style=\"display:none\"><b>Chelsea Winstanley on filming in a crisis.<\/b><\/p>\n<p class=\"VlRjDBdOEhcqBVAb\" style=\"display:none\">For film-maker Chelsea Winstanley, Toi T\u016b: Visual Sovereignty represents her most serious film in years. Her recent producer duties have been on former husband Taika Waititi\u2019s Oscar-winning Jojo Rabbit and before that What We Do in the Shadows and giving Disney\u2019s animated hits te reo makeovers. But TT:VS is also her debut feature as a director.<\/p>\n<p class=\"VlRjDBdOEhcqBVAb\" style=\"display:none\">Her career began with directing Whakangahau, a documentary short about cousins from her Paparoa marae running a tourism venture. It was her 2003 graduating film from the Auckland University of Technology and won a Media Peace Award. Her feature directing debut also focuses on another relation with Ng\u0101ti Ranginui iwi roots \u2013 Nigel Borell. Toi T\u016b: Visual Sovereignty started out of conversations she had with Borell in the years running up to the exhibition about what it took to stage an event of its size and ambition.<\/p>\n<p class=\"VlRjDBdOEhcqBVAb\" style=\"display:none\"><b>When you spoke at the premiere, you seemed quite nervous about how the film would be received.<\/b><\/p>\n<p class=\"VlRjDBdOEhcqBVAb\" style=\"display:none\">For a few reasons, I suppose. This is my directorial debut \u2013 I\u2019ve done enough producing in my life \u2013 and you\u2019re putting your film out into the world, it\u2019s all on you this time. But not only that, it\u2019s the community that I love the most. You love them so dearly that you just want to do right by them.<\/p>\n<p class=\"VlRjDBdOEhcqBVAb\" style=\"display:none\"><b>Was there a distinct point where you knew that the story was going to be different from what you had thought it would be?<\/b><\/p>\n<p class=\"VlRjDBdOEhcqBVAb\" style=\"display:none\">Obviously, when Nigel had to make that decision, it really did change then. I was going to follow the whole exhibition and the background to it, because I don\u2019t think we ever really understand what goes into putting on something like that. I thought it was going to travel overseas, because that\u2019s what I was told. I was like, \u201cWow, this is going to be amazing, a celebration from beginning to end.\u201d And then when he made that decision, for himself, I had to go, \u201cOh, all right, I have to now rethink how it\u2019s going to happen.\u201d<\/p>\n<p class=\"VlRjDBdOEhcqBVAb\" style=\"display:none\">Other things were happening, too \u2013 everyone went through Covid. Even at that point, I was like, \u201cOh, my god, is this show even going to come to fruition?\u201d That was actually a moment, too.<\/p>\n<p><img  alt=\"A small selection of the art shown as part of Toi T\u016b Toi Ora (clockwise, from left): Lisa Reihana, Ihi, 2020; Israel Tangaroa Birch Ara-i-te-Uru, 2011; Aimee Ratana, Potiki Series, 2005; and Shane Cotton, Te Puawai, 2020. Photos \/ Supplied\" class=\"article-media__image responsively-lazy\" data-test-ui=\"article-media__image\"\/>A small selection of the art shown as part of Toi T\u016b Toi Ora (clockwise, from left): Lisa Reihana, Ihi, 2020; Israel Tangaroa Birch Ara-i-te-Uru, 2011; Aimee Ratana, Potiki Series, 2005; and Shane Cotton, Te Puawai, 2020. Photos \/ Supplied<\/p>\n<p class=\"VlRjDBdOEhcqBVAb\" style=\"display:none\"><b>What was the response after the screening for Kirsten Lacy and the gallery staff? Was there a response?<\/b><\/p>\n<p class=\"VlRjDBdOEhcqBVAb\" style=\"display:none\">It\u2019s challenging for anybody to have to observe themselves. But remember, when they watched that edit, it\u2019s not like it was a big surprise what happened there, the story was already out. It\u2019s about how you have to reflect on your position, so that was up to them. And they knew that I had final cut anyway, and I\u2019m not putting words in people\u2019s mouths or anything like that.<\/p>\n<p class=\"VlRjDBdOEhcqBVAb\" style=\"display:none\"><b>While I watched the film, I did find myself thinking I\u2019d like to go and see the exhibition again, having absorbed all this context.<\/b><\/p>\n<p class=\"VlRjDBdOEhcqBVAb\" style=\"display:none\">Yeah, of course, and that\u2019s the wonderful thing for people who were fortunate enough to see the show. A lot of people said to me afterwards that it brought back so many memories, both people who were working there and those who had gone to the show and wanted to see it again. And I think, for us as a country, we need to have spaces where we can just see that beautiful, contemporary art all the time, not just these once in 20-year timeframes.<\/p>\n<p><a href=\"#\" class=\"flex cursor-pointer items-center gap-1.5 text-black\" data-test-ui=\"social-link--bookmark-below\" aria-label=\"bookmark\" id=\"social-link--bookmark-below\">Save<\/a><\/p>\n<ul class=\"m-0\">Share this article<\/p>\n<p class=\"mx-4 mt-2.5 text-xs font-normal leading-5 text-sys-text-premium\">Reminder, this is a Premium article and requires a subscription to read.<\/p>\n<li class=\"m-0 list-none\">Copy Link<\/li>\n<li class=\"m-0 list-none\">Email<\/li>\n<li class=\"m-0 list-none\">Facebook<\/li>\n<li class=\"m-0 list-none\">Twitter\/X<\/li>\n<li class=\"m-0 list-none\">LinkedIn<\/li>\n<li class=\"m-0 list-none\">Reddit<\/li>\n<\/ul>\n","protected":false},"excerpt":{"rendered":"The artists are all here tonight. The always-too-small foyer of SkyCity Theatre is bursting with a sold-out crowd&hellip;\n","protected":false},"author":2,"featured_media":1680,"comment_status":"","ping_status":"","sticky":false,"template":"","format":"standard","meta":{"footnotes":""},"categories":[267],"tags":[2055,2041,595,2038,365,362,363,364,2032,2060,2045,2052,1578,2048,366,2030,2054,18,117,2037,2057,2042,2033,2056,2039,19,17,2059,2035,2036,2034,2028,790,2049,2029,2031,2043,2047,2051,2027,2044,2061,2026,2040,2050,1210,2053,2046,2058],"class_list":{"0":"post-1679","1":"post","2":"type-post","3":"status-publish","4":"format-standard","5":"has-post-thumbnail","7":"category-arts-and-design","8":"tag-about","9":"tag-alwaystoosmall","10":"tag-art","11":"tag-artists","12":"tag-arts","13":"tag-arts-and-design","14":"tag-artsanddesign","15":"tag-artsdesign","16":"tag-auckland","17":"tag-away","18":"tag-bursting","19":"tag-chelsea","20":"tag-city","21":"tag-crowd","22":"tag-design","23":"tag-doco","24":"tag-documentary","25":"tag-eire","26":"tag-entertainment","27":"tag-exhibition","28":"tag-five","29":"tag-foyer","30":"tag-gallery","31":"tag-happened","32":"tag-here","33":"tag-ie","34":"tag-ireland","35":"tag-kilometre","36":"tag-landmark","37":"tag-mori","38":"tag-of","39":"tag-ora","40":"tag-politics","41":"tag-premiere","42":"tag-reframed","43":"tag-reveals","44":"tag-skycity","45":"tag-soldout","46":"tag-sovereignty","47":"tag-t","48":"tag-theatre","49":"tag-tmaki","50":"tag-toi","51":"tag-tonight","52":"tag-visual","53":"tag-what","54":"tag-winstanleys","55":"tag-with","56":"tag-years"},"share_on_mastodon":{"url":"","error":""},"_links":{"self":[{"href":"https:\/\/www.europesays.com\/ie\/wp-json\/wp\/v2\/posts\/1679","targetHints":{"allow":["GET"]}}],"collection":[{"href":"https:\/\/www.europesays.com\/ie\/wp-json\/wp\/v2\/posts"}],"about":[{"href":"https:\/\/www.europesays.com\/ie\/wp-json\/wp\/v2\/types\/post"}],"author":[{"embeddable":true,"href":"https:\/\/www.europesays.com\/ie\/wp-json\/wp\/v2\/users\/2"}],"replies":[{"embeddable":true,"href":"https:\/\/www.europesays.com\/ie\/wp-json\/wp\/v2\/comments?post=1679"}],"version-history":[{"count":0,"href":"https:\/\/www.europesays.com\/ie\/wp-json\/wp\/v2\/posts\/1679\/revisions"}],"wp:featuredmedia":[{"embeddable":true,"href":"https:\/\/www.europesays.com\/ie\/wp-json\/wp\/v2\/media\/1680"}],"wp:attachment":[{"href":"https:\/\/www.europesays.com\/ie\/wp-json\/wp\/v2\/media?parent=1679"}],"wp:term":[{"taxonomy":"category","embeddable":true,"href":"https:\/\/www.europesays.com\/ie\/wp-json\/wp\/v2\/categories?post=1679"},{"taxonomy":"post_tag","embeddable":true,"href":"https:\/\/www.europesays.com\/ie\/wp-json\/wp\/v2\/tags?post=1679"}],"curies":[{"name":"wp","href":"https:\/\/api.w.org\/{rel}","templated":true}]}}