{"id":168589,"date":"2025-11-07T21:15:09","date_gmt":"2025-11-07T21:15:09","guid":{"rendered":"https:\/\/www.europesays.com\/ie\/168589\/"},"modified":"2025-11-07T21:15:09","modified_gmt":"2025-11-07T21:15:09","slug":"it-has-been-a-pleasure-sarah-mcinerney-and-cormac-o-headhra-sign-off-from-drivetime-for-the-final-time","status":"publish","type":"post","link":"https:\/\/www.europesays.com\/ie\/168589\/","title":{"rendered":"\u2018It has been a pleasure\u2019 \u2013 Sarah McInerney and Cormac \u00d3 hEadhra sign off from \u2018Drivetime\u2019 for the final time"},"content":{"rendered":"<p class=\"indo-ebe0ecc6_root indo-ebe0ecc6_paragraph indo-300db776_none indo-91174671_primary indo-1d70522a_marginbottom5 indo-1d70522a_margintop0 indo-b48c4984_inherit\" style=\"color:var(--color-primary-80)\">The new-look RT\u00c9 Radio 1 schedule will kick off from next Monday, with Katie Hannon and Colm \u00d3 Mong\u00e1in set to take over co-presenting duties on the programme, which will have a new 4pm to 6pm timeslot.<\/p>\n<p class=\"indo-ebe0ecc6_root indo-ebe0ecc6_paragraph indo-300db776_none indo-91174671_primary indo-1d70522a_marginbottom5 indo-1d70522a_margintop0 indo-b48c4984_inherit\" style=\"color:var(--color-primary-80)\">While \u00f3 hEadhra\u2019s move to a later slot on Late Debate has been confirmed, there has been no word on where McInerney will go next.<\/p>\n<p class=\"indo-ebe0ecc6_root indo-ebe0ecc6_paragraph indo-300db776_none indo-91174671_primary indo-1d70522a_marginbottom5 indo-1d70522a_margintop0 indo-b48c4984_inherit\" style=\"color:var(--color-primary-80)\">However, RT\u00c9 has said she will continue to play an important role on Radio 1, and an announcement will be made in due course.<\/p>\n<p class=\"indo-ebe0ecc6_root indo-ebe0ecc6_paragraph indo-300db776_none indo-91174671_primary indo-1d70522a_marginbottom5 indo-1d70522a_margintop0 indo-b48c4984_inherit\" style=\"color:var(--color-primary-80)\">\u201cSo that is all from us for this evening, and indeed that is all from us on this programme, because the very talented and lovely Colm \u00d3 Mong\u00e1\u00edn and Katie Hannon will be taking over the reins on Drivetime next week,\u201d McInerney said in her sign-off.<\/p>\n<p class=\"indo-ebe0ecc6_root indo-ebe0ecc6_paragraph indo-300db776_none indo-91174671_primary indo-1d70522a_marginbottom5 indo-1d70522a_margintop0 indo-b48c4984_inherit\" style=\"color:var(--color-primary-80)\">\u201cThey&#8217;ll be starting at the earlier time of four o\u2019clock and you will be in very safe hands with them. So, I just want to take a moment to say thank you to everyone who has tuned in over the last six years.\u201d<\/p>\n<p class=\"indo-ebe0ecc6_root indo-ebe0ecc6_paragraph indo-300db776_none indo-91174671_primary indo-1d70522a_marginbottom5 indo-1d70522a_margintop0 indo-b48c4984_inherit\" style=\"color:var(--color-primary-80)\">McInerney reflected on the range of stories the programme has covered during her time, from the Covid pandemic and the war in Ukraine to Gaza and a series of elections.<\/p>\n<p class=\"indo-ebe0ecc6_root indo-ebe0ecc6_paragraph indo-300db776_none indo-91174671_primary indo-1d70522a_marginbottom5 indo-1d70522a_margintop0 indo-b48c4984_inherit\" style=\"color:var(--color-primary-80)\">\u201cI am so proud of how we covered those stories on this programme, in a very large part thanks \u2013 I\u2019m going to try not to get emotional \u2013 thanks to a brilliant team led by [series producer] Will Hanafin.<\/p>\n<p class=\"indo-ebe0ecc6_root indo-ebe0ecc6_paragraph indo-300db776_none indo-91174671_primary indo-1d70522a_marginbottom5 indo-1d70522a_margintop0 indo-b48c4984_inherit\" style=\"color:var(--color-primary-80)\">\u201cThey all work so hard every day to get the best guests, to give us the best insights and the best analysis that we can find.<\/p>\n<p class=\"indo-ebe0ecc6_root indo-ebe0ecc6_paragraph indo-300db776_none indo-91174671_primary indo-1d70522a_marginbottom5 indo-1d70522a_margintop0 indo-b48c4984_inherit\" style=\"color:var(--color-primary-80)\">\u201cWe have loads of brilliant team members, some of them are out there in the box, but we can&#8217;t name them all because there\u2019s just too many of them.\u201d<\/p>\n<p class=\"indo-ebe0ecc6_root indo-ebe0ecc6_paragraph indo-300db776_none indo-91174671_primary indo-1d70522a_marginbottom5 indo-1d70522a_margintop0 indo-b48c4984_inherit\" style=\"color:var(--color-primary-80)\">She said the hard work of the Drivetime team was reflected when the show was named Best Current Affairs Programme at this year\u2019s Imro Radio Awards.<\/p>\n<p class=\"indo-ebe0ecc6_root indo-ebe0ecc6_paragraph indo-300db776_none indo-91174671_primary indo-1d70522a_marginbottom5 indo-1d70522a_margintop0 indo-b48c4984_inherit\" style=\"color:var(--color-primary-80)\">Speaking about her co-presenter, McInerney said it was \u201can honour and a pleasure\u201d to present the show alongside \u00d3 hEadhra.<\/p>\n<p class=\"indo-ebe0ecc6_root indo-ebe0ecc6_paragraph indo-300db776_none indo-91174671_primary indo-1d70522a_marginbottom5 indo-1d70522a_margintop0 indo-b48c4984_inherit\" style=\"color:var(--color-primary-80)\">\u201cIt&#8217;s not easy to co-present. You need a lot of patience, you need a lot of understanding, a lot of trust, and luckily, I have that in spades,\u201d she joked.<\/p>\n<p class=\"indo-ebe0ecc6_root indo-ebe0ecc6_paragraph indo-300db776_none indo-91174671_primary indo-1d70522a_marginbottom5 indo-1d70522a_margintop0 indo-b48c4984_inherit\" style=\"color:var(--color-primary-80)\">\u201cI think you&#8217;re a brilliant broadcaster, I think you&#8217;re a brilliant colleague, and it has been a pleasure.\u201d<\/p>\n<p class=\"indo-ebe0ecc6_root indo-ebe0ecc6_paragraph indo-300db776_none indo-91174671_primary indo-1d70522a_marginbottom5 indo-1d70522a_margintop0 indo-b48c4984_inherit\" style=\"color:var(--color-primary-80)\">\u00d3 hEadhra gave his \u201cheartfelt thanks\u201d to the Drivetime team who he described as a group of \u201ccreative, hardworking\u201d and \u201cpatient\u201d people.<\/p>\n<p class=\"indo-ebe0ecc6_root indo-ebe0ecc6_paragraph indo-300db776_none indo-91174671_primary indo-1d70522a_marginbottom5 indo-1d70522a_margintop0 indo-b48c4984_inherit\" style=\"color:var(--color-primary-80)\">\u201cIt&#8217;s good to finish on a high I must say, with the Imro award, the latest increase in listenership and for me, anyway, the surprising outpouring of affection from our listeners, which I genuinely say to you, we&#8217;re surprised by, but I\u2019m so thankful for.\u201d<\/p>\n<p class=\"indo-ebe0ecc6_root indo-ebe0ecc6_paragraph indo-300db776_none indo-91174671_primary indo-1d70522a_marginbottom5 indo-1d70522a_margintop0 indo-b48c4984_inherit\" style=\"color:var(--color-primary-80)\">He said it \u201chas been a real, real pleasure\u201d working alongside McInerney.<\/p>\n<p class=\"indo-ebe0ecc6_root indo-ebe0ecc6_paragraph indo-300db776_none indo-91174671_primary indo-1d70522a_marginbottom5 indo-1d70522a_margintop0 indo-b48c4984_inherit\" style=\"color:var(--color-primary-80)\">\u201cWe were talking off air there, the professionalism, supporting each other, but staying out of each other\u2019s way, it\u2019s a real balance.<\/p>\n<p class=\"indo-ebe0ecc6_root indo-ebe0ecc6_paragraph indo-300db776_none indo-91174671_primary indo-1d70522a_marginbottom5 indo-1d70522a_margintop0 indo-b48c4984_inherit\" style=\"color:var(--color-primary-80)\">\u201cBut I am indebted to you and thank you so much., indeed. The very best of luck to Katie and Colm next week and we will chat to you separately on various programmes.\u201d<\/p>\n","protected":false},"excerpt":{"rendered":"The new-look RT\u00c9 Radio 1 schedule will kick off from next Monday, with Katie Hannon and Colm \u00d3&hellip;\n","protected":false},"author":2,"featured_media":168590,"comment_status":"","ping_status":"","sticky":false,"template":"","format":"standard","meta":{"footnotes":""},"categories":[75],"tags":[8335,18,117,19,17,24556],"class_list":{"0":"post-168589","1":"post","2":"type-post","3":"status-publish","4":"format-standard","5":"has-post-thumbnail","7":"category-entertainment","8":"tag-darragh-nolan","9":"tag-eire","10":"tag-entertainment","11":"tag-ie","12":"tag-ireland","13":"tag-rte-radio-1"},"share_on_mastodon":{"url":"https:\/\/pubeurope.com\/@ie\/115510491865650976","error":""},"_links":{"self":[{"href":"https:\/\/www.europesays.com\/ie\/wp-json\/wp\/v2\/posts\/168589","targetHints":{"allow":["GET"]}}],"collection":[{"href":"https:\/\/www.europesays.com\/ie\/wp-json\/wp\/v2\/posts"}],"about":[{"href":"https:\/\/www.europesays.com\/ie\/wp-json\/wp\/v2\/types\/post"}],"author":[{"embeddable":true,"href":"https:\/\/www.europesays.com\/ie\/wp-json\/wp\/v2\/users\/2"}],"replies":[{"embeddable":true,"href":"https:\/\/www.europesays.com\/ie\/wp-json\/wp\/v2\/comments?post=168589"}],"version-history":[{"count":0,"href":"https:\/\/www.europesays.com\/ie\/wp-json\/wp\/v2\/posts\/168589\/revisions"}],"wp:featuredmedia":[{"embeddable":true,"href":"https:\/\/www.europesays.com\/ie\/wp-json\/wp\/v2\/media\/168590"}],"wp:attachment":[{"href":"https:\/\/www.europesays.com\/ie\/wp-json\/wp\/v2\/media?parent=168589"}],"wp:term":[{"taxonomy":"category","embeddable":true,"href":"https:\/\/www.europesays.com\/ie\/wp-json\/wp\/v2\/categories?post=168589"},{"taxonomy":"post_tag","embeddable":true,"href":"https:\/\/www.europesays.com\/ie\/wp-json\/wp\/v2\/tags?post=168589"}],"curies":[{"name":"wp","href":"https:\/\/api.w.org\/{rel}","templated":true}]}}