{"id":168912,"date":"2025-11-08T01:34:09","date_gmt":"2025-11-08T01:34:09","guid":{"rendered":"https:\/\/www.europesays.com\/ie\/168912\/"},"modified":"2025-11-08T01:34:09","modified_gmt":"2025-11-08T01:34:09","slug":"disgraced-gaa-hero-dj-carey-was-homeless-for-a-spell-and-slept-in-car","status":"publish","type":"post","link":"https:\/\/www.europesays.com\/ie\/168912\/","title":{"rendered":"Disgraced GAA hero DJ Carey was &#8216;homeless for a spell and slept in car&#8217;"},"content":{"rendered":"<p>Journalist Eimear N\u00ed Bhraon\u00e1in has written an explosive expos\u00e9 on Carey\u2019s life and crimes, revealing new details about the former GAA star\u2019s chaotic downfall<img decoding=\"async\" src=\"https:\/\/www.europesays.com\/ie\/wp-content\/uploads\/2025\/11\/0_JS386314642.jpg\" loading=\"eager\"  \/>DJ Carey pictured at court last week. <\/p>\n<p class=\"Paragraph_paragraph-text__PVKlh \" data-tmdatatrack=\"content-unit\" data-tmdatatrack-type=\"paragraph\" publication=\"irishmirror\">Jailed fraudster DJ Carey was seemingly homeless for a period over the winter of 2021 and early 2022, according to the author of a new book about <a class=\"TextLink_text-link__dBSS0 TextLink_enabled__dJF3l\" href=\"https:\/\/www.irishmirror.ie\/sport\/gaa\/hurling\/hurling-news\/sporting-icon-fraud-convict-hidden-36191637\" target=\"_self\" aria-label=\"\" tabindex=\"0\" rel=\"nofollow noopener\">the disgraced Kilkenny hurler<\/a>. Journalist Eimear N\u00ed Bhraon\u00e1in has written an explosive expos\u00e9 on Carey\u2019s life and crimes, revealing new details about the former GAA star\u2019s chaotic downfall.<\/p>\n<p class=\"Paragraph_paragraph-text__PVKlh \" data-tmdatatrack=\"content-unit\" data-tmdatatrack-type=\"paragraph\" publication=\"irishmirror\"><a class=\"TextLink_text-link__dBSS0 TextLink_enabled__dJF3l\" href=\"https:\/\/www.irishmirror.ie\/news\/irish-news\/crime\/dj-carey-shows-no-emotion-36182173\" target=\"_self\" aria-label=\"\" tabindex=\"0\" rel=\"nofollow noopener\">Carey was sentenced this week to five and a half years in prison on ten counts of deception<\/a> after admitting to conning dozens of people out of large sums of money.<\/p>\n<p class=\"Paragraph_paragraph-text__PVKlh \" data-tmdatatrack=\"content-unit\" data-tmdatatrack-type=\"paragraph\" publication=\"irishmirror\">N\u00ed Bhraon\u00e1in\u2019s new book, The Dodger, is based on more than 100 interviews, including conversations with many of Carey\u2019s victims.<\/p>\n<p class=\"Paragraph_paragraph-text__PVKlh \" data-tmdatatrack=\"content-unit\" data-tmdatatrack-type=\"paragraph\" publication=\"irishmirror\">The author also paints a picture of turmoil in Carey\u2019s private life \u2014 describing how he moved between homes and was left effectively homeless for a spell around four years ago.<\/p>\n<p class=\"Paragraph_paragraph-text__PVKlh \" data-tmdatatrack=\"content-unit\" data-tmdatatrack-type=\"paragraph\" publication=\"irishmirror\">N\u00ed Bhraon\u00e1in writes: \u201cFrom the time DJ moved out of the house on Granges Road in Kilkenny in late 2021\/early 2022, he appeared to be homeless, and he checked into hotels for long periods, including the five-star Lyrath Hotel in Kilkenny.\u201d<\/p>\n<p><img decoding=\"async\" src=\"https:\/\/www.europesays.com\/ie\/wp-content\/uploads\/2025\/11\/0_The-Dodger-DJ-Carey-and-The-Great-Betrayaljpeg.jpg\" alt=\"The Dodger, written by Eimear Ni Bhraonain, is in shops today. \" loading=\"lazy\"  \/>The Dodger, written by Eimear Ni Bhraonain, is in shops today. (Image: Merrion Press)<\/p>\n<p class=\"Paragraph_paragraph-text__PVKlh \" data-tmdatatrack=\"content-unit\" data-tmdatatrack-type=\"paragraph\" publication=\"irishmirror\">A hotel source confirmed this to N\u00ed Bhraon\u00e1in, saying Carey allegedly told staff he was ill with cancer, which explained why he kept to his room.<\/p>\n<p class=\"Paragraph_paragraph-text__PVKlh \" data-tmdatatrack=\"content-unit\" data-tmdatatrack-type=\"paragraph\" publication=\"irishmirror\">Things would get even worse for the former All-Ireland winner, who is said to have spent a period of time sleeping in his car.<\/p>\n<p class=\"Paragraph_paragraph-text__PVKlh \" data-tmdatatrack=\"content-unit\" data-tmdatatrack-type=\"paragraph\" publication=\"irishmirror\">N\u00ed Bhraon\u00e1in continues: \u201cAs well as staying in hotels, DJ was spotted sleeping in his car in the car park at Mount Juliet Golf Club, where he used to use the men\u2019s locker room to shower and get dressed in the mornings.<\/p>\n<p class=\"Paragraph_paragraph-text__PVKlh \" data-tmdatatrack=\"content-unit\" data-tmdatatrack-type=\"paragraph\" publication=\"irishmirror\"><strong class=\"Strong_strong__e2x35\">READ MORE: <a class=\"TextLink_text-link__dBSS0 TextLink_enabled__dJF3l\" href=\"https:\/\/www.irishmirror.ie\/sport\/gaa\/hurling\/hurling-news\/sporting-icon-fraud-convict-hidden-36191637\" target=\"\" aria-label=\"\" tabindex=\"0\" rel=\"nofollow noopener\">From sporting icon to fraud convict &#8211; the hidden story of DJ Carey<\/a><\/strong><\/p>\n<p class=\"Paragraph_paragraph-text__PVKlh \" data-tmdatatrack=\"content-unit\" data-tmdatatrack-type=\"paragraph\" publication=\"irishmirror\"><strong class=\"Strong_strong__e2x35\">READ MORE: <a class=\"TextLink_text-link__dBSS0 TextLink_enabled__dJF3l\" href=\"https:\/\/www.irishmirror.ie\/sport\/gaa\/hurling\/hurling-news\/joe-brolly-describes-dj-carey-36195552\" target=\"\" aria-label=\"\" tabindex=\"0\" rel=\"nofollow noopener\">Joe Brolly describes DJ Carey as &#8216;a lost soul&#8217; amid &#8216;human tragedy&#8217;<\/a><\/strong><\/p>\n<p class=\"Paragraph_paragraph-text__PVKlh \" data-tmdatatrack=\"content-unit\" data-tmdatatrack-type=\"paragraph\" publication=\"irishmirror\">\u201cHe was also seen sleeping in his car outside the Hoban Hotel, just off the ring road in Kilkenny, where he went for breakfast in the mornings.<\/p>\n<p class=\"Paragraph_paragraph-text__PVKlh \" data-tmdatatrack=\"content-unit\" data-tmdatatrack-type=\"paragraph\" publication=\"irishmirror\">\u201cA number of sources reported seeing DJ in the hotel during this period and said he looked dishevelled, which was out of character for him.\u201d<\/p>\n<p class=\"Paragraph_paragraph-text__PVKlh \" data-tmdatatrack=\"content-unit\" data-tmdatatrack-type=\"paragraph\" publication=\"irishmirror\"><strong class=\"Strong_strong__e2x35\">The Dodger, written by Eimear N\u00ed Bhraon\u00e1in and published by Merrion Press, is available now in all good bookshops.<\/strong><\/p>\n<p class=\"Paragraph_paragraph-text__PVKlh \" data-tmdatatrack=\"content-unit\" data-tmdatatrack-type=\"paragraph\" publication=\"irishmirror\"><a class=\"TextLink_text-link__dBSS0 TextLink_enabled__dJF3l\" href=\"https:\/\/www.irishmirror.ie\/newsletter-preference-centre\/?view=Solus&amp;mailingListId=ea11145b-410e-4933-b53a-afe1dcd71f47&amp;utm_source=solusarticle\" target=\"\" aria-label=\"\" tabindex=\"0\" rel=\"nofollow noopener\"><strong class=\"Strong_strong__e2x35\">Click here to sign up to our soccer newsletter, bringing you the top stories and biggest headlines from the League of Ireland and beyond<\/strong><\/a>.<\/p>\n","protected":false},"excerpt":{"rendered":"Journalist Eimear N\u00ed Bhraon\u00e1in has written an explosive expos\u00e9 on Carey\u2019s life and crimes, revealing new details about&hellip;\n","protected":false},"author":2,"featured_media":168913,"comment_status":"","ping_status":"","sticky":false,"template":"","format":"standard","meta":{"footnotes":""},"categories":[76],"tags":[65265,18,5286,19,17,132],"class_list":{"0":"post-168912","1":"post","2":"type-post","3":"status-publish","4":"format-standard","5":"has-post-thumbnail","7":"category-sports","8":"tag-dj-carey","9":"tag-eire","10":"tag-gaa","11":"tag-ie","12":"tag-ireland","13":"tag-sports"},"share_on_mastodon":{"url":"https:\/\/pubeurope.com\/@ie\/115511510202951712","error":""},"_links":{"self":[{"href":"https:\/\/www.europesays.com\/ie\/wp-json\/wp\/v2\/posts\/168912","targetHints":{"allow":["GET"]}}],"collection":[{"href":"https:\/\/www.europesays.com\/ie\/wp-json\/wp\/v2\/posts"}],"about":[{"href":"https:\/\/www.europesays.com\/ie\/wp-json\/wp\/v2\/types\/post"}],"author":[{"embeddable":true,"href":"https:\/\/www.europesays.com\/ie\/wp-json\/wp\/v2\/users\/2"}],"replies":[{"embeddable":true,"href":"https:\/\/www.europesays.com\/ie\/wp-json\/wp\/v2\/comments?post=168912"}],"version-history":[{"count":0,"href":"https:\/\/www.europesays.com\/ie\/wp-json\/wp\/v2\/posts\/168912\/revisions"}],"wp:featuredmedia":[{"embeddable":true,"href":"https:\/\/www.europesays.com\/ie\/wp-json\/wp\/v2\/media\/168913"}],"wp:attachment":[{"href":"https:\/\/www.europesays.com\/ie\/wp-json\/wp\/v2\/media?parent=168912"}],"wp:term":[{"taxonomy":"category","embeddable":true,"href":"https:\/\/www.europesays.com\/ie\/wp-json\/wp\/v2\/categories?post=168912"},{"taxonomy":"post_tag","embeddable":true,"href":"https:\/\/www.europesays.com\/ie\/wp-json\/wp\/v2\/tags?post=168912"}],"curies":[{"name":"wp","href":"https:\/\/api.w.org\/{rel}","templated":true}]}}