{"id":174440,"date":"2025-11-11T05:53:12","date_gmt":"2025-11-11T05:53:12","guid":{"rendered":"https:\/\/www.europesays.com\/ie\/174440\/"},"modified":"2025-11-11T05:53:12","modified_gmt":"2025-11-11T05:53:12","slug":"june-hannan-nee-mcnamara-limericks-live-95","status":"publish","type":"post","link":"https:\/\/www.europesays.com\/ie\/174440\/","title":{"rendered":"June Hannan (n\u00e9e McNamara) &#8211; Limerick&#8217;s Live 95"},"content":{"rendered":"<p style=\"text-align: center;\"><img decoding=\"async\" alt=\"\" src=\"https:\/\/www.europesays.com\/ie\/wp-content\/uploads\/2025\/11\/69121fb47ebe4.jpeg\" style=\"width: 202.983px; height: 341.989px;\"\/><\/p>\n<p style=\"text-align: center;\"><strong>Kilfinny, Adare, Co. Limerick formerly of Shelbourne Park, Ennis Road, Limerick and former Principal of Kilfinny National School<\/strong><\/p>\n<p>Peacefully at Milford Care Centre on the 9th of November 2025.<\/p>\n<p>Predeceased by her parents Sean and Eileen, brothers Brendan and Alec.<\/p>\n<p>Beloved wife of Noel. June will be greatly missed by her children Justine, Paddy, Noel,Darina and Colm, her brother Se\u00e1n, sisters Eilish and Frances, sons-in-law Conor and Tom, daughters-in-law, Anita, Josephine and Catherine, grandchildren Odhr\u00e1n, R\u00edan, D\u00e1ire, Jacob, Emma, Eoin, Markus and Elise, sisters-in-law, brothers-in-law, nieces, nephews, relatives, neighbours and many friends.<\/p>\n<p style=\"text-align: center;\"><strong>Go nd\u00e9ana Dia a mhaith uirthi.<\/strong><\/p>\n<p>Reposing at St Kieran\u2019s Church, Kilfinny (V94 WF54) this Tuesday November 11th from 5pm to 8pm. Requiem Mass will be celebrated on Wednesday at 11am. Burial afterwards at Ballinakill Cemetery.<\/p>\n<p>Family flowers only please.<\/p>\n<p>Donations in lieu if desired to<a data-saferedirecturl=\"https:\/\/www.google.com\/url?q=https:\/\/urldefense.com\/v3\/__https:\/\/milfordcarecentre.ie\/how-you-can-help\/make-a-donation\/__;!!F0Stn7g!Hy_xDDX4JhS9vHvANsdoETYEok3t0EsbCI8Z_kncOWWUyqw6Q-kc0bvOoyc6K26F3_5miNKmNniFOwp7dyl6HA$&amp;source=gmail&amp;ust=1762881391775000&amp;usg=AOvVaw1YwrcRPM9u0qP0N6RIZ_JJ\" href=\"https:\/\/urldefense.com\/v3\/__https:\/\/milfordcarecentre.ie\/how-you-can-help\/make-a-donation\/__;!!F0Stn7g!Hy_xDDX4JhS9vHvANsdoETYEok3t0EsbCI8Z_kncOWWUyqw6Q-kc0bvOoyc6K26F3_5miNKmNniFOwp7dyl6HA$\" target=\"_blank\" rel=\"nofollow noopener\">\u00a0Milford Care Centre.<\/a><\/p>\n<p>Condolences can be sent to O&#8217;Grady Funeral Directors, Ballingarry, Co.Limerick<\/p>\n","protected":false},"excerpt":{"rendered":"Kilfinny, Adare, Co. Limerick formerly of Shelbourne Park, Ennis Road, Limerick and former Principal of Kilfinny National School&hellip;\n","protected":false},"author":2,"featured_media":174441,"comment_status":"","ping_status":"","sticky":false,"template":"","format":"standard","meta":{"footnotes":""},"categories":[40],"tags":[9,10,18,13,14,6,19,17,11,12,3006,3009,3005,3008,3007,3010,15,16,5,7,8],"class_list":{"0":"post-174440","1":"post","2":"type-post","3":"status-publish","4":"format-standard","5":"has-post-thumbnail","7":"category-ireland","8":"tag-breaking-news","9":"tag-breakingnews","10":"tag-eire","11":"tag-featured-news","12":"tag-featurednews","13":"tag-headlines","14":"tag-ie","15":"tag-ireland","16":"tag-latest-news","17":"tag-latestnews","18":"tag-limerick-radio","19":"tag-limerick-today","20":"tag-limericks-live95fm","21":"tag-live-95","22":"tag-live95fm","23":"tag-live95fm-homepage","24":"tag-main-news","25":"tag-mainnews","26":"tag-news","27":"tag-top-stories","28":"tag-topstories"},"share_on_mastodon":{"url":"https:\/\/pubeurope.com\/@ie\/115529515744201724","error":""},"_links":{"self":[{"href":"https:\/\/www.europesays.com\/ie\/wp-json\/wp\/v2\/posts\/174440","targetHints":{"allow":["GET"]}}],"collection":[{"href":"https:\/\/www.europesays.com\/ie\/wp-json\/wp\/v2\/posts"}],"about":[{"href":"https:\/\/www.europesays.com\/ie\/wp-json\/wp\/v2\/types\/post"}],"author":[{"embeddable":true,"href":"https:\/\/www.europesays.com\/ie\/wp-json\/wp\/v2\/users\/2"}],"replies":[{"embeddable":true,"href":"https:\/\/www.europesays.com\/ie\/wp-json\/wp\/v2\/comments?post=174440"}],"version-history":[{"count":0,"href":"https:\/\/www.europesays.com\/ie\/wp-json\/wp\/v2\/posts\/174440\/revisions"}],"wp:featuredmedia":[{"embeddable":true,"href":"https:\/\/www.europesays.com\/ie\/wp-json\/wp\/v2\/media\/174441"}],"wp:attachment":[{"href":"https:\/\/www.europesays.com\/ie\/wp-json\/wp\/v2\/media?parent=174440"}],"wp:term":[{"taxonomy":"category","embeddable":true,"href":"https:\/\/www.europesays.com\/ie\/wp-json\/wp\/v2\/categories?post=174440"},{"taxonomy":"post_tag","embeddable":true,"href":"https:\/\/www.europesays.com\/ie\/wp-json\/wp\/v2\/tags?post=174440"}],"curies":[{"name":"wp","href":"https:\/\/api.w.org\/{rel}","templated":true}]}}