{"id":175715,"date":"2025-11-11T22:49:22","date_gmt":"2025-11-11T22:49:22","guid":{"rendered":"https:\/\/www.europesays.com\/ie\/175715\/"},"modified":"2025-11-11T22:49:22","modified_gmt":"2025-11-11T22:49:22","slug":"eu-regions-long-term-unemployment-rate-0-4-to-16-3-news-articles","status":"publish","type":"post","link":"https:\/\/www.europesays.com\/ie\/175715\/","title":{"rendered":"EU regions long-term unemployment rate: 0.4% to 16.3% &#8211; News articles"},"content":{"rendered":"<p class=\"ecl-u-type-paragraph\">In 2024, 4.2 million people across the <a class=\"ecl-link\" href=\"https:\/\/ec.europa.eu\/eurostat\/statistics-explained\/index.php?title=Glossary:European_Union_(EU)\" rel=\"nofollow noopener\" target=\"_blank\">EU<\/a> had been unemployed for a year or more. The <a class=\"ecl-link\" href=\"https:\/\/ec.europa.eu\/eurostat\/statistics-explained\/index.php?title=Glossary:Long-term_unemployment\" rel=\"nofollow noopener\" target=\"_blank\">long-term unemployment<\/a> rate, defined as the share of the labour force (aged 15 to 74 years) that has been unemployed for 12 months or more, stood at 1.9%. As such, around 1 in 3 unemployed people in the EU had been jobless long-term.\u00a0<\/p>\n<p class=\"ecl-u-type-paragraph\">Of the 195 regions at level 2 of the <a class=\"ecl-link\" href=\"https:\/\/ec.europa.eu\/eurostat\/statistics-explained\/index.php?title=Glossary:Nomenclature_of_territorial_units_for_statistics_(NUTS)\" rel=\"nofollow noopener\" target=\"_blank\">nomenclature of territorial units for statistics<\/a> (NUTS 2) for which data are available, 82 recorded rates above the EU average, 106 had rates below the average, and 7 had the same rate.<\/p>\n<p class=\"ecl-u-type-paragraph\">As with the overall unemployment rate, some of the highest long-term unemployment rates were observed in southern EU countries and several of France\u2019s outermost regions:\u00a0<\/p>\n<ul class=\"ecl-unordered-list\">\n<li class=\"ecl-unordered-list__item\">The autonomous Spanish regions of Ciudad de Melilla (16.3%) and Ciudad de Ceuta (15.8%) had, by far, the highest rates.\u00a0<\/li>\n<li class=\"ecl-unordered-list__item\">The French outermost region of Guadeloupe (11.4%) was the only other region in the EU with a double-digit rate. Another French outermost region, La R\u00e9union (8.2%), also had a relatively high rate.<\/li>\n<li class=\"ecl-unordered-list__item\">3 regions in southern Italy had long-term unemployment rates of at least 8.0%: Campania (9.9%), Calabria (8.3%) and Sicilia (8.0%).\u00a0<\/li>\n<\/ul>\n<p class=\"ecl-u-type-paragraph\" style=\"text-align: center;\">\n<p class=\"ecl-u-type-align-center ecl-u-type-paragraph\">Source: <a class=\"ecl-link\" href=\"https:\/\/ec.europa.eu\/eurostat\/databrowser\/bookmark\/ab87763a-c892-47ea-b165-26d902799a78?lang=en\" rel=\"nofollow noopener\" target=\"_blank\">lfst_r_lfu2ltu<\/a><\/p>\n<p class=\"ecl-u-type-paragraph\">In 52 regions across the EU the long-term unemployment rate was below 1.0% (2 lightest shades on the map). These regions were mainly concentrated in northern Belgium, Czechia, Denmark (all 5 regions), north-western Hungary, the Netherlands (all 10 regions for which data are available), Austria and Poland; Malta also recorded a rate below 1.0%.\u00a0<\/p>\n<p class=\"ecl-u-type-paragraph\">The lowest rate in the EU \u2013 0.4% \u2013 was observed in 4 regions: the neighbouring Czech regions of Praha and St\u0159edn\u00ed \u010cechy, and Utrecht and Noord-Brabant in the Netherlands.\u00a0<\/p>\n<p>Would you like to know more about labour market statistics at the regional level?\u00a0<\/p>\n<p class=\"ecl-u-type-paragraph\">You can read more about labour market statistics in the <a class=\"ecl-link\" href=\"https:\/\/ec.europa.eu\/eurostat\/en\/web\/products-flagship-publications\/w\/ks-01-25-037\" rel=\"nofollow noopener\" target=\"_blank\">Eurostat regional yearbook \u2013 2025 edition<\/a>, also available as a <a class=\"ecl-link\" href=\"https:\/\/ec.europa.eu\/eurostat\/statistics-explained\/index.php?title=Labour_market_statistics_at_regional_level\" rel=\"nofollow noopener\" target=\"_blank\">set of Statistics Explained articles<\/a>, as well as in the labour market section of the interactive publication <a class=\"ecl-link\" href=\"https:\/\/ec.europa.eu\/eurostat\/web\/interactive-publications\/regions-2025#High%20long-term%20unemployment%20rates%20in%20southern%20Europe\" rel=\"nofollow noopener\" target=\"_blank\">Regions in Europe<\/a> and the <a class=\"ecl-link\" href=\"https:\/\/ec.europa.eu\/statistical-atlas\/viewer\/?config=RYB-2025.json&amp;mids=BKGCNT,EURONYM,CNTOVL,C04M09&amp;o=1,1,0.7,1&amp;ch=C01,C02,C04,C05,C06,C07,C08,C09,C10,C11&amp;center=52.9738,21.00797,3&amp;lcis=C04M09&amp;\" rel=\"nofollow noopener\" target=\"_blank\">Statistical Atlas<\/a>.<\/p>\n","protected":false},"excerpt":{"rendered":"In 2024, 4.2 million people across the EU had been unemployed for a year or more. The long-term&hellip;\n","protected":false},"author":2,"featured_media":175716,"comment_status":"","ping_status":"","sticky":false,"template":"","format":"standard","meta":{"footnotes":""},"categories":[174],"tags":[79,5720,179,18,72749,19,17,12996,5723,72748],"class_list":{"0":"post-175715","1":"post","2":"type-post","3":"status-publish","4":"format-standard","5":"has-post-thumbnail","7":"category-economy","8":"tag-business","9":"tag-data-driven-news","10":"tag-economy","11":"tag-eire","12":"tag-general-and-regional-statistics","13":"tag-ie","14":"tag-ireland","15":"tag-lfs","16":"tag-population-and-social-conditions","17":"tag-reg"},"share_on_mastodon":{"url":"https:\/\/pubeurope.com\/@ie\/115533510349597051","error":""},"_links":{"self":[{"href":"https:\/\/www.europesays.com\/ie\/wp-json\/wp\/v2\/posts\/175715","targetHints":{"allow":["GET"]}}],"collection":[{"href":"https:\/\/www.europesays.com\/ie\/wp-json\/wp\/v2\/posts"}],"about":[{"href":"https:\/\/www.europesays.com\/ie\/wp-json\/wp\/v2\/types\/post"}],"author":[{"embeddable":true,"href":"https:\/\/www.europesays.com\/ie\/wp-json\/wp\/v2\/users\/2"}],"replies":[{"embeddable":true,"href":"https:\/\/www.europesays.com\/ie\/wp-json\/wp\/v2\/comments?post=175715"}],"version-history":[{"count":0,"href":"https:\/\/www.europesays.com\/ie\/wp-json\/wp\/v2\/posts\/175715\/revisions"}],"wp:featuredmedia":[{"embeddable":true,"href":"https:\/\/www.europesays.com\/ie\/wp-json\/wp\/v2\/media\/175716"}],"wp:attachment":[{"href":"https:\/\/www.europesays.com\/ie\/wp-json\/wp\/v2\/media?parent=175715"}],"wp:term":[{"taxonomy":"category","embeddable":true,"href":"https:\/\/www.europesays.com\/ie\/wp-json\/wp\/v2\/categories?post=175715"},{"taxonomy":"post_tag","embeddable":true,"href":"https:\/\/www.europesays.com\/ie\/wp-json\/wp\/v2\/tags?post=175715"}],"curies":[{"name":"wp","href":"https:\/\/api.w.org\/{rel}","templated":true}]}}