{"id":176245,"date":"2025-11-12T06:07:09","date_gmt":"2025-11-12T06:07:09","guid":{"rendered":"https:\/\/www.europesays.com\/ie\/176245\/"},"modified":"2025-11-12T06:07:09","modified_gmt":"2025-11-12T06:07:09","slug":"ireland-v-portugal-tv-times-streaming-details-team-news-and-permutations-ahead-of-world-cup-qualifier","status":"publish","type":"post","link":"https:\/\/www.europesays.com\/ie\/176245\/","title":{"rendered":"Ireland v Portugal \u2013\u00a0TV times, streaming details, team news and permutations ahead of World Cup qualifier"},"content":{"rendered":"<p class=\"indo-ebe0ecc6_root indo-ebe0ecc6_paragraph indo-300db776_none indo-91174671_primary indo-1d70522a_marginbottom5 indo-1d70522a_margintop0 indo-b48c4984_inherit\" style=\"color:var(--color-primary-80)\">Here is all you need to know about the crunch qualification tie, including what needs to happen if Ireland are to reach the World Cup.<\/p>\n<p class=\"indo-ebe0ecc6_root indo-ebe0ecc6_paragraph indo-300db776_none indo-91174671_primary indo-1d70522a_marginbottom5 indo-1d70522a_margintop0 indo-b48c4984_inherit\" style=\"color:var(--color-primary-80)\">What time is kick-off? <\/p>\n<p class=\"indo-ebe0ecc6_root indo-ebe0ecc6_paragraph indo-300db776_none indo-91174671_primary indo-1d70522a_marginbottom5 indo-1d70522a_margintop0 indo-b48c4984_inherit\" style=\"color:var(--color-primary-80)\">Ireland versus Portugal is live from the Aviva Stadium on Thursday November 13, with kick-off at 7.45.<\/p>\n<p class=\"indo-ebe0ecc6_root indo-ebe0ecc6_paragraph indo-300db776_none indo-91174671_primary indo-1d70522a_marginbottom5 indo-1d70522a_margintop0 indo-b48c4984_inherit\" style=\"color:var(--color-primary-80)\">How can I watch it?<\/p>\n<p class=\"indo-ebe0ecc6_root indo-ebe0ecc6_paragraph indo-300db776_none indo-91174671_primary indo-1d70522a_marginbottom5 indo-1d70522a_margintop0 indo-b48c4984_inherit\" style=\"color:var(--color-primary-80)\">Ireland\u2019s crucial clash with the Sele\u00e7\u00e3o das Quinas is live on RT\u00c92, with coverage underway from 7.0. The match will also be streamed on the RT\u00c9 Player.<\/p>\n<p class=\"indo-ebe0ecc6_root indo-ebe0ecc6_paragraph indo-300db776_none indo-91174671_primary indo-1d70522a_marginbottom5 indo-1d70522a_margintop0 indo-b48c4984_inherit\" style=\"color:var(--color-primary-80)\">Team news<\/p>\n<p class=\"indo-ebe0ecc6_root indo-ebe0ecc6_paragraph indo-300db776_none indo-91174671_primary indo-1d70522a_marginbottom5 indo-1d70522a_margintop0 indo-b48c4984_inherit\" style=\"color:var(--color-primary-80)\">In a big blow for the Boys in Green, Evan Ferguson has been ruled out of Thursday\u2019s clash after Roma boss Gian Piero Gasperini confirmed he would remain in Rome for treatment. The Irish camp are monitoring the situation in the hope he can join up for Sunday\u2019s game against Hungary. <\/p>\n<p class=\"indo-ebe0ecc6_root indo-ebe0ecc6_paragraph indo-300db776_none indo-91174671_primary indo-1d70522a_marginbottom5 indo-1d70522a_margintop0 indo-b48c4984_inherit\" style=\"color:var(--color-primary-80)\">Celtic striker Johnny Kenny has been called up after his recent goal-scoring form. Kevin O\u2019Toole is a surprise inclusion, and with Ryan Manning suspended for the visit of Portugal, the New York City left-back could be in line for a debut.<\/p>\n<p class=\"indo-ebe0ecc6_root indo-ebe0ecc6_paragraph indo-300db776_none indo-91174671_primary indo-1d70522a_marginbottom5 indo-1d70522a_margintop0 indo-b48c4984_inherit\" style=\"color:var(--color-primary-80)\">Portugal have announced that Pedro Neto and Pedro Goncalves have both withdrawn from their squad with injury. Chelsea winger Neto scored in the Blues\u2019 3-0 victory over Wolves on Saturday but limped off soon after. <\/p>\n<p class=\"indo-ebe0ecc6_root indo-ebe0ecc6_paragraph indo-300db776_none indo-91174671_primary indo-1d70522a_marginbottom5 indo-1d70522a_margintop0 indo-b48c4984_inherit\" style=\"color:var(--color-primary-80)\">Roberto Martinez has yet to call-up any replacements, but the former Everton boss boasts a squad full of stars, including Ronaldo, who has indicated that the 2026 World Cup will be his swansong in a Portugal jersey. <\/p>\n<p class=\"indo-ebe0ecc6_root indo-ebe0ecc6_paragraph indo-300db776_none indo-91174671_primary indo-1d70522a_marginbottom5 indo-1d70522a_margintop0 indo-b48c4984_inherit\" style=\"color:var(--color-primary-80)\">The country\u2019s record goalscorer has 1,000 career goals in his sights, but will he continue on that journey in Dublin or can Ireland stifle him again like they did in Lisbon in October?<\/p>\n<p class=\"indo-ebe0ecc6_root indo-ebe0ecc6_paragraph indo-300db776_none indo-91174671_primary indo-1d70522a_marginbottom5 indo-1d70522a_margintop0 indo-b48c4984_inherit\" style=\"color:var(--color-primary-80)\">Can Ireland still qualify for the World Cup?<\/p>\n<p class=\"indo-ebe0ecc6_root indo-ebe0ecc6_paragraph indo-300db776_none indo-91174671_primary indo-1d70522a_marginbottom5 indo-1d70522a_margintop0 indo-b48c4984_inherit\" style=\"color:var(--color-primary-80)\">If Hungary beat Armenia in Yerevan in Thursday\u2019s early kick-off, Ireland will need at least a point against Portugal to keep their chances of second place and a play-off spot alive.<\/p>\n<p class=\"indo-ebe0ecc6_root indo-ebe0ecc6_paragraph indo-300db776_none indo-91174671_primary indo-1d70522a_marginbottom5 indo-1d70522a_margintop0 indo-b48c4984_inherit\" style=\"color:var(--color-primary-80)\">A draw would mean Ireland will have to beat Hungary in Budapest on Sunday and better their goal difference, which depends on how many goals Hungary beat Armenia by, with the Hungarians already boasting a better goal difference by two at present.<\/p>\n<p class=\"indo-ebe0ecc6_root indo-ebe0ecc6_paragraph indo-300db776_none indo-91174671_primary indo-1d70522a_marginbottom5 indo-1d70522a_margintop0 indo-b48c4984_inherit\" style=\"color:var(--color-primary-80)\">If Ireland were to beat Portugal and Hungary beat Armenia, they will still need a victory in Budapest to secure second place in the group but goal difference will no longer be a factor.<\/p>\n<p class=\"indo-ebe0ecc6_root indo-ebe0ecc6_paragraph indo-300db776_none indo-91174671_primary indo-1d70522a_marginbottom5 indo-1d70522a_margintop0 indo-b48c4984_inherit\" style=\"color:var(--color-primary-80)\">If Hungary are held to a draw by Armenia, Ireland will still be alive even with defeat in Dublin, where any win in Budapest would see Ireland leapfrog the Magyars into second place.<\/p>\n<p class=\"indo-ebe0ecc6_root indo-ebe0ecc6_paragraph indo-300db776_none indo-91174671_primary indo-1d70522a_marginbottom5 indo-1d70522a_margintop0 indo-b48c4984_inherit\" style=\"color:var(--color-primary-80)\">Victory against Portugal in addition to Hungary being held to a draw against Armenia, would mean Ireland would just need to avoid defeat in Budapest to secure second.<\/p>\n<p class=\"indo-ebe0ecc6_root indo-ebe0ecc6_paragraph indo-300db776_none indo-91174671_primary indo-1d70522a_marginbottom5 indo-1d70522a_margintop0 indo-b48c4984_inherit\" style=\"color:var(--color-primary-80)\">If Hungary lose to Armenia, then two draws for Ireland may be enough but goal difference and even goals scored would come into play. Should Hungary lose by just a goal, then Ireland would still need a point on Thursday and a win on Sunday.<\/p>\n<p class=\"indo-ebe0ecc6_root indo-ebe0ecc6_paragraph indo-300db776_none indo-91174671_primary indo-1d70522a_marginbottom5 indo-1d70522a_margintop0 indo-b48c4984_inherit\" style=\"color:var(--color-primary-80)\">However, if Hungary and Ireland both lose on Thursday then a victory in Budapest would secure the play-off place for Ireland.<\/p>\n","protected":false},"excerpt":{"rendered":"Here is all you need to know about the crunch qualification tie, including what needs to happen if&hellip;\n","protected":false},"author":2,"featured_media":176246,"comment_status":"","ping_status":"","sticky":false,"template":"","format":"standard","meta":{"footnotes":""},"categories":[76],"tags":[18,18142,19,17,132],"class_list":{"0":"post-176245","1":"post","2":"type-post","3":"status-publish","4":"format-standard","5":"has-post-thumbnail","7":"category-sports","8":"tag-eire","9":"tag-fai","10":"tag-ie","11":"tag-ireland","12":"tag-sports"},"share_on_mastodon":{"url":"https:\/\/pubeurope.com\/@ie\/115535232580192790","error":""},"_links":{"self":[{"href":"https:\/\/www.europesays.com\/ie\/wp-json\/wp\/v2\/posts\/176245","targetHints":{"allow":["GET"]}}],"collection":[{"href":"https:\/\/www.europesays.com\/ie\/wp-json\/wp\/v2\/posts"}],"about":[{"href":"https:\/\/www.europesays.com\/ie\/wp-json\/wp\/v2\/types\/post"}],"author":[{"embeddable":true,"href":"https:\/\/www.europesays.com\/ie\/wp-json\/wp\/v2\/users\/2"}],"replies":[{"embeddable":true,"href":"https:\/\/www.europesays.com\/ie\/wp-json\/wp\/v2\/comments?post=176245"}],"version-history":[{"count":0,"href":"https:\/\/www.europesays.com\/ie\/wp-json\/wp\/v2\/posts\/176245\/revisions"}],"wp:featuredmedia":[{"embeddable":true,"href":"https:\/\/www.europesays.com\/ie\/wp-json\/wp\/v2\/media\/176246"}],"wp:attachment":[{"href":"https:\/\/www.europesays.com\/ie\/wp-json\/wp\/v2\/media?parent=176245"}],"wp:term":[{"taxonomy":"category","embeddable":true,"href":"https:\/\/www.europesays.com\/ie\/wp-json\/wp\/v2\/categories?post=176245"},{"taxonomy":"post_tag","embeddable":true,"href":"https:\/\/www.europesays.com\/ie\/wp-json\/wp\/v2\/tags?post=176245"}],"curies":[{"name":"wp","href":"https:\/\/api.w.org\/{rel}","templated":true}]}}