{"id":184336,"date":"2025-11-16T22:53:13","date_gmt":"2025-11-16T22:53:13","guid":{"rendered":"https:\/\/www.europesays.com\/ie\/184336\/"},"modified":"2025-11-16T22:53:13","modified_gmt":"2025-11-16T22:53:13","slug":"hungary-v-ireland-its-not-easy-sometimes-playing-for-ireland-it-comes-with-pressure-seamus-coleman-hails-attitude-of-irish-squad","status":"publish","type":"post","link":"https:\/\/www.europesays.com\/ie\/184336\/","title":{"rendered":"Hungary v Ireland: \u2018It\u2019s not easy, sometimes playing for Ireland &#8230;\u00a0it comes with pressure\u2019 \u2013\u00a0S\u00e9amus Coleman hails attitude of Irish squad"},"content":{"rendered":"<p><img decoding=\"async\" alt=\"S\u00e9amus Coleman celebrates after the Fifa World Cup 2026 Group F qualifier at Pusk\u00e1s Ar\u00e9na in Budapest, Hungary. Photo by Ben McShane\/Sportsfile\" src=\"https:\/\/www.europesays.com\/ie\/wp-content\/uploads\/2025\/11\/Sports3294437.jpg\" loading=\"eager\" width=\"100%\" data-testid=\"article-image\"  \/><\/p>\n<p class=\"indo-ebe0ecc6_root indo-ebe0ecc6_caption1 indo-300db776_none indo-91174671_secondary indo-66f0fec7_regular indo-1d70522a_marginbottom0 indo-1d70522a_marginleft0 indo-1d70522a_marginright0 indo-1d70522a_margintop3 indo-b48c4984_left\" style=\"color:var(--color-grey-60)\">S\u00e9amus Coleman celebrates after the Fifa World Cup 2026 Group F qualifier at Pusk\u00e1s Ar\u00e9na in Budapest, Hungary. Photo by Ben McShane\/Sportsfile<\/p>\n<p class=\"indo-ebe0ecc6_root indo-ebe0ecc6_paragraph indo-300db776_none indo-91174671_primary indo-1d70522a_marginbottom0 indo-1d70522a_margintop0 indo-b48c4984_inherit\" style=\"color:var(--color-primary-80)\">S\u00e9amus Coleman says belief was the factor that got Ireland over the line in their World Cup battles with Portugal and Hungary.<\/p>\n<p class=\"indo-ebe0ecc6_root indo-ebe0ecc6_paragraph indo-300db776_none indo-91174671_primary indo-1d70522a_marginbottom0 indo-1d70522a_margintop0 indo-b48c4984_inherit\" style=\"color:var(--color-primary-80)\">And while the veteran admitted he thought his Ireland career was finished, without the chance of making it to a World Cup finals or another major tournament, he says he\u2019s relieved to have been given a second chance, having been left out of the Irish squad at the start of the qualifiers.<\/p>\n","protected":false},"excerpt":{"rendered":"S\u00e9amus Coleman celebrates after the Fifa World Cup 2026 Group F qualifier at Pusk\u00e1s Ar\u00e9na in Budapest, Hungary.&hellip;\n","protected":false},"author":2,"featured_media":184337,"comment_status":"","ping_status":"","sticky":false,"template":"","format":"standard","meta":{"footnotes":""},"categories":[76],"tags":[2722,18,17065,19,17,132],"class_list":{"0":"post-184336","1":"post","2":"type-post","3":"status-publish","4":"format-standard","5":"has-post-thumbnail","7":"category-sports","8":"tag-aidan-fitzmaurice","9":"tag-eire","10":"tag-heimir-hallgrimsson","11":"tag-ie","12":"tag-ireland","13":"tag-sports"},"share_on_mastodon":{"url":"https:\/\/pubeurope.com\/@ie\/115561837939701984","error":""},"_links":{"self":[{"href":"https:\/\/www.europesays.com\/ie\/wp-json\/wp\/v2\/posts\/184336","targetHints":{"allow":["GET"]}}],"collection":[{"href":"https:\/\/www.europesays.com\/ie\/wp-json\/wp\/v2\/posts"}],"about":[{"href":"https:\/\/www.europesays.com\/ie\/wp-json\/wp\/v2\/types\/post"}],"author":[{"embeddable":true,"href":"https:\/\/www.europesays.com\/ie\/wp-json\/wp\/v2\/users\/2"}],"replies":[{"embeddable":true,"href":"https:\/\/www.europesays.com\/ie\/wp-json\/wp\/v2\/comments?post=184336"}],"version-history":[{"count":0,"href":"https:\/\/www.europesays.com\/ie\/wp-json\/wp\/v2\/posts\/184336\/revisions"}],"wp:featuredmedia":[{"embeddable":true,"href":"https:\/\/www.europesays.com\/ie\/wp-json\/wp\/v2\/media\/184337"}],"wp:attachment":[{"href":"https:\/\/www.europesays.com\/ie\/wp-json\/wp\/v2\/media?parent=184336"}],"wp:term":[{"taxonomy":"category","embeddable":true,"href":"https:\/\/www.europesays.com\/ie\/wp-json\/wp\/v2\/categories?post=184336"},{"taxonomy":"post_tag","embeddable":true,"href":"https:\/\/www.europesays.com\/ie\/wp-json\/wp\/v2\/tags?post=184336"}],"curies":[{"name":"wp","href":"https:\/\/api.w.org\/{rel}","templated":true}]}}